{"id":61096,"date":"2021-08-05T14:49:19","date_gmt":"2021-08-05T14:49:19","guid":{"rendered":"http:\/\/www.noticiasradioreflejos.com.ar\/2021\/?p=61096"},"modified":"2021-08-05T15:23:40","modified_gmt":"2021-08-05T15:23:40","slug":"curso-de-faena-en-sierra-de-la-ventana-el-faenado-sea-cual-fuere-termina-en-el-plato-de-alguien","status":"publish","type":"post","link":"https:\/\/www.noticiasradioreflejos.com.ar\/2021\/curso-de-faena-en-sierra-de-la-ventana-el-faenado-sea-cual-fuere-termina-en-el-plato-de-alguien\/","title":{"rendered":"Curso de faena en Sierra de la Ventana: \u00abEl faenado, sea cual fuere, termina en el plato de alguien\u00bb"},"content":{"rendered":"<p>En la continuidad del Proyecto Integral de Desarrollo Social y Productivo, la Secretar\u00eda de Producci\u00f3n, Comercio e Industria de Tornquist Municipio, abri\u00f3 la inscripci\u00f3n a dos nuevos cursos que se dictar\u00e1n en Sierra de la Ventana.<\/p>\n<p>El <strong>Dr. Axel Borches<\/strong>, entrevistado esta ma\u00f1ana, est\u00e1 a cargo del curso de faenados. Axel es veterinario y se desempe\u00f1a en el cargo de docencia, como Jefe de \u00c1rea en la Escuela Agropecuaria de Tornquist.<!--more--><\/p>\n<p>\u00abEl curso consiste en dar nociones b\u00e1sicas sobre la faena de distintas especies. La idea es capacitar al alumnado en las buenas pr\u00e1cticas, porque cuando hablamos de faena, hablamos de alimento. El faenado, sea cual fuere, termina en el plato de alguien\u00bb explic\u00f3 el veterinario de qu\u00e9 se trata el curso que \u00e9l mismo va a dictar.<\/p>\n<p>Axel resalta que uno de los puntos principales que se ense\u00f1ar\u00e1n en los cursos son las medidas de higiene y seguridad. \u00abPensando en la salud, en las t\u00e9cnicas, en lo que hay que controlar\u00bb mencion\u00f3. \u00abTodo lo que hay dentro de la cadena, sirve para cualquiera, hasta para un consumidor, porque sabe qu\u00e9 es lo que hay que exigir\u00bb.<\/p>\n<p>Los cursos tendr\u00e1n un horario flexible, consult\u00e1ndolo con el alumnado luego de una primer entrevista el Martes 10 de Agosto a las 20:30hs. \u00abAh\u00ed vamos a acordar los horarios y los d\u00edas, generalmente, hacemos una semana por medio\u00bb.<\/p>\n<p>Se dictar\u00e1n clases te\u00f3ricas al comienzo del curso, y luego, se har\u00e1n clases pr\u00e1cticas.<\/p>\n<p>Inscripci\u00f3n y mayor informaci\u00f3n acerca del curso de chacinados <a href=\"https:\/\/forms.gle\/RX8gCjM34GVfb23t9\" target=\"_blank\" rel=\"noopener\">aqu\u00ed<\/a><\/p>\n<p>Inscripci\u00f3n y mayor informaci\u00f3n acerca del curso de faena <a href=\"https:\/\/forms.gle\/5E6Xu2iT3DYQedCY7\" target=\"_blank\" rel=\"noopener\">aqu\u00ed<\/a><\/p>\n<p><strong>Nota con Axel Borches a continuaci\u00f3n:<\/strong><br \/>\n<iframe loading=\"lazy\" src=\"https:\/\/w.soundcloud.com\/player\/?url=https%3A\/\/api.soundcloud.com\/tracks\/1099941016&amp;color=%23ff5500&amp;auto_play=false&amp;hide_related=false&amp;show_comments=true&amp;show_user=true&amp;show_reposts=false&amp;show_teaser=true\" width=\"100%\" height=\"166\" frameborder=\"no\" scrolling=\"no\"><\/iframe><\/p>\n<div style=\"font-size: 10px; color: #cccccc; line-break: anywhere; word-break: normal; overflow: hidden; white-space: nowrap; text-overflow: ellipsis; font-family: Interstate,Lucida Grande,Lucida Sans Unicode,Lucida Sans,Garuda,Verdana,Tahoma,sans-serif; font-weight: 100;\"><a style=\"color: #cccccc; text-decoration: none;\" title=\"fmreflejos 103.7\" href=\"https:\/\/soundcloud.com\/fmreflejos-103-7\" target=\"_blank\" rel=\"noopener\">fmreflejos 103.7<\/a> \u00b7 <a style=\"color: #cccccc; text-decoration: none;\" title=\"Nota Axel Borches\" href=\"https:\/\/soundcloud.com\/fmreflejos-103-7\/nota-axel-borches\" target=\"_blank\" rel=\"noopener\">Nota Axel Borches<\/a><\/div>\n","protected":false},"excerpt":{"rendered":"<p>En la continuidad del Proyecto Integral de Desarrollo Social y Productivo, la Secretar\u00eda de Producci\u00f3n, Comercio e Industria de Tornquist Municipio, abri\u00f3 la inscripci\u00f3n a dos nuevos cursos que se dictar\u00e1n en Sierra de la Ventana. El Dr. Axel Borches, entrevistado esta ma\u00f1ana, est\u00e1 a cargo del curso de faenados. Axel es veterinario y se [&hellip;]<\/p>\n","protected":false},"author":3,"featured_media":0,"comment_status":"closed","ping_status":"closed","sticky":false,"template":"","format":"standard","meta":{"footnotes":""},"categories":[34],"tags":[48],"class_list":["post-61096","post","type-post","status-publish","format-standard","hentry","category-educacion","tag-destacada"],"yoast_head":"<!-- This site is optimized with the Yoast SEO plugin v25.9 - https:\/\/yoast.com\/wordpress\/plugins\/seo\/ -->\n<title>Curso de faena en Sierra de la Ventana: &quot;El faenado, sea cual fuere, termina en el plato de alguien&quot; - Noticias Radio Reflejos<\/title>\n<meta name=\"robots\" content=\"index, follow, max-snippet:-1, max-image-preview:large, max-video-preview:-1\" \/>\n<link rel=\"canonical\" href=\"https:\/\/www.noticiasradioreflejos.com.ar\/2021\/curso-de-faena-en-sierra-de-la-ventana-el-faenado-sea-cual-fuere-termina-en-el-plato-de-alguien\/\" \/>\n<meta property=\"og:locale\" content=\"es_ES\" \/>\n<meta property=\"og:type\" content=\"article\" \/>\n<meta property=\"og:title\" content=\"Curso de faena en Sierra de la Ventana: &quot;El faenado, sea cual fuere, termina en el plato de alguien&quot; - Noticias Radio Reflejos\" \/>\n<meta property=\"og:description\" content=\"En la continuidad del Proyecto Integral de Desarrollo Social y Productivo, la Secretar\u00eda de Producci\u00f3n, Comercio e Industria de Tornquist Municipio, abri\u00f3 la inscripci\u00f3n a dos nuevos cursos que se dictar\u00e1n en Sierra de la Ventana. El Dr. Axel Borches, entrevistado esta ma\u00f1ana, est\u00e1 a cargo del curso de faenados. Axel es veterinario y se [&hellip;]\" \/>\n<meta property=\"og:url\" content=\"https:\/\/www.noticiasradioreflejos.com.ar\/2021\/curso-de-faena-en-sierra-de-la-ventana-el-faenado-sea-cual-fuere-termina-en-el-plato-de-alguien\/\" \/>\n<meta property=\"og:site_name\" content=\"Noticias Radio Reflejos\" \/>\n<meta property=\"article:published_time\" content=\"2021-08-05T14:49:19+00:00\" \/>\n<meta property=\"article:modified_time\" content=\"2021-08-05T15:23:40+00:00\" \/>\n<meta property=\"og:image\" content=\"https:\/\/www.noticiasradioreflejos.com.ar\/2021\/wp-content\/uploads\/2021\/07\/logosol300x200.png\" \/>\n\t<meta property=\"og:image:width\" content=\"300\" \/>\n\t<meta property=\"og:image:height\" content=\"200\" \/>\n\t<meta property=\"og:image:type\" content=\"image\/png\" \/>\n<meta name=\"author\" content=\"Arnaldo Botto\" \/>\n<meta name=\"twitter:card\" content=\"summary_large_image\" \/>\n<script type=\"application\/ld+json\" class=\"yoast-schema-graph\">{\"@context\":\"https:\/\/schema.org\",\"@graph\":[{\"@type\":\"WebPage\",\"@id\":\"https:\/\/www.noticiasradioreflejos.com.ar\/2021\/curso-de-faena-en-sierra-de-la-ventana-el-faenado-sea-cual-fuere-termina-en-el-plato-de-alguien\/\",\"url\":\"https:\/\/www.noticiasradioreflejos.com.ar\/2021\/curso-de-faena-en-sierra-de-la-ventana-el-faenado-sea-cual-fuere-termina-en-el-plato-de-alguien\/\",\"name\":\"Curso de faena en Sierra de la Ventana: \\\"El faenado, sea cual fuere, termina en el plato de alguien\\\" - Noticias Radio Reflejos\",\"isPartOf\":{\"@id\":\"https:\/\/www.noticiasradioreflejos.com.ar\/2021\/#website\"},\"datePublished\":\"2021-08-05T14:49:19+00:00\",\"dateModified\":\"2021-08-05T15:23:40+00:00\",\"author\":{\"@id\":\"https:\/\/www.noticiasradioreflejos.com.ar\/2021\/#\/schema\/person\/ad82545263dcc5ec0996818884fd5fb1\"},\"breadcrumb\":{\"@id\":\"https:\/\/www.noticiasradioreflejos.com.ar\/2021\/curso-de-faena-en-sierra-de-la-ventana-el-faenado-sea-cual-fuere-termina-en-el-plato-de-alguien\/#breadcrumb\"},\"inLanguage\":\"es\",\"potentialAction\":[{\"@type\":\"ReadAction\",\"target\":[\"https:\/\/www.noticiasradioreflejos.com.ar\/2021\/curso-de-faena-en-sierra-de-la-ventana-el-faenado-sea-cual-fuere-termina-en-el-plato-de-alguien\/\"]}]},{\"@type\":\"BreadcrumbList\",\"@id\":\"https:\/\/www.noticiasradioreflejos.com.ar\/2021\/curso-de-faena-en-sierra-de-la-ventana-el-faenado-sea-cual-fuere-termina-en-el-plato-de-alguien\/#breadcrumb\",\"itemListElement\":[{\"@type\":\"ListItem\",\"position\":1,\"name\":\"Portada\",\"item\":\"https:\/\/www.noticiasradioreflejos.com.ar\/2021\/\"},{\"@type\":\"ListItem\",\"position\":2,\"name\":\"Curso de faena en Sierra de la Ventana: \u00abEl faenado, sea cual fuere, termina en el plato de alguien\u00bb\"}]},{\"@type\":\"WebSite\",\"@id\":\"https:\/\/www.noticiasradioreflejos.com.ar\/2021\/#website\",\"url\":\"https:\/\/www.noticiasradioreflejos.com.ar\/2021\/\",\"name\":\"Noticias Radio Reflejos\",\"description\":\"Las noticias de mi comarca\",\"potentialAction\":[{\"@type\":\"SearchAction\",\"target\":{\"@type\":\"EntryPoint\",\"urlTemplate\":\"https:\/\/www.noticiasradioreflejos.com.ar\/2021\/?s={search_term_string}\"},\"query-input\":{\"@type\":\"PropertyValueSpecification\",\"valueRequired\":true,\"valueName\":\"search_term_string\"}}],\"inLanguage\":\"es\"},{\"@type\":\"Person\",\"@id\":\"https:\/\/www.noticiasradioreflejos.com.ar\/2021\/#\/schema\/person\/ad82545263dcc5ec0996818884fd5fb1\",\"name\":\"Arnaldo Botto\",\"image\":{\"@type\":\"ImageObject\",\"inLanguage\":\"es\",\"@id\":\"https:\/\/www.noticiasradioreflejos.com.ar\/2021\/#\/schema\/person\/image\/\",\"url\":\"https:\/\/secure.gravatar.com\/avatar\/55cb5e37c1efa326397366e6974cb338056df65cb50e7d64d1cf314e87504837?s=96&d=mm&r=g\",\"contentUrl\":\"https:\/\/secure.gravatar.com\/avatar\/55cb5e37c1efa326397366e6974cb338056df65cb50e7d64d1cf314e87504837?s=96&d=mm&r=g\",\"caption\":\"Arnaldo Botto\"},\"url\":\"https:\/\/www.noticiasradioreflejos.com.ar\/2021\/author\/arnaldo\/\"}]}<\/script>\n<!-- \/ Yoast SEO plugin. -->","yoast_head_json":{"title":"Curso de faena en Sierra de la Ventana: \"El faenado, sea cual fuere, termina en el plato de alguien\" - Noticias Radio Reflejos","robots":{"index":"index","follow":"follow","max-snippet":"max-snippet:-1","max-image-preview":"max-image-preview:large","max-video-preview":"max-video-preview:-1"},"canonical":"https:\/\/www.noticiasradioreflejos.com.ar\/2021\/curso-de-faena-en-sierra-de-la-ventana-el-faenado-sea-cual-fuere-termina-en-el-plato-de-alguien\/","og_locale":"es_ES","og_type":"article","og_title":"Curso de faena en Sierra de la Ventana: \"El faenado, sea cual fuere, termina en el plato de alguien\" - Noticias Radio Reflejos","og_description":"En la continuidad del Proyecto Integral de Desarrollo Social y Productivo, la Secretar\u00eda de Producci\u00f3n, Comercio e Industria de Tornquist Municipio, abri\u00f3 la inscripci\u00f3n a dos nuevos cursos que se dictar\u00e1n en Sierra de la Ventana. El Dr. Axel Borches, entrevistado esta ma\u00f1ana, est\u00e1 a cargo del curso de faenados. Axel es veterinario y se [&hellip;]","og_url":"https:\/\/www.noticiasradioreflejos.com.ar\/2021\/curso-de-faena-en-sierra-de-la-ventana-el-faenado-sea-cual-fuere-termina-en-el-plato-de-alguien\/","og_site_name":"Noticias Radio Reflejos","article_published_time":"2021-08-05T14:49:19+00:00","article_modified_time":"2021-08-05T15:23:40+00:00","og_image":[{"width":300,"height":200,"url":"https:\/\/www.noticiasradioreflejos.com.ar\/2021\/wp-content\/uploads\/2021\/07\/logosol300x200.png","type":"image\/png"}],"author":"Arnaldo Botto","twitter_card":"summary_large_image","schema":{"@context":"https:\/\/schema.org","@graph":[{"@type":"WebPage","@id":"https:\/\/www.noticiasradioreflejos.com.ar\/2021\/curso-de-faena-en-sierra-de-la-ventana-el-faenado-sea-cual-fuere-termina-en-el-plato-de-alguien\/","url":"https:\/\/www.noticiasradioreflejos.com.ar\/2021\/curso-de-faena-en-sierra-de-la-ventana-el-faenado-sea-cual-fuere-termina-en-el-plato-de-alguien\/","name":"Curso de faena en Sierra de la Ventana: \"El faenado, sea cual fuere, termina en el plato de alguien\" - Noticias Radio Reflejos","isPartOf":{"@id":"https:\/\/www.noticiasradioreflejos.com.ar\/2021\/#website"},"datePublished":"2021-08-05T14:49:19+00:00","dateModified":"2021-08-05T15:23:40+00:00","author":{"@id":"https:\/\/www.noticiasradioreflejos.com.ar\/2021\/#\/schema\/person\/ad82545263dcc5ec0996818884fd5fb1"},"breadcrumb":{"@id":"https:\/\/www.noticiasradioreflejos.com.ar\/2021\/curso-de-faena-en-sierra-de-la-ventana-el-faenado-sea-cual-fuere-termina-en-el-plato-de-alguien\/#breadcrumb"},"inLanguage":"es","potentialAction":[{"@type":"ReadAction","target":["https:\/\/www.noticiasradioreflejos.com.ar\/2021\/curso-de-faena-en-sierra-de-la-ventana-el-faenado-sea-cual-fuere-termina-en-el-plato-de-alguien\/"]}]},{"@type":"BreadcrumbList","@id":"https:\/\/www.noticiasradioreflejos.com.ar\/2021\/curso-de-faena-en-sierra-de-la-ventana-el-faenado-sea-cual-fuere-termina-en-el-plato-de-alguien\/#breadcrumb","itemListElement":[{"@type":"ListItem","position":1,"name":"Portada","item":"https:\/\/www.noticiasradioreflejos.com.ar\/2021\/"},{"@type":"ListItem","position":2,"name":"Curso de faena en Sierra de la Ventana: \u00abEl faenado, sea cual fuere, termina en el plato de alguien\u00bb"}]},{"@type":"WebSite","@id":"https:\/\/www.noticiasradioreflejos.com.ar\/2021\/#website","url":"https:\/\/www.noticiasradioreflejos.com.ar\/2021\/","name":"Noticias Radio Reflejos","description":"Las noticias de mi comarca","potentialAction":[{"@type":"SearchAction","target":{"@type":"EntryPoint","urlTemplate":"https:\/\/www.noticiasradioreflejos.com.ar\/2021\/?s={search_term_string}"},"query-input":{"@type":"PropertyValueSpecification","valueRequired":true,"valueName":"search_term_string"}}],"inLanguage":"es"},{"@type":"Person","@id":"https:\/\/www.noticiasradioreflejos.com.ar\/2021\/#\/schema\/person\/ad82545263dcc5ec0996818884fd5fb1","name":"Arnaldo Botto","image":{"@type":"ImageObject","inLanguage":"es","@id":"https:\/\/www.noticiasradioreflejos.com.ar\/2021\/#\/schema\/person\/image\/","url":"https:\/\/secure.gravatar.com\/avatar\/55cb5e37c1efa326397366e6974cb338056df65cb50e7d64d1cf314e87504837?s=96&d=mm&r=g","contentUrl":"https:\/\/secure.gravatar.com\/avatar\/55cb5e37c1efa326397366e6974cb338056df65cb50e7d64d1cf314e87504837?s=96&d=mm&r=g","caption":"Arnaldo Botto"},"url":"https:\/\/www.noticiasradioreflejos.com.ar\/2021\/author\/arnaldo\/"}]}},"_links":{"self":[{"href":"https:\/\/www.noticiasradioreflejos.com.ar\/2021\/wp-json\/wp\/v2\/posts\/61096","targetHints":{"allow":["GET"]}}],"collection":[{"href":"https:\/\/www.noticiasradioreflejos.com.ar\/2021\/wp-json\/wp\/v2\/posts"}],"about":[{"href":"https:\/\/www.noticiasradioreflejos.com.ar\/2021\/wp-json\/wp\/v2\/types\/post"}],"author":[{"embeddable":true,"href":"https:\/\/www.noticiasradioreflejos.com.ar\/2021\/wp-json\/wp\/v2\/users\/3"}],"replies":[{"embeddable":true,"href":"https:\/\/www.noticiasradioreflejos.com.ar\/2021\/wp-json\/wp\/v2\/comments?post=61096"}],"version-history":[{"count":3,"href":"https:\/\/www.noticiasradioreflejos.com.ar\/2021\/wp-json\/wp\/v2\/posts\/61096\/revisions"}],"predecessor-version":[{"id":61133,"href":"https:\/\/www.noticiasradioreflejos.com.ar\/2021\/wp-json\/wp\/v2\/posts\/61096\/revisions\/61133"}],"wp:attachment":[{"href":"https:\/\/www.noticiasradioreflejos.com.ar\/2021\/wp-json\/wp\/v2\/media?parent=61096"}],"wp:term":[{"taxonomy":"category","embeddable":true,"href":"https:\/\/www.noticiasradioreflejos.com.ar\/2021\/wp-json\/wp\/v2\/categories?post=61096"},{"taxonomy":"post_tag","embeddable":true,"href":"https:\/\/www.noticiasradioreflejos.com.ar\/2021\/wp-json\/wp\/v2\/tags?post=61096"}],"curies":[{"name":"wp","href":"https:\/\/api.w.org\/{rel}","templated":true}]}}