{"id":61091,"date":"2021-08-04T17:02:05","date_gmt":"2021-08-04T17:02:05","guid":{"rendered":"http:\/\/www.noticiasradioreflejos.com.ar\/2021\/?p=61091"},"modified":"2021-08-04T17:02:05","modified_gmt":"2021-08-04T17:02:05","slug":"river-boca-en-el-primer-superclasico-de-la-copa-argentina","status":"publish","type":"post","link":"https:\/\/www.noticiasradioreflejos.com.ar\/2021\/river-boca-en-el-primer-superclasico-de-la-copa-argentina\/","title":{"rendered":"River-Boca, en el primer Supercl\u00e1sico de la Copa Argentina"},"content":{"rendered":"<div class=\"head-content\">\n<p>El partido se disputar\u00e1 desde las 19 en el estadio Ciudad de la Plata, con arbitraje de Patricio Loustau y ser\u00e1 transmitido por TyC Sports. El ganador del encuentro enfrentar\u00e1 en la siguiente ronda a Patronato de Paran\u00e1.<\/p>\n<div class=\"addthis_custom_sharing\" data-url=\"https:\/\/www.telam.com.ar\/notas\/202108\/563722-copa-argentina-boca-river-superclasico-cuartos-final.html\" data-title=\"River-Boca, en el primer Supercl\u00e1sico de la Copa Argentina\" data-description=\"El partido se disputar\u00e1 desde las 19 en el estadio Ciudad de la Plata, con arbitraje de Patricio Loustau y ser\u00e1 transmitido por TyC Sports. El ganador del encuentro enfrentrar\u00e1 en la siguiente ronda a Patronato de Paran\u00e1.\">\n<div id=\"atstbx\" class=\"at-resp-share-element at-style-responsive addthis-smartlayers addthis-animated at4-show\" role=\"region\" aria-labelledby=\"at-bf6d1b4b-ff34-4b24-9dd2-5b908d08d438\"><\/div>\n<\/div>\n<\/div>\n<p><!--more--><\/p>\n<div class=\"main-content-block\">\n<div class=\"main-box clearfix\">\n<div class=\"wrapper-main-section clearfix\">\n<div class=\"wrapper-editable-content\">\n<div class=\"editable-content clearfix\">\n<div id=\"image\" class=\"image\">\n<div class=\"epigrafe\">Boca y River juegan este mi\u00e9rcoles el primer Supercl\u00e1sico por la Copa Argentina, el torneo federal reeditado en 2011, en busca de la clasificaci\u00f3n a los cuartos de final.<\/div>\n<\/div>\n<p>Esta nueva edici\u00f3n del partido m\u00e1s importante del f\u00fatbol argentino se disputar\u00e1 desde las 19 en el estadio Ciudad de la Plata, con arbitraje de Patricio Loustau y ser\u00e1 transmitido por TyC Sports.<\/p>\n<p><strong>El ganador (en caso de empate habr\u00e1 definici\u00f3n con tiros desde el punto penal) enfrentar\u00e1 en los cuartos de final a Patronato de Paran\u00e1.<\/strong><\/p>\n<h4 class=\"auth\">Los enfrentamientos del 2021<\/h4>\n<p>Luego un at\u00edpico e in\u00e9dito 2020 sin Supercl\u00e1sicos, este ser\u00e1 el cuarto Boca- River del a\u00f1o.\u00a0<strong>El primero fue el 2 de enero por la Copa Diego Maradona y termin\u00f3 en empate 2-2<\/strong>, y dos meses despu\u00e9s, el 14 de marzo,\u00a0<strong>se reencontraron en el interzonal de la Copa de la Liga Profesional y la igualdad fue 1-1.<\/strong><\/p>\n<p>El tercer cruce fue el 16 de mayo por los cuartos de final de la mencionada Copa de la LPF y\u00a0<strong>volvieron a empatar 1-1 pero en la definici\u00f3n por penales Boca se impuso por 4-2 y avanz\u00f3 de ronda.<\/strong><\/p>\n<p>La particularidad es que estos tres Supercl\u00e1sicos se disputaron en La Bombonera y r<strong>eci\u00e9n volver\u00e1n a cruzarse en el estadio Monumental el pr\u00f3ximo 3 de octubre, por la fecha 14 del presente torneo de la Liga Profesional.<\/strong><\/p>\n<p>Con el \u00faltimo triunfo del \u00abxeneize\u00bb se cort\u00f3 la racha de cinco \u00abmano a mano\u00bb seguidos ganados por el River de Marcelo Gallardo.<\/p>\n<p>El \u00abmillonario\u00bb hab\u00eda superado en todas las instancias eliminatorias a Boca Juniors desde la llegada del entrenador hace ya siete a\u00f1os: Copa Sudamericana (2014), Copa Libertadores (2015, 2018, 2019) y la Supercopa Argentina (2018).<\/p>\n<div id=\"image\" class=\"image\"><img decoding=\"async\" title=\"Infograf\u00eda de T\u00e9lam.\" src=\"https:\/\/www.telam.com.ar\/advf\/imagenes\/2021\/08\/6109926da2d4c_1004x1491.jpg\" alt=\"Infograf\u00eda de T\u00e9lam.\" \/><\/p>\n<div class=\"epigrafe\">Infograf\u00eda de T\u00e9lam.<\/div>\n<\/div>\n<p>Si se toma en cuenta la actualidad,\u00a0<strong>River parece llegar mejor que Boca<\/strong>, ya que arranc\u00f3 el segundo semestre con la clasificaci\u00f3n a los cuartos de final de la Copa Libertadores (el mi\u00e9rcoles pr\u00f3ximo abrir\u00e1 la serie contra Atl\u00e9tico Mineiro) y en el torneo local est\u00e1 entre los cinco mejores luego de cuatro fechas.<\/p>\n<p>El arranque fue con derrota ante Col\u00f3n (2-1) en el estadio Monumental, luego hilvan\u00f3 dos buenos triunfos ante Uni\u00f3n (4-1) y Lan\u00fas (3-0) y en su \u00faltima presentaci\u00f3n rescat\u00f3 un empate (1-1) en N\u00fa\u00f1ez ante Hurac\u00e1n con equipo alternativo, y el ingreso de titulares cuando estaba en desventaja.<\/p>\n<p><strong>El presente de Boca es m\u00e1s preocupante\u00a0<\/strong>ya que su \u00faltima victoria fue el 26 de mayo cuando derrot\u00f3 a The Strongest por 3-0 en La Bombonera, por la \u00faltima fecha de la fase de grupos de la Copa Libertadores.<\/p>\n<p>Luego del receso, el plantel \u00abxeneize\u00bb tuvo un recambio importante con las salidas del \u00eddolo y capit\u00e1n, Carlos Tevez, y el arquero Esteban Andrada, entre otros, y sum\u00f3 refuerzos que todav\u00eda no terminan de afirmarse.<\/p>\n<p><strong>La injusta y pol\u00e9mica eliminaci\u00f3n ante Atl\u00e9tico Mineiro desmoron\u00f3 los planes<\/strong>\u00a0del equipo para lo que resta del a\u00f1o y se sum\u00f3 el flojo arranque en el torneo.<\/p>\n<p>No obstante, Miguel \u00c1ngel Russo reci\u00e9n pudo tener al equipo ideal en el \u00faltimo empate sin goles ante Talleres en C\u00f3rdoba dado que ante San Lorenzo (0-2) y Banfield (0-0) present\u00f3 la reserva por el aislamiento obligatorio del plantel principal y en el debut contra Uni\u00f3n (1-1) jug\u00f3 con un equipo con mayor\u00eda de suplentes.<\/p>\n<p>Los d\u00edas previos de Boca tambi\u00e9n fueron agitados fuera del campo de juego ya que\u00a0<strong>el delantero colombiano Sebasti\u00e1n Villa decidi\u00f3 no presentarse a entrenar para presionar su salida del club.<\/strong><\/p>\n<p>Gallardo tambi\u00e9n sufri\u00f3 una baja sensible ya que el delantero Mat\u00edas Su\u00e1rez qued\u00f3 descartado por la lesi\u00f3n muscular que padeci\u00f3 en el partido ante Lan\u00fas.<\/p>\n<p>El \u00abMu\u00f1eco\u00bb ya hab\u00eda perdido al delantero Rafael Santos Borr\u00e9, el goleador de su ciclo, que se fue libre al f\u00fatbol alem\u00e1n (Eintracht Frankfurt) pero r\u00e1pidamente<strong>\u00a0sum\u00f3 a Braian Romero, quien ya cumpli\u00f3 con goles.<\/strong>El ex Defensa y Justicia lleva cuatro goles en seis partidos y se ilusiona con marcar en su primer Supercl\u00e1sico.<\/p>\n<p>Romero formar\u00eda la dupla de ataque con el cordob\u00e9s Juli\u00e1n \u00c1lvarez, quien quiere recuperar terreno tras ser campe\u00f3n de la Copa Am\u00e9rica con el seleccionado argentino, al tiempo que de no recuperarse el chileno D\u00edaz ser\u00eda reemplazado por Jonatan Maidana en el fondo, mientras que la duda ser\u00eda en el mediocampo entre el colombiano Jorge Carrascal o Jos\u00e9 Paradela, de buen ingreso ante Hurac\u00e1n.<\/p>\n<p>Por el lado de Boca, Russo no dio indicios de la formaci\u00f3n pero se inclinar\u00eda por una l\u00ednea de cinco defensores con\u00a0<strong>el posible debut del lateral peruano Luis Adv\u00edncula<\/strong>, exRayo Vallecano, uno de los refuerzos y quien ser\u00eda de la partida si llega a tiempo el transfer desde el f\u00fatbol espa\u00f1ol.<\/p>\n<p>El \u00faltimo refuerzo -hasta ahora- es el mediocampista Juan Ram\u00edrez, quien ya debut\u00f3 ante Talleres y volver\u00e1 a ser titular, mientras que tambi\u00e9n qued\u00f3 concentrado con el plantel el colombiano Edwin Cardona, quien a priori no ser\u00e1 titular.<\/p>\n<div class=\"auth\">Posibles formaciones<\/div>\n<p><strong>Boca:\u00a0<\/strong>Agust\u00edn Rossi; Carlos Zambrano, Carlos Izquierdoz y Marcos Rojo; Luis Adv\u00edncula o Marcelo Weingandt, Diego Gonz\u00e1lez, Alan Varela o Esteban Rol\u00f3n, Juan Ram\u00edrez y Agust\u00edn Sandez; Cristian Pav\u00f3n y Norberto Briasco. DT: Miguel \u00c1ngel Russo.<\/p>\n<p><strong>River:<\/strong>\u00a0Franco Armani; Gonzalo Montiel, Paulo D\u00edaz o Jonatan Maidana, David Mart\u00ednez y Fabrizio Angileri; Bruno Zuculini, Enzo P\u00e9rez, Nicol\u00e1s De la Cruz y Jos\u00e9 Paradela o Jorge Carrascal; Braian Romero y Juli\u00e1n \u00c1lvarez. DT: Marcelo Gallardo.<\/p>\n<p><strong>Hora:\u00a0<\/strong>19.<\/p>\n<p><strong>Estadio:<\/strong>\u00a0Ciudad de La Plata<\/p>\n<p><strong>\u00c1rbitro:<\/strong>\u00a0Patricio Loustau<\/p>\n<p><strong>TV:\u00a0<\/strong>TyC Sports.<\/div>\n<\/div>\n<\/div>\n<\/div>\n<\/div>\n","protected":false},"excerpt":{"rendered":"<p>El partido se disputar\u00e1 desde las 19 en el estadio Ciudad de la Plata, con arbitraje de Patricio Loustau y ser\u00e1 transmitido por TyC Sports. El ganador del encuentro enfrentar\u00e1 en la siguiente ronda a Patronato de Paran\u00e1.<\/p>\n","protected":false},"author":3,"featured_media":0,"comment_status":"closed","ping_status":"closed","sticky":false,"template":"","format":"standard","meta":{"footnotes":""},"categories":[27],"tags":[],"class_list":["post-61091","post","type-post","status-publish","format-standard","hentry","category-deportes"],"yoast_head":"<!-- This site is optimized with the Yoast SEO plugin v25.9 - https:\/\/yoast.com\/wordpress\/plugins\/seo\/ -->\n<title>River-Boca, en el primer Supercl\u00e1sico de la Copa Argentina - Noticias Radio Reflejos<\/title>\n<meta name=\"robots\" content=\"index, follow, max-snippet:-1, max-image-preview:large, max-video-preview:-1\" \/>\n<link rel=\"canonical\" href=\"https:\/\/www.noticiasradioreflejos.com.ar\/2021\/river-boca-en-el-primer-superclasico-de-la-copa-argentina\/\" \/>\n<meta property=\"og:locale\" content=\"es_ES\" \/>\n<meta property=\"og:type\" content=\"article\" \/>\n<meta property=\"og:title\" content=\"River-Boca, en el primer Supercl\u00e1sico de la Copa Argentina - Noticias Radio Reflejos\" \/>\n<meta property=\"og:description\" content=\"El partido se disputar\u00e1 desde las 19 en el estadio Ciudad de la Plata, con arbitraje de Patricio Loustau y ser\u00e1 transmitido por TyC Sports. El ganador del encuentro enfrentar\u00e1 en la siguiente ronda a Patronato de Paran\u00e1.\" \/>\n<meta property=\"og:url\" content=\"https:\/\/www.noticiasradioreflejos.com.ar\/2021\/river-boca-en-el-primer-superclasico-de-la-copa-argentina\/\" \/>\n<meta property=\"og:site_name\" content=\"Noticias Radio Reflejos\" \/>\n<meta property=\"article:published_time\" content=\"2021-08-04T17:02:05+00:00\" \/>\n<meta property=\"og:image\" content=\"https:\/\/www.telam.com.ar\/advf\/imagenes\/2021\/08\/6109926da2d4c_1004x1491.jpg\" \/>\n<meta name=\"author\" content=\"Arnaldo Botto\" \/>\n<meta name=\"twitter:card\" content=\"summary_large_image\" \/>\n<script type=\"application\/ld+json\" class=\"yoast-schema-graph\">{\"@context\":\"https:\/\/schema.org\",\"@graph\":[{\"@type\":\"WebPage\",\"@id\":\"https:\/\/www.noticiasradioreflejos.com.ar\/2021\/river-boca-en-el-primer-superclasico-de-la-copa-argentina\/\",\"url\":\"https:\/\/www.noticiasradioreflejos.com.ar\/2021\/river-boca-en-el-primer-superclasico-de-la-copa-argentina\/\",\"name\":\"River-Boca, en el primer Supercl\u00e1sico de la Copa Argentina - Noticias Radio Reflejos\",\"isPartOf\":{\"@id\":\"https:\/\/www.noticiasradioreflejos.com.ar\/2021\/#website\"},\"primaryImageOfPage\":{\"@id\":\"https:\/\/www.noticiasradioreflejos.com.ar\/2021\/river-boca-en-el-primer-superclasico-de-la-copa-argentina\/#primaryimage\"},\"image\":{\"@id\":\"https:\/\/www.noticiasradioreflejos.com.ar\/2021\/river-boca-en-el-primer-superclasico-de-la-copa-argentina\/#primaryimage\"},\"thumbnailUrl\":\"https:\/\/www.telam.com.ar\/advf\/imagenes\/2021\/08\/6109926da2d4c_1004x1491.jpg\",\"datePublished\":\"2021-08-04T17:02:05+00:00\",\"author\":{\"@id\":\"https:\/\/www.noticiasradioreflejos.com.ar\/2021\/#\/schema\/person\/ad82545263dcc5ec0996818884fd5fb1\"},\"breadcrumb\":{\"@id\":\"https:\/\/www.noticiasradioreflejos.com.ar\/2021\/river-boca-en-el-primer-superclasico-de-la-copa-argentina\/#breadcrumb\"},\"inLanguage\":\"es\",\"potentialAction\":[{\"@type\":\"ReadAction\",\"target\":[\"https:\/\/www.noticiasradioreflejos.com.ar\/2021\/river-boca-en-el-primer-superclasico-de-la-copa-argentina\/\"]}]},{\"@type\":\"ImageObject\",\"inLanguage\":\"es\",\"@id\":\"https:\/\/www.noticiasradioreflejos.com.ar\/2021\/river-boca-en-el-primer-superclasico-de-la-copa-argentina\/#primaryimage\",\"url\":\"https:\/\/www.telam.com.ar\/advf\/imagenes\/2021\/08\/6109926da2d4c_1004x1491.jpg\",\"contentUrl\":\"https:\/\/www.telam.com.ar\/advf\/imagenes\/2021\/08\/6109926da2d4c_1004x1491.jpg\"},{\"@type\":\"BreadcrumbList\",\"@id\":\"https:\/\/www.noticiasradioreflejos.com.ar\/2021\/river-boca-en-el-primer-superclasico-de-la-copa-argentina\/#breadcrumb\",\"itemListElement\":[{\"@type\":\"ListItem\",\"position\":1,\"name\":\"Portada\",\"item\":\"https:\/\/www.noticiasradioreflejos.com.ar\/2021\/\"},{\"@type\":\"ListItem\",\"position\":2,\"name\":\"River-Boca, en el primer Supercl\u00e1sico de la Copa Argentina\"}]},{\"@type\":\"WebSite\",\"@id\":\"https:\/\/www.noticiasradioreflejos.com.ar\/2021\/#website\",\"url\":\"https:\/\/www.noticiasradioreflejos.com.ar\/2021\/\",\"name\":\"Noticias Radio Reflejos\",\"description\":\"Las noticias de mi comarca\",\"potentialAction\":[{\"@type\":\"SearchAction\",\"target\":{\"@type\":\"EntryPoint\",\"urlTemplate\":\"https:\/\/www.noticiasradioreflejos.com.ar\/2021\/?s={search_term_string}\"},\"query-input\":{\"@type\":\"PropertyValueSpecification\",\"valueRequired\":true,\"valueName\":\"search_term_string\"}}],\"inLanguage\":\"es\"},{\"@type\":\"Person\",\"@id\":\"https:\/\/www.noticiasradioreflejos.com.ar\/2021\/#\/schema\/person\/ad82545263dcc5ec0996818884fd5fb1\",\"name\":\"Arnaldo Botto\",\"image\":{\"@type\":\"ImageObject\",\"inLanguage\":\"es\",\"@id\":\"https:\/\/www.noticiasradioreflejos.com.ar\/2021\/#\/schema\/person\/image\/\",\"url\":\"https:\/\/secure.gravatar.com\/avatar\/55cb5e37c1efa326397366e6974cb338056df65cb50e7d64d1cf314e87504837?s=96&d=mm&r=g\",\"contentUrl\":\"https:\/\/secure.gravatar.com\/avatar\/55cb5e37c1efa326397366e6974cb338056df65cb50e7d64d1cf314e87504837?s=96&d=mm&r=g\",\"caption\":\"Arnaldo Botto\"},\"url\":\"https:\/\/www.noticiasradioreflejos.com.ar\/2021\/author\/arnaldo\/\"}]}<\/script>\n<!-- \/ Yoast SEO plugin. -->","yoast_head_json":{"title":"River-Boca, en el primer Supercl\u00e1sico de la Copa Argentina - Noticias Radio Reflejos","robots":{"index":"index","follow":"follow","max-snippet":"max-snippet:-1","max-image-preview":"max-image-preview:large","max-video-preview":"max-video-preview:-1"},"canonical":"https:\/\/www.noticiasradioreflejos.com.ar\/2021\/river-boca-en-el-primer-superclasico-de-la-copa-argentina\/","og_locale":"es_ES","og_type":"article","og_title":"River-Boca, en el primer Supercl\u00e1sico de la Copa Argentina - Noticias Radio Reflejos","og_description":"El partido se disputar\u00e1 desde las 19 en el estadio Ciudad de la Plata, con arbitraje de Patricio Loustau y ser\u00e1 transmitido por TyC Sports. El ganador del encuentro enfrentar\u00e1 en la siguiente ronda a Patronato de Paran\u00e1.","og_url":"https:\/\/www.noticiasradioreflejos.com.ar\/2021\/river-boca-en-el-primer-superclasico-de-la-copa-argentina\/","og_site_name":"Noticias Radio Reflejos","article_published_time":"2021-08-04T17:02:05+00:00","og_image":[{"url":"https:\/\/www.telam.com.ar\/advf\/imagenes\/2021\/08\/6109926da2d4c_1004x1491.jpg","type":"","width":"","height":""}],"author":"Arnaldo Botto","twitter_card":"summary_large_image","schema":{"@context":"https:\/\/schema.org","@graph":[{"@type":"WebPage","@id":"https:\/\/www.noticiasradioreflejos.com.ar\/2021\/river-boca-en-el-primer-superclasico-de-la-copa-argentina\/","url":"https:\/\/www.noticiasradioreflejos.com.ar\/2021\/river-boca-en-el-primer-superclasico-de-la-copa-argentina\/","name":"River-Boca, en el primer Supercl\u00e1sico de la Copa Argentina - Noticias Radio Reflejos","isPartOf":{"@id":"https:\/\/www.noticiasradioreflejos.com.ar\/2021\/#website"},"primaryImageOfPage":{"@id":"https:\/\/www.noticiasradioreflejos.com.ar\/2021\/river-boca-en-el-primer-superclasico-de-la-copa-argentina\/#primaryimage"},"image":{"@id":"https:\/\/www.noticiasradioreflejos.com.ar\/2021\/river-boca-en-el-primer-superclasico-de-la-copa-argentina\/#primaryimage"},"thumbnailUrl":"https:\/\/www.telam.com.ar\/advf\/imagenes\/2021\/08\/6109926da2d4c_1004x1491.jpg","datePublished":"2021-08-04T17:02:05+00:00","author":{"@id":"https:\/\/www.noticiasradioreflejos.com.ar\/2021\/#\/schema\/person\/ad82545263dcc5ec0996818884fd5fb1"},"breadcrumb":{"@id":"https:\/\/www.noticiasradioreflejos.com.ar\/2021\/river-boca-en-el-primer-superclasico-de-la-copa-argentina\/#breadcrumb"},"inLanguage":"es","potentialAction":[{"@type":"ReadAction","target":["https:\/\/www.noticiasradioreflejos.com.ar\/2021\/river-boca-en-el-primer-superclasico-de-la-copa-argentina\/"]}]},{"@type":"ImageObject","inLanguage":"es","@id":"https:\/\/www.noticiasradioreflejos.com.ar\/2021\/river-boca-en-el-primer-superclasico-de-la-copa-argentina\/#primaryimage","url":"https:\/\/www.telam.com.ar\/advf\/imagenes\/2021\/08\/6109926da2d4c_1004x1491.jpg","contentUrl":"https:\/\/www.telam.com.ar\/advf\/imagenes\/2021\/08\/6109926da2d4c_1004x1491.jpg"},{"@type":"BreadcrumbList","@id":"https:\/\/www.noticiasradioreflejos.com.ar\/2021\/river-boca-en-el-primer-superclasico-de-la-copa-argentina\/#breadcrumb","itemListElement":[{"@type":"ListItem","position":1,"name":"Portada","item":"https:\/\/www.noticiasradioreflejos.com.ar\/2021\/"},{"@type":"ListItem","position":2,"name":"River-Boca, en el primer Supercl\u00e1sico de la Copa Argentina"}]},{"@type":"WebSite","@id":"https:\/\/www.noticiasradioreflejos.com.ar\/2021\/#website","url":"https:\/\/www.noticiasradioreflejos.com.ar\/2021\/","name":"Noticias Radio Reflejos","description":"Las noticias de mi comarca","potentialAction":[{"@type":"SearchAction","target":{"@type":"EntryPoint","urlTemplate":"https:\/\/www.noticiasradioreflejos.com.ar\/2021\/?s={search_term_string}"},"query-input":{"@type":"PropertyValueSpecification","valueRequired":true,"valueName":"search_term_string"}}],"inLanguage":"es"},{"@type":"Person","@id":"https:\/\/www.noticiasradioreflejos.com.ar\/2021\/#\/schema\/person\/ad82545263dcc5ec0996818884fd5fb1","name":"Arnaldo Botto","image":{"@type":"ImageObject","inLanguage":"es","@id":"https:\/\/www.noticiasradioreflejos.com.ar\/2021\/#\/schema\/person\/image\/","url":"https:\/\/secure.gravatar.com\/avatar\/55cb5e37c1efa326397366e6974cb338056df65cb50e7d64d1cf314e87504837?s=96&d=mm&r=g","contentUrl":"https:\/\/secure.gravatar.com\/avatar\/55cb5e37c1efa326397366e6974cb338056df65cb50e7d64d1cf314e87504837?s=96&d=mm&r=g","caption":"Arnaldo Botto"},"url":"https:\/\/www.noticiasradioreflejos.com.ar\/2021\/author\/arnaldo\/"}]}},"_links":{"self":[{"href":"https:\/\/www.noticiasradioreflejos.com.ar\/2021\/wp-json\/wp\/v2\/posts\/61091","targetHints":{"allow":["GET"]}}],"collection":[{"href":"https:\/\/www.noticiasradioreflejos.com.ar\/2021\/wp-json\/wp\/v2\/posts"}],"about":[{"href":"https:\/\/www.noticiasradioreflejos.com.ar\/2021\/wp-json\/wp\/v2\/types\/post"}],"author":[{"embeddable":true,"href":"https:\/\/www.noticiasradioreflejos.com.ar\/2021\/wp-json\/wp\/v2\/users\/3"}],"replies":[{"embeddable":true,"href":"https:\/\/www.noticiasradioreflejos.com.ar\/2021\/wp-json\/wp\/v2\/comments?post=61091"}],"version-history":[{"count":1,"href":"https:\/\/www.noticiasradioreflejos.com.ar\/2021\/wp-json\/wp\/v2\/posts\/61091\/revisions"}],"predecessor-version":[{"id":61093,"href":"https:\/\/www.noticiasradioreflejos.com.ar\/2021\/wp-json\/wp\/v2\/posts\/61091\/revisions\/61093"}],"wp:attachment":[{"href":"https:\/\/www.noticiasradioreflejos.com.ar\/2021\/wp-json\/wp\/v2\/media?parent=61091"}],"wp:term":[{"taxonomy":"category","embeddable":true,"href":"https:\/\/www.noticiasradioreflejos.com.ar\/2021\/wp-json\/wp\/v2\/categories?post=61091"},{"taxonomy":"post_tag","embeddable":true,"href":"https:\/\/www.noticiasradioreflejos.com.ar\/2021\/wp-json\/wp\/v2\/tags?post=61091"}],"curies":[{"name":"wp","href":"https:\/\/api.w.org\/{rel}","templated":true}]}}