{"id":61089,"date":"2021-08-04T16:56:56","date_gmt":"2021-08-04T16:56:56","guid":{"rendered":"http:\/\/www.noticiasradioreflejos.com.ar\/2021\/?p=61089"},"modified":"2021-08-04T16:56:56","modified_gmt":"2021-08-04T16:56:56","slug":"continua-el-ciclo-de-charlas-de-inclusion-financiera-para-mujeres-y-diversidades-representantes-de-pymes","status":"publish","type":"post","link":"https:\/\/www.noticiasradioreflejos.com.ar\/2021\/continua-el-ciclo-de-charlas-de-inclusion-financiera-para-mujeres-y-diversidades-representantes-de-pymes\/","title":{"rendered":"Contin\u00faa el Ciclo de charlas de inclusi\u00f3n financiera para Mujeres y Diversidades representantes de Pymes"},"content":{"rendered":"<p>La Secretar\u00eda de Producci\u00f3n, Comercio e Industria de Tornquist Municipio, recuerda que este jueves 5 continuar\u00e1 el Ciclo de charlas de inclusi\u00f3n financiera para Mujeres y Diversidades representantes de Pymes, impulsado por el Ministerio de Producci\u00f3n bonaerense.<!--more--><\/p>\n<p>Ser\u00e1 a partir de las 15 hs por Zoom y se abordar\u00e1 el m\u00f3dulo referido a \u2018Garant\u00edas para acceder a un cr\u00e9dito bancario, a cargo de Ver\u00f3nica Wejchenberg y Laura Mancuso, integrantes del Fondo de Garant\u00eda de Buenos Aires (FO.GA.B.A.).<\/p>\n<p>Por inscripciones, escribir a <a href=\"mailto:asistencia.produccion@mp.gba.gob.ar\">asistencia.produccion@mp.gba.gob.ar<\/a>.<\/p>\n<p><a data-flickr-embed=\"true\" href=\"https:\/\/www.flickr.com\/photos\/182279889@N02\/51358128220\/in\/dateposted-public\/\" title=\"incluirpba\"><img loading=\"lazy\" decoding=\"async\" src=\"https:\/\/live.staticflickr.com\/65535\/51358128220_202564f82b_z.jpg\" width=\"512\" height=\"640\" alt=\"incluirpba\"><\/a><script async src=\"\/\/embedr.flickr.com\/assets\/client-code.js\" charset=\"utf-8\"><\/script><\/p>\n","protected":false},"excerpt":{"rendered":"<p>La Secretar\u00eda de Producci\u00f3n, Comercio e Industria de Tornquist Municipio, recuerda que este jueves 5 continuar\u00e1 el Ciclo de charlas de inclusi\u00f3n financiera para Mujeres y Diversidades representantes de Pymes, impulsado por el Ministerio de Producci\u00f3n bonaerense.<\/p>\n","protected":false},"author":3,"featured_media":0,"comment_status":"closed","ping_status":"closed","sticky":false,"template":"","format":"standard","meta":{"footnotes":""},"categories":[34,26],"tags":[],"class_list":["post-61089","post","type-post","status-publish","format-standard","hentry","category-educacion","category-sociedad"],"yoast_head":"<!-- This site is optimized with the Yoast SEO plugin v25.9 - https:\/\/yoast.com\/wordpress\/plugins\/seo\/ -->\n<title>Contin\u00faa el Ciclo de charlas de inclusi\u00f3n financiera para Mujeres y Diversidades representantes de Pymes - Noticias Radio Reflejos<\/title>\n<meta name=\"robots\" content=\"index, follow, max-snippet:-1, max-image-preview:large, max-video-preview:-1\" \/>\n<link rel=\"canonical\" href=\"https:\/\/www.noticiasradioreflejos.com.ar\/2021\/continua-el-ciclo-de-charlas-de-inclusion-financiera-para-mujeres-y-diversidades-representantes-de-pymes\/\" \/>\n<meta property=\"og:locale\" content=\"es_ES\" \/>\n<meta property=\"og:type\" content=\"article\" \/>\n<meta property=\"og:title\" content=\"Contin\u00faa el Ciclo de charlas de inclusi\u00f3n financiera para Mujeres y Diversidades representantes de Pymes - Noticias Radio Reflejos\" \/>\n<meta property=\"og:description\" content=\"La Secretar\u00eda de Producci\u00f3n, Comercio e Industria de Tornquist Municipio, recuerda que este jueves 5 continuar\u00e1 el Ciclo de charlas de inclusi\u00f3n financiera para Mujeres y Diversidades representantes de Pymes, impulsado por el Ministerio de Producci\u00f3n bonaerense.\" \/>\n<meta property=\"og:url\" content=\"https:\/\/www.noticiasradioreflejos.com.ar\/2021\/continua-el-ciclo-de-charlas-de-inclusion-financiera-para-mujeres-y-diversidades-representantes-de-pymes\/\" \/>\n<meta property=\"og:site_name\" content=\"Noticias Radio Reflejos\" \/>\n<meta property=\"article:published_time\" content=\"2021-08-04T16:56:56+00:00\" \/>\n<meta property=\"og:image\" content=\"https:\/\/live.staticflickr.com\/65535\/51358128220_202564f82b_z.jpg\" \/>\n<meta name=\"author\" content=\"Arnaldo Botto\" \/>\n<meta name=\"twitter:card\" content=\"summary_large_image\" \/>\n<script type=\"application\/ld+json\" class=\"yoast-schema-graph\">{\"@context\":\"https:\/\/schema.org\",\"@graph\":[{\"@type\":\"WebPage\",\"@id\":\"https:\/\/www.noticiasradioreflejos.com.ar\/2021\/continua-el-ciclo-de-charlas-de-inclusion-financiera-para-mujeres-y-diversidades-representantes-de-pymes\/\",\"url\":\"https:\/\/www.noticiasradioreflejos.com.ar\/2021\/continua-el-ciclo-de-charlas-de-inclusion-financiera-para-mujeres-y-diversidades-representantes-de-pymes\/\",\"name\":\"Contin\u00faa el Ciclo de charlas de inclusi\u00f3n financiera para Mujeres y Diversidades representantes de Pymes - Noticias Radio Reflejos\",\"isPartOf\":{\"@id\":\"https:\/\/www.noticiasradioreflejos.com.ar\/2021\/#website\"},\"primaryImageOfPage\":{\"@id\":\"https:\/\/www.noticiasradioreflejos.com.ar\/2021\/continua-el-ciclo-de-charlas-de-inclusion-financiera-para-mujeres-y-diversidades-representantes-de-pymes\/#primaryimage\"},\"image\":{\"@id\":\"https:\/\/www.noticiasradioreflejos.com.ar\/2021\/continua-el-ciclo-de-charlas-de-inclusion-financiera-para-mujeres-y-diversidades-representantes-de-pymes\/#primaryimage\"},\"thumbnailUrl\":\"https:\/\/live.staticflickr.com\/65535\/51358128220_202564f82b_z.jpg\",\"datePublished\":\"2021-08-04T16:56:56+00:00\",\"author\":{\"@id\":\"https:\/\/www.noticiasradioreflejos.com.ar\/2021\/#\/schema\/person\/ad82545263dcc5ec0996818884fd5fb1\"},\"breadcrumb\":{\"@id\":\"https:\/\/www.noticiasradioreflejos.com.ar\/2021\/continua-el-ciclo-de-charlas-de-inclusion-financiera-para-mujeres-y-diversidades-representantes-de-pymes\/#breadcrumb\"},\"inLanguage\":\"es\",\"potentialAction\":[{\"@type\":\"ReadAction\",\"target\":[\"https:\/\/www.noticiasradioreflejos.com.ar\/2021\/continua-el-ciclo-de-charlas-de-inclusion-financiera-para-mujeres-y-diversidades-representantes-de-pymes\/\"]}]},{\"@type\":\"ImageObject\",\"inLanguage\":\"es\",\"@id\":\"https:\/\/www.noticiasradioreflejos.com.ar\/2021\/continua-el-ciclo-de-charlas-de-inclusion-financiera-para-mujeres-y-diversidades-representantes-de-pymes\/#primaryimage\",\"url\":\"https:\/\/live.staticflickr.com\/65535\/51358128220_202564f82b_z.jpg\",\"contentUrl\":\"https:\/\/live.staticflickr.com\/65535\/51358128220_202564f82b_z.jpg\"},{\"@type\":\"BreadcrumbList\",\"@id\":\"https:\/\/www.noticiasradioreflejos.com.ar\/2021\/continua-el-ciclo-de-charlas-de-inclusion-financiera-para-mujeres-y-diversidades-representantes-de-pymes\/#breadcrumb\",\"itemListElement\":[{\"@type\":\"ListItem\",\"position\":1,\"name\":\"Portada\",\"item\":\"https:\/\/www.noticiasradioreflejos.com.ar\/2021\/\"},{\"@type\":\"ListItem\",\"position\":2,\"name\":\"Contin\u00faa el Ciclo de charlas de inclusi\u00f3n financiera para Mujeres y Diversidades representantes de Pymes\"}]},{\"@type\":\"WebSite\",\"@id\":\"https:\/\/www.noticiasradioreflejos.com.ar\/2021\/#website\",\"url\":\"https:\/\/www.noticiasradioreflejos.com.ar\/2021\/\",\"name\":\"Noticias Radio Reflejos\",\"description\":\"Las noticias de mi comarca\",\"potentialAction\":[{\"@type\":\"SearchAction\",\"target\":{\"@type\":\"EntryPoint\",\"urlTemplate\":\"https:\/\/www.noticiasradioreflejos.com.ar\/2021\/?s={search_term_string}\"},\"query-input\":{\"@type\":\"PropertyValueSpecification\",\"valueRequired\":true,\"valueName\":\"search_term_string\"}}],\"inLanguage\":\"es\"},{\"@type\":\"Person\",\"@id\":\"https:\/\/www.noticiasradioreflejos.com.ar\/2021\/#\/schema\/person\/ad82545263dcc5ec0996818884fd5fb1\",\"name\":\"Arnaldo Botto\",\"image\":{\"@type\":\"ImageObject\",\"inLanguage\":\"es\",\"@id\":\"https:\/\/www.noticiasradioreflejos.com.ar\/2021\/#\/schema\/person\/image\/\",\"url\":\"https:\/\/secure.gravatar.com\/avatar\/55cb5e37c1efa326397366e6974cb338056df65cb50e7d64d1cf314e87504837?s=96&d=mm&r=g\",\"contentUrl\":\"https:\/\/secure.gravatar.com\/avatar\/55cb5e37c1efa326397366e6974cb338056df65cb50e7d64d1cf314e87504837?s=96&d=mm&r=g\",\"caption\":\"Arnaldo Botto\"},\"url\":\"https:\/\/www.noticiasradioreflejos.com.ar\/2021\/author\/arnaldo\/\"}]}<\/script>\n<!-- \/ Yoast SEO plugin. -->","yoast_head_json":{"title":"Contin\u00faa el Ciclo de charlas de inclusi\u00f3n financiera para Mujeres y Diversidades representantes de Pymes - Noticias Radio Reflejos","robots":{"index":"index","follow":"follow","max-snippet":"max-snippet:-1","max-image-preview":"max-image-preview:large","max-video-preview":"max-video-preview:-1"},"canonical":"https:\/\/www.noticiasradioreflejos.com.ar\/2021\/continua-el-ciclo-de-charlas-de-inclusion-financiera-para-mujeres-y-diversidades-representantes-de-pymes\/","og_locale":"es_ES","og_type":"article","og_title":"Contin\u00faa el Ciclo de charlas de inclusi\u00f3n financiera para Mujeres y Diversidades representantes de Pymes - Noticias Radio Reflejos","og_description":"La Secretar\u00eda de Producci\u00f3n, Comercio e Industria de Tornquist Municipio, recuerda que este jueves 5 continuar\u00e1 el Ciclo de charlas de inclusi\u00f3n financiera para Mujeres y Diversidades representantes de Pymes, impulsado por el Ministerio de Producci\u00f3n bonaerense.","og_url":"https:\/\/www.noticiasradioreflejos.com.ar\/2021\/continua-el-ciclo-de-charlas-de-inclusion-financiera-para-mujeres-y-diversidades-representantes-de-pymes\/","og_site_name":"Noticias Radio Reflejos","article_published_time":"2021-08-04T16:56:56+00:00","og_image":[{"url":"https:\/\/live.staticflickr.com\/65535\/51358128220_202564f82b_z.jpg","type":"","width":"","height":""}],"author":"Arnaldo Botto","twitter_card":"summary_large_image","schema":{"@context":"https:\/\/schema.org","@graph":[{"@type":"WebPage","@id":"https:\/\/www.noticiasradioreflejos.com.ar\/2021\/continua-el-ciclo-de-charlas-de-inclusion-financiera-para-mujeres-y-diversidades-representantes-de-pymes\/","url":"https:\/\/www.noticiasradioreflejos.com.ar\/2021\/continua-el-ciclo-de-charlas-de-inclusion-financiera-para-mujeres-y-diversidades-representantes-de-pymes\/","name":"Contin\u00faa el Ciclo de charlas de inclusi\u00f3n financiera para Mujeres y Diversidades representantes de Pymes - Noticias Radio Reflejos","isPartOf":{"@id":"https:\/\/www.noticiasradioreflejos.com.ar\/2021\/#website"},"primaryImageOfPage":{"@id":"https:\/\/www.noticiasradioreflejos.com.ar\/2021\/continua-el-ciclo-de-charlas-de-inclusion-financiera-para-mujeres-y-diversidades-representantes-de-pymes\/#primaryimage"},"image":{"@id":"https:\/\/www.noticiasradioreflejos.com.ar\/2021\/continua-el-ciclo-de-charlas-de-inclusion-financiera-para-mujeres-y-diversidades-representantes-de-pymes\/#primaryimage"},"thumbnailUrl":"https:\/\/live.staticflickr.com\/65535\/51358128220_202564f82b_z.jpg","datePublished":"2021-08-04T16:56:56+00:00","author":{"@id":"https:\/\/www.noticiasradioreflejos.com.ar\/2021\/#\/schema\/person\/ad82545263dcc5ec0996818884fd5fb1"},"breadcrumb":{"@id":"https:\/\/www.noticiasradioreflejos.com.ar\/2021\/continua-el-ciclo-de-charlas-de-inclusion-financiera-para-mujeres-y-diversidades-representantes-de-pymes\/#breadcrumb"},"inLanguage":"es","potentialAction":[{"@type":"ReadAction","target":["https:\/\/www.noticiasradioreflejos.com.ar\/2021\/continua-el-ciclo-de-charlas-de-inclusion-financiera-para-mujeres-y-diversidades-representantes-de-pymes\/"]}]},{"@type":"ImageObject","inLanguage":"es","@id":"https:\/\/www.noticiasradioreflejos.com.ar\/2021\/continua-el-ciclo-de-charlas-de-inclusion-financiera-para-mujeres-y-diversidades-representantes-de-pymes\/#primaryimage","url":"https:\/\/live.staticflickr.com\/65535\/51358128220_202564f82b_z.jpg","contentUrl":"https:\/\/live.staticflickr.com\/65535\/51358128220_202564f82b_z.jpg"},{"@type":"BreadcrumbList","@id":"https:\/\/www.noticiasradioreflejos.com.ar\/2021\/continua-el-ciclo-de-charlas-de-inclusion-financiera-para-mujeres-y-diversidades-representantes-de-pymes\/#breadcrumb","itemListElement":[{"@type":"ListItem","position":1,"name":"Portada","item":"https:\/\/www.noticiasradioreflejos.com.ar\/2021\/"},{"@type":"ListItem","position":2,"name":"Contin\u00faa el Ciclo de charlas de inclusi\u00f3n financiera para Mujeres y Diversidades representantes de Pymes"}]},{"@type":"WebSite","@id":"https:\/\/www.noticiasradioreflejos.com.ar\/2021\/#website","url":"https:\/\/www.noticiasradioreflejos.com.ar\/2021\/","name":"Noticias Radio Reflejos","description":"Las noticias de mi comarca","potentialAction":[{"@type":"SearchAction","target":{"@type":"EntryPoint","urlTemplate":"https:\/\/www.noticiasradioreflejos.com.ar\/2021\/?s={search_term_string}"},"query-input":{"@type":"PropertyValueSpecification","valueRequired":true,"valueName":"search_term_string"}}],"inLanguage":"es"},{"@type":"Person","@id":"https:\/\/www.noticiasradioreflejos.com.ar\/2021\/#\/schema\/person\/ad82545263dcc5ec0996818884fd5fb1","name":"Arnaldo Botto","image":{"@type":"ImageObject","inLanguage":"es","@id":"https:\/\/www.noticiasradioreflejos.com.ar\/2021\/#\/schema\/person\/image\/","url":"https:\/\/secure.gravatar.com\/avatar\/55cb5e37c1efa326397366e6974cb338056df65cb50e7d64d1cf314e87504837?s=96&d=mm&r=g","contentUrl":"https:\/\/secure.gravatar.com\/avatar\/55cb5e37c1efa326397366e6974cb338056df65cb50e7d64d1cf314e87504837?s=96&d=mm&r=g","caption":"Arnaldo Botto"},"url":"https:\/\/www.noticiasradioreflejos.com.ar\/2021\/author\/arnaldo\/"}]}},"_links":{"self":[{"href":"https:\/\/www.noticiasradioreflejos.com.ar\/2021\/wp-json\/wp\/v2\/posts\/61089","targetHints":{"allow":["GET"]}}],"collection":[{"href":"https:\/\/www.noticiasradioreflejos.com.ar\/2021\/wp-json\/wp\/v2\/posts"}],"about":[{"href":"https:\/\/www.noticiasradioreflejos.com.ar\/2021\/wp-json\/wp\/v2\/types\/post"}],"author":[{"embeddable":true,"href":"https:\/\/www.noticiasradioreflejos.com.ar\/2021\/wp-json\/wp\/v2\/users\/3"}],"replies":[{"embeddable":true,"href":"https:\/\/www.noticiasradioreflejos.com.ar\/2021\/wp-json\/wp\/v2\/comments?post=61089"}],"version-history":[{"count":1,"href":"https:\/\/www.noticiasradioreflejos.com.ar\/2021\/wp-json\/wp\/v2\/posts\/61089\/revisions"}],"predecessor-version":[{"id":61090,"href":"https:\/\/www.noticiasradioreflejos.com.ar\/2021\/wp-json\/wp\/v2\/posts\/61089\/revisions\/61090"}],"wp:attachment":[{"href":"https:\/\/www.noticiasradioreflejos.com.ar\/2021\/wp-json\/wp\/v2\/media?parent=61089"}],"wp:term":[{"taxonomy":"category","embeddable":true,"href":"https:\/\/www.noticiasradioreflejos.com.ar\/2021\/wp-json\/wp\/v2\/categories?post=61089"},{"taxonomy":"post_tag","embeddable":true,"href":"https:\/\/www.noticiasradioreflejos.com.ar\/2021\/wp-json\/wp\/v2\/tags?post=61089"}],"curies":[{"name":"wp","href":"https:\/\/api.w.org\/{rel}","templated":true}]}}