{"id":61077,"date":"2021-08-04T13:48:48","date_gmt":"2021-08-04T13:48:48","guid":{"rendered":"http:\/\/www.noticiasradioreflejos.com.ar\/2021\/?p=61077"},"modified":"2021-08-04T15:08:58","modified_gmt":"2021-08-04T15:08:58","slug":"el-centro-de-formacion-profesional-de-tornquist-n-402-informa-los-cursos-a-comenzar-en-agosto","status":"publish","type":"post","link":"https:\/\/www.noticiasradioreflejos.com.ar\/2021\/el-centro-de-formacion-profesional-de-tornquist-n-402-informa-los-cursos-a-comenzar-en-agosto\/","title":{"rendered":"El Centro de Formaci\u00f3n Profesional de Tornquist N\u00b0 402 informa los cursos a comenzar en Agosto."},"content":{"rendered":"<p>Los cursos comenzaran de forma virtual hasta que se adecuen los espacios al plan jurisdiccional y despu\u00e9s presencial.<!--more--><\/p>\n<p>Esta ma\u00f1ana, charlamos con la Directora del Centro, Graciela Rivarola qui\u00e9n nos brind\u00f3 algunos detalles en cuanto a las formas de dictado de los cursos y los posibles lugares donde se desarrollar\u00e1n.<br \/>\nEste viernes, Rivarola tendr\u00e1 reuniones en Sierra de la Ventana y Saldungaray para definir futuras sedes que permitir\u00e1n la presencialidad en algunos de ellos.<\/p>\n<p><iframe loading=\"lazy\" src=\"https:\/\/w.soundcloud.com\/player\/?url=https%3A\/\/api.soundcloud.com\/tracks\/1099993405&amp;color=%23ff5500&amp;auto_play=false&amp;hide_related=false&amp;show_comments=true&amp;show_user=true&amp;show_reposts=false&amp;show_teaser=true\" width=\"100%\" height=\"166\" frameborder=\"no\" scrolling=\"no\"><\/iframe><\/p>\n<div style=\"font-size: 10px; color: #cccccc; line-break: anywhere; word-break: normal; overflow: hidden; white-space: nowrap; text-overflow: ellipsis; font-family: Interstate,Lucida Grande,Lucida Sans Unicode,Lucida Sans,Garuda,Verdana,Tahoma,sans-serif; font-weight: 100;\"><a style=\"color: #cccccc; text-decoration: none;\" title=\"fmreflejos 103.7\" href=\"https:\/\/soundcloud.com\/fmreflejos-103-7\" target=\"_blank\" rel=\"noopener\">fmreflejos 103.7<\/a> \u00b7 <a style=\"color: #cccccc; text-decoration: none;\" title=\"Nota Graciela Rivarola\" href=\"https:\/\/soundcloud.com\/fmreflejos-103-7\/nota-graciela-rivarola\" target=\"_blank\" rel=\"noopener\">Nota Graciela Rivarola<\/a><\/div>\n<p>A continuaci\u00f3n compartimos el link de inscripci\u00f3n, el mismo tambi\u00e9n pueden encontrarlo en nuestra p\u00e1gina de Facebook o pueden enviar un email a\u00a0<a href=\"mailto:cfp402tornquist@abc.gob.ar\">cfp402tornquist@abc.gob.ar<\/a> y los ayudaremos con el llenado del formulario.<\/p>\n<p><strong>Link de preinscripci\u00f3n:<\/strong><br \/>\n<a href=\"https:\/\/docs.google.com\/forms\/d\/e\/1FAIpQLSc2D49fuGTusC_9wv1BKS_xUVGgc6496TZC3IgOH0wvtJZUcA\/viewfrm?vc=0&amp;c=0&amp;w=1&amp;flr=0\">https:\/\/docs.google.com\/forms\/d\/e\/1FAIpQLSc2D49fuGTusC_9wv1BKS_xUVGgc6496TZC3IgOH0wvtJZUcA\/viewfrm?vc=0&amp;c=0&amp;w=1&amp;flr=0<\/a><\/p>\n<p><strong>Link p\u00e1gina de Facebook:<\/strong><br \/>\n<a href=\"https:\/\/www.facebook.com\/cfp402tornquist\">https:\/\/www.facebook.com\/cfp402tornquist<\/a><\/p>\n<p><strong>Cursos que empiezan en AGOSTO (Los Cursos son Gratuitos):<\/strong><br \/>\n\uf0b7 Montador Electricista (Puede ser seleccionado para PROGRESAR TRABAJO)<br \/>\n\uf0b7 Coordinador Tur\u00edstico (Puede ser seleccionado para PROGRESAR TRABAJO)<br \/>\n\uf0b7 Instalador de Sistemas El\u00e9ctricos de Energ\u00edas Renovables (Puede ser seleccionado para PROGRESAR TRABAJO)<br \/>\n\uf0b7 Capacitaci\u00f3n en Planeamiento, Organizaci\u00f3n y Gesti\u00f3n de Cooperativas<\/p>\n<p><strong>Beca Progresar <\/strong><\/p>\n<p>(Aclaramos que el l\u00edmite de edad es PARA LA BECA DE ANSES, NO ES ASI PARA NUESTROS CURSOS)<br \/>\nLa Beca Progresar Trabajo de ANSES se trata de un programa destinado a j\u00f3venes de entre 18 y 24 a\u00f1os inscriptos en cursos de formaci\u00f3n profesional. Se extiende hasta 35 a\u00f1os de edad a las personas con hijas\/os menores de 18 a\u00f1os pertenecientes a hogares monoparentales y hasta 40 a\u00f1os para personas que no poseen trabajo formal registrado.<br \/>\nLos tr\u00e1mites de la beca los hace cada uno de los interesados, en la p\u00e1gina del ANSES, no depende del CFP N\u00b0 402 de Tornquist.<\/p>\n<p>Graciela Rivarola<br \/>\nDirectora del C.F.P. N\u00b0 402 de Tornquist<\/p>\n","protected":false},"excerpt":{"rendered":"<p>Los cursos comenzaran de forma virtual hasta que se adecuen los espacios al plan jurisdiccional y despu\u00e9s presencial.<\/p>\n","protected":false},"author":3,"featured_media":37337,"comment_status":"closed","ping_status":"closed","sticky":false,"template":"","format":"standard","meta":{"footnotes":""},"categories":[34],"tags":[48],"class_list":["post-61077","post","type-post","status-publish","format-standard","has-post-thumbnail","hentry","category-educacion","tag-destacada"],"yoast_head":"<!-- This site is optimized with the Yoast SEO plugin v25.9 - https:\/\/yoast.com\/wordpress\/plugins\/seo\/ -->\n<title>El Centro de Formaci\u00f3n Profesional de Tornquist N\u00b0 402 informa los cursos a comenzar en Agosto. - Noticias Radio Reflejos<\/title>\n<meta name=\"robots\" content=\"index, follow, max-snippet:-1, max-image-preview:large, max-video-preview:-1\" \/>\n<link rel=\"canonical\" href=\"https:\/\/www.noticiasradioreflejos.com.ar\/2021\/el-centro-de-formacion-profesional-de-tornquist-n-402-informa-los-cursos-a-comenzar-en-agosto\/\" \/>\n<meta property=\"og:locale\" content=\"es_ES\" \/>\n<meta property=\"og:type\" content=\"article\" \/>\n<meta property=\"og:title\" content=\"El Centro de Formaci\u00f3n Profesional de Tornquist N\u00b0 402 informa los cursos a comenzar en Agosto. - Noticias Radio Reflejos\" \/>\n<meta property=\"og:description\" content=\"Los cursos comenzaran de forma virtual hasta que se adecuen los espacios al plan jurisdiccional y despu\u00e9s presencial.\" \/>\n<meta property=\"og:url\" content=\"https:\/\/www.noticiasradioreflejos.com.ar\/2021\/el-centro-de-formacion-profesional-de-tornquist-n-402-informa-los-cursos-a-comenzar-en-agosto\/\" \/>\n<meta property=\"og:site_name\" content=\"Noticias Radio Reflejos\" \/>\n<meta property=\"article:published_time\" content=\"2021-08-04T13:48:48+00:00\" \/>\n<meta property=\"article:modified_time\" content=\"2021-08-04T15:08:58+00:00\" \/>\n<meta property=\"og:image\" content=\"https:\/\/www.noticiasradioreflejos.com.ar\/2021\/wp-content\/uploads\/2019\/12\/CFP-402-Tornquist.png\" \/>\n\t<meta property=\"og:image:width\" content=\"805\" \/>\n\t<meta property=\"og:image:height\" content=\"426\" \/>\n\t<meta property=\"og:image:type\" content=\"image\/png\" \/>\n<meta name=\"author\" content=\"Arnaldo Botto\" \/>\n<meta name=\"twitter:card\" content=\"summary_large_image\" \/>\n<script type=\"application\/ld+json\" class=\"yoast-schema-graph\">{\"@context\":\"https:\/\/schema.org\",\"@graph\":[{\"@type\":\"WebPage\",\"@id\":\"https:\/\/www.noticiasradioreflejos.com.ar\/2021\/el-centro-de-formacion-profesional-de-tornquist-n-402-informa-los-cursos-a-comenzar-en-agosto\/\",\"url\":\"https:\/\/www.noticiasradioreflejos.com.ar\/2021\/el-centro-de-formacion-profesional-de-tornquist-n-402-informa-los-cursos-a-comenzar-en-agosto\/\",\"name\":\"El Centro de Formaci\u00f3n Profesional de Tornquist N\u00b0 402 informa los cursos a comenzar en Agosto. - Noticias Radio Reflejos\",\"isPartOf\":{\"@id\":\"https:\/\/www.noticiasradioreflejos.com.ar\/2021\/#website\"},\"primaryImageOfPage\":{\"@id\":\"https:\/\/www.noticiasradioreflejos.com.ar\/2021\/el-centro-de-formacion-profesional-de-tornquist-n-402-informa-los-cursos-a-comenzar-en-agosto\/#primaryimage\"},\"image\":{\"@id\":\"https:\/\/www.noticiasradioreflejos.com.ar\/2021\/el-centro-de-formacion-profesional-de-tornquist-n-402-informa-los-cursos-a-comenzar-en-agosto\/#primaryimage\"},\"thumbnailUrl\":\"https:\/\/www.noticiasradioreflejos.com.ar\/2021\/wp-content\/uploads\/2019\/12\/CFP-402-Tornquist.png\",\"datePublished\":\"2021-08-04T13:48:48+00:00\",\"dateModified\":\"2021-08-04T15:08:58+00:00\",\"author\":{\"@id\":\"https:\/\/www.noticiasradioreflejos.com.ar\/2021\/#\/schema\/person\/ad82545263dcc5ec0996818884fd5fb1\"},\"breadcrumb\":{\"@id\":\"https:\/\/www.noticiasradioreflejos.com.ar\/2021\/el-centro-de-formacion-profesional-de-tornquist-n-402-informa-los-cursos-a-comenzar-en-agosto\/#breadcrumb\"},\"inLanguage\":\"es\",\"potentialAction\":[{\"@type\":\"ReadAction\",\"target\":[\"https:\/\/www.noticiasradioreflejos.com.ar\/2021\/el-centro-de-formacion-profesional-de-tornquist-n-402-informa-los-cursos-a-comenzar-en-agosto\/\"]}]},{\"@type\":\"ImageObject\",\"inLanguage\":\"es\",\"@id\":\"https:\/\/www.noticiasradioreflejos.com.ar\/2021\/el-centro-de-formacion-profesional-de-tornquist-n-402-informa-los-cursos-a-comenzar-en-agosto\/#primaryimage\",\"url\":\"https:\/\/www.noticiasradioreflejos.com.ar\/2021\/wp-content\/uploads\/2019\/12\/CFP-402-Tornquist.png\",\"contentUrl\":\"https:\/\/www.noticiasradioreflejos.com.ar\/2021\/wp-content\/uploads\/2019\/12\/CFP-402-Tornquist.png\",\"width\":805,\"height\":426},{\"@type\":\"BreadcrumbList\",\"@id\":\"https:\/\/www.noticiasradioreflejos.com.ar\/2021\/el-centro-de-formacion-profesional-de-tornquist-n-402-informa-los-cursos-a-comenzar-en-agosto\/#breadcrumb\",\"itemListElement\":[{\"@type\":\"ListItem\",\"position\":1,\"name\":\"Portada\",\"item\":\"https:\/\/www.noticiasradioreflejos.com.ar\/2021\/\"},{\"@type\":\"ListItem\",\"position\":2,\"name\":\"El Centro de Formaci\u00f3n Profesional de Tornquist N\u00b0 402 informa los cursos a comenzar en Agosto.\"}]},{\"@type\":\"WebSite\",\"@id\":\"https:\/\/www.noticiasradioreflejos.com.ar\/2021\/#website\",\"url\":\"https:\/\/www.noticiasradioreflejos.com.ar\/2021\/\",\"name\":\"Noticias Radio Reflejos\",\"description\":\"Las noticias de mi comarca\",\"potentialAction\":[{\"@type\":\"SearchAction\",\"target\":{\"@type\":\"EntryPoint\",\"urlTemplate\":\"https:\/\/www.noticiasradioreflejos.com.ar\/2021\/?s={search_term_string}\"},\"query-input\":{\"@type\":\"PropertyValueSpecification\",\"valueRequired\":true,\"valueName\":\"search_term_string\"}}],\"inLanguage\":\"es\"},{\"@type\":\"Person\",\"@id\":\"https:\/\/www.noticiasradioreflejos.com.ar\/2021\/#\/schema\/person\/ad82545263dcc5ec0996818884fd5fb1\",\"name\":\"Arnaldo Botto\",\"image\":{\"@type\":\"ImageObject\",\"inLanguage\":\"es\",\"@id\":\"https:\/\/www.noticiasradioreflejos.com.ar\/2021\/#\/schema\/person\/image\/\",\"url\":\"https:\/\/secure.gravatar.com\/avatar\/55cb5e37c1efa326397366e6974cb338056df65cb50e7d64d1cf314e87504837?s=96&d=mm&r=g\",\"contentUrl\":\"https:\/\/secure.gravatar.com\/avatar\/55cb5e37c1efa326397366e6974cb338056df65cb50e7d64d1cf314e87504837?s=96&d=mm&r=g\",\"caption\":\"Arnaldo Botto\"},\"url\":\"https:\/\/www.noticiasradioreflejos.com.ar\/2021\/author\/arnaldo\/\"}]}<\/script>\n<!-- \/ Yoast SEO plugin. -->","yoast_head_json":{"title":"El Centro de Formaci\u00f3n Profesional de Tornquist N\u00b0 402 informa los cursos a comenzar en Agosto. - Noticias Radio Reflejos","robots":{"index":"index","follow":"follow","max-snippet":"max-snippet:-1","max-image-preview":"max-image-preview:large","max-video-preview":"max-video-preview:-1"},"canonical":"https:\/\/www.noticiasradioreflejos.com.ar\/2021\/el-centro-de-formacion-profesional-de-tornquist-n-402-informa-los-cursos-a-comenzar-en-agosto\/","og_locale":"es_ES","og_type":"article","og_title":"El Centro de Formaci\u00f3n Profesional de Tornquist N\u00b0 402 informa los cursos a comenzar en Agosto. - Noticias Radio Reflejos","og_description":"Los cursos comenzaran de forma virtual hasta que se adecuen los espacios al plan jurisdiccional y despu\u00e9s presencial.","og_url":"https:\/\/www.noticiasradioreflejos.com.ar\/2021\/el-centro-de-formacion-profesional-de-tornquist-n-402-informa-los-cursos-a-comenzar-en-agosto\/","og_site_name":"Noticias Radio Reflejos","article_published_time":"2021-08-04T13:48:48+00:00","article_modified_time":"2021-08-04T15:08:58+00:00","og_image":[{"width":805,"height":426,"url":"https:\/\/www.noticiasradioreflejos.com.ar\/2021\/wp-content\/uploads\/2019\/12\/CFP-402-Tornquist.png","type":"image\/png"}],"author":"Arnaldo Botto","twitter_card":"summary_large_image","schema":{"@context":"https:\/\/schema.org","@graph":[{"@type":"WebPage","@id":"https:\/\/www.noticiasradioreflejos.com.ar\/2021\/el-centro-de-formacion-profesional-de-tornquist-n-402-informa-los-cursos-a-comenzar-en-agosto\/","url":"https:\/\/www.noticiasradioreflejos.com.ar\/2021\/el-centro-de-formacion-profesional-de-tornquist-n-402-informa-los-cursos-a-comenzar-en-agosto\/","name":"El Centro de Formaci\u00f3n Profesional de Tornquist N\u00b0 402 informa los cursos a comenzar en Agosto. - Noticias Radio Reflejos","isPartOf":{"@id":"https:\/\/www.noticiasradioreflejos.com.ar\/2021\/#website"},"primaryImageOfPage":{"@id":"https:\/\/www.noticiasradioreflejos.com.ar\/2021\/el-centro-de-formacion-profesional-de-tornquist-n-402-informa-los-cursos-a-comenzar-en-agosto\/#primaryimage"},"image":{"@id":"https:\/\/www.noticiasradioreflejos.com.ar\/2021\/el-centro-de-formacion-profesional-de-tornquist-n-402-informa-los-cursos-a-comenzar-en-agosto\/#primaryimage"},"thumbnailUrl":"https:\/\/www.noticiasradioreflejos.com.ar\/2021\/wp-content\/uploads\/2019\/12\/CFP-402-Tornquist.png","datePublished":"2021-08-04T13:48:48+00:00","dateModified":"2021-08-04T15:08:58+00:00","author":{"@id":"https:\/\/www.noticiasradioreflejos.com.ar\/2021\/#\/schema\/person\/ad82545263dcc5ec0996818884fd5fb1"},"breadcrumb":{"@id":"https:\/\/www.noticiasradioreflejos.com.ar\/2021\/el-centro-de-formacion-profesional-de-tornquist-n-402-informa-los-cursos-a-comenzar-en-agosto\/#breadcrumb"},"inLanguage":"es","potentialAction":[{"@type":"ReadAction","target":["https:\/\/www.noticiasradioreflejos.com.ar\/2021\/el-centro-de-formacion-profesional-de-tornquist-n-402-informa-los-cursos-a-comenzar-en-agosto\/"]}]},{"@type":"ImageObject","inLanguage":"es","@id":"https:\/\/www.noticiasradioreflejos.com.ar\/2021\/el-centro-de-formacion-profesional-de-tornquist-n-402-informa-los-cursos-a-comenzar-en-agosto\/#primaryimage","url":"https:\/\/www.noticiasradioreflejos.com.ar\/2021\/wp-content\/uploads\/2019\/12\/CFP-402-Tornquist.png","contentUrl":"https:\/\/www.noticiasradioreflejos.com.ar\/2021\/wp-content\/uploads\/2019\/12\/CFP-402-Tornquist.png","width":805,"height":426},{"@type":"BreadcrumbList","@id":"https:\/\/www.noticiasradioreflejos.com.ar\/2021\/el-centro-de-formacion-profesional-de-tornquist-n-402-informa-los-cursos-a-comenzar-en-agosto\/#breadcrumb","itemListElement":[{"@type":"ListItem","position":1,"name":"Portada","item":"https:\/\/www.noticiasradioreflejos.com.ar\/2021\/"},{"@type":"ListItem","position":2,"name":"El Centro de Formaci\u00f3n Profesional de Tornquist N\u00b0 402 informa los cursos a comenzar en Agosto."}]},{"@type":"WebSite","@id":"https:\/\/www.noticiasradioreflejos.com.ar\/2021\/#website","url":"https:\/\/www.noticiasradioreflejos.com.ar\/2021\/","name":"Noticias Radio Reflejos","description":"Las noticias de mi comarca","potentialAction":[{"@type":"SearchAction","target":{"@type":"EntryPoint","urlTemplate":"https:\/\/www.noticiasradioreflejos.com.ar\/2021\/?s={search_term_string}"},"query-input":{"@type":"PropertyValueSpecification","valueRequired":true,"valueName":"search_term_string"}}],"inLanguage":"es"},{"@type":"Person","@id":"https:\/\/www.noticiasradioreflejos.com.ar\/2021\/#\/schema\/person\/ad82545263dcc5ec0996818884fd5fb1","name":"Arnaldo Botto","image":{"@type":"ImageObject","inLanguage":"es","@id":"https:\/\/www.noticiasradioreflejos.com.ar\/2021\/#\/schema\/person\/image\/","url":"https:\/\/secure.gravatar.com\/avatar\/55cb5e37c1efa326397366e6974cb338056df65cb50e7d64d1cf314e87504837?s=96&d=mm&r=g","contentUrl":"https:\/\/secure.gravatar.com\/avatar\/55cb5e37c1efa326397366e6974cb338056df65cb50e7d64d1cf314e87504837?s=96&d=mm&r=g","caption":"Arnaldo Botto"},"url":"https:\/\/www.noticiasradioreflejos.com.ar\/2021\/author\/arnaldo\/"}]}},"_links":{"self":[{"href":"https:\/\/www.noticiasradioreflejos.com.ar\/2021\/wp-json\/wp\/v2\/posts\/61077","targetHints":{"allow":["GET"]}}],"collection":[{"href":"https:\/\/www.noticiasradioreflejos.com.ar\/2021\/wp-json\/wp\/v2\/posts"}],"about":[{"href":"https:\/\/www.noticiasradioreflejos.com.ar\/2021\/wp-json\/wp\/v2\/types\/post"}],"author":[{"embeddable":true,"href":"https:\/\/www.noticiasradioreflejos.com.ar\/2021\/wp-json\/wp\/v2\/users\/3"}],"replies":[{"embeddable":true,"href":"https:\/\/www.noticiasradioreflejos.com.ar\/2021\/wp-json\/wp\/v2\/comments?post=61077"}],"version-history":[{"count":4,"href":"https:\/\/www.noticiasradioreflejos.com.ar\/2021\/wp-json\/wp\/v2\/posts\/61077\/revisions"}],"predecessor-version":[{"id":61086,"href":"https:\/\/www.noticiasradioreflejos.com.ar\/2021\/wp-json\/wp\/v2\/posts\/61077\/revisions\/61086"}],"wp:featuredmedia":[{"embeddable":true,"href":"https:\/\/www.noticiasradioreflejos.com.ar\/2021\/wp-json\/wp\/v2\/media\/37337"}],"wp:attachment":[{"href":"https:\/\/www.noticiasradioreflejos.com.ar\/2021\/wp-json\/wp\/v2\/media?parent=61077"}],"wp:term":[{"taxonomy":"category","embeddable":true,"href":"https:\/\/www.noticiasradioreflejos.com.ar\/2021\/wp-json\/wp\/v2\/categories?post=61077"},{"taxonomy":"post_tag","embeddable":true,"href":"https:\/\/www.noticiasradioreflejos.com.ar\/2021\/wp-json\/wp\/v2\/tags?post=61077"}],"curies":[{"name":"wp","href":"https:\/\/api.w.org\/{rel}","templated":true}]}}