{"id":61065,"date":"2021-08-04T11:06:13","date_gmt":"2021-08-04T11:06:13","guid":{"rendered":"http:\/\/www.noticiasradioreflejos.com.ar\/2021\/?p=61065"},"modified":"2021-08-04T13:28:54","modified_gmt":"2021-08-04T13:28:54","slug":"prorrogan-los-vencimientos-de-las-licencias-de-conducir-en-la-provincia-de-buenos-aires","status":"publish","type":"post","link":"https:\/\/www.noticiasradioreflejos.com.ar\/2021\/prorrogan-los-vencimientos-de-las-licencias-de-conducir-en-la-provincia-de-buenos-aires\/","title":{"rendered":"Prorrogan los vencimientos de las licencias de conducir en la provincia de Buenos Aires"},"content":{"rendered":"<div class=\"head-content\">\n<p>La medida rige para los permisos nacionales emitidos en territorio bonaerense que hayan vencido entre el 15 de febrero y el 31 de diciembre de 2020. En el caso de los registros que expiran en 2021, la tolerancia extra ser\u00e1 de 18 meses.<\/p>\n<\/div>\n<p><!--more--><\/p>\n<div class=\"main-content-block\">\n<div class=\"main-box clearfix\">\n<div class=\"wrapper-main-section clearfix\">\n<div class=\"wrapper-editable-content\">\n<div class=\"editable-content clearfix\">\n<div id=\"image\" class=\"image\">\n<p><img decoding=\"async\" title=\"Se facult\u00f3 a los centros de emisi\u00f3n de licencias de conducir a organizar su atenci\u00f3n al p\u00fablico presencial.\" src=\"https:\/\/www.telam.com.ar\/advf\/imagenes\/2019\/02\/5c62c56a45c81_1004x565.jpg\" alt=\"Se facult\u00f3 a los centros de emisi\u00f3n de licencias de conducir a organizar su atenci\u00f3n al p\u00fablico presencial.\" \/><\/p>\n<div class=\"epigrafe\">Se facult\u00f3 a los centros de emisi\u00f3n de licencias de conducir a organizar su atenci\u00f3n al p\u00fablico presencial.<\/div>\n<div><\/div>\n<div class=\"wrapper-main-section clearfix\">\n<div class=\"wrapper-editable-content\">\n<div class=\"editable-content clearfix\">\n<p>\u00a0<strong>El Gobierno bonaerense prorrog\u00f3 por dos a\u00f1os los vencimientos de las licencias nacionales de conducir<\/strong>\u00a0emitidas en el distrito\u00a0<strong>que hayan operado entre el 15 de febrero de 2020 y el 31 de diciembre inclusive<\/strong>, en el marco de la emergencia por la pandemia.<\/p>\n<p>A trav\u00e9s de la disposici\u00f3n 54 publicada este martes en el Bolet\u00edn Oficial del distrito,\u00a0<strong>se dispuso <\/strong>adem\u00e1s<strong>\u00a0prorrogar los vencimientos de los registros emitidos por la provincia que operen entre el 1 de enero de 2021 y el 31 de diciembre<\/strong>, en este caso por 18 meses.<\/p>\n<p>Tambi\u00e9n se facult\u00f3 a los centros de emisi\u00f3n de licencias de conducir a \u00aborganizar su atenci\u00f3n al p\u00fablico presencial, determinando nuevos horarios para la realizaci\u00f3n de tr\u00e1mites\u00bb.<\/p>\n<p>Las autoridades de esos lugares \u00abdeber\u00e1n procurar la observancia de las recomendaciones m\u00ednimas de seguridad sanitaria, a fin de morigerar la presencia masiva de personas dentro de sus sedes\u00bb.<\/p>\n<\/div>\n<\/div>\n<\/div>\n<\/div>\n<\/div>\n<\/div>\n<\/div>\n<\/div>\n<\/div>\n","protected":false},"excerpt":{"rendered":"<p>El Gobierno bonaerense prorrog\u00f3 por dos a\u00f1os los vencimientos de las licencias nacionales de conducir\u00a0emitidas en el distrito\u00a0que hayan operado entre el 15 de febrero de 2020 y el 31 de diciembre inclusive, en el marco de la emergencia por la pandemia.<\/p>\n","protected":false},"author":3,"featured_media":61066,"comment_status":"closed","ping_status":"closed","sticky":false,"template":"","format":"standard","meta":{"footnotes":""},"categories":[24,26],"tags":[],"class_list":["post-61065","post","type-post","status-publish","format-standard","has-post-thumbnail","hentry","category-politica","category-sociedad"],"yoast_head":"<!-- This site is optimized with the Yoast SEO plugin v25.9 - https:\/\/yoast.com\/wordpress\/plugins\/seo\/ -->\n<title>Prorrogan los vencimientos de las licencias de conducir en la provincia de Buenos Aires - Noticias Radio Reflejos<\/title>\n<meta name=\"robots\" content=\"index, follow, max-snippet:-1, max-image-preview:large, max-video-preview:-1\" \/>\n<link rel=\"canonical\" href=\"https:\/\/www.noticiasradioreflejos.com.ar\/2021\/prorrogan-los-vencimientos-de-las-licencias-de-conducir-en-la-provincia-de-buenos-aires\/\" \/>\n<meta property=\"og:locale\" content=\"es_ES\" \/>\n<meta property=\"og:type\" content=\"article\" \/>\n<meta property=\"og:title\" content=\"Prorrogan los vencimientos de las licencias de conducir en la provincia de Buenos Aires - Noticias Radio Reflejos\" \/>\n<meta property=\"og:description\" content=\"El Gobierno bonaerense prorrog\u00f3 por dos a\u00f1os los vencimientos de las licencias nacionales de conducir\u00a0emitidas en el distrito\u00a0que hayan operado entre el 15 de febrero de 2020 y el 31 de diciembre inclusive, en el marco de la emergencia por la pandemia.\" \/>\n<meta property=\"og:url\" content=\"https:\/\/www.noticiasradioreflejos.com.ar\/2021\/prorrogan-los-vencimientos-de-las-licencias-de-conducir-en-la-provincia-de-buenos-aires\/\" \/>\n<meta property=\"og:site_name\" content=\"Noticias Radio Reflejos\" \/>\n<meta property=\"article:published_time\" content=\"2021-08-04T11:06:13+00:00\" \/>\n<meta property=\"article:modified_time\" content=\"2021-08-04T13:28:54+00:00\" \/>\n<meta property=\"og:image\" content=\"https:\/\/www.noticiasradioreflejos.com.ar\/2021\/wp-content\/uploads\/2021\/08\/Licencia-de-conducir.jpg\" \/>\n\t<meta property=\"og:image:width\" content=\"1004\" \/>\n\t<meta property=\"og:image:height\" content=\"565\" \/>\n\t<meta property=\"og:image:type\" content=\"image\/jpeg\" \/>\n<meta name=\"author\" content=\"Arnaldo Botto\" \/>\n<meta name=\"twitter:card\" content=\"summary_large_image\" \/>\n<script type=\"application\/ld+json\" class=\"yoast-schema-graph\">{\"@context\":\"https:\/\/schema.org\",\"@graph\":[{\"@type\":\"WebPage\",\"@id\":\"https:\/\/www.noticiasradioreflejos.com.ar\/2021\/prorrogan-los-vencimientos-de-las-licencias-de-conducir-en-la-provincia-de-buenos-aires\/\",\"url\":\"https:\/\/www.noticiasradioreflejos.com.ar\/2021\/prorrogan-los-vencimientos-de-las-licencias-de-conducir-en-la-provincia-de-buenos-aires\/\",\"name\":\"Prorrogan los vencimientos de las licencias de conducir en la provincia de Buenos Aires - Noticias Radio Reflejos\",\"isPartOf\":{\"@id\":\"https:\/\/www.noticiasradioreflejos.com.ar\/2021\/#website\"},\"primaryImageOfPage\":{\"@id\":\"https:\/\/www.noticiasradioreflejos.com.ar\/2021\/prorrogan-los-vencimientos-de-las-licencias-de-conducir-en-la-provincia-de-buenos-aires\/#primaryimage\"},\"image\":{\"@id\":\"https:\/\/www.noticiasradioreflejos.com.ar\/2021\/prorrogan-los-vencimientos-de-las-licencias-de-conducir-en-la-provincia-de-buenos-aires\/#primaryimage\"},\"thumbnailUrl\":\"https:\/\/www.noticiasradioreflejos.com.ar\/2021\/wp-content\/uploads\/2021\/08\/Licencia-de-conducir.jpg\",\"datePublished\":\"2021-08-04T11:06:13+00:00\",\"dateModified\":\"2021-08-04T13:28:54+00:00\",\"author\":{\"@id\":\"https:\/\/www.noticiasradioreflejos.com.ar\/2021\/#\/schema\/person\/ad82545263dcc5ec0996818884fd5fb1\"},\"breadcrumb\":{\"@id\":\"https:\/\/www.noticiasradioreflejos.com.ar\/2021\/prorrogan-los-vencimientos-de-las-licencias-de-conducir-en-la-provincia-de-buenos-aires\/#breadcrumb\"},\"inLanguage\":\"es\",\"potentialAction\":[{\"@type\":\"ReadAction\",\"target\":[\"https:\/\/www.noticiasradioreflejos.com.ar\/2021\/prorrogan-los-vencimientos-de-las-licencias-de-conducir-en-la-provincia-de-buenos-aires\/\"]}]},{\"@type\":\"ImageObject\",\"inLanguage\":\"es\",\"@id\":\"https:\/\/www.noticiasradioreflejos.com.ar\/2021\/prorrogan-los-vencimientos-de-las-licencias-de-conducir-en-la-provincia-de-buenos-aires\/#primaryimage\",\"url\":\"https:\/\/www.noticiasradioreflejos.com.ar\/2021\/wp-content\/uploads\/2021\/08\/Licencia-de-conducir.jpg\",\"contentUrl\":\"https:\/\/www.noticiasradioreflejos.com.ar\/2021\/wp-content\/uploads\/2021\/08\/Licencia-de-conducir.jpg\",\"width\":1004,\"height\":565},{\"@type\":\"BreadcrumbList\",\"@id\":\"https:\/\/www.noticiasradioreflejos.com.ar\/2021\/prorrogan-los-vencimientos-de-las-licencias-de-conducir-en-la-provincia-de-buenos-aires\/#breadcrumb\",\"itemListElement\":[{\"@type\":\"ListItem\",\"position\":1,\"name\":\"Portada\",\"item\":\"https:\/\/www.noticiasradioreflejos.com.ar\/2021\/\"},{\"@type\":\"ListItem\",\"position\":2,\"name\":\"Prorrogan los vencimientos de las licencias de conducir en la provincia de Buenos Aires\"}]},{\"@type\":\"WebSite\",\"@id\":\"https:\/\/www.noticiasradioreflejos.com.ar\/2021\/#website\",\"url\":\"https:\/\/www.noticiasradioreflejos.com.ar\/2021\/\",\"name\":\"Noticias Radio Reflejos\",\"description\":\"Las noticias de mi comarca\",\"potentialAction\":[{\"@type\":\"SearchAction\",\"target\":{\"@type\":\"EntryPoint\",\"urlTemplate\":\"https:\/\/www.noticiasradioreflejos.com.ar\/2021\/?s={search_term_string}\"},\"query-input\":{\"@type\":\"PropertyValueSpecification\",\"valueRequired\":true,\"valueName\":\"search_term_string\"}}],\"inLanguage\":\"es\"},{\"@type\":\"Person\",\"@id\":\"https:\/\/www.noticiasradioreflejos.com.ar\/2021\/#\/schema\/person\/ad82545263dcc5ec0996818884fd5fb1\",\"name\":\"Arnaldo Botto\",\"image\":{\"@type\":\"ImageObject\",\"inLanguage\":\"es\",\"@id\":\"https:\/\/www.noticiasradioreflejos.com.ar\/2021\/#\/schema\/person\/image\/\",\"url\":\"https:\/\/secure.gravatar.com\/avatar\/55cb5e37c1efa326397366e6974cb338056df65cb50e7d64d1cf314e87504837?s=96&d=mm&r=g\",\"contentUrl\":\"https:\/\/secure.gravatar.com\/avatar\/55cb5e37c1efa326397366e6974cb338056df65cb50e7d64d1cf314e87504837?s=96&d=mm&r=g\",\"caption\":\"Arnaldo Botto\"},\"url\":\"https:\/\/www.noticiasradioreflejos.com.ar\/2021\/author\/arnaldo\/\"}]}<\/script>\n<!-- \/ Yoast SEO plugin. -->","yoast_head_json":{"title":"Prorrogan los vencimientos de las licencias de conducir en la provincia de Buenos Aires - Noticias Radio Reflejos","robots":{"index":"index","follow":"follow","max-snippet":"max-snippet:-1","max-image-preview":"max-image-preview:large","max-video-preview":"max-video-preview:-1"},"canonical":"https:\/\/www.noticiasradioreflejos.com.ar\/2021\/prorrogan-los-vencimientos-de-las-licencias-de-conducir-en-la-provincia-de-buenos-aires\/","og_locale":"es_ES","og_type":"article","og_title":"Prorrogan los vencimientos de las licencias de conducir en la provincia de Buenos Aires - Noticias Radio Reflejos","og_description":"El Gobierno bonaerense prorrog\u00f3 por dos a\u00f1os los vencimientos de las licencias nacionales de conducir\u00a0emitidas en el distrito\u00a0que hayan operado entre el 15 de febrero de 2020 y el 31 de diciembre inclusive, en el marco de la emergencia por la pandemia.","og_url":"https:\/\/www.noticiasradioreflejos.com.ar\/2021\/prorrogan-los-vencimientos-de-las-licencias-de-conducir-en-la-provincia-de-buenos-aires\/","og_site_name":"Noticias Radio Reflejos","article_published_time":"2021-08-04T11:06:13+00:00","article_modified_time":"2021-08-04T13:28:54+00:00","og_image":[{"width":1004,"height":565,"url":"https:\/\/www.noticiasradioreflejos.com.ar\/2021\/wp-content\/uploads\/2021\/08\/Licencia-de-conducir.jpg","type":"image\/jpeg"}],"author":"Arnaldo Botto","twitter_card":"summary_large_image","schema":{"@context":"https:\/\/schema.org","@graph":[{"@type":"WebPage","@id":"https:\/\/www.noticiasradioreflejos.com.ar\/2021\/prorrogan-los-vencimientos-de-las-licencias-de-conducir-en-la-provincia-de-buenos-aires\/","url":"https:\/\/www.noticiasradioreflejos.com.ar\/2021\/prorrogan-los-vencimientos-de-las-licencias-de-conducir-en-la-provincia-de-buenos-aires\/","name":"Prorrogan los vencimientos de las licencias de conducir en la provincia de Buenos Aires - Noticias Radio Reflejos","isPartOf":{"@id":"https:\/\/www.noticiasradioreflejos.com.ar\/2021\/#website"},"primaryImageOfPage":{"@id":"https:\/\/www.noticiasradioreflejos.com.ar\/2021\/prorrogan-los-vencimientos-de-las-licencias-de-conducir-en-la-provincia-de-buenos-aires\/#primaryimage"},"image":{"@id":"https:\/\/www.noticiasradioreflejos.com.ar\/2021\/prorrogan-los-vencimientos-de-las-licencias-de-conducir-en-la-provincia-de-buenos-aires\/#primaryimage"},"thumbnailUrl":"https:\/\/www.noticiasradioreflejos.com.ar\/2021\/wp-content\/uploads\/2021\/08\/Licencia-de-conducir.jpg","datePublished":"2021-08-04T11:06:13+00:00","dateModified":"2021-08-04T13:28:54+00:00","author":{"@id":"https:\/\/www.noticiasradioreflejos.com.ar\/2021\/#\/schema\/person\/ad82545263dcc5ec0996818884fd5fb1"},"breadcrumb":{"@id":"https:\/\/www.noticiasradioreflejos.com.ar\/2021\/prorrogan-los-vencimientos-de-las-licencias-de-conducir-en-la-provincia-de-buenos-aires\/#breadcrumb"},"inLanguage":"es","potentialAction":[{"@type":"ReadAction","target":["https:\/\/www.noticiasradioreflejos.com.ar\/2021\/prorrogan-los-vencimientos-de-las-licencias-de-conducir-en-la-provincia-de-buenos-aires\/"]}]},{"@type":"ImageObject","inLanguage":"es","@id":"https:\/\/www.noticiasradioreflejos.com.ar\/2021\/prorrogan-los-vencimientos-de-las-licencias-de-conducir-en-la-provincia-de-buenos-aires\/#primaryimage","url":"https:\/\/www.noticiasradioreflejos.com.ar\/2021\/wp-content\/uploads\/2021\/08\/Licencia-de-conducir.jpg","contentUrl":"https:\/\/www.noticiasradioreflejos.com.ar\/2021\/wp-content\/uploads\/2021\/08\/Licencia-de-conducir.jpg","width":1004,"height":565},{"@type":"BreadcrumbList","@id":"https:\/\/www.noticiasradioreflejos.com.ar\/2021\/prorrogan-los-vencimientos-de-las-licencias-de-conducir-en-la-provincia-de-buenos-aires\/#breadcrumb","itemListElement":[{"@type":"ListItem","position":1,"name":"Portada","item":"https:\/\/www.noticiasradioreflejos.com.ar\/2021\/"},{"@type":"ListItem","position":2,"name":"Prorrogan los vencimientos de las licencias de conducir en la provincia de Buenos Aires"}]},{"@type":"WebSite","@id":"https:\/\/www.noticiasradioreflejos.com.ar\/2021\/#website","url":"https:\/\/www.noticiasradioreflejos.com.ar\/2021\/","name":"Noticias Radio Reflejos","description":"Las noticias de mi comarca","potentialAction":[{"@type":"SearchAction","target":{"@type":"EntryPoint","urlTemplate":"https:\/\/www.noticiasradioreflejos.com.ar\/2021\/?s={search_term_string}"},"query-input":{"@type":"PropertyValueSpecification","valueRequired":true,"valueName":"search_term_string"}}],"inLanguage":"es"},{"@type":"Person","@id":"https:\/\/www.noticiasradioreflejos.com.ar\/2021\/#\/schema\/person\/ad82545263dcc5ec0996818884fd5fb1","name":"Arnaldo Botto","image":{"@type":"ImageObject","inLanguage":"es","@id":"https:\/\/www.noticiasradioreflejos.com.ar\/2021\/#\/schema\/person\/image\/","url":"https:\/\/secure.gravatar.com\/avatar\/55cb5e37c1efa326397366e6974cb338056df65cb50e7d64d1cf314e87504837?s=96&d=mm&r=g","contentUrl":"https:\/\/secure.gravatar.com\/avatar\/55cb5e37c1efa326397366e6974cb338056df65cb50e7d64d1cf314e87504837?s=96&d=mm&r=g","caption":"Arnaldo Botto"},"url":"https:\/\/www.noticiasradioreflejos.com.ar\/2021\/author\/arnaldo\/"}]}},"_links":{"self":[{"href":"https:\/\/www.noticiasradioreflejos.com.ar\/2021\/wp-json\/wp\/v2\/posts\/61065","targetHints":{"allow":["GET"]}}],"collection":[{"href":"https:\/\/www.noticiasradioreflejos.com.ar\/2021\/wp-json\/wp\/v2\/posts"}],"about":[{"href":"https:\/\/www.noticiasradioreflejos.com.ar\/2021\/wp-json\/wp\/v2\/types\/post"}],"author":[{"embeddable":true,"href":"https:\/\/www.noticiasradioreflejos.com.ar\/2021\/wp-json\/wp\/v2\/users\/3"}],"replies":[{"embeddable":true,"href":"https:\/\/www.noticiasradioreflejos.com.ar\/2021\/wp-json\/wp\/v2\/comments?post=61065"}],"version-history":[{"count":4,"href":"https:\/\/www.noticiasradioreflejos.com.ar\/2021\/wp-json\/wp\/v2\/posts\/61065\/revisions"}],"predecessor-version":[{"id":61076,"href":"https:\/\/www.noticiasradioreflejos.com.ar\/2021\/wp-json\/wp\/v2\/posts\/61065\/revisions\/61076"}],"wp:featuredmedia":[{"embeddable":true,"href":"https:\/\/www.noticiasradioreflejos.com.ar\/2021\/wp-json\/wp\/v2\/media\/61066"}],"wp:attachment":[{"href":"https:\/\/www.noticiasradioreflejos.com.ar\/2021\/wp-json\/wp\/v2\/media?parent=61065"}],"wp:term":[{"taxonomy":"category","embeddable":true,"href":"https:\/\/www.noticiasradioreflejos.com.ar\/2021\/wp-json\/wp\/v2\/categories?post=61065"},{"taxonomy":"post_tag","embeddable":true,"href":"https:\/\/www.noticiasradioreflejos.com.ar\/2021\/wp-json\/wp\/v2\/tags?post=61065"}],"curies":[{"name":"wp","href":"https:\/\/api.w.org\/{rel}","templated":true}]}}