{"id":61062,"date":"2021-08-04T11:01:37","date_gmt":"2021-08-04T11:01:37","guid":{"rendered":"http:\/\/www.noticiasradioreflejos.com.ar\/2021\/?p=61062"},"modified":"2021-08-04T11:01:37","modified_gmt":"2021-08-04T11:01:37","slug":"definieron-el-formato-que-tendra-el-futbol-argentino-en-2022","status":"publish","type":"post","link":"https:\/\/www.noticiasradioreflejos.com.ar\/2021\/definieron-el-formato-que-tendra-el-futbol-argentino-en-2022\/","title":{"rendered":"Definieron el formato que tendr\u00e1 el f\u00fatbol argentino en 2022"},"content":{"rendered":"<div class=\"head-content\">\n<p>Como este a\u00f1o, habr\u00e1 dos torneos, uno dividido en zonas y con playoffs y otro de todos contra todos en una sola rueda. Al final del a\u00f1o habr\u00e1 dos descensos. Lo decidi\u00f3 la Liga Profesional, falta la oficializaci\u00f3n de AFA.<\/p>\n<div class=\"addthis_custom_sharing\" data-url=\"https:\/\/www.telam.com.ar\/notas\/202108\/563751-todo-seguira-igual-para-2022-en-la-lpf-con-un-torneo-por-zonas-y-otro-de-todos-contra-todo.html\" data-title=\"Definieron el formato que tendr\u00e1 el f\u00fatbol argentino en 2022\" data-description=\"Como este a\u00f1o, habr\u00e1 dos torneos, uno dividido en zonas y con playoffs y otro de todos contra todos en una sola rueda. Al final del a\u00f1o habr\u00e1 dos descensos. Lo decidi\u00f3 la Liga Profesional, falta la oficializaci\u00f3n de AFA.\">\n<div id=\"atstbx\" class=\"at-resp-share-element at-style-responsive addthis-smartlayers addthis-animated at4-show\" role=\"region\" aria-labelledby=\"at-18fa0b56-e139-48f2-94b9-2548e9c7edf5\"><\/div>\n<\/div>\n<\/div>\n<p><!--more--><\/p>\n<div class=\"main-content-block\">\n<div class=\"main-box clearfix\">\n<div class=\"wrapper-main-section clearfix\">\n<div class=\"wrapper-editable-content\">\n<div class=\"editable-content clearfix\">\n<div id=\"image\" class=\"image\">\n<div class=\"epigrafe\">La programaci\u00f3n de los cert\u00e1menes de primera divisi\u00f3n del f\u00fatbol argentino mantendr\u00e1 su doble formato de un primer torneo con los 28 equipos que ya habr\u00e1 en 2022 divididos en dos zonas durante el primer semestre y otro campeonato de todos contra todos en el segundo, con la \u00fanica novedad que a fin de a\u00f1o habr\u00e1 dos descensos.<\/div>\n<\/div>\n<p>Todo esto fue escrito este martes en un\u00a0<strong>borrador al que solamente le falta la oficializaci\u00f3n de la AFA<\/strong>\u00a0para darle curso y hacerlo p\u00fablico, seg\u00fan le adelantaron fuentes de la Liga Profesional de F\u00fatbol (LPF) al t\u00e9rmino de la habitual reuni\u00f3n que los clubes de la m\u00e1xima categor\u00eda sostienen los martes en la sede del organismo en Puerto Madero.<\/p>\n<p>Con la consigna inhabitual para a\u00f1os mundialistas, ya que excepcionalmente el a\u00f1o pr\u00f3ximo Qatar 2022 se disputar\u00e1 desde el 21 de noviembre hasta el 18 de diciembre por las altas temperaturas imperantes a media temporada en el pa\u00eds asi\u00e1tico, de finalizar toda la competici\u00f3n ya en octubre, lo que convinieron en principio los clubes es lo siguiente:<\/p>\n<p><strong>El primer torneo, que se jugar\u00e1 entre el 30 de enero y el 8 de mayo<\/strong>, incluir\u00e1 dos mi\u00e9rcoles en su programaci\u00f3n y contar\u00e1 con\u00a0<strong>dos zonas de competencia que contendr\u00e1n a 14 equipos cada una, lo que sumar\u00e1 la misma cantidad de fechas a ra\u00edz de la disputa de los cl\u00e1sicos interzonales.<\/strong><\/p>\n<p>Luego de la fase de grupos\u00a0<strong>los cuatro mejores clasificados de cada zona se cruzar\u00e1n en cuartos de final, semifinal y final.<\/strong><\/p>\n<p>El\u00a0<strong>segundo campeonato se jugar\u00e1 por el sistema de todos contra todos, a una sola rueda, conteniendo 27 fechas de disputa, y se desarrollar\u00e1 entre el 22 de mayo y el 30 de octubre<\/strong>, con tres mi\u00e9rcoles incluidos en su programaci\u00f3n.<\/p>\n<p>Al final de la temporada, adem\u00e1s de concretarse los\u00a0<strong>dos descensos por tabla de promedios vigente actualmente<\/strong>, se disputar\u00e1 el denominado Trofeo de Campeones, entre los ganadores de ambos cert\u00e1menes, el 6 de noviembre.<\/p>\n<p>Y tal como ocurrir\u00e1 este a\u00f1o, la clasificaci\u00f3n a las copas internacionales se determinar\u00e1 a trav\u00e9s de las ubicaciones en la Tabla Anual que acumula los puntos de ambas competiciones.<\/p>\n<p>Lo acordado este martes en forma extraoficial en el organismo que preside Marcelo Tinelli necesitar\u00e1 ahora de la aprobaci\u00f3n de la AFA cuyo titular es Claudio Tapia, para ser oficializado y por ende publicado en su Bolet\u00edn Oficial.<\/p><\/div>\n<\/div>\n<\/div>\n<\/div>\n<\/div>\n","protected":false},"excerpt":{"rendered":"<p>Como este a\u00f1o, habr\u00e1 dos torneos, uno dividido en zonas y con playoffs y otro de todos contra todos en una sola rueda. Al final del a\u00f1o habr\u00e1 dos descensos. Lo decidi\u00f3 la Liga Profesional, falta la oficializaci\u00f3n de AFA.<\/p>\n","protected":false},"author":3,"featured_media":0,"comment_status":"closed","ping_status":"closed","sticky":false,"template":"","format":"standard","meta":{"footnotes":""},"categories":[27],"tags":[],"class_list":["post-61062","post","type-post","status-publish","format-standard","hentry","category-deportes"],"yoast_head":"<!-- This site is optimized with the Yoast SEO plugin v25.9 - https:\/\/yoast.com\/wordpress\/plugins\/seo\/ -->\n<title>Definieron el formato que tendr\u00e1 el f\u00fatbol argentino en 2022 - Noticias Radio Reflejos<\/title>\n<meta name=\"robots\" content=\"index, follow, max-snippet:-1, max-image-preview:large, max-video-preview:-1\" \/>\n<link rel=\"canonical\" href=\"https:\/\/www.noticiasradioreflejos.com.ar\/2021\/definieron-el-formato-que-tendra-el-futbol-argentino-en-2022\/\" \/>\n<meta property=\"og:locale\" content=\"es_ES\" \/>\n<meta property=\"og:type\" content=\"article\" \/>\n<meta property=\"og:title\" content=\"Definieron el formato que tendr\u00e1 el f\u00fatbol argentino en 2022 - Noticias Radio Reflejos\" \/>\n<meta property=\"og:description\" content=\"Como este a\u00f1o, habr\u00e1 dos torneos, uno dividido en zonas y con playoffs y otro de todos contra todos en una sola rueda. Al final del a\u00f1o habr\u00e1 dos descensos. Lo decidi\u00f3 la Liga Profesional, falta la oficializaci\u00f3n de AFA.\" \/>\n<meta property=\"og:url\" content=\"https:\/\/www.noticiasradioreflejos.com.ar\/2021\/definieron-el-formato-que-tendra-el-futbol-argentino-en-2022\/\" \/>\n<meta property=\"og:site_name\" content=\"Noticias Radio Reflejos\" \/>\n<meta property=\"article:published_time\" content=\"2021-08-04T11:01:37+00:00\" \/>\n<meta property=\"og:image\" content=\"https:\/\/www.noticiasradioreflejos.com.ar\/2021\/wp-content\/uploads\/2021\/07\/logosol300x200.png\" \/>\n\t<meta property=\"og:image:width\" content=\"300\" \/>\n\t<meta property=\"og:image:height\" content=\"200\" \/>\n\t<meta property=\"og:image:type\" content=\"image\/png\" \/>\n<meta name=\"author\" content=\"Arnaldo Botto\" \/>\n<meta name=\"twitter:card\" content=\"summary_large_image\" \/>\n<script type=\"application\/ld+json\" class=\"yoast-schema-graph\">{\"@context\":\"https:\/\/schema.org\",\"@graph\":[{\"@type\":\"WebPage\",\"@id\":\"https:\/\/www.noticiasradioreflejos.com.ar\/2021\/definieron-el-formato-que-tendra-el-futbol-argentino-en-2022\/\",\"url\":\"https:\/\/www.noticiasradioreflejos.com.ar\/2021\/definieron-el-formato-que-tendra-el-futbol-argentino-en-2022\/\",\"name\":\"Definieron el formato que tendr\u00e1 el f\u00fatbol argentino en 2022 - Noticias Radio Reflejos\",\"isPartOf\":{\"@id\":\"https:\/\/www.noticiasradioreflejos.com.ar\/2021\/#website\"},\"datePublished\":\"2021-08-04T11:01:37+00:00\",\"author\":{\"@id\":\"https:\/\/www.noticiasradioreflejos.com.ar\/2021\/#\/schema\/person\/ad82545263dcc5ec0996818884fd5fb1\"},\"breadcrumb\":{\"@id\":\"https:\/\/www.noticiasradioreflejos.com.ar\/2021\/definieron-el-formato-que-tendra-el-futbol-argentino-en-2022\/#breadcrumb\"},\"inLanguage\":\"es\",\"potentialAction\":[{\"@type\":\"ReadAction\",\"target\":[\"https:\/\/www.noticiasradioreflejos.com.ar\/2021\/definieron-el-formato-que-tendra-el-futbol-argentino-en-2022\/\"]}]},{\"@type\":\"BreadcrumbList\",\"@id\":\"https:\/\/www.noticiasradioreflejos.com.ar\/2021\/definieron-el-formato-que-tendra-el-futbol-argentino-en-2022\/#breadcrumb\",\"itemListElement\":[{\"@type\":\"ListItem\",\"position\":1,\"name\":\"Portada\",\"item\":\"https:\/\/www.noticiasradioreflejos.com.ar\/2021\/\"},{\"@type\":\"ListItem\",\"position\":2,\"name\":\"Definieron el formato que tendr\u00e1 el f\u00fatbol argentino en 2022\"}]},{\"@type\":\"WebSite\",\"@id\":\"https:\/\/www.noticiasradioreflejos.com.ar\/2021\/#website\",\"url\":\"https:\/\/www.noticiasradioreflejos.com.ar\/2021\/\",\"name\":\"Noticias Radio Reflejos\",\"description\":\"Las noticias de mi comarca\",\"potentialAction\":[{\"@type\":\"SearchAction\",\"target\":{\"@type\":\"EntryPoint\",\"urlTemplate\":\"https:\/\/www.noticiasradioreflejos.com.ar\/2021\/?s={search_term_string}\"},\"query-input\":{\"@type\":\"PropertyValueSpecification\",\"valueRequired\":true,\"valueName\":\"search_term_string\"}}],\"inLanguage\":\"es\"},{\"@type\":\"Person\",\"@id\":\"https:\/\/www.noticiasradioreflejos.com.ar\/2021\/#\/schema\/person\/ad82545263dcc5ec0996818884fd5fb1\",\"name\":\"Arnaldo Botto\",\"image\":{\"@type\":\"ImageObject\",\"inLanguage\":\"es\",\"@id\":\"https:\/\/www.noticiasradioreflejos.com.ar\/2021\/#\/schema\/person\/image\/\",\"url\":\"https:\/\/secure.gravatar.com\/avatar\/55cb5e37c1efa326397366e6974cb338056df65cb50e7d64d1cf314e87504837?s=96&d=mm&r=g\",\"contentUrl\":\"https:\/\/secure.gravatar.com\/avatar\/55cb5e37c1efa326397366e6974cb338056df65cb50e7d64d1cf314e87504837?s=96&d=mm&r=g\",\"caption\":\"Arnaldo Botto\"},\"url\":\"https:\/\/www.noticiasradioreflejos.com.ar\/2021\/author\/arnaldo\/\"}]}<\/script>\n<!-- \/ Yoast SEO plugin. -->","yoast_head_json":{"title":"Definieron el formato que tendr\u00e1 el f\u00fatbol argentino en 2022 - Noticias Radio Reflejos","robots":{"index":"index","follow":"follow","max-snippet":"max-snippet:-1","max-image-preview":"max-image-preview:large","max-video-preview":"max-video-preview:-1"},"canonical":"https:\/\/www.noticiasradioreflejos.com.ar\/2021\/definieron-el-formato-que-tendra-el-futbol-argentino-en-2022\/","og_locale":"es_ES","og_type":"article","og_title":"Definieron el formato que tendr\u00e1 el f\u00fatbol argentino en 2022 - Noticias Radio Reflejos","og_description":"Como este a\u00f1o, habr\u00e1 dos torneos, uno dividido en zonas y con playoffs y otro de todos contra todos en una sola rueda. Al final del a\u00f1o habr\u00e1 dos descensos. Lo decidi\u00f3 la Liga Profesional, falta la oficializaci\u00f3n de AFA.","og_url":"https:\/\/www.noticiasradioreflejos.com.ar\/2021\/definieron-el-formato-que-tendra-el-futbol-argentino-en-2022\/","og_site_name":"Noticias Radio Reflejos","article_published_time":"2021-08-04T11:01:37+00:00","og_image":[{"width":300,"height":200,"url":"https:\/\/www.noticiasradioreflejos.com.ar\/2021\/wp-content\/uploads\/2021\/07\/logosol300x200.png","type":"image\/png"}],"author":"Arnaldo Botto","twitter_card":"summary_large_image","schema":{"@context":"https:\/\/schema.org","@graph":[{"@type":"WebPage","@id":"https:\/\/www.noticiasradioreflejos.com.ar\/2021\/definieron-el-formato-que-tendra-el-futbol-argentino-en-2022\/","url":"https:\/\/www.noticiasradioreflejos.com.ar\/2021\/definieron-el-formato-que-tendra-el-futbol-argentino-en-2022\/","name":"Definieron el formato que tendr\u00e1 el f\u00fatbol argentino en 2022 - Noticias Radio Reflejos","isPartOf":{"@id":"https:\/\/www.noticiasradioreflejos.com.ar\/2021\/#website"},"datePublished":"2021-08-04T11:01:37+00:00","author":{"@id":"https:\/\/www.noticiasradioreflejos.com.ar\/2021\/#\/schema\/person\/ad82545263dcc5ec0996818884fd5fb1"},"breadcrumb":{"@id":"https:\/\/www.noticiasradioreflejos.com.ar\/2021\/definieron-el-formato-que-tendra-el-futbol-argentino-en-2022\/#breadcrumb"},"inLanguage":"es","potentialAction":[{"@type":"ReadAction","target":["https:\/\/www.noticiasradioreflejos.com.ar\/2021\/definieron-el-formato-que-tendra-el-futbol-argentino-en-2022\/"]}]},{"@type":"BreadcrumbList","@id":"https:\/\/www.noticiasradioreflejos.com.ar\/2021\/definieron-el-formato-que-tendra-el-futbol-argentino-en-2022\/#breadcrumb","itemListElement":[{"@type":"ListItem","position":1,"name":"Portada","item":"https:\/\/www.noticiasradioreflejos.com.ar\/2021\/"},{"@type":"ListItem","position":2,"name":"Definieron el formato que tendr\u00e1 el f\u00fatbol argentino en 2022"}]},{"@type":"WebSite","@id":"https:\/\/www.noticiasradioreflejos.com.ar\/2021\/#website","url":"https:\/\/www.noticiasradioreflejos.com.ar\/2021\/","name":"Noticias Radio Reflejos","description":"Las noticias de mi comarca","potentialAction":[{"@type":"SearchAction","target":{"@type":"EntryPoint","urlTemplate":"https:\/\/www.noticiasradioreflejos.com.ar\/2021\/?s={search_term_string}"},"query-input":{"@type":"PropertyValueSpecification","valueRequired":true,"valueName":"search_term_string"}}],"inLanguage":"es"},{"@type":"Person","@id":"https:\/\/www.noticiasradioreflejos.com.ar\/2021\/#\/schema\/person\/ad82545263dcc5ec0996818884fd5fb1","name":"Arnaldo Botto","image":{"@type":"ImageObject","inLanguage":"es","@id":"https:\/\/www.noticiasradioreflejos.com.ar\/2021\/#\/schema\/person\/image\/","url":"https:\/\/secure.gravatar.com\/avatar\/55cb5e37c1efa326397366e6974cb338056df65cb50e7d64d1cf314e87504837?s=96&d=mm&r=g","contentUrl":"https:\/\/secure.gravatar.com\/avatar\/55cb5e37c1efa326397366e6974cb338056df65cb50e7d64d1cf314e87504837?s=96&d=mm&r=g","caption":"Arnaldo Botto"},"url":"https:\/\/www.noticiasradioreflejos.com.ar\/2021\/author\/arnaldo\/"}]}},"_links":{"self":[{"href":"https:\/\/www.noticiasradioreflejos.com.ar\/2021\/wp-json\/wp\/v2\/posts\/61062","targetHints":{"allow":["GET"]}}],"collection":[{"href":"https:\/\/www.noticiasradioreflejos.com.ar\/2021\/wp-json\/wp\/v2\/posts"}],"about":[{"href":"https:\/\/www.noticiasradioreflejos.com.ar\/2021\/wp-json\/wp\/v2\/types\/post"}],"author":[{"embeddable":true,"href":"https:\/\/www.noticiasradioreflejos.com.ar\/2021\/wp-json\/wp\/v2\/users\/3"}],"replies":[{"embeddable":true,"href":"https:\/\/www.noticiasradioreflejos.com.ar\/2021\/wp-json\/wp\/v2\/comments?post=61062"}],"version-history":[{"count":1,"href":"https:\/\/www.noticiasradioreflejos.com.ar\/2021\/wp-json\/wp\/v2\/posts\/61062\/revisions"}],"predecessor-version":[{"id":61064,"href":"https:\/\/www.noticiasradioreflejos.com.ar\/2021\/wp-json\/wp\/v2\/posts\/61062\/revisions\/61064"}],"wp:attachment":[{"href":"https:\/\/www.noticiasradioreflejos.com.ar\/2021\/wp-json\/wp\/v2\/media?parent=61062"}],"wp:term":[{"taxonomy":"category","embeddable":true,"href":"https:\/\/www.noticiasradioreflejos.com.ar\/2021\/wp-json\/wp\/v2\/categories?post=61062"},{"taxonomy":"post_tag","embeddable":true,"href":"https:\/\/www.noticiasradioreflejos.com.ar\/2021\/wp-json\/wp\/v2\/tags?post=61062"}],"curies":[{"name":"wp","href":"https:\/\/api.w.org\/{rel}","templated":true}]}}