{"id":61057,"date":"2021-08-03T23:45:10","date_gmt":"2021-08-03T23:45:10","guid":{"rendered":"http:\/\/www.noticiasradioreflejos.com.ar\/2021\/?p=61057"},"modified":"2021-08-03T23:45:10","modified_gmt":"2021-08-03T23:45:10","slug":"el-gobierno-bonaerense-evalua-el-dictado-de-clases-los-sabados","status":"publish","type":"post","link":"https:\/\/www.noticiasradioreflejos.com.ar\/2021\/el-gobierno-bonaerense-evalua-el-dictado-de-clases-los-sabados\/","title":{"rendered":"El gobierno bonaerense eval\u00faa el dictado de clases los s\u00e1bados"},"content":{"rendered":"<p>\u00bfA clases los s\u00e1bados en las escuelas bonaerenses?<span style=\"color: #333333; font-size: 15px;\">\u00a0La vuelta de las vacaciones de invierno registr\u00f3 la posibilidad de la vuelta a la presencialidad en todos los municipios de la provincial de Buenos Aires, pero a\u00fan se mantiene el sistema de burbujas para poder preservar la distancia y cuidados en las aulas, a diferencia de lo que ocurre en\u00a0<\/span><a style=\"font-size: 15px;\" href=\"https:\/\/www.pagina12.com.ar\/358792-vuelta-a-clases-presenciales-con-polemica-caba-y-mendoza-no-\">Ciudad de Buenos Aires o Mendoza<\/a><span style=\"color: #333333; font-size: 15px;\">.<\/span><\/p>\n<p><!--more--><\/p>\n<div class=\"section-2-col article-main-content\">\n<div class=\"col 2-col\">\n<div class=\"article-main-content article-text \">\n<p>Frente al impacto que podr\u00edan tener los cuidados sanitarios en los aprendizajes,\u00a0<b>la directora general de Cultura y Educaci\u00f3n bonaerense, Agustina Vila, adelant\u00f3 que se eval\u00faa poner en marcha clases a contra turno y los s\u00e1bados para alumnos y alumnas que deban recuperar contenidos pedag\u00f3gicos.<\/b><\/p>\n<div id=\"talkFireEvent\"><\/div>\n<p>\u00abEl regreso a la presencialidad es con todos los cuidados y regresaron no s\u00f3lo los niveles de jard\u00edn, primario y secundario, sino tambi\u00e9n el superior, adultos y escuelas de arte. Ampliamos la jornada educativa de 4 horas a su horario habitual\u00bb, celebr\u00f3 Vila, en declaraciones a Radio Provincia, respecto de la gran diferencia que se vive en las escuelas respecto de los meses m\u00e1s duros de la segundo ola.<\/p>\n<p>A la par de los cuidados sanitarios,\u00a0<b>Vila precis\u00f3 que en los meses de pandemia se pudo mejorar los establecimientos escolares estatales con m\u00e1s de 3.200 obras edilicias<\/b>, mientras que a\u00fan 210 escuelas se encuentran en obras, por lo que cuentan con edificios alternativos para dictar clases.<\/p>\n<p>Sobre los contenidos pedag\u00f3gicos necesarios para aprobar el a\u00f1o, Vila record\u00f3 que \u00abdesde que comenz\u00f3 la pandemia, en el 2020, se aprob\u00f3 un curr\u00edculum prioritario, se reorganizaron los contenidos que deb\u00edan ser ense\u00f1ados y aprendidos\u00bb.<\/p>\n<p>\u00abEn ese momento tambi\u00e9n se consider\u00f3 al 2020 y el 2021 como una \u00fanica unidad pedag\u00f3gica.\u00a0<b>Nadie ense\u00f1a ni aprende igual en pandemia y eso no implica desconocer el enorme esfuerzo y profesionalismo de los docentes, de las familias y los estudiantes<\/b>\u00ab, reconoci\u00f3.<\/p>\n<p>La\u00a0directora general de Cultura y Educaci\u00f3n se\u00f1al\u00f3 que hubo \u00abchicos y chicas que lograron esos contenidos y promocionaron, mientras que hay chicos y chicas que tienen todav\u00eda saberes pendientes por intensificar\u00bb, por lo que asegur\u00f3 que\u00a0<b>\u00abhay previstas acciones para seguir intensificando a contra turnos y los s\u00e1bados\u00bb con aquellos estudiantes que a\u00fan precisen reforzar los contenidos.\u00a0<\/b><\/p>\n<p>\u00abSe est\u00e1 haciendo una programaci\u00f3n para seguir fortaleciendo esas instancias de aprendizaje, para que tengan oportunidad de afianzar su aprendizaje\u00bb, destac\u00f3 Vila, aunque evit\u00f3 precisar c\u00f3mo se implementar\u00eda un refuerzo escolar los d\u00edas s\u00e1bados porque a\u00fan se est\u00e1n cerrando el esquema con las escuelas.\u00a0<b>S\u00ed, descart\u00f3 la posibilidad de ampliar el ciclo lectivo.\u00a0<\/b><\/p>\n<p>\u00abEl ciclo lectivo no termina en diciembre, tenemos febrero y marzo para esas instancias, para cotejar qui\u00e9nes est\u00e1n en condiciones de aprobar\u00bb, sostuvo para reforzar la idea que se respetar\u00e1 el receso de verano.<\/p>\n<\/div>\n<\/div>\n<\/div>\n","protected":false},"excerpt":{"rendered":"<p>\u00bfA clases los s\u00e1bados en las escuelas bonaerenses?\u00a0La vuelta de las vacaciones de invierno registr\u00f3 la posibilidad de la vuelta a la presencialidad en todos los municipios de la provincial de Buenos Aires, pero a\u00fan se mantiene el sistema de burbujas para poder preservar la distancia y cuidados en las aulas, a diferencia de lo que ocurre en\u00a0Ciudad de Buenos Aires o Mendoza.<\/p>\n","protected":false},"author":3,"featured_media":0,"comment_status":"closed","ping_status":"closed","sticky":false,"template":"","format":"standard","meta":{"footnotes":""},"categories":[34],"tags":[48],"class_list":["post-61057","post","type-post","status-publish","format-standard","hentry","category-educacion","tag-destacada"],"yoast_head":"<!-- This site is optimized with the Yoast SEO plugin v25.9 - https:\/\/yoast.com\/wordpress\/plugins\/seo\/ -->\n<title>El gobierno bonaerense eval\u00faa el dictado de clases los s\u00e1bados - Noticias Radio Reflejos<\/title>\n<meta name=\"robots\" content=\"index, follow, max-snippet:-1, max-image-preview:large, max-video-preview:-1\" \/>\n<link rel=\"canonical\" href=\"https:\/\/www.noticiasradioreflejos.com.ar\/2021\/el-gobierno-bonaerense-evalua-el-dictado-de-clases-los-sabados\/\" \/>\n<meta property=\"og:locale\" content=\"es_ES\" \/>\n<meta property=\"og:type\" content=\"article\" \/>\n<meta property=\"og:title\" content=\"El gobierno bonaerense eval\u00faa el dictado de clases los s\u00e1bados - Noticias Radio Reflejos\" \/>\n<meta property=\"og:description\" content=\"\u00bfA clases los s\u00e1bados en las escuelas bonaerenses?\u00a0La vuelta de las vacaciones de invierno registr\u00f3 la posibilidad de la vuelta a la presencialidad en todos los municipios de la provincial de Buenos Aires, pero a\u00fan se mantiene el sistema de burbujas para poder preservar la distancia y cuidados en las aulas, a diferencia de lo que ocurre en\u00a0Ciudad de Buenos Aires o Mendoza.\" \/>\n<meta property=\"og:url\" content=\"https:\/\/www.noticiasradioreflejos.com.ar\/2021\/el-gobierno-bonaerense-evalua-el-dictado-de-clases-los-sabados\/\" \/>\n<meta property=\"og:site_name\" content=\"Noticias Radio Reflejos\" \/>\n<meta property=\"article:published_time\" content=\"2021-08-03T23:45:10+00:00\" \/>\n<meta property=\"og:image\" content=\"https:\/\/www.noticiasradioreflejos.com.ar\/2021\/wp-content\/uploads\/2021\/07\/logosol300x200.png\" \/>\n\t<meta property=\"og:image:width\" content=\"300\" \/>\n\t<meta property=\"og:image:height\" content=\"200\" \/>\n\t<meta property=\"og:image:type\" content=\"image\/png\" \/>\n<meta name=\"author\" content=\"Arnaldo Botto\" \/>\n<meta name=\"twitter:card\" content=\"summary_large_image\" \/>\n<script type=\"application\/ld+json\" class=\"yoast-schema-graph\">{\"@context\":\"https:\/\/schema.org\",\"@graph\":[{\"@type\":\"WebPage\",\"@id\":\"https:\/\/www.noticiasradioreflejos.com.ar\/2021\/el-gobierno-bonaerense-evalua-el-dictado-de-clases-los-sabados\/\",\"url\":\"https:\/\/www.noticiasradioreflejos.com.ar\/2021\/el-gobierno-bonaerense-evalua-el-dictado-de-clases-los-sabados\/\",\"name\":\"El gobierno bonaerense eval\u00faa el dictado de clases los s\u00e1bados - Noticias Radio Reflejos\",\"isPartOf\":{\"@id\":\"https:\/\/www.noticiasradioreflejos.com.ar\/2021\/#website\"},\"datePublished\":\"2021-08-03T23:45:10+00:00\",\"author\":{\"@id\":\"https:\/\/www.noticiasradioreflejos.com.ar\/2021\/#\/schema\/person\/ad82545263dcc5ec0996818884fd5fb1\"},\"breadcrumb\":{\"@id\":\"https:\/\/www.noticiasradioreflejos.com.ar\/2021\/el-gobierno-bonaerense-evalua-el-dictado-de-clases-los-sabados\/#breadcrumb\"},\"inLanguage\":\"es\",\"potentialAction\":[{\"@type\":\"ReadAction\",\"target\":[\"https:\/\/www.noticiasradioreflejos.com.ar\/2021\/el-gobierno-bonaerense-evalua-el-dictado-de-clases-los-sabados\/\"]}]},{\"@type\":\"BreadcrumbList\",\"@id\":\"https:\/\/www.noticiasradioreflejos.com.ar\/2021\/el-gobierno-bonaerense-evalua-el-dictado-de-clases-los-sabados\/#breadcrumb\",\"itemListElement\":[{\"@type\":\"ListItem\",\"position\":1,\"name\":\"Portada\",\"item\":\"https:\/\/www.noticiasradioreflejos.com.ar\/2021\/\"},{\"@type\":\"ListItem\",\"position\":2,\"name\":\"El gobierno bonaerense eval\u00faa el dictado de clases los s\u00e1bados\"}]},{\"@type\":\"WebSite\",\"@id\":\"https:\/\/www.noticiasradioreflejos.com.ar\/2021\/#website\",\"url\":\"https:\/\/www.noticiasradioreflejos.com.ar\/2021\/\",\"name\":\"Noticias Radio Reflejos\",\"description\":\"Las noticias de mi comarca\",\"potentialAction\":[{\"@type\":\"SearchAction\",\"target\":{\"@type\":\"EntryPoint\",\"urlTemplate\":\"https:\/\/www.noticiasradioreflejos.com.ar\/2021\/?s={search_term_string}\"},\"query-input\":{\"@type\":\"PropertyValueSpecification\",\"valueRequired\":true,\"valueName\":\"search_term_string\"}}],\"inLanguage\":\"es\"},{\"@type\":\"Person\",\"@id\":\"https:\/\/www.noticiasradioreflejos.com.ar\/2021\/#\/schema\/person\/ad82545263dcc5ec0996818884fd5fb1\",\"name\":\"Arnaldo Botto\",\"image\":{\"@type\":\"ImageObject\",\"inLanguage\":\"es\",\"@id\":\"https:\/\/www.noticiasradioreflejos.com.ar\/2021\/#\/schema\/person\/image\/\",\"url\":\"https:\/\/secure.gravatar.com\/avatar\/55cb5e37c1efa326397366e6974cb338056df65cb50e7d64d1cf314e87504837?s=96&d=mm&r=g\",\"contentUrl\":\"https:\/\/secure.gravatar.com\/avatar\/55cb5e37c1efa326397366e6974cb338056df65cb50e7d64d1cf314e87504837?s=96&d=mm&r=g\",\"caption\":\"Arnaldo Botto\"},\"url\":\"https:\/\/www.noticiasradioreflejos.com.ar\/2021\/author\/arnaldo\/\"}]}<\/script>\n<!-- \/ Yoast SEO plugin. -->","yoast_head_json":{"title":"El gobierno bonaerense eval\u00faa el dictado de clases los s\u00e1bados - Noticias Radio Reflejos","robots":{"index":"index","follow":"follow","max-snippet":"max-snippet:-1","max-image-preview":"max-image-preview:large","max-video-preview":"max-video-preview:-1"},"canonical":"https:\/\/www.noticiasradioreflejos.com.ar\/2021\/el-gobierno-bonaerense-evalua-el-dictado-de-clases-los-sabados\/","og_locale":"es_ES","og_type":"article","og_title":"El gobierno bonaerense eval\u00faa el dictado de clases los s\u00e1bados - Noticias Radio Reflejos","og_description":"\u00bfA clases los s\u00e1bados en las escuelas bonaerenses?\u00a0La vuelta de las vacaciones de invierno registr\u00f3 la posibilidad de la vuelta a la presencialidad en todos los municipios de la provincial de Buenos Aires, pero a\u00fan se mantiene el sistema de burbujas para poder preservar la distancia y cuidados en las aulas, a diferencia de lo que ocurre en\u00a0Ciudad de Buenos Aires o Mendoza.","og_url":"https:\/\/www.noticiasradioreflejos.com.ar\/2021\/el-gobierno-bonaerense-evalua-el-dictado-de-clases-los-sabados\/","og_site_name":"Noticias Radio Reflejos","article_published_time":"2021-08-03T23:45:10+00:00","og_image":[{"width":300,"height":200,"url":"https:\/\/www.noticiasradioreflejos.com.ar\/2021\/wp-content\/uploads\/2021\/07\/logosol300x200.png","type":"image\/png"}],"author":"Arnaldo Botto","twitter_card":"summary_large_image","schema":{"@context":"https:\/\/schema.org","@graph":[{"@type":"WebPage","@id":"https:\/\/www.noticiasradioreflejos.com.ar\/2021\/el-gobierno-bonaerense-evalua-el-dictado-de-clases-los-sabados\/","url":"https:\/\/www.noticiasradioreflejos.com.ar\/2021\/el-gobierno-bonaerense-evalua-el-dictado-de-clases-los-sabados\/","name":"El gobierno bonaerense eval\u00faa el dictado de clases los s\u00e1bados - Noticias Radio Reflejos","isPartOf":{"@id":"https:\/\/www.noticiasradioreflejos.com.ar\/2021\/#website"},"datePublished":"2021-08-03T23:45:10+00:00","author":{"@id":"https:\/\/www.noticiasradioreflejos.com.ar\/2021\/#\/schema\/person\/ad82545263dcc5ec0996818884fd5fb1"},"breadcrumb":{"@id":"https:\/\/www.noticiasradioreflejos.com.ar\/2021\/el-gobierno-bonaerense-evalua-el-dictado-de-clases-los-sabados\/#breadcrumb"},"inLanguage":"es","potentialAction":[{"@type":"ReadAction","target":["https:\/\/www.noticiasradioreflejos.com.ar\/2021\/el-gobierno-bonaerense-evalua-el-dictado-de-clases-los-sabados\/"]}]},{"@type":"BreadcrumbList","@id":"https:\/\/www.noticiasradioreflejos.com.ar\/2021\/el-gobierno-bonaerense-evalua-el-dictado-de-clases-los-sabados\/#breadcrumb","itemListElement":[{"@type":"ListItem","position":1,"name":"Portada","item":"https:\/\/www.noticiasradioreflejos.com.ar\/2021\/"},{"@type":"ListItem","position":2,"name":"El gobierno bonaerense eval\u00faa el dictado de clases los s\u00e1bados"}]},{"@type":"WebSite","@id":"https:\/\/www.noticiasradioreflejos.com.ar\/2021\/#website","url":"https:\/\/www.noticiasradioreflejos.com.ar\/2021\/","name":"Noticias Radio Reflejos","description":"Las noticias de mi comarca","potentialAction":[{"@type":"SearchAction","target":{"@type":"EntryPoint","urlTemplate":"https:\/\/www.noticiasradioreflejos.com.ar\/2021\/?s={search_term_string}"},"query-input":{"@type":"PropertyValueSpecification","valueRequired":true,"valueName":"search_term_string"}}],"inLanguage":"es"},{"@type":"Person","@id":"https:\/\/www.noticiasradioreflejos.com.ar\/2021\/#\/schema\/person\/ad82545263dcc5ec0996818884fd5fb1","name":"Arnaldo Botto","image":{"@type":"ImageObject","inLanguage":"es","@id":"https:\/\/www.noticiasradioreflejos.com.ar\/2021\/#\/schema\/person\/image\/","url":"https:\/\/secure.gravatar.com\/avatar\/55cb5e37c1efa326397366e6974cb338056df65cb50e7d64d1cf314e87504837?s=96&d=mm&r=g","contentUrl":"https:\/\/secure.gravatar.com\/avatar\/55cb5e37c1efa326397366e6974cb338056df65cb50e7d64d1cf314e87504837?s=96&d=mm&r=g","caption":"Arnaldo Botto"},"url":"https:\/\/www.noticiasradioreflejos.com.ar\/2021\/author\/arnaldo\/"}]}},"_links":{"self":[{"href":"https:\/\/www.noticiasradioreflejos.com.ar\/2021\/wp-json\/wp\/v2\/posts\/61057","targetHints":{"allow":["GET"]}}],"collection":[{"href":"https:\/\/www.noticiasradioreflejos.com.ar\/2021\/wp-json\/wp\/v2\/posts"}],"about":[{"href":"https:\/\/www.noticiasradioreflejos.com.ar\/2021\/wp-json\/wp\/v2\/types\/post"}],"author":[{"embeddable":true,"href":"https:\/\/www.noticiasradioreflejos.com.ar\/2021\/wp-json\/wp\/v2\/users\/3"}],"replies":[{"embeddable":true,"href":"https:\/\/www.noticiasradioreflejos.com.ar\/2021\/wp-json\/wp\/v2\/comments?post=61057"}],"version-history":[{"count":1,"href":"https:\/\/www.noticiasradioreflejos.com.ar\/2021\/wp-json\/wp\/v2\/posts\/61057\/revisions"}],"predecessor-version":[{"id":61059,"href":"https:\/\/www.noticiasradioreflejos.com.ar\/2021\/wp-json\/wp\/v2\/posts\/61057\/revisions\/61059"}],"wp:attachment":[{"href":"https:\/\/www.noticiasradioreflejos.com.ar\/2021\/wp-json\/wp\/v2\/media?parent=61057"}],"wp:term":[{"taxonomy":"category","embeddable":true,"href":"https:\/\/www.noticiasradioreflejos.com.ar\/2021\/wp-json\/wp\/v2\/categories?post=61057"},{"taxonomy":"post_tag","embeddable":true,"href":"https:\/\/www.noticiasradioreflejos.com.ar\/2021\/wp-json\/wp\/v2\/tags?post=61057"}],"curies":[{"name":"wp","href":"https:\/\/api.w.org\/{rel}","templated":true}]}}