{"id":61054,"date":"2021-08-03T23:41:44","date_gmt":"2021-08-03T23:41:44","guid":{"rendered":"http:\/\/www.noticiasradioreflejos.com.ar\/2021\/?p=61054"},"modified":"2021-08-03T23:41:44","modified_gmt":"2021-08-03T23:41:44","slug":"reglamentan-la-ampliacion-del-regimen-de-zona-fria-y-crean-un-registro-unico-de-beneficiarios","status":"publish","type":"post","link":"https:\/\/www.noticiasradioreflejos.com.ar\/2021\/reglamentan-la-ampliacion-del-regimen-de-zona-fria-y-crean-un-registro-unico-de-beneficiarios\/","title":{"rendered":"Reglamentan la ampliaci\u00f3n del r\u00e9gimen de zona fr\u00eda y crean un registro \u00fanico de beneficiarios"},"content":{"rendered":"<p>La medida habilitar\u00e1 a las distribuidoras a hacer efectivo el descuento en las facturas del 30% al 50% para un total de 4 millones de hogares.<!--more--><\/p>\n<p>El Gobierno nacional reglament\u00f3 este martes la ley que dispuso la ampliaci\u00f3n del r\u00e9gimen de zona fr\u00eda para los usuarios de gas natural por redes, con la creaci\u00f3n de un registro de beneficiarios que habilitar\u00e1 a las distribuidoras a hacer efectivo el descuento en las facturas del 30% al 50% para un total de 4 millones de hogares.<\/p>\n<div class=\"main-content-block\">\n<div class=\"main-box clearfix\">\n<div class=\"wrapper-main-section clearfix\">\n<div class=\"wrapper-editable-content\">\n<div class=\"editable-content clearfix\">\n<p>El<a href=\"https:\/\/www.boletinoficial.gob.ar\/detalleAviso\/primera\/247610\/20210803\" target=\"_blank\" rel=\"noopener\">\u00a0Decreto 486<\/a>,<strong>\u00a0firmado por el presidente Alberto Fern\u00e1ndez y publicado este martes en el Bolet\u00edn Oficial, cre\u00f3 un Registro \u00danico de beneficiarios del R\u00e9gimen de Zona Fr\u00eda<\/strong>\u00a0pero adem\u00e1s habilit\u00f3 el mecanismo para que aquellos usuarios que no hayan sido incluidos de oficio, puedan solicitar el beneficio a trav\u00e9s de la Anses.<\/p>\n<p>La Ley 27.637 -aprobada por el Congreso el 25 de junio pasado- determin\u00f3 una pr\u00f3rroga por 10 a\u00f1os de la reducci\u00f3n en las tarifas de gas para municipios donde se registran bajas temperaturas, y la ampliaci\u00f3n a comunas de las provincias de Buenos Aires, Santa Fe, C\u00f3rdoba, Mendoza, Jujuy, San Juan, San Luis y Salta en los que se registran bajas temperaturas.<\/p>\n<p>Adem\u00e1s,\u00a0<strong>reduce en un 50% las tarifas a los beneficiarios de la Asignaci\u00f3n Universal por Hijo (AUH) y la Asignaci\u00f3n por Embarazo, de pensiones no contributivas y jubilados -hasta 4 salarios m\u00ednimos-, del monotributo social, usuarios que perciben seguro de desempleo y empleados de casas particulares.<\/strong><\/p>\n<blockquote><p>La Ley 27.637 -aprobada por el Congreso el 25 de junio pasado- determin\u00f3 una pr\u00f3rroga por 10 a\u00f1os de la reducci\u00f3n en las tarifas de gas para municipios donde se registran bajas temperaturas<\/p><\/blockquote>\n<p>Tras la sanci\u00f3n de la norma,\u00a0<strong>la distribuidoras de gas de todo el pa\u00eds aguardaban el decreto de reglamentaci\u00f3n para hacer efectivos los descuentos en las facturas a sus usuarios, lo que ahora se espera pueda verse reflejado en las pr\u00f3ximas semanas.<\/strong><\/p>\n<p>El decreto -que tambi\u00e9n lleva las firmas del jefe de Gabinete, Santiago Cafiero, y el ministro de Econom\u00eda, Mart\u00edn Guzm\u00e1n- designa a la Secretar\u00eda de Energ\u00eda como autoridad de aplicaci\u00f3n de la Ley 27.637.<\/p>\n<p>De esta forma,<strong>\u00a0la Secretar\u00eda que conduce Dar\u00edo Mart\u00ednez ser\u00e1 la que determinar\u00e1 de oficio aquellos beneficiarios del r\u00e9gimen<\/strong>\u00a0que satisfagan alguno de los diez criterios de elegibilidad determinados por la ley, para aplicar un cuadro tarifario diferencial de hasta el 50%.<\/p>\n<p>Para ello, la Secretar\u00eda podr\u00e1 solicitar la informaci\u00f3n disponible en las bases de datos de la Administraci\u00f3n Federal de Ingresos P\u00fablicos (AFIP); de la Administraci\u00f3n Nacional de la Seguridad Social (Anses); y del Sistema de Identificaci\u00f3n Nacional Tributario y Social (Sintys), as\u00ed como de las \u00e1reas de Hacienda e Ingresos P\u00fablicos de los Municipios alcanzados por el beneficio.<\/p>\n<blockquote><p>El decreto designa a la Secretar\u00eda de Energ\u00eda como autoridad de aplicaci\u00f3n de la Ley 27.637<\/p><\/blockquote>\n<p>Por su parte, en Ente Nacional Regulador del Gas (Enargas) remitir\u00e1 mensualmente el padr\u00f3n de usuarios residenciales informados por las prestadoras a la Anses, la que remitir\u00e1 mensualmente a la Secretar\u00eda de Energ\u00eda el padr\u00f3n con la identificaci\u00f3n de los beneficiarios comprendidos en la ley.<\/p>\n<p>La Anses deber\u00e1 incorporar el \u201cBeneficio especial del R\u00e9gimen de Zona Fr\u00eda\u201d en el \u201cModelo de Gesti\u00f3n Unificada &#8211; Ventanilla \u00danica Social\u201d de su<a href=\"https:\/\/www.anses.gob.ar\/\" target=\"_blank\" rel=\"noopener\">\u00a0portal web<\/a>\u00a0a trav\u00e9s del cual los usuarios no incorporados de oficio podr\u00e1n solicitar el beneficio en caso de considerarse incluidos en uno de los criterios de elegibilidad.<\/p>\n<p>Consolidados el registro,<strong>\u00a0el Enargas informar\u00e1 mensualmente a las prestadoras del servicio p\u00fablico de gas por redes los usuarios residenciales que son beneficiarios del R\u00e9gimen de Zona Fr\u00eda<\/strong>\u00a0que se encuentren en el nuevo registro citado, para que apliquen los cuadros tarifarios diferenciales.<\/p>\n<p>En todos los casos,\u00a0<strong>la Secretar\u00eda de Energ\u00eda podr\u00e1 practicar las diligencias necesarias para corroborar la autenticidad de las constancias presentadas a los fines de acceder al beneficio<\/strong>, y en caso de verificarse inconsistencias proceder\u00e1 al rechazo de la solicitud o a la baja autom\u00e1tica.<\/p>\n<blockquote><p>La Anses deber\u00e1 incorporar el \u201cBeneficio especial del R\u00e9gimen de Zona Fr\u00eda\u201d en el \u201cModelo de Gesti\u00f3n Unificada &#8211; Ventanilla \u00danica Social\u201d de su portal web<\/p><\/blockquote>\n<p>La Ley este martes reglamentada modific\u00f3 el art\u00edculo 75 del Presupuesto 2021 para beneficiar a los municipios de las provincias de Buenos Aires, Santa Fe, C\u00f3rdoba, Mendoza, San Juan, San Luis y Salta en los que se registran bajas temperaturas y fueron incorporados al r\u00e9gimen.<\/p>\n<p><strong>Tambi\u00e9n podr\u00e1n tener este beneficio quienes est\u00e9n exentos en el pago de ABL\u00a0<\/strong>o tributos locales de igual naturaleza o los que tengan una pensi\u00f3n vitalicia como veteranos de Guerra del Atl\u00e1ntico Sur.<\/p>\n<p>Respecto del resto de los usuarios residenciales, la tarifa diferencial implicar\u00e1 una disminuci\u00f3n del 30% de la factura de gas correspondiente.<\/p>\n<p><strong>Finalmente, la iniciativa prorrog\u00f3 por 10 a\u00f1os el Fondo Fiduciario de Consumos Residenciales de Gas (art\u00edculo 75, Ley 25.565) y aument\u00f3 la cantidad de departamentos y localidades de todo el pa\u00eds de temperaturas bajas comprendidos en este beneficio.<\/strong><\/p>\n<\/div>\n<\/div>\n<\/div>\n<\/div>\n<\/div>\n","protected":false},"excerpt":{"rendered":"<p>La medida habilitar\u00e1 a las distribuidoras a hacer efectivo el descuento en las facturas del 30% al 50% para un total de 4 millones de hogares.<\/p>\n","protected":false},"author":3,"featured_media":0,"comment_status":"closed","ping_status":"closed","sticky":false,"template":"","format":"standard","meta":{"footnotes":""},"categories":[36,24],"tags":[48],"class_list":["post-61054","post","type-post","status-publish","format-standard","hentry","category-economia","category-politica","tag-destacada"],"yoast_head":"<!-- This site is optimized with the Yoast SEO plugin v25.9 - https:\/\/yoast.com\/wordpress\/plugins\/seo\/ -->\n<title>Reglamentan la ampliaci\u00f3n del r\u00e9gimen de zona fr\u00eda y crean un registro \u00fanico de beneficiarios - Noticias Radio Reflejos<\/title>\n<meta name=\"robots\" content=\"index, follow, max-snippet:-1, max-image-preview:large, max-video-preview:-1\" \/>\n<link rel=\"canonical\" href=\"https:\/\/www.noticiasradioreflejos.com.ar\/2021\/reglamentan-la-ampliacion-del-regimen-de-zona-fria-y-crean-un-registro-unico-de-beneficiarios\/\" \/>\n<meta property=\"og:locale\" content=\"es_ES\" \/>\n<meta property=\"og:type\" content=\"article\" \/>\n<meta property=\"og:title\" content=\"Reglamentan la ampliaci\u00f3n del r\u00e9gimen de zona fr\u00eda y crean un registro \u00fanico de beneficiarios - Noticias Radio Reflejos\" \/>\n<meta property=\"og:description\" content=\"La medida habilitar\u00e1 a las distribuidoras a hacer efectivo el descuento en las facturas del 30% al 50% para un total de 4 millones de hogares.\" \/>\n<meta property=\"og:url\" content=\"https:\/\/www.noticiasradioreflejos.com.ar\/2021\/reglamentan-la-ampliacion-del-regimen-de-zona-fria-y-crean-un-registro-unico-de-beneficiarios\/\" \/>\n<meta property=\"og:site_name\" content=\"Noticias Radio Reflejos\" \/>\n<meta property=\"article:published_time\" content=\"2021-08-03T23:41:44+00:00\" \/>\n<meta property=\"og:image\" content=\"https:\/\/www.noticiasradioreflejos.com.ar\/2021\/wp-content\/uploads\/2021\/07\/logosol300x200.png\" \/>\n\t<meta property=\"og:image:width\" content=\"300\" \/>\n\t<meta property=\"og:image:height\" content=\"200\" \/>\n\t<meta property=\"og:image:type\" content=\"image\/png\" \/>\n<meta name=\"author\" content=\"Arnaldo Botto\" \/>\n<meta name=\"twitter:card\" content=\"summary_large_image\" \/>\n<script type=\"application\/ld+json\" class=\"yoast-schema-graph\">{\"@context\":\"https:\/\/schema.org\",\"@graph\":[{\"@type\":\"WebPage\",\"@id\":\"https:\/\/www.noticiasradioreflejos.com.ar\/2021\/reglamentan-la-ampliacion-del-regimen-de-zona-fria-y-crean-un-registro-unico-de-beneficiarios\/\",\"url\":\"https:\/\/www.noticiasradioreflejos.com.ar\/2021\/reglamentan-la-ampliacion-del-regimen-de-zona-fria-y-crean-un-registro-unico-de-beneficiarios\/\",\"name\":\"Reglamentan la ampliaci\u00f3n del r\u00e9gimen de zona fr\u00eda y crean un registro \u00fanico de beneficiarios - Noticias Radio Reflejos\",\"isPartOf\":{\"@id\":\"https:\/\/www.noticiasradioreflejos.com.ar\/2021\/#website\"},\"datePublished\":\"2021-08-03T23:41:44+00:00\",\"author\":{\"@id\":\"https:\/\/www.noticiasradioreflejos.com.ar\/2021\/#\/schema\/person\/ad82545263dcc5ec0996818884fd5fb1\"},\"breadcrumb\":{\"@id\":\"https:\/\/www.noticiasradioreflejos.com.ar\/2021\/reglamentan-la-ampliacion-del-regimen-de-zona-fria-y-crean-un-registro-unico-de-beneficiarios\/#breadcrumb\"},\"inLanguage\":\"es\",\"potentialAction\":[{\"@type\":\"ReadAction\",\"target\":[\"https:\/\/www.noticiasradioreflejos.com.ar\/2021\/reglamentan-la-ampliacion-del-regimen-de-zona-fria-y-crean-un-registro-unico-de-beneficiarios\/\"]}]},{\"@type\":\"BreadcrumbList\",\"@id\":\"https:\/\/www.noticiasradioreflejos.com.ar\/2021\/reglamentan-la-ampliacion-del-regimen-de-zona-fria-y-crean-un-registro-unico-de-beneficiarios\/#breadcrumb\",\"itemListElement\":[{\"@type\":\"ListItem\",\"position\":1,\"name\":\"Portada\",\"item\":\"https:\/\/www.noticiasradioreflejos.com.ar\/2021\/\"},{\"@type\":\"ListItem\",\"position\":2,\"name\":\"Reglamentan la ampliaci\u00f3n del r\u00e9gimen de zona fr\u00eda y crean un registro \u00fanico de beneficiarios\"}]},{\"@type\":\"WebSite\",\"@id\":\"https:\/\/www.noticiasradioreflejos.com.ar\/2021\/#website\",\"url\":\"https:\/\/www.noticiasradioreflejos.com.ar\/2021\/\",\"name\":\"Noticias Radio Reflejos\",\"description\":\"Las noticias de mi comarca\",\"potentialAction\":[{\"@type\":\"SearchAction\",\"target\":{\"@type\":\"EntryPoint\",\"urlTemplate\":\"https:\/\/www.noticiasradioreflejos.com.ar\/2021\/?s={search_term_string}\"},\"query-input\":{\"@type\":\"PropertyValueSpecification\",\"valueRequired\":true,\"valueName\":\"search_term_string\"}}],\"inLanguage\":\"es\"},{\"@type\":\"Person\",\"@id\":\"https:\/\/www.noticiasradioreflejos.com.ar\/2021\/#\/schema\/person\/ad82545263dcc5ec0996818884fd5fb1\",\"name\":\"Arnaldo Botto\",\"image\":{\"@type\":\"ImageObject\",\"inLanguage\":\"es\",\"@id\":\"https:\/\/www.noticiasradioreflejos.com.ar\/2021\/#\/schema\/person\/image\/\",\"url\":\"https:\/\/secure.gravatar.com\/avatar\/55cb5e37c1efa326397366e6974cb338056df65cb50e7d64d1cf314e87504837?s=96&d=mm&r=g\",\"contentUrl\":\"https:\/\/secure.gravatar.com\/avatar\/55cb5e37c1efa326397366e6974cb338056df65cb50e7d64d1cf314e87504837?s=96&d=mm&r=g\",\"caption\":\"Arnaldo Botto\"},\"url\":\"https:\/\/www.noticiasradioreflejos.com.ar\/2021\/author\/arnaldo\/\"}]}<\/script>\n<!-- \/ Yoast SEO plugin. -->","yoast_head_json":{"title":"Reglamentan la ampliaci\u00f3n del r\u00e9gimen de zona fr\u00eda y crean un registro \u00fanico de beneficiarios - Noticias Radio Reflejos","robots":{"index":"index","follow":"follow","max-snippet":"max-snippet:-1","max-image-preview":"max-image-preview:large","max-video-preview":"max-video-preview:-1"},"canonical":"https:\/\/www.noticiasradioreflejos.com.ar\/2021\/reglamentan-la-ampliacion-del-regimen-de-zona-fria-y-crean-un-registro-unico-de-beneficiarios\/","og_locale":"es_ES","og_type":"article","og_title":"Reglamentan la ampliaci\u00f3n del r\u00e9gimen de zona fr\u00eda y crean un registro \u00fanico de beneficiarios - Noticias Radio Reflejos","og_description":"La medida habilitar\u00e1 a las distribuidoras a hacer efectivo el descuento en las facturas del 30% al 50% para un total de 4 millones de hogares.","og_url":"https:\/\/www.noticiasradioreflejos.com.ar\/2021\/reglamentan-la-ampliacion-del-regimen-de-zona-fria-y-crean-un-registro-unico-de-beneficiarios\/","og_site_name":"Noticias Radio Reflejos","article_published_time":"2021-08-03T23:41:44+00:00","og_image":[{"width":300,"height":200,"url":"https:\/\/www.noticiasradioreflejos.com.ar\/2021\/wp-content\/uploads\/2021\/07\/logosol300x200.png","type":"image\/png"}],"author":"Arnaldo Botto","twitter_card":"summary_large_image","schema":{"@context":"https:\/\/schema.org","@graph":[{"@type":"WebPage","@id":"https:\/\/www.noticiasradioreflejos.com.ar\/2021\/reglamentan-la-ampliacion-del-regimen-de-zona-fria-y-crean-un-registro-unico-de-beneficiarios\/","url":"https:\/\/www.noticiasradioreflejos.com.ar\/2021\/reglamentan-la-ampliacion-del-regimen-de-zona-fria-y-crean-un-registro-unico-de-beneficiarios\/","name":"Reglamentan la ampliaci\u00f3n del r\u00e9gimen de zona fr\u00eda y crean un registro \u00fanico de beneficiarios - Noticias Radio Reflejos","isPartOf":{"@id":"https:\/\/www.noticiasradioreflejos.com.ar\/2021\/#website"},"datePublished":"2021-08-03T23:41:44+00:00","author":{"@id":"https:\/\/www.noticiasradioreflejos.com.ar\/2021\/#\/schema\/person\/ad82545263dcc5ec0996818884fd5fb1"},"breadcrumb":{"@id":"https:\/\/www.noticiasradioreflejos.com.ar\/2021\/reglamentan-la-ampliacion-del-regimen-de-zona-fria-y-crean-un-registro-unico-de-beneficiarios\/#breadcrumb"},"inLanguage":"es","potentialAction":[{"@type":"ReadAction","target":["https:\/\/www.noticiasradioreflejos.com.ar\/2021\/reglamentan-la-ampliacion-del-regimen-de-zona-fria-y-crean-un-registro-unico-de-beneficiarios\/"]}]},{"@type":"BreadcrumbList","@id":"https:\/\/www.noticiasradioreflejos.com.ar\/2021\/reglamentan-la-ampliacion-del-regimen-de-zona-fria-y-crean-un-registro-unico-de-beneficiarios\/#breadcrumb","itemListElement":[{"@type":"ListItem","position":1,"name":"Portada","item":"https:\/\/www.noticiasradioreflejos.com.ar\/2021\/"},{"@type":"ListItem","position":2,"name":"Reglamentan la ampliaci\u00f3n del r\u00e9gimen de zona fr\u00eda y crean un registro \u00fanico de beneficiarios"}]},{"@type":"WebSite","@id":"https:\/\/www.noticiasradioreflejos.com.ar\/2021\/#website","url":"https:\/\/www.noticiasradioreflejos.com.ar\/2021\/","name":"Noticias Radio Reflejos","description":"Las noticias de mi comarca","potentialAction":[{"@type":"SearchAction","target":{"@type":"EntryPoint","urlTemplate":"https:\/\/www.noticiasradioreflejos.com.ar\/2021\/?s={search_term_string}"},"query-input":{"@type":"PropertyValueSpecification","valueRequired":true,"valueName":"search_term_string"}}],"inLanguage":"es"},{"@type":"Person","@id":"https:\/\/www.noticiasradioreflejos.com.ar\/2021\/#\/schema\/person\/ad82545263dcc5ec0996818884fd5fb1","name":"Arnaldo Botto","image":{"@type":"ImageObject","inLanguage":"es","@id":"https:\/\/www.noticiasradioreflejos.com.ar\/2021\/#\/schema\/person\/image\/","url":"https:\/\/secure.gravatar.com\/avatar\/55cb5e37c1efa326397366e6974cb338056df65cb50e7d64d1cf314e87504837?s=96&d=mm&r=g","contentUrl":"https:\/\/secure.gravatar.com\/avatar\/55cb5e37c1efa326397366e6974cb338056df65cb50e7d64d1cf314e87504837?s=96&d=mm&r=g","caption":"Arnaldo Botto"},"url":"https:\/\/www.noticiasradioreflejos.com.ar\/2021\/author\/arnaldo\/"}]}},"_links":{"self":[{"href":"https:\/\/www.noticiasradioreflejos.com.ar\/2021\/wp-json\/wp\/v2\/posts\/61054","targetHints":{"allow":["GET"]}}],"collection":[{"href":"https:\/\/www.noticiasradioreflejos.com.ar\/2021\/wp-json\/wp\/v2\/posts"}],"about":[{"href":"https:\/\/www.noticiasradioreflejos.com.ar\/2021\/wp-json\/wp\/v2\/types\/post"}],"author":[{"embeddable":true,"href":"https:\/\/www.noticiasradioreflejos.com.ar\/2021\/wp-json\/wp\/v2\/users\/3"}],"replies":[{"embeddable":true,"href":"https:\/\/www.noticiasradioreflejos.com.ar\/2021\/wp-json\/wp\/v2\/comments?post=61054"}],"version-history":[{"count":1,"href":"https:\/\/www.noticiasradioreflejos.com.ar\/2021\/wp-json\/wp\/v2\/posts\/61054\/revisions"}],"predecessor-version":[{"id":61056,"href":"https:\/\/www.noticiasradioreflejos.com.ar\/2021\/wp-json\/wp\/v2\/posts\/61054\/revisions\/61056"}],"wp:attachment":[{"href":"https:\/\/www.noticiasradioreflejos.com.ar\/2021\/wp-json\/wp\/v2\/media?parent=61054"}],"wp:term":[{"taxonomy":"category","embeddable":true,"href":"https:\/\/www.noticiasradioreflejos.com.ar\/2021\/wp-json\/wp\/v2\/categories?post=61054"},{"taxonomy":"post_tag","embeddable":true,"href":"https:\/\/www.noticiasradioreflejos.com.ar\/2021\/wp-json\/wp\/v2\/tags?post=61054"}],"curies":[{"name":"wp","href":"https:\/\/api.w.org\/{rel}","templated":true}]}}