{"id":61051,"date":"2021-08-03T23:37:36","date_gmt":"2021-08-03T23:37:36","guid":{"rendered":"http:\/\/www.noticiasradioreflejos.com.ar\/2021\/?p=61051"},"modified":"2021-08-03T23:37:36","modified_gmt":"2021-08-03T23:37:36","slug":"nueva-york-la-primera-ciudad-de-estados-unidos-en-exigir-pase-sanitario","status":"publish","type":"post","link":"https:\/\/www.noticiasradioreflejos.com.ar\/2021\/nueva-york-la-primera-ciudad-de-estados-unidos-en-exigir-pase-sanitario\/","title":{"rendered":"Nueva York, la primera ciudad de Estados Unidos en exigir pase sanitario"},"content":{"rendered":"<div class=\"head-content\">\n<p>\u00abSi usted est\u00e1 vacunado (&#8230;) tiene la llave, puede abrir la puerta. Pero si no est\u00e1 vacunado, lamentablemente no podr\u00e1 participar de muchas cosas\u00bb, dijo el alcalde Bill de Blasio, al anunciar la medida que entrar\u00e1 en vigencia el pr\u00f3ximo 16 de agosto.<\/p>\n<\/div>\n<p><!--more--><\/p>\n<div class=\"main-content-block\">\n<div class=\"main-box clearfix\">\n<div class=\"wrapper-main-section clearfix\">\n<div class=\"wrapper-editable-content\">\n<div class=\"editable-content clearfix\">\n<div id=\"image\" class=\"image\"><img decoding=\"async\" title=\"El alcalde dem\u00f3crata Bill de Blasio tambi\u00e9n dispuso que todos los empleados de la ciudad deben vacunarse y presentar un certificado para poder trabajar. (Foto: AFP)\" src=\"https:\/\/www.telam.com.ar\/advf\/imagenes\/2021\/07\/60ff165fc5f99_1004x565.jpg\" alt=\"El alcalde dem\u00f3crata Bill de Blasio tambi\u00e9n dispuso que todos los empleados de la ciudad deben vacunarse y presentar un certificado para poder trabajar. (Foto: AFP)\" \/><\/p>\n<div class=\"epigrafe\">El alcalde dem\u00f3crata Bill de Blasio tambi\u00e9n dispuso que todos los empleados de la ciudad deben vacunarse y presentar un certificado para poder trabajar. (Foto: AFP)<\/div>\n<\/div>\n<p>El alcalde de Nueva York, Bill de Blasio, anunci\u00f3 este martes que los restaurantes, salas de espect\u00e1culos y gimnasios de la ciudad exigir\u00e1n un certificado de vacunaci\u00f3n para permitir el acceso.<\/p>\n<p>\u00ab<strong>Si usted est\u00e1 vacunado (&#8230;) tiene la llave, puede abrir la puerta.<\/strong>\u00a0Pero si no est\u00e1 vacunado, lamentablemente no podr\u00e1 participar de muchas cosas\u00bb, dijo De Blasio en una conferencia de prensa.<\/p>\n<p>La orden entrar\u00e1 en vigencia el pr\u00f3ximo 16 de agosto, y<strong>\u00a0la aplicaci\u00f3n total comenzar\u00e1 el 13 de septiembre<\/strong>. De Blasio dijo que la orden alentar\u00e1 a la gente a vacunarse para combatir el avance de la variante Delta, inform\u00f3 la cadena de noticias CNBC.<\/p>\n<p>\u201cQuiero que imagines la noci\u00f3n de que, debido a que alguien est\u00e1 vacunado, puede hacer todas las cosas incre\u00edbles que est\u00e1n disponibles en esta ciudad\u201d, dijo de Blasio sobre el pase, llamado Key to NYC Pass.De Blasio agreg\u00f3 que la ciudad comenzar\u00e1 a inspeccionar el cumplimiento de la norma por parte de las empresas a mediados de septiembre.<\/p>\n<p>La orden llega un d\u00eda despu\u00e9s de que el alcalde dem\u00f3crata ordenara que<strong>\u00a0todos los empleados de la ciudad deben vacunarse y presentar un certificado para poder trabajar<\/strong>, tras haber eliminado la opci\u00f3n de hacerse testeos regulares.<\/p>\n<p>El certificado de vacunaci\u00f3n es una m\u00e1s de las estrategias para lograr que la gente acuda a vacunarse.La ciudad de Nueva York tambi\u00e9n empez\u00f3 a\u00a0<strong>ofrecer 100 d\u00f3lares a las personas que acudan a vacunarse desde el 30 de julio<\/strong>.<\/p>\n<p>Seg\u00fan de Blasio, desde que entr\u00f3 en vigencia, 11.000 personas se vacunaron en la ciudad, que\u00a0<strong>hasta ahora logr\u00f3 inmunizar con al menos una dosis a 5 millones de personas.<\/strong><\/p>\n<p>\u201cLa \u00fanica raz\u00f3n por la que estamos teniendo esta recuperaci\u00f3n es la vacunaci\u00f3n\u201d, dijo de Blasio. \u201cAs\u00ed que es hora. Y esto va a enviar ese mensaje claramente\u00bb, confi\u00f3.<\/p><\/div>\n<\/div>\n<\/div>\n<\/div>\n<\/div>\n","protected":false},"excerpt":{"rendered":"<p>\u00abSi usted est\u00e1 vacunado (&#8230;) tiene la llave, puede abrir la puerta. Pero si no est\u00e1 vacunado, lamentablemente no podr\u00e1 participar de muchas cosas\u00bb, dijo el alcalde Bill de Blasio, al anunciar la medida que entrar\u00e1 en vigencia el pr\u00f3ximo 16 de agosto.<\/p>\n","protected":false},"author":3,"featured_media":0,"comment_status":"closed","ping_status":"closed","sticky":false,"template":"","format":"standard","meta":{"footnotes":""},"categories":[24,30],"tags":[],"class_list":["post-61051","post","type-post","status-publish","format-standard","hentry","category-politica","category-salud"],"yoast_head":"<!-- This site is optimized with the Yoast SEO plugin v25.9 - https:\/\/yoast.com\/wordpress\/plugins\/seo\/ -->\n<title>Nueva York, la primera ciudad de Estados Unidos en exigir pase sanitario - Noticias Radio Reflejos<\/title>\n<meta name=\"robots\" content=\"index, follow, max-snippet:-1, max-image-preview:large, max-video-preview:-1\" \/>\n<link rel=\"canonical\" href=\"https:\/\/www.noticiasradioreflejos.com.ar\/2021\/nueva-york-la-primera-ciudad-de-estados-unidos-en-exigir-pase-sanitario\/\" \/>\n<meta property=\"og:locale\" content=\"es_ES\" \/>\n<meta property=\"og:type\" content=\"article\" \/>\n<meta property=\"og:title\" content=\"Nueva York, la primera ciudad de Estados Unidos en exigir pase sanitario - Noticias Radio Reflejos\" \/>\n<meta property=\"og:description\" content=\"\u00abSi usted est\u00e1 vacunado (&#8230;) tiene la llave, puede abrir la puerta. Pero si no est\u00e1 vacunado, lamentablemente no podr\u00e1 participar de muchas cosas\u00bb, dijo el alcalde Bill de Blasio, al anunciar la medida que entrar\u00e1 en vigencia el pr\u00f3ximo 16 de agosto.\" \/>\n<meta property=\"og:url\" content=\"https:\/\/www.noticiasradioreflejos.com.ar\/2021\/nueva-york-la-primera-ciudad-de-estados-unidos-en-exigir-pase-sanitario\/\" \/>\n<meta property=\"og:site_name\" content=\"Noticias Radio Reflejos\" \/>\n<meta property=\"article:published_time\" content=\"2021-08-03T23:37:36+00:00\" \/>\n<meta property=\"og:image\" content=\"https:\/\/www.telam.com.ar\/advf\/imagenes\/2021\/07\/60ff165fc5f99_1004x565.jpg\" \/>\n<meta name=\"author\" content=\"Arnaldo Botto\" \/>\n<meta name=\"twitter:card\" content=\"summary_large_image\" \/>\n<script type=\"application\/ld+json\" class=\"yoast-schema-graph\">{\"@context\":\"https:\/\/schema.org\",\"@graph\":[{\"@type\":\"WebPage\",\"@id\":\"https:\/\/www.noticiasradioreflejos.com.ar\/2021\/nueva-york-la-primera-ciudad-de-estados-unidos-en-exigir-pase-sanitario\/\",\"url\":\"https:\/\/www.noticiasradioreflejos.com.ar\/2021\/nueva-york-la-primera-ciudad-de-estados-unidos-en-exigir-pase-sanitario\/\",\"name\":\"Nueva York, la primera ciudad de Estados Unidos en exigir pase sanitario - Noticias Radio Reflejos\",\"isPartOf\":{\"@id\":\"https:\/\/www.noticiasradioreflejos.com.ar\/2021\/#website\"},\"primaryImageOfPage\":{\"@id\":\"https:\/\/www.noticiasradioreflejos.com.ar\/2021\/nueva-york-la-primera-ciudad-de-estados-unidos-en-exigir-pase-sanitario\/#primaryimage\"},\"image\":{\"@id\":\"https:\/\/www.noticiasradioreflejos.com.ar\/2021\/nueva-york-la-primera-ciudad-de-estados-unidos-en-exigir-pase-sanitario\/#primaryimage\"},\"thumbnailUrl\":\"https:\/\/www.telam.com.ar\/advf\/imagenes\/2021\/07\/60ff165fc5f99_1004x565.jpg\",\"datePublished\":\"2021-08-03T23:37:36+00:00\",\"author\":{\"@id\":\"https:\/\/www.noticiasradioreflejos.com.ar\/2021\/#\/schema\/person\/ad82545263dcc5ec0996818884fd5fb1\"},\"breadcrumb\":{\"@id\":\"https:\/\/www.noticiasradioreflejos.com.ar\/2021\/nueva-york-la-primera-ciudad-de-estados-unidos-en-exigir-pase-sanitario\/#breadcrumb\"},\"inLanguage\":\"es\",\"potentialAction\":[{\"@type\":\"ReadAction\",\"target\":[\"https:\/\/www.noticiasradioreflejos.com.ar\/2021\/nueva-york-la-primera-ciudad-de-estados-unidos-en-exigir-pase-sanitario\/\"]}]},{\"@type\":\"ImageObject\",\"inLanguage\":\"es\",\"@id\":\"https:\/\/www.noticiasradioreflejos.com.ar\/2021\/nueva-york-la-primera-ciudad-de-estados-unidos-en-exigir-pase-sanitario\/#primaryimage\",\"url\":\"https:\/\/www.telam.com.ar\/advf\/imagenes\/2021\/07\/60ff165fc5f99_1004x565.jpg\",\"contentUrl\":\"https:\/\/www.telam.com.ar\/advf\/imagenes\/2021\/07\/60ff165fc5f99_1004x565.jpg\"},{\"@type\":\"BreadcrumbList\",\"@id\":\"https:\/\/www.noticiasradioreflejos.com.ar\/2021\/nueva-york-la-primera-ciudad-de-estados-unidos-en-exigir-pase-sanitario\/#breadcrumb\",\"itemListElement\":[{\"@type\":\"ListItem\",\"position\":1,\"name\":\"Portada\",\"item\":\"https:\/\/www.noticiasradioreflejos.com.ar\/2021\/\"},{\"@type\":\"ListItem\",\"position\":2,\"name\":\"Nueva York, la primera ciudad de Estados Unidos en exigir pase sanitario\"}]},{\"@type\":\"WebSite\",\"@id\":\"https:\/\/www.noticiasradioreflejos.com.ar\/2021\/#website\",\"url\":\"https:\/\/www.noticiasradioreflejos.com.ar\/2021\/\",\"name\":\"Noticias Radio Reflejos\",\"description\":\"Las noticias de mi comarca\",\"potentialAction\":[{\"@type\":\"SearchAction\",\"target\":{\"@type\":\"EntryPoint\",\"urlTemplate\":\"https:\/\/www.noticiasradioreflejos.com.ar\/2021\/?s={search_term_string}\"},\"query-input\":{\"@type\":\"PropertyValueSpecification\",\"valueRequired\":true,\"valueName\":\"search_term_string\"}}],\"inLanguage\":\"es\"},{\"@type\":\"Person\",\"@id\":\"https:\/\/www.noticiasradioreflejos.com.ar\/2021\/#\/schema\/person\/ad82545263dcc5ec0996818884fd5fb1\",\"name\":\"Arnaldo Botto\",\"image\":{\"@type\":\"ImageObject\",\"inLanguage\":\"es\",\"@id\":\"https:\/\/www.noticiasradioreflejos.com.ar\/2021\/#\/schema\/person\/image\/\",\"url\":\"https:\/\/secure.gravatar.com\/avatar\/55cb5e37c1efa326397366e6974cb338056df65cb50e7d64d1cf314e87504837?s=96&d=mm&r=g\",\"contentUrl\":\"https:\/\/secure.gravatar.com\/avatar\/55cb5e37c1efa326397366e6974cb338056df65cb50e7d64d1cf314e87504837?s=96&d=mm&r=g\",\"caption\":\"Arnaldo Botto\"},\"url\":\"https:\/\/www.noticiasradioreflejos.com.ar\/2021\/author\/arnaldo\/\"}]}<\/script>\n<!-- \/ Yoast SEO plugin. -->","yoast_head_json":{"title":"Nueva York, la primera ciudad de Estados Unidos en exigir pase sanitario - Noticias Radio Reflejos","robots":{"index":"index","follow":"follow","max-snippet":"max-snippet:-1","max-image-preview":"max-image-preview:large","max-video-preview":"max-video-preview:-1"},"canonical":"https:\/\/www.noticiasradioreflejos.com.ar\/2021\/nueva-york-la-primera-ciudad-de-estados-unidos-en-exigir-pase-sanitario\/","og_locale":"es_ES","og_type":"article","og_title":"Nueva York, la primera ciudad de Estados Unidos en exigir pase sanitario - Noticias Radio Reflejos","og_description":"\u00abSi usted est\u00e1 vacunado (&#8230;) tiene la llave, puede abrir la puerta. Pero si no est\u00e1 vacunado, lamentablemente no podr\u00e1 participar de muchas cosas\u00bb, dijo el alcalde Bill de Blasio, al anunciar la medida que entrar\u00e1 en vigencia el pr\u00f3ximo 16 de agosto.","og_url":"https:\/\/www.noticiasradioreflejos.com.ar\/2021\/nueva-york-la-primera-ciudad-de-estados-unidos-en-exigir-pase-sanitario\/","og_site_name":"Noticias Radio Reflejos","article_published_time":"2021-08-03T23:37:36+00:00","og_image":[{"url":"https:\/\/www.telam.com.ar\/advf\/imagenes\/2021\/07\/60ff165fc5f99_1004x565.jpg","type":"","width":"","height":""}],"author":"Arnaldo Botto","twitter_card":"summary_large_image","schema":{"@context":"https:\/\/schema.org","@graph":[{"@type":"WebPage","@id":"https:\/\/www.noticiasradioreflejos.com.ar\/2021\/nueva-york-la-primera-ciudad-de-estados-unidos-en-exigir-pase-sanitario\/","url":"https:\/\/www.noticiasradioreflejos.com.ar\/2021\/nueva-york-la-primera-ciudad-de-estados-unidos-en-exigir-pase-sanitario\/","name":"Nueva York, la primera ciudad de Estados Unidos en exigir pase sanitario - Noticias Radio Reflejos","isPartOf":{"@id":"https:\/\/www.noticiasradioreflejos.com.ar\/2021\/#website"},"primaryImageOfPage":{"@id":"https:\/\/www.noticiasradioreflejos.com.ar\/2021\/nueva-york-la-primera-ciudad-de-estados-unidos-en-exigir-pase-sanitario\/#primaryimage"},"image":{"@id":"https:\/\/www.noticiasradioreflejos.com.ar\/2021\/nueva-york-la-primera-ciudad-de-estados-unidos-en-exigir-pase-sanitario\/#primaryimage"},"thumbnailUrl":"https:\/\/www.telam.com.ar\/advf\/imagenes\/2021\/07\/60ff165fc5f99_1004x565.jpg","datePublished":"2021-08-03T23:37:36+00:00","author":{"@id":"https:\/\/www.noticiasradioreflejos.com.ar\/2021\/#\/schema\/person\/ad82545263dcc5ec0996818884fd5fb1"},"breadcrumb":{"@id":"https:\/\/www.noticiasradioreflejos.com.ar\/2021\/nueva-york-la-primera-ciudad-de-estados-unidos-en-exigir-pase-sanitario\/#breadcrumb"},"inLanguage":"es","potentialAction":[{"@type":"ReadAction","target":["https:\/\/www.noticiasradioreflejos.com.ar\/2021\/nueva-york-la-primera-ciudad-de-estados-unidos-en-exigir-pase-sanitario\/"]}]},{"@type":"ImageObject","inLanguage":"es","@id":"https:\/\/www.noticiasradioreflejos.com.ar\/2021\/nueva-york-la-primera-ciudad-de-estados-unidos-en-exigir-pase-sanitario\/#primaryimage","url":"https:\/\/www.telam.com.ar\/advf\/imagenes\/2021\/07\/60ff165fc5f99_1004x565.jpg","contentUrl":"https:\/\/www.telam.com.ar\/advf\/imagenes\/2021\/07\/60ff165fc5f99_1004x565.jpg"},{"@type":"BreadcrumbList","@id":"https:\/\/www.noticiasradioreflejos.com.ar\/2021\/nueva-york-la-primera-ciudad-de-estados-unidos-en-exigir-pase-sanitario\/#breadcrumb","itemListElement":[{"@type":"ListItem","position":1,"name":"Portada","item":"https:\/\/www.noticiasradioreflejos.com.ar\/2021\/"},{"@type":"ListItem","position":2,"name":"Nueva York, la primera ciudad de Estados Unidos en exigir pase sanitario"}]},{"@type":"WebSite","@id":"https:\/\/www.noticiasradioreflejos.com.ar\/2021\/#website","url":"https:\/\/www.noticiasradioreflejos.com.ar\/2021\/","name":"Noticias Radio Reflejos","description":"Las noticias de mi comarca","potentialAction":[{"@type":"SearchAction","target":{"@type":"EntryPoint","urlTemplate":"https:\/\/www.noticiasradioreflejos.com.ar\/2021\/?s={search_term_string}"},"query-input":{"@type":"PropertyValueSpecification","valueRequired":true,"valueName":"search_term_string"}}],"inLanguage":"es"},{"@type":"Person","@id":"https:\/\/www.noticiasradioreflejos.com.ar\/2021\/#\/schema\/person\/ad82545263dcc5ec0996818884fd5fb1","name":"Arnaldo Botto","image":{"@type":"ImageObject","inLanguage":"es","@id":"https:\/\/www.noticiasradioreflejos.com.ar\/2021\/#\/schema\/person\/image\/","url":"https:\/\/secure.gravatar.com\/avatar\/55cb5e37c1efa326397366e6974cb338056df65cb50e7d64d1cf314e87504837?s=96&d=mm&r=g","contentUrl":"https:\/\/secure.gravatar.com\/avatar\/55cb5e37c1efa326397366e6974cb338056df65cb50e7d64d1cf314e87504837?s=96&d=mm&r=g","caption":"Arnaldo Botto"},"url":"https:\/\/www.noticiasradioreflejos.com.ar\/2021\/author\/arnaldo\/"}]}},"_links":{"self":[{"href":"https:\/\/www.noticiasradioreflejos.com.ar\/2021\/wp-json\/wp\/v2\/posts\/61051","targetHints":{"allow":["GET"]}}],"collection":[{"href":"https:\/\/www.noticiasradioreflejos.com.ar\/2021\/wp-json\/wp\/v2\/posts"}],"about":[{"href":"https:\/\/www.noticiasradioreflejos.com.ar\/2021\/wp-json\/wp\/v2\/types\/post"}],"author":[{"embeddable":true,"href":"https:\/\/www.noticiasradioreflejos.com.ar\/2021\/wp-json\/wp\/v2\/users\/3"}],"replies":[{"embeddable":true,"href":"https:\/\/www.noticiasradioreflejos.com.ar\/2021\/wp-json\/wp\/v2\/comments?post=61051"}],"version-history":[{"count":1,"href":"https:\/\/www.noticiasradioreflejos.com.ar\/2021\/wp-json\/wp\/v2\/posts\/61051\/revisions"}],"predecessor-version":[{"id":61053,"href":"https:\/\/www.noticiasradioreflejos.com.ar\/2021\/wp-json\/wp\/v2\/posts\/61051\/revisions\/61053"}],"wp:attachment":[{"href":"https:\/\/www.noticiasradioreflejos.com.ar\/2021\/wp-json\/wp\/v2\/media?parent=61051"}],"wp:term":[{"taxonomy":"category","embeddable":true,"href":"https:\/\/www.noticiasradioreflejos.com.ar\/2021\/wp-json\/wp\/v2\/categories?post=61051"},{"taxonomy":"post_tag","embeddable":true,"href":"https:\/\/www.noticiasradioreflejos.com.ar\/2021\/wp-json\/wp\/v2\/tags?post=61051"}],"curies":[{"name":"wp","href":"https:\/\/api.w.org\/{rel}","templated":true}]}}