{"id":61048,"date":"2021-08-03T23:33:54","date_gmt":"2021-08-03T23:33:54","guid":{"rendered":"http:\/\/www.noticiasradioreflejos.com.ar\/2021\/?p=61048"},"modified":"2021-08-03T23:33:54","modified_gmt":"2021-08-03T23:33:54","slug":"quince-diputadas-piden-la-expulsion-de-fernando-iglesias-de-la-camara-por-sus-reiterados-ataques-a-las-mujeres","status":"publish","type":"post","link":"https:\/\/www.noticiasradioreflejos.com.ar\/2021\/quince-diputadas-piden-la-expulsion-de-fernando-iglesias-de-la-camara-por-sus-reiterados-ataques-a-las-mujeres\/","title":{"rendered":"Quince diputadas piden la expulsi\u00f3n de Fernando Iglesias de la C\u00e1mara por sus reiterados ataques a las mujeres"},"content":{"rendered":"<p>El pedido lo impulsa la legisladora Gabriela Cerruti y es consecuencia de los dichos de su par del Pro quien calific\u00f3 como \u201cfiesta sexual\u201d la reuni\u00f3n de la actriz Florencia Pe\u00f1a con el presidente Fern\u00e1ndez. La sanci\u00f3n que se le podr\u00eda aplicar va desde la suspensi\u00f3n a la expulsi\u00f3n del Congreso de la Naci\u00f3n<!--more--><\/p>\n<article class=\"article\">\n<div class=\"nd-body-article\">\n<div class=\"visual__image \"><img loading=\"lazy\" decoding=\"async\" src=\"https:\/\/www.infobae.com\/new-resizer\/cNAGkkvO251yGENIzhEf0b9OXAM=\/420x236\/filters:format(jpg):quality(85)\/cloudfront-us-east-1.images.arcpublishing.com\/infobae\/WJNVZNR2NBFI5CDQODKQI7TZC4.jpg%20420w\" sizes=\"auto, (min-width: 800px) 50vw, 90vw\" srcset=\"https:\/\/www.infobae.com\/new-resizer\/cNAGkkvO251yGENIzhEf0b9OXAM=\/420x236\/filters:format(jpg):quality(85)\/cloudfront-us-east-1.images.arcpublishing.com\/infobae\/WJNVZNR2NBFI5CDQODKQI7TZC4.jpg 420w,https:\/\/www.infobae.com\/new-resizer\/NFVwm4L43PusVvNDWOwvUrBCz-w=\/768x432\/filters:format(jpg):quality(85)\/cloudfront-us-east-1.images.arcpublishing.com\/infobae\/WJNVZNR2NBFI5CDQODKQI7TZC4.jpg 768w,https:\/\/www.infobae.com\/new-resizer\/uyPiG37ZdV9LiZmF7kKMzuu1nUo=\/992x558\/filters:format(jpg):quality(85)\/cloudfront-us-east-1.images.arcpublishing.com\/infobae\/WJNVZNR2NBFI5CDQODKQI7TZC4.jpg 992w,https:\/\/www.infobae.com\/new-resizer\/QP1KbmtqO8fdOIiidQ9VH9xR0fM=\/1200x675\/filters:format(jpg):quality(85)\/cloudfront-us-east-1.images.arcpublishing.com\/infobae\/WJNVZNR2NBFI5CDQODKQI7TZC4.jpg 1200w\" alt=\"Fernando Iglesias es cuestionado por un grupo de diputadas por sus continuos ataques contra mujeres en la C\u00e1mara.\" width=\"1920\" height=\"1080\" \/>Fernando Iglesias es cuestionado por un grupo de diputadas por sus continuos ataques contra mujeres en la C\u00e1mara.<\/div>\n<p class=\"paragraph\">La diputada nacional del Frente de Todos\u00a0<b>Gabriela Cerruti present\u00f3 un pedido de exclusi\u00f3n en la C\u00e1mara de Diputados de su colega Fernando Iglesias (PRO) por su actitud \u201cviolenta contra las mujeres\u201d\u00a0<\/b>y sus dichos \u201cmis\u00f3ginos\u201d contra la actriz\u00a0<b>Florencia Pe\u00f1a\u00a0<\/b>por una reuni\u00f3n que mantuvo el a\u00f1o pasado con el presidente\u00a0<b>Alberto Fern\u00e1ndez\u00a0<\/b>en la Residencia de Olivos.<\/p>\n<p class=\"paragraph\">En el escrito que present\u00f3 en la C\u00e1mara de Diputados, la legisladora por la Ciudad de Buenos Aires hace referencia a que\u00a0<b>Iglesias \u201csigue siendo un emisor de mensajes de odio y de violencia contra las mujeres\u201d\u00a0<\/b>y hace referencia a diferentes hechos en donde est\u00e1 involucrado.<\/p>\n<p class=\"paragraph\">As\u00ed, por ejemplo, en el texto se hace referencia a otro encuentro televisivo en el mismo canal de noticias en donde el legislador intent\u00f3 cancelar la discusi\u00f3n con la ahora candidata Victoria Tolosa Paz por que no pod\u00eda discutir con ella porque es \u201cuna mujer bonita\u201d, pero no es el \u00fanico que se recuerda.<\/p>\n<p class=\"paragraph\">Hace poco tiempo atac\u00f3, siempre en redes sociales, a<b>\u00a0Andrea Rinc\u00f3n<\/b>\u00a0por un saludo peronista en el programa Masterchef y a<b>\u00a0Luciana Salazar<\/b>\u00a0respecto de su inteligencia.<\/p>\n<p class=\"paragraph\">Pero las peleas y los dichos contra las mujeres de\u00a0<b>Fernando Iglesias<\/b>\u00a0no son solo en los estudios de televisi\u00f3n o en las redes sociales, sino que tambi\u00e9n suceden en el recinto de la C\u00e1mara de Diputados.<\/p>\n<p class=\"paragraph\">El pasado 28 de marzo, la diputada Cerruti escrib\u00eda en la red social Twitter que \u201cdurante la sesi\u00f3n por Ganancias, el diputado Iglesias me dijo loca a m\u00ed, y boluda, cacat\u00faa e infradotada a otras compa\u00f1eras del Frente de Todos. Violencia no es solo un empuj\u00f3n\u201d, en referencia al empuj\u00f3n que le propin\u00f3 en los pasillos el diputado Alberto Vivero a Fernando Iglesias, el cual el legislador del Pro denunci\u00f3 con vehemencia y que termin\u00f3 con un pedido de disculpas p\u00fablicos.<\/p>\n<p class=\"paragraph\">Hasta ahora s\u00f3lo se present\u00f3 el proyecto de resoluci\u00f3n que puede terminar con la expulsi\u00f3n de la C\u00e1mara de Diputados como sanci\u00f3n m\u00e1xima, una suspensi\u00f3n de su rol como legislador o un apercibimiento.<\/p>\n<div class=\"visual__image \"><img loading=\"lazy\" decoding=\"async\" src=\"https:\/\/www.infobae.com\/new-resizer\/lNscsLwJ9WZeSzcSqKOR--nZsL0=\/420x236\/filters:format(jpg):quality(85)\/cloudfront-us-east-1.images.arcpublishing.com\/infobae\/4ZJQ27MPYNFW3FI7K64GPVPNXY.jpg%20420w\" sizes=\"auto, (min-width: 800px) 50vw, 90vw\" srcset=\"https:\/\/www.infobae.com\/new-resizer\/lNscsLwJ9WZeSzcSqKOR--nZsL0=\/420x236\/filters:format(jpg):quality(85)\/cloudfront-us-east-1.images.arcpublishing.com\/infobae\/4ZJQ27MPYNFW3FI7K64GPVPNXY.jpg 420w,https:\/\/www.infobae.com\/new-resizer\/DTI_1ylm8c7vESbwKnun6FPPXCc=\/768x432\/filters:format(jpg):quality(85)\/cloudfront-us-east-1.images.arcpublishing.com\/infobae\/4ZJQ27MPYNFW3FI7K64GPVPNXY.jpg 768w,https:\/\/www.infobae.com\/new-resizer\/u90GgqB2eeCSZsniA86WBw3IkYE=\/992x558\/filters:format(jpg):quality(85)\/cloudfront-us-east-1.images.arcpublishing.com\/infobae\/4ZJQ27MPYNFW3FI7K64GPVPNXY.jpg 992w,https:\/\/www.infobae.com\/new-resizer\/kcxHrDW5PaGuwtdSZ3efqd8jChE=\/1200x675\/filters:format(jpg):quality(85)\/cloudfront-us-east-1.images.arcpublishing.com\/infobae\/4ZJQ27MPYNFW3FI7K64GPVPNXY.jpg 1200w\" alt=\"\" width=\"1920\" height=\"1080\" \/><\/div>\n<p class=\"paragraph\">El proyecto de Cerruti es acompa\u00f1ado por Victoria Rosso, Paola Vessvessian, M\u00f3nica Macha, Laura Russo, Hilda Aguirre, Mara Brawer, Ayel\u00e9n Sp\u00f3sito, Patricia Mounier, Claudia Ormaechea, Mar\u00eda Rosa Mart\u00ednez, Mar\u00eda Jimena L\u00f3pez, Mabel Caparr\u00f3s, Gisela Marziotta y Gabriela Est\u00e9vez.<\/p>\n<p class=\"paragraph\">A este grupo se le sumaron otras voces como la de los periodistas Bruno Bimbi y Mar\u00eda O\u00b4Donell y la escritora Mar\u00eda Florencia Freijo, entre otros.<\/p>\n<p class=\"paragraph\">La diputada Hilda Soria se sum\u00f3 al pedido de castigo en la C\u00e1mara Baja y dijo: \u201cRepudio las expresiones de Fernando Iglesias. El lenguaje violento y mis\u00f3gino evidencia una inconducta moral al promover y ejercer p\u00fablicamente discursos de odio que incitan a la violencia pol\u00edtica y hacia las mujeres en particular\u201d y los hizo utilizando el hashtag\u00a0<a href=\"https:\/\/twitter.com\/hashtag\/parlamentolibredeviolencia?src=hashtag_click\">#parlamentolibredeviolencia<\/a>\u00a0<a href=\"https:\/\/twitter.com\/hashtag\/IglesiasMisogino?src=hashtag_click\">#IglesiasMisogino<\/a>.<\/p>\n<p class=\"paragraph\">Desde las mujeres del bloque de Juntos por el Cambio s\u00f3lo se expres\u00f3 la diputada nacional y Secretaria Parlamentaria del Interbloque JxC, Silvia Lospennato quien calific\u00f3 como \u201cp\u00e9simo\u201d el tuit de Iglesias.<\/p>\n<div class=\"visual__image \"><img loading=\"lazy\" decoding=\"async\" src=\"https:\/\/www.infobae.com\/new-resizer\/8VKzWslqDeYxuJZghBeCDdtnZOc=\/420x420\/filters:format(jpg):quality(85)\/cloudfront-us-east-1.images.arcpublishing.com\/infobae\/VBZD36EJQBCBFEO2JRSHTMV2IU.jpg%20420w\" sizes=\"auto, (min-width: 800px) 50vw, 90vw\" srcset=\"https:\/\/www.infobae.com\/new-resizer\/8VKzWslqDeYxuJZghBeCDdtnZOc=\/420x420\/filters:format(jpg):quality(85)\/cloudfront-us-east-1.images.arcpublishing.com\/infobae\/VBZD36EJQBCBFEO2JRSHTMV2IU.jpg 420w,https:\/\/www.infobae.com\/new-resizer\/nlfdTqvHduGWWpbmHueWZQ7MM8I=\/768x768\/filters:format(jpg):quality(85)\/cloudfront-us-east-1.images.arcpublishing.com\/infobae\/VBZD36EJQBCBFEO2JRSHTMV2IU.jpg 768w,https:\/\/www.infobae.com\/new-resizer\/TapeQodFiTE2tjNJzwuupw0syIY=\/992x992\/filters:format(jpg):quality(85)\/cloudfront-us-east-1.images.arcpublishing.com\/infobae\/VBZD36EJQBCBFEO2JRSHTMV2IU.jpg 992w,https:\/\/www.infobae.com\/new-resizer\/IgF_oVk7gtp4Tdv1y3yqJl854-k=\/1200x1200\/filters:format(jpg):quality(85)\/cloudfront-us-east-1.images.arcpublishing.com\/infobae\/VBZD36EJQBCBFEO2JRSHTMV2IU.jpg 1200w\" alt=\"\" width=\"1024\" height=\"938\" \/><\/div>\n<p class=\"paragraph\">La respuesta lleg\u00f3 de la periodista Nancy Pazos, quien en la misma red social le contest\u00f3 a Lospennato que \u201cdenigrar a una mujer o a varias mujeres deber\u00eda estar fuera del c\u00f3digo de \u00e9tica de cualquier fuerza pol\u00edtica. Decir s\u00f3lo que est\u00e1 mal. Sin exigirle reparaci\u00f3n p\u00fablica o institucional es quedar en la mitad del camino\u201d.<\/p>\n<p class=\"paragraph\">Iglesias, cuenta con el apoyo de Mauricio Macri y Patricia Bullrich quienes fueron los que pidieron que integrara la lista de Juntos por el Cambio en la Ciudad. Y lo hace con probabilidades de renovar su banca ya que est\u00e1 quinto en la lista que tiene como cabeza a Mar\u00eda Eugenia Vidal. En las \u00faltimas horas, al ser consultada sobre su figura, expres\u00f3: \u201cYo estoy orgullosa de toda la lista\u201d.<\/p>\n<p class=\"paragraph\">En el recinto suele ser un legislador que se pelea con sus adversarios pol\u00edticos. Y suele hacerlo a los gritos, al punto que en la apertura de sesiones ordinarias de 2021 el Presidente Fern\u00e1ndez le respondi\u00f3 en el medio de su discurso consecuencia de los gritos constante que profer\u00eda el legislador.<\/p>\n<div class=\"visual__image \"><img loading=\"lazy\" decoding=\"async\" src=\"https:\/\/www.infobae.com\/new-resizer\/2M6GXaJEfelbKshWO0g2cqQr2gI=\/420x236\/filters:format(jpg):quality(85)\/cloudfront-us-east-1.images.arcpublishing.com\/infobae\/V7NFI7KRYFA2BGNYBD7W22HAJA.jpg%20420w\" sizes=\"auto, (min-width: 800px) 50vw, 90vw\" srcset=\"https:\/\/www.infobae.com\/new-resizer\/2M6GXaJEfelbKshWO0g2cqQr2gI=\/420x236\/filters:format(jpg):quality(85)\/cloudfront-us-east-1.images.arcpublishing.com\/infobae\/V7NFI7KRYFA2BGNYBD7W22HAJA.jpg 420w,https:\/\/www.infobae.com\/new-resizer\/X26v2Iai5zO2ytsf72ZSe5C6nig=\/768x432\/filters:format(jpg):quality(85)\/cloudfront-us-east-1.images.arcpublishing.com\/infobae\/V7NFI7KRYFA2BGNYBD7W22HAJA.jpg 768w,https:\/\/www.infobae.com\/new-resizer\/4GDrhLH_zvKxS0oa2PSelD-kH9c=\/992x558\/filters:format(jpg):quality(85)\/cloudfront-us-east-1.images.arcpublishing.com\/infobae\/V7NFI7KRYFA2BGNYBD7W22HAJA.jpg 992w,https:\/\/www.infobae.com\/new-resizer\/jPRgX-LjJIbbtxOQc_1SCUEP9uU=\/1200x675\/filters:format(jpg):quality(85)\/cloudfront-us-east-1.images.arcpublishing.com\/infobae\/V7NFI7KRYFA2BGNYBD7W22HAJA.jpg 1200w\" alt=\"Fernando Iglesias, en la \u00faltima foto de campa\u00f1a, junto a la precandidata Mar\u00eda Eugenia Vidal. (Foto NA)\" width=\"1920\" height=\"1079\" \/>Fernando Iglesias, en la \u00faltima foto de campa\u00f1a, junto a la precandidata Mar\u00eda Eugenia Vidal. (Foto NA)<\/div>\n<p class=\"paragraph\">Por \u00faltimo, el colectivo\u00a0<b>Mujeres Gobernando<\/b>, que est\u00e1 conformado por funcionarias nacionales expresaron su apoyo a la actriz\u00a0<b>Florencia Pe\u00f1a<\/b>\u00a0y repudiaron particularmente el accionar del diputado de Juntos por el Cambio (JxC),\u00a0<b>Fernando Iglesias<\/b>.<\/p>\n<p class=\"paragraph\">\u201cLas expresiones de\u00a0<b>misoginia<\/b>\u00a0y violencia de g\u00e9nero vertidas en las redes sociales y medios de comunicaci\u00f3n son actitudes que deber\u00edan estar desterradas en nuestras instituciones democr\u00e1ticas y no deben ser normalizadas\u201d, agregaron en un hilo publicado en al red social.<\/p>\n<p>&nbsp;<\/p>\n<\/div>\n<\/article>\n<div class=\"author-image\"><img loading=\"lazy\" decoding=\"async\" src=\"https:\/\/s3.amazonaws.com\/arc-authors\/infobae\/2a73d324-d57f-474f-ba9b-7de0a6cbe4ef.png\" alt=\"David Cay\u00f3n\" width=\"60\" height=\"60\" \/><\/div>\n<div class=\"byline-text-wrapper\">\n<div class=\"authors\">\n<p>Por: \u00a0<a class=\"author\" href=\"https:\/\/www.infobae.com\/autor\/david-cayon\">David Cay\u00f3n<\/a><\/p>\n<\/div>\n<div class=\"byline-datetime\"><\/div>\n<\/div>\n","protected":false},"excerpt":{"rendered":"<p>El pedido lo impulsa la legisladora Gabriela Cerruti y es consecuencia de los dichos de su par del Pro quien calific\u00f3 como \u201cfiesta sexual\u201d la reuni\u00f3n de la actriz Florencia Pe\u00f1a con el presidente Fern\u00e1ndez. La sanci\u00f3n que se le podr\u00eda aplicar va desde la suspensi\u00f3n a la expulsi\u00f3n del Congreso de la Naci\u00f3n<\/p>\n","protected":false},"author":3,"featured_media":0,"comment_status":"closed","ping_status":"closed","sticky":false,"template":"","format":"standard","meta":{"footnotes":""},"categories":[24],"tags":[],"class_list":["post-61048","post","type-post","status-publish","format-standard","hentry","category-politica"],"yoast_head":"<!-- This site is optimized with the Yoast SEO plugin v25.9 - https:\/\/yoast.com\/wordpress\/plugins\/seo\/ -->\n<title>Quince diputadas piden la expulsi\u00f3n de Fernando Iglesias de la C\u00e1mara por sus reiterados ataques a las mujeres - Noticias Radio Reflejos<\/title>\n<meta name=\"robots\" content=\"index, follow, max-snippet:-1, max-image-preview:large, max-video-preview:-1\" \/>\n<link rel=\"canonical\" href=\"https:\/\/www.noticiasradioreflejos.com.ar\/2021\/quince-diputadas-piden-la-expulsion-de-fernando-iglesias-de-la-camara-por-sus-reiterados-ataques-a-las-mujeres\/\" \/>\n<meta property=\"og:locale\" content=\"es_ES\" \/>\n<meta property=\"og:type\" content=\"article\" \/>\n<meta property=\"og:title\" content=\"Quince diputadas piden la expulsi\u00f3n de Fernando Iglesias de la C\u00e1mara por sus reiterados ataques a las mujeres - Noticias Radio Reflejos\" \/>\n<meta property=\"og:description\" content=\"El pedido lo impulsa la legisladora Gabriela Cerruti y es consecuencia de los dichos de su par del Pro quien calific\u00f3 como \u201cfiesta sexual\u201d la reuni\u00f3n de la actriz Florencia Pe\u00f1a con el presidente Fern\u00e1ndez. La sanci\u00f3n que se le podr\u00eda aplicar va desde la suspensi\u00f3n a la expulsi\u00f3n del Congreso de la Naci\u00f3n\" \/>\n<meta property=\"og:url\" content=\"https:\/\/www.noticiasradioreflejos.com.ar\/2021\/quince-diputadas-piden-la-expulsion-de-fernando-iglesias-de-la-camara-por-sus-reiterados-ataques-a-las-mujeres\/\" \/>\n<meta property=\"og:site_name\" content=\"Noticias Radio Reflejos\" \/>\n<meta property=\"article:published_time\" content=\"2021-08-03T23:33:54+00:00\" \/>\n<meta property=\"og:image\" content=\"https:\/\/www.infobae.com\/new-resizer\/cNAGkkvO251yGENIzhEf0b9OXAM=\/420x236\/filters:format(jpg):quality(85)\/cloudfront-us-east-1.images.arcpublishing.com\/infobae\/WJNVZNR2NBFI5CDQODKQI7TZC4.jpg%20420w\" \/>\n<meta name=\"author\" content=\"Arnaldo Botto\" \/>\n<meta name=\"twitter:card\" content=\"summary_large_image\" \/>\n<script type=\"application\/ld+json\" class=\"yoast-schema-graph\">{\"@context\":\"https:\/\/schema.org\",\"@graph\":[{\"@type\":\"WebPage\",\"@id\":\"https:\/\/www.noticiasradioreflejos.com.ar\/2021\/quince-diputadas-piden-la-expulsion-de-fernando-iglesias-de-la-camara-por-sus-reiterados-ataques-a-las-mujeres\/\",\"url\":\"https:\/\/www.noticiasradioreflejos.com.ar\/2021\/quince-diputadas-piden-la-expulsion-de-fernando-iglesias-de-la-camara-por-sus-reiterados-ataques-a-las-mujeres\/\",\"name\":\"Quince diputadas piden la expulsi\u00f3n de Fernando Iglesias de la C\u00e1mara por sus reiterados ataques a las mujeres - Noticias Radio Reflejos\",\"isPartOf\":{\"@id\":\"https:\/\/www.noticiasradioreflejos.com.ar\/2021\/#website\"},\"primaryImageOfPage\":{\"@id\":\"https:\/\/www.noticiasradioreflejos.com.ar\/2021\/quince-diputadas-piden-la-expulsion-de-fernando-iglesias-de-la-camara-por-sus-reiterados-ataques-a-las-mujeres\/#primaryimage\"},\"image\":{\"@id\":\"https:\/\/www.noticiasradioreflejos.com.ar\/2021\/quince-diputadas-piden-la-expulsion-de-fernando-iglesias-de-la-camara-por-sus-reiterados-ataques-a-las-mujeres\/#primaryimage\"},\"thumbnailUrl\":\"https:\/\/www.infobae.com\/new-resizer\/cNAGkkvO251yGENIzhEf0b9OXAM=\/420x236\/filters:format(jpg):quality(85)\/cloudfront-us-east-1.images.arcpublishing.com\/infobae\/WJNVZNR2NBFI5CDQODKQI7TZC4.jpg%20420w\",\"datePublished\":\"2021-08-03T23:33:54+00:00\",\"author\":{\"@id\":\"https:\/\/www.noticiasradioreflejos.com.ar\/2021\/#\/schema\/person\/ad82545263dcc5ec0996818884fd5fb1\"},\"breadcrumb\":{\"@id\":\"https:\/\/www.noticiasradioreflejos.com.ar\/2021\/quince-diputadas-piden-la-expulsion-de-fernando-iglesias-de-la-camara-por-sus-reiterados-ataques-a-las-mujeres\/#breadcrumb\"},\"inLanguage\":\"es\",\"potentialAction\":[{\"@type\":\"ReadAction\",\"target\":[\"https:\/\/www.noticiasradioreflejos.com.ar\/2021\/quince-diputadas-piden-la-expulsion-de-fernando-iglesias-de-la-camara-por-sus-reiterados-ataques-a-las-mujeres\/\"]}]},{\"@type\":\"ImageObject\",\"inLanguage\":\"es\",\"@id\":\"https:\/\/www.noticiasradioreflejos.com.ar\/2021\/quince-diputadas-piden-la-expulsion-de-fernando-iglesias-de-la-camara-por-sus-reiterados-ataques-a-las-mujeres\/#primaryimage\",\"url\":\"https:\/\/www.infobae.com\/new-resizer\/cNAGkkvO251yGENIzhEf0b9OXAM=\/420x236\/filters:format(jpg):quality(85)\/cloudfront-us-east-1.images.arcpublishing.com\/infobae\/WJNVZNR2NBFI5CDQODKQI7TZC4.jpg%20420w\",\"contentUrl\":\"https:\/\/www.infobae.com\/new-resizer\/cNAGkkvO251yGENIzhEf0b9OXAM=\/420x236\/filters:format(jpg):quality(85)\/cloudfront-us-east-1.images.arcpublishing.com\/infobae\/WJNVZNR2NBFI5CDQODKQI7TZC4.jpg%20420w\"},{\"@type\":\"BreadcrumbList\",\"@id\":\"https:\/\/www.noticiasradioreflejos.com.ar\/2021\/quince-diputadas-piden-la-expulsion-de-fernando-iglesias-de-la-camara-por-sus-reiterados-ataques-a-las-mujeres\/#breadcrumb\",\"itemListElement\":[{\"@type\":\"ListItem\",\"position\":1,\"name\":\"Portada\",\"item\":\"https:\/\/www.noticiasradioreflejos.com.ar\/2021\/\"},{\"@type\":\"ListItem\",\"position\":2,\"name\":\"Quince diputadas piden la expulsi\u00f3n de Fernando Iglesias de la C\u00e1mara por sus reiterados ataques a las mujeres\"}]},{\"@type\":\"WebSite\",\"@id\":\"https:\/\/www.noticiasradioreflejos.com.ar\/2021\/#website\",\"url\":\"https:\/\/www.noticiasradioreflejos.com.ar\/2021\/\",\"name\":\"Noticias Radio Reflejos\",\"description\":\"Las noticias de mi comarca\",\"potentialAction\":[{\"@type\":\"SearchAction\",\"target\":{\"@type\":\"EntryPoint\",\"urlTemplate\":\"https:\/\/www.noticiasradioreflejos.com.ar\/2021\/?s={search_term_string}\"},\"query-input\":{\"@type\":\"PropertyValueSpecification\",\"valueRequired\":true,\"valueName\":\"search_term_string\"}}],\"inLanguage\":\"es\"},{\"@type\":\"Person\",\"@id\":\"https:\/\/www.noticiasradioreflejos.com.ar\/2021\/#\/schema\/person\/ad82545263dcc5ec0996818884fd5fb1\",\"name\":\"Arnaldo Botto\",\"image\":{\"@type\":\"ImageObject\",\"inLanguage\":\"es\",\"@id\":\"https:\/\/www.noticiasradioreflejos.com.ar\/2021\/#\/schema\/person\/image\/\",\"url\":\"https:\/\/secure.gravatar.com\/avatar\/55cb5e37c1efa326397366e6974cb338056df65cb50e7d64d1cf314e87504837?s=96&d=mm&r=g\",\"contentUrl\":\"https:\/\/secure.gravatar.com\/avatar\/55cb5e37c1efa326397366e6974cb338056df65cb50e7d64d1cf314e87504837?s=96&d=mm&r=g\",\"caption\":\"Arnaldo Botto\"},\"url\":\"https:\/\/www.noticiasradioreflejos.com.ar\/2021\/author\/arnaldo\/\"}]}<\/script>\n<!-- \/ Yoast SEO plugin. -->","yoast_head_json":{"title":"Quince diputadas piden la expulsi\u00f3n de Fernando Iglesias de la C\u00e1mara por sus reiterados ataques a las mujeres - Noticias Radio Reflejos","robots":{"index":"index","follow":"follow","max-snippet":"max-snippet:-1","max-image-preview":"max-image-preview:large","max-video-preview":"max-video-preview:-1"},"canonical":"https:\/\/www.noticiasradioreflejos.com.ar\/2021\/quince-diputadas-piden-la-expulsion-de-fernando-iglesias-de-la-camara-por-sus-reiterados-ataques-a-las-mujeres\/","og_locale":"es_ES","og_type":"article","og_title":"Quince diputadas piden la expulsi\u00f3n de Fernando Iglesias de la C\u00e1mara por sus reiterados ataques a las mujeres - Noticias Radio Reflejos","og_description":"El pedido lo impulsa la legisladora Gabriela Cerruti y es consecuencia de los dichos de su par del Pro quien calific\u00f3 como \u201cfiesta sexual\u201d la reuni\u00f3n de la actriz Florencia Pe\u00f1a con el presidente Fern\u00e1ndez. La sanci\u00f3n que se le podr\u00eda aplicar va desde la suspensi\u00f3n a la expulsi\u00f3n del Congreso de la Naci\u00f3n","og_url":"https:\/\/www.noticiasradioreflejos.com.ar\/2021\/quince-diputadas-piden-la-expulsion-de-fernando-iglesias-de-la-camara-por-sus-reiterados-ataques-a-las-mujeres\/","og_site_name":"Noticias Radio Reflejos","article_published_time":"2021-08-03T23:33:54+00:00","og_image":[{"url":"https:\/\/www.infobae.com\/new-resizer\/cNAGkkvO251yGENIzhEf0b9OXAM=\/420x236\/filters:format(jpg):quality(85)\/cloudfront-us-east-1.images.arcpublishing.com\/infobae\/WJNVZNR2NBFI5CDQODKQI7TZC4.jpg%20420w","type":"","width":"","height":""}],"author":"Arnaldo Botto","twitter_card":"summary_large_image","schema":{"@context":"https:\/\/schema.org","@graph":[{"@type":"WebPage","@id":"https:\/\/www.noticiasradioreflejos.com.ar\/2021\/quince-diputadas-piden-la-expulsion-de-fernando-iglesias-de-la-camara-por-sus-reiterados-ataques-a-las-mujeres\/","url":"https:\/\/www.noticiasradioreflejos.com.ar\/2021\/quince-diputadas-piden-la-expulsion-de-fernando-iglesias-de-la-camara-por-sus-reiterados-ataques-a-las-mujeres\/","name":"Quince diputadas piden la expulsi\u00f3n de Fernando Iglesias de la C\u00e1mara por sus reiterados ataques a las mujeres - Noticias Radio Reflejos","isPartOf":{"@id":"https:\/\/www.noticiasradioreflejos.com.ar\/2021\/#website"},"primaryImageOfPage":{"@id":"https:\/\/www.noticiasradioreflejos.com.ar\/2021\/quince-diputadas-piden-la-expulsion-de-fernando-iglesias-de-la-camara-por-sus-reiterados-ataques-a-las-mujeres\/#primaryimage"},"image":{"@id":"https:\/\/www.noticiasradioreflejos.com.ar\/2021\/quince-diputadas-piden-la-expulsion-de-fernando-iglesias-de-la-camara-por-sus-reiterados-ataques-a-las-mujeres\/#primaryimage"},"thumbnailUrl":"https:\/\/www.infobae.com\/new-resizer\/cNAGkkvO251yGENIzhEf0b9OXAM=\/420x236\/filters:format(jpg):quality(85)\/cloudfront-us-east-1.images.arcpublishing.com\/infobae\/WJNVZNR2NBFI5CDQODKQI7TZC4.jpg%20420w","datePublished":"2021-08-03T23:33:54+00:00","author":{"@id":"https:\/\/www.noticiasradioreflejos.com.ar\/2021\/#\/schema\/person\/ad82545263dcc5ec0996818884fd5fb1"},"breadcrumb":{"@id":"https:\/\/www.noticiasradioreflejos.com.ar\/2021\/quince-diputadas-piden-la-expulsion-de-fernando-iglesias-de-la-camara-por-sus-reiterados-ataques-a-las-mujeres\/#breadcrumb"},"inLanguage":"es","potentialAction":[{"@type":"ReadAction","target":["https:\/\/www.noticiasradioreflejos.com.ar\/2021\/quince-diputadas-piden-la-expulsion-de-fernando-iglesias-de-la-camara-por-sus-reiterados-ataques-a-las-mujeres\/"]}]},{"@type":"ImageObject","inLanguage":"es","@id":"https:\/\/www.noticiasradioreflejos.com.ar\/2021\/quince-diputadas-piden-la-expulsion-de-fernando-iglesias-de-la-camara-por-sus-reiterados-ataques-a-las-mujeres\/#primaryimage","url":"https:\/\/www.infobae.com\/new-resizer\/cNAGkkvO251yGENIzhEf0b9OXAM=\/420x236\/filters:format(jpg):quality(85)\/cloudfront-us-east-1.images.arcpublishing.com\/infobae\/WJNVZNR2NBFI5CDQODKQI7TZC4.jpg%20420w","contentUrl":"https:\/\/www.infobae.com\/new-resizer\/cNAGkkvO251yGENIzhEf0b9OXAM=\/420x236\/filters:format(jpg):quality(85)\/cloudfront-us-east-1.images.arcpublishing.com\/infobae\/WJNVZNR2NBFI5CDQODKQI7TZC4.jpg%20420w"},{"@type":"BreadcrumbList","@id":"https:\/\/www.noticiasradioreflejos.com.ar\/2021\/quince-diputadas-piden-la-expulsion-de-fernando-iglesias-de-la-camara-por-sus-reiterados-ataques-a-las-mujeres\/#breadcrumb","itemListElement":[{"@type":"ListItem","position":1,"name":"Portada","item":"https:\/\/www.noticiasradioreflejos.com.ar\/2021\/"},{"@type":"ListItem","position":2,"name":"Quince diputadas piden la expulsi\u00f3n de Fernando Iglesias de la C\u00e1mara por sus reiterados ataques a las mujeres"}]},{"@type":"WebSite","@id":"https:\/\/www.noticiasradioreflejos.com.ar\/2021\/#website","url":"https:\/\/www.noticiasradioreflejos.com.ar\/2021\/","name":"Noticias Radio Reflejos","description":"Las noticias de mi comarca","potentialAction":[{"@type":"SearchAction","target":{"@type":"EntryPoint","urlTemplate":"https:\/\/www.noticiasradioreflejos.com.ar\/2021\/?s={search_term_string}"},"query-input":{"@type":"PropertyValueSpecification","valueRequired":true,"valueName":"search_term_string"}}],"inLanguage":"es"},{"@type":"Person","@id":"https:\/\/www.noticiasradioreflejos.com.ar\/2021\/#\/schema\/person\/ad82545263dcc5ec0996818884fd5fb1","name":"Arnaldo Botto","image":{"@type":"ImageObject","inLanguage":"es","@id":"https:\/\/www.noticiasradioreflejos.com.ar\/2021\/#\/schema\/person\/image\/","url":"https:\/\/secure.gravatar.com\/avatar\/55cb5e37c1efa326397366e6974cb338056df65cb50e7d64d1cf314e87504837?s=96&d=mm&r=g","contentUrl":"https:\/\/secure.gravatar.com\/avatar\/55cb5e37c1efa326397366e6974cb338056df65cb50e7d64d1cf314e87504837?s=96&d=mm&r=g","caption":"Arnaldo Botto"},"url":"https:\/\/www.noticiasradioreflejos.com.ar\/2021\/author\/arnaldo\/"}]}},"_links":{"self":[{"href":"https:\/\/www.noticiasradioreflejos.com.ar\/2021\/wp-json\/wp\/v2\/posts\/61048","targetHints":{"allow":["GET"]}}],"collection":[{"href":"https:\/\/www.noticiasradioreflejos.com.ar\/2021\/wp-json\/wp\/v2\/posts"}],"about":[{"href":"https:\/\/www.noticiasradioreflejos.com.ar\/2021\/wp-json\/wp\/v2\/types\/post"}],"author":[{"embeddable":true,"href":"https:\/\/www.noticiasradioreflejos.com.ar\/2021\/wp-json\/wp\/v2\/users\/3"}],"replies":[{"embeddable":true,"href":"https:\/\/www.noticiasradioreflejos.com.ar\/2021\/wp-json\/wp\/v2\/comments?post=61048"}],"version-history":[{"count":1,"href":"https:\/\/www.noticiasradioreflejos.com.ar\/2021\/wp-json\/wp\/v2\/posts\/61048\/revisions"}],"predecessor-version":[{"id":61050,"href":"https:\/\/www.noticiasradioreflejos.com.ar\/2021\/wp-json\/wp\/v2\/posts\/61048\/revisions\/61050"}],"wp:attachment":[{"href":"https:\/\/www.noticiasradioreflejos.com.ar\/2021\/wp-json\/wp\/v2\/media?parent=61048"}],"wp:term":[{"taxonomy":"category","embeddable":true,"href":"https:\/\/www.noticiasradioreflejos.com.ar\/2021\/wp-json\/wp\/v2\/categories?post=61048"},{"taxonomy":"post_tag","embeddable":true,"href":"https:\/\/www.noticiasradioreflejos.com.ar\/2021\/wp-json\/wp\/v2\/tags?post=61048"}],"curies":[{"name":"wp","href":"https:\/\/api.w.org\/{rel}","templated":true}]}}