{"id":61046,"date":"2021-08-03T23:28:26","date_gmt":"2021-08-03T23:28:26","guid":{"rendered":"http:\/\/www.noticiasradioreflejos.com.ar\/2021\/?p=61046"},"modified":"2021-08-03T23:28:26","modified_gmt":"2021-08-03T23:28:26","slug":"tres-bomberos-murieron-durante-un-incendio-en-un-departamento","status":"publish","type":"post","link":"https:\/\/www.noticiasradioreflejos.com.ar\/2021\/tres-bomberos-murieron-durante-un-incendio-en-un-departamento\/","title":{"rendered":"Tres bomberos murieron durante un incendio en un departamento"},"content":{"rendered":"<div class=\"head-content\">\n<p>Las v\u00edctimas fatales son Cristian Ragazzoni (36), quien muri\u00f3 antes de llegar a un centro de salud; Gabriel Fedelli (49), fallecido poco despu\u00e9s de ingresar para ser atendido; y Pablo Silva (47), quien se encontraba internado en \u00abestado cr\u00edtico\u00bb.<\/p>\n<\/div>\n<p><!--more--><\/p>\n<div class=\"main-content-block\">\n<div class=\"main-box clearfix\">\n<div class=\"wrapper-main-section clearfix\">\n<div class=\"wrapper-editable-content\">\n<div class=\"editable-content clearfix\">\n<div id=\"image\" class=\"image\">\n<p><img decoding=\"async\" title=\"El siniestro se produjo en el cuarto piso del edificio situado en Avenida San Mart\u00edn 1351. Foto: captura Google Street View.\" src=\"https:\/\/www.telam.com.ar\/advf\/imagenes\/2021\/08\/610987682d2ec_1004x565.jpg\" alt=\"El siniestro se produjo en el cuarto piso del edificio situado en Avenida San Mart\u00edn 1351. Foto: captura Google Street View.\" \/><\/p>\n<div class=\"epigrafe\">El siniestro se produjo en el cuarto piso del edificio situado en Avenida San Mart\u00edn 1351. Foto: captura Google Street View.<\/div>\n<\/div>\n<p>Tres bomberos murieron hoy mientras trabajaban para sofocar un incendio en un departamento de un edificio en la localidad bonaerense de Caseros, partido de Tres de Febrero, informaron fuentes policiales.<\/p>\n<p>Las v\u00edctimas fatales son Cristian Ragazzoni (36), quien muri\u00f3 antes de llegar a un centro de salud; Gabriel Fedelli (49), fallecido poco despu\u00e9s de ingresar para ser atendido; y Pablo Silva (47), quien se encontraba internado en \u00abestado cr\u00edtico\u00bb, precisaron a T\u00e9lam las fuentes consultadas.<\/p>\n<p>El siniestro se produjo en el cuarto piso del edificio situado en Avenida San Mart\u00edn 1351, hasta donde se trasladaron personal policial, del Same y bomberos de Tres de Febrero<\/p>\n<p>Al llegar al lugar se encontraron con un foco \u00edgneo en el departamento C, aparentemente originado por una estufa.<\/p>\n<p>Tras proceder a la evacuaci\u00f3n de los ocupantes del edificio, se logr\u00f3 controlar el incendio, pero tres de los bomberos resultaron afectados por el humo y el fuego, y dos de ellos murieron.<\/p>\n<p>Por lo hecho se inici\u00f3 una causa judicial bajo la car\u00e1tula de \u00abincendio\u00bb en la Unidad Fiscal 7 del Departamento Judicial de San Mart\u00edn, a cargo de la fiscal Diana Mayko.<\/p>\n<blockquote class=\"twitter-tweet\" data-width=\"500\" data-dnt=\"true\">\n<p lang=\"es\" dir=\"ltr\">Enorme dolor por el fallecimiento de dos bomberos voluntarios en un incendio en Caseros. Otro compa\u00f1ero est\u00e1 internado en el hospital Carrillo. Declaramos duelo municipal, nuestras condolencias a las familias. <a href=\"https:\/\/t.co\/wrJqk8aMT9\">pic.twitter.com\/wrJqk8aMT9<\/a><\/p>\n<p>&mdash; Diego Valenzuela (@dievalen) <a href=\"https:\/\/twitter.com\/dievalen\/status\/1422560202319073286?ref_src=twsrc%5Etfw\">August 3, 2021<\/a><\/p><\/blockquote>\n<p><script async src=\"https:\/\/platform.twitter.com\/widgets.js\" charset=\"utf-8\"><\/script><\/p>\n<\/div>\n<\/div>\n<\/div>\n<\/div>\n<\/div>\n","protected":false},"excerpt":{"rendered":"<p>Las v\u00edctimas fatales son Cristian Ragazzoni (36), quien muri\u00f3 antes de llegar a un centro de salud; Gabriel Fedelli (49), fallecido poco despu\u00e9s de ingresar para ser atendido; y Pablo Silva (47), quien se encontraba internado en \u00abestado cr\u00edtico\u00bb.<\/p>\n","protected":false},"author":3,"featured_media":0,"comment_status":"closed","ping_status":"closed","sticky":false,"template":"","format":"standard","meta":{"footnotes":""},"categories":[1],"tags":[],"class_list":["post-61046","post","type-post","status-publish","format-standard","hentry","category-sin-categoria"],"yoast_head":"<!-- This site is optimized with the Yoast SEO plugin v25.9 - https:\/\/yoast.com\/wordpress\/plugins\/seo\/ -->\n<title>Tres bomberos murieron durante un incendio en un departamento - Noticias Radio Reflejos<\/title>\n<meta name=\"robots\" content=\"index, follow, max-snippet:-1, max-image-preview:large, max-video-preview:-1\" \/>\n<link rel=\"canonical\" href=\"https:\/\/www.noticiasradioreflejos.com.ar\/2021\/tres-bomberos-murieron-durante-un-incendio-en-un-departamento\/\" \/>\n<meta property=\"og:locale\" content=\"es_ES\" \/>\n<meta property=\"og:type\" content=\"article\" \/>\n<meta property=\"og:title\" content=\"Tres bomberos murieron durante un incendio en un departamento - Noticias Radio Reflejos\" \/>\n<meta property=\"og:description\" content=\"Las v\u00edctimas fatales son Cristian Ragazzoni (36), quien muri\u00f3 antes de llegar a un centro de salud; Gabriel Fedelli (49), fallecido poco despu\u00e9s de ingresar para ser atendido; y Pablo Silva (47), quien se encontraba internado en \u00abestado cr\u00edtico\u00bb.\" \/>\n<meta property=\"og:url\" content=\"https:\/\/www.noticiasradioreflejos.com.ar\/2021\/tres-bomberos-murieron-durante-un-incendio-en-un-departamento\/\" \/>\n<meta property=\"og:site_name\" content=\"Noticias Radio Reflejos\" \/>\n<meta property=\"article:published_time\" content=\"2021-08-03T23:28:26+00:00\" \/>\n<meta property=\"og:image\" content=\"https:\/\/www.telam.com.ar\/advf\/imagenes\/2021\/08\/610987682d2ec_1004x565.jpg\" \/>\n<meta name=\"author\" content=\"Arnaldo Botto\" \/>\n<meta name=\"twitter:card\" content=\"summary_large_image\" \/>\n<script type=\"application\/ld+json\" class=\"yoast-schema-graph\">{\"@context\":\"https:\/\/schema.org\",\"@graph\":[{\"@type\":\"WebPage\",\"@id\":\"https:\/\/www.noticiasradioreflejos.com.ar\/2021\/tres-bomberos-murieron-durante-un-incendio-en-un-departamento\/\",\"url\":\"https:\/\/www.noticiasradioreflejos.com.ar\/2021\/tres-bomberos-murieron-durante-un-incendio-en-un-departamento\/\",\"name\":\"Tres bomberos murieron durante un incendio en un departamento - Noticias Radio Reflejos\",\"isPartOf\":{\"@id\":\"https:\/\/www.noticiasradioreflejos.com.ar\/2021\/#website\"},\"primaryImageOfPage\":{\"@id\":\"https:\/\/www.noticiasradioreflejos.com.ar\/2021\/tres-bomberos-murieron-durante-un-incendio-en-un-departamento\/#primaryimage\"},\"image\":{\"@id\":\"https:\/\/www.noticiasradioreflejos.com.ar\/2021\/tres-bomberos-murieron-durante-un-incendio-en-un-departamento\/#primaryimage\"},\"thumbnailUrl\":\"https:\/\/www.telam.com.ar\/advf\/imagenes\/2021\/08\/610987682d2ec_1004x565.jpg\",\"datePublished\":\"2021-08-03T23:28:26+00:00\",\"author\":{\"@id\":\"https:\/\/www.noticiasradioreflejos.com.ar\/2021\/#\/schema\/person\/ad82545263dcc5ec0996818884fd5fb1\"},\"breadcrumb\":{\"@id\":\"https:\/\/www.noticiasradioreflejos.com.ar\/2021\/tres-bomberos-murieron-durante-un-incendio-en-un-departamento\/#breadcrumb\"},\"inLanguage\":\"es\",\"potentialAction\":[{\"@type\":\"ReadAction\",\"target\":[\"https:\/\/www.noticiasradioreflejos.com.ar\/2021\/tres-bomberos-murieron-durante-un-incendio-en-un-departamento\/\"]}]},{\"@type\":\"ImageObject\",\"inLanguage\":\"es\",\"@id\":\"https:\/\/www.noticiasradioreflejos.com.ar\/2021\/tres-bomberos-murieron-durante-un-incendio-en-un-departamento\/#primaryimage\",\"url\":\"https:\/\/www.telam.com.ar\/advf\/imagenes\/2021\/08\/610987682d2ec_1004x565.jpg\",\"contentUrl\":\"https:\/\/www.telam.com.ar\/advf\/imagenes\/2021\/08\/610987682d2ec_1004x565.jpg\"},{\"@type\":\"BreadcrumbList\",\"@id\":\"https:\/\/www.noticiasradioreflejos.com.ar\/2021\/tres-bomberos-murieron-durante-un-incendio-en-un-departamento\/#breadcrumb\",\"itemListElement\":[{\"@type\":\"ListItem\",\"position\":1,\"name\":\"Portada\",\"item\":\"https:\/\/www.noticiasradioreflejos.com.ar\/2021\/\"},{\"@type\":\"ListItem\",\"position\":2,\"name\":\"Tres bomberos murieron durante un incendio en un departamento\"}]},{\"@type\":\"WebSite\",\"@id\":\"https:\/\/www.noticiasradioreflejos.com.ar\/2021\/#website\",\"url\":\"https:\/\/www.noticiasradioreflejos.com.ar\/2021\/\",\"name\":\"Noticias Radio Reflejos\",\"description\":\"Las noticias de mi comarca\",\"potentialAction\":[{\"@type\":\"SearchAction\",\"target\":{\"@type\":\"EntryPoint\",\"urlTemplate\":\"https:\/\/www.noticiasradioreflejos.com.ar\/2021\/?s={search_term_string}\"},\"query-input\":{\"@type\":\"PropertyValueSpecification\",\"valueRequired\":true,\"valueName\":\"search_term_string\"}}],\"inLanguage\":\"es\"},{\"@type\":\"Person\",\"@id\":\"https:\/\/www.noticiasradioreflejos.com.ar\/2021\/#\/schema\/person\/ad82545263dcc5ec0996818884fd5fb1\",\"name\":\"Arnaldo Botto\",\"image\":{\"@type\":\"ImageObject\",\"inLanguage\":\"es\",\"@id\":\"https:\/\/www.noticiasradioreflejos.com.ar\/2021\/#\/schema\/person\/image\/\",\"url\":\"https:\/\/secure.gravatar.com\/avatar\/55cb5e37c1efa326397366e6974cb338056df65cb50e7d64d1cf314e87504837?s=96&d=mm&r=g\",\"contentUrl\":\"https:\/\/secure.gravatar.com\/avatar\/55cb5e37c1efa326397366e6974cb338056df65cb50e7d64d1cf314e87504837?s=96&d=mm&r=g\",\"caption\":\"Arnaldo Botto\"},\"url\":\"https:\/\/www.noticiasradioreflejos.com.ar\/2021\/author\/arnaldo\/\"}]}<\/script>\n<!-- \/ Yoast SEO plugin. -->","yoast_head_json":{"title":"Tres bomberos murieron durante un incendio en un departamento - Noticias Radio Reflejos","robots":{"index":"index","follow":"follow","max-snippet":"max-snippet:-1","max-image-preview":"max-image-preview:large","max-video-preview":"max-video-preview:-1"},"canonical":"https:\/\/www.noticiasradioreflejos.com.ar\/2021\/tres-bomberos-murieron-durante-un-incendio-en-un-departamento\/","og_locale":"es_ES","og_type":"article","og_title":"Tres bomberos murieron durante un incendio en un departamento - Noticias Radio Reflejos","og_description":"Las v\u00edctimas fatales son Cristian Ragazzoni (36), quien muri\u00f3 antes de llegar a un centro de salud; Gabriel Fedelli (49), fallecido poco despu\u00e9s de ingresar para ser atendido; y Pablo Silva (47), quien se encontraba internado en \u00abestado cr\u00edtico\u00bb.","og_url":"https:\/\/www.noticiasradioreflejos.com.ar\/2021\/tres-bomberos-murieron-durante-un-incendio-en-un-departamento\/","og_site_name":"Noticias Radio Reflejos","article_published_time":"2021-08-03T23:28:26+00:00","og_image":[{"url":"https:\/\/www.telam.com.ar\/advf\/imagenes\/2021\/08\/610987682d2ec_1004x565.jpg","type":"","width":"","height":""}],"author":"Arnaldo Botto","twitter_card":"summary_large_image","schema":{"@context":"https:\/\/schema.org","@graph":[{"@type":"WebPage","@id":"https:\/\/www.noticiasradioreflejos.com.ar\/2021\/tres-bomberos-murieron-durante-un-incendio-en-un-departamento\/","url":"https:\/\/www.noticiasradioreflejos.com.ar\/2021\/tres-bomberos-murieron-durante-un-incendio-en-un-departamento\/","name":"Tres bomberos murieron durante un incendio en un departamento - Noticias Radio Reflejos","isPartOf":{"@id":"https:\/\/www.noticiasradioreflejos.com.ar\/2021\/#website"},"primaryImageOfPage":{"@id":"https:\/\/www.noticiasradioreflejos.com.ar\/2021\/tres-bomberos-murieron-durante-un-incendio-en-un-departamento\/#primaryimage"},"image":{"@id":"https:\/\/www.noticiasradioreflejos.com.ar\/2021\/tres-bomberos-murieron-durante-un-incendio-en-un-departamento\/#primaryimage"},"thumbnailUrl":"https:\/\/www.telam.com.ar\/advf\/imagenes\/2021\/08\/610987682d2ec_1004x565.jpg","datePublished":"2021-08-03T23:28:26+00:00","author":{"@id":"https:\/\/www.noticiasradioreflejos.com.ar\/2021\/#\/schema\/person\/ad82545263dcc5ec0996818884fd5fb1"},"breadcrumb":{"@id":"https:\/\/www.noticiasradioreflejos.com.ar\/2021\/tres-bomberos-murieron-durante-un-incendio-en-un-departamento\/#breadcrumb"},"inLanguage":"es","potentialAction":[{"@type":"ReadAction","target":["https:\/\/www.noticiasradioreflejos.com.ar\/2021\/tres-bomberos-murieron-durante-un-incendio-en-un-departamento\/"]}]},{"@type":"ImageObject","inLanguage":"es","@id":"https:\/\/www.noticiasradioreflejos.com.ar\/2021\/tres-bomberos-murieron-durante-un-incendio-en-un-departamento\/#primaryimage","url":"https:\/\/www.telam.com.ar\/advf\/imagenes\/2021\/08\/610987682d2ec_1004x565.jpg","contentUrl":"https:\/\/www.telam.com.ar\/advf\/imagenes\/2021\/08\/610987682d2ec_1004x565.jpg"},{"@type":"BreadcrumbList","@id":"https:\/\/www.noticiasradioreflejos.com.ar\/2021\/tres-bomberos-murieron-durante-un-incendio-en-un-departamento\/#breadcrumb","itemListElement":[{"@type":"ListItem","position":1,"name":"Portada","item":"https:\/\/www.noticiasradioreflejos.com.ar\/2021\/"},{"@type":"ListItem","position":2,"name":"Tres bomberos murieron durante un incendio en un departamento"}]},{"@type":"WebSite","@id":"https:\/\/www.noticiasradioreflejos.com.ar\/2021\/#website","url":"https:\/\/www.noticiasradioreflejos.com.ar\/2021\/","name":"Noticias Radio Reflejos","description":"Las noticias de mi comarca","potentialAction":[{"@type":"SearchAction","target":{"@type":"EntryPoint","urlTemplate":"https:\/\/www.noticiasradioreflejos.com.ar\/2021\/?s={search_term_string}"},"query-input":{"@type":"PropertyValueSpecification","valueRequired":true,"valueName":"search_term_string"}}],"inLanguage":"es"},{"@type":"Person","@id":"https:\/\/www.noticiasradioreflejos.com.ar\/2021\/#\/schema\/person\/ad82545263dcc5ec0996818884fd5fb1","name":"Arnaldo Botto","image":{"@type":"ImageObject","inLanguage":"es","@id":"https:\/\/www.noticiasradioreflejos.com.ar\/2021\/#\/schema\/person\/image\/","url":"https:\/\/secure.gravatar.com\/avatar\/55cb5e37c1efa326397366e6974cb338056df65cb50e7d64d1cf314e87504837?s=96&d=mm&r=g","contentUrl":"https:\/\/secure.gravatar.com\/avatar\/55cb5e37c1efa326397366e6974cb338056df65cb50e7d64d1cf314e87504837?s=96&d=mm&r=g","caption":"Arnaldo Botto"},"url":"https:\/\/www.noticiasradioreflejos.com.ar\/2021\/author\/arnaldo\/"}]}},"_links":{"self":[{"href":"https:\/\/www.noticiasradioreflejos.com.ar\/2021\/wp-json\/wp\/v2\/posts\/61046","targetHints":{"allow":["GET"]}}],"collection":[{"href":"https:\/\/www.noticiasradioreflejos.com.ar\/2021\/wp-json\/wp\/v2\/posts"}],"about":[{"href":"https:\/\/www.noticiasradioreflejos.com.ar\/2021\/wp-json\/wp\/v2\/types\/post"}],"author":[{"embeddable":true,"href":"https:\/\/www.noticiasradioreflejos.com.ar\/2021\/wp-json\/wp\/v2\/users\/3"}],"replies":[{"embeddable":true,"href":"https:\/\/www.noticiasradioreflejos.com.ar\/2021\/wp-json\/wp\/v2\/comments?post=61046"}],"version-history":[{"count":1,"href":"https:\/\/www.noticiasradioreflejos.com.ar\/2021\/wp-json\/wp\/v2\/posts\/61046\/revisions"}],"predecessor-version":[{"id":61047,"href":"https:\/\/www.noticiasradioreflejos.com.ar\/2021\/wp-json\/wp\/v2\/posts\/61046\/revisions\/61047"}],"wp:attachment":[{"href":"https:\/\/www.noticiasradioreflejos.com.ar\/2021\/wp-json\/wp\/v2\/media?parent=61046"}],"wp:term":[{"taxonomy":"category","embeddable":true,"href":"https:\/\/www.noticiasradioreflejos.com.ar\/2021\/wp-json\/wp\/v2\/categories?post=61046"},{"taxonomy":"post_tag","embeddable":true,"href":"https:\/\/www.noticiasradioreflejos.com.ar\/2021\/wp-json\/wp\/v2\/tags?post=61046"}],"curies":[{"name":"wp","href":"https:\/\/api.w.org\/{rel}","templated":true}]}}