{"id":61044,"date":"2021-08-03T23:24:50","date_gmt":"2021-08-03T23:24:50","guid":{"rendered":"http:\/\/www.noticiasradioreflejos.com.ar\/2021\/?p=61044"},"modified":"2021-08-03T23:24:50","modified_gmt":"2021-08-03T23:24:50","slug":"murieron-405-personas-y-14-850-fueron-reportadas-con-coronavirus-en-el-pais","status":"publish","type":"post","link":"https:\/\/www.noticiasradioreflejos.com.ar\/2021\/murieron-405-personas-y-14-850-fueron-reportadas-con-coronavirus-en-el-pais\/","title":{"rendered":"Murieron 405 personas y 14.850 fueron reportadas con coronavirus en el pa\u00eds"},"content":{"rendered":"<div class=\"head-content\">\n<p>Otras 405 personas murieron y 14.850 fueron reportadas con coronavirus en las \u00faltimas 24 horas en la Argentina, con lo que suman 106.447 los fallecidos registrados oficialmente a nivel nacional y 4.961.880 los contagiados desde el inicio de la pandemia, inform\u00f3 el Ministerio de Salud.<\/p>\n<\/div>\n<p><!--more--><\/p>\n<div class=\"main-content-block\">\n<div class=\"main-box clearfix\">\n<div class=\"wrapper-main-section clearfix\">\n<div class=\"wrapper-editable-content\">\n<div class=\"editable-content clearfix\">\nLa cartera sanitaria indic\u00f3 que son 3.767 los internados con coronavirus en unidades de terapia intensiva, con un porcentaje de ocupaci\u00f3n de camas de adultos de 53,6% en el pa\u00eds y del 51,8% en la \u00c1rea Metropolitana Buenos Aires.<\/p>\n<p>Un 34,08% (5.062 personas) de los infectados de hoy (14.850) corresponden a la Ciudad y a la provincia de Buenos Aires.<\/p>\n<p>De los 4.961.880 contagiados, el 92,82% (4.606.026) recibi\u00f3 el alta y 249.407 son casos confirmados activos.<\/p>\n<div class=\"auth\">Las cifras de este martes en los distritos<\/div>\n<p>El reporte consign\u00f3 que fallecieron 235 hombres y 169 mujeres, mientras que una persona de la provincia de Buenos Aires fue reportada sin dato de sexo.<\/p>\n<p>El parte precis\u00f3 que murieron 81 en la provincia de Buenos Aires; 5 en la Ciudad de Buenos Aires; 6 en Catamarca; 14 en Chaco; 3 en Chubut; 9 en Corrientes; 12 en C\u00f3rdoba; 7 en Entre R\u00edos; 5 en Formosa; 2 en Jujuy; 9 en La Pampa; 5 en La Rioja; 4 en Mendoza; 5 en Misiones; 6 en R\u00edo Negro; 3 en Salta; 6 en San Juan; 7 en San Luis; 8 en Santa Cruz; 20 en Santa Fe; 8 en Santiago del Estero, 1 en Tierra del Fuego y 9 en Tucum\u00e1n.<\/p>\n<div id=\"image\" class=\"image\"><img decoding=\"async\" title=\"Infograf\u00eda.\" src=\"https:\/\/www.telam.com.ar\/advf\/imagenes\/2021\/08\/6109b1690d18f.08.2021_1004x1161.jpg\" alt=\"Infograf\u00eda.\" \/><\/p>\n<div class=\"epigrafe\">Infograf\u00eda.<\/div>\n<\/div>\n<p>Tambi\u00e9n fallecieron 62 mujeres en Buenos Aires; 3 en la Ciudad de Buenos Aires; 3 en Catamarca; 7 en Chaco; 3 en Chubut; 4 en Corrientes; 12 en C\u00f3rdoba; 5 en Entre R\u00edos; 7 en Formosa; 2 en Jujuy; 3 en La Pampa; 5 en La Rioja; 2 en Mendoza; 3 en Misiones; 3 en Neuqu\u00e9n; 6 en R\u00edo Negro; 4 en Salta; 4 en San Juan; 3 en San Luis; 1 en Santa Cruz; 14 en Santa Fe; 4 en Santiago del Estero; 1 en Tierra del Fuego y 8 en Tucum\u00e1n.<\/p>\n<p>Este martes se registraron en la provincia de Buenos Aires 4.179 casos; en la Ciudad de Buenos Aires, 883; en Catamarca, 253; en Chaco, 429; en Chubut, 247; en Corrientes, 126; en C\u00f3rdoba, 2.734; en Entre R\u00edos, 400; en Formosa, 216; en Jujuy, 218; en La Pampa, 289; en La Rioja, 211; en Mendoza, 497; en Misiones, 122; en Neuqu\u00e9n, 259; en R\u00edo Negro, 315; en Salta, 344; en San Juan, 393; en San Luis, 227; en Santa Cruz, 86; en Santa Fe, 1.240; en Santiago del Estero, 273; Tierra del Fuego, 88 y en Tucum\u00e1n, 821.<\/p>\n<p>El Ministerio indic\u00f3 adem\u00e1s que se realizaron en las \u00faltimas 24 horas 106.672 testeos y desde el inicio del brote ascienden a 19.653.400 las pruebas diagn\u00f3sticas para esta enfermedad.<\/p>\n<p>El total de acumulados por distrito indica que la provincia de Buenos Aires suma 1.983.213 casos; la Ciudad de Buenos Aires, 493.620; Catamarca, 43.040; Chaco, 92.484; Chubut, 76.856; Corrientes, 81.530; C\u00f3rdoba, 473.190; Entre R\u00edos, 128.826; Formosa, 56.612; Jujuy, 44.017; La Pampa, 62.188; La Rioja, 28.990; Mendoza, 155.282; Misiones, 31.301; Neuqu\u00e9n, 108.170; R\u00edo Negro, 93.114; Salta, 76.056; San Juan, 61.470; San Luis, 75.597; Santa Cruz, 58.004; Santa Fe, 449.987; Santiago del Estero, 74.277; Tierra del Fuego, 31.346 y Tucum\u00e1n, 182.710.<\/p>\n<p>Se incluyen casos existentes en las Islas Malvinas seg\u00fan informaci\u00f3n de prensa (debido a la ocupaci\u00f3n ilegal del Reino Unido, Gran Breta\u00f1a e Irlanda del Norte no es posible contar con informaci\u00f3n propia sobre el impacto de la Covid-19 en esa parte del territorio argentino).<\/p><\/div>\n<\/div>\n<\/div>\n<\/div>\n<\/div>\n","protected":false},"excerpt":{"rendered":"<p>Otras 405 personas murieron y 14.850 fueron reportadas con coronavirus en las \u00faltimas 24 horas en la Argentina, con lo que suman 106.447 los fallecidos registrados oficialmente a nivel nacional y 4.961.880 los contagiados desde el inicio de la pandemia, inform\u00f3 el Ministerio de Salud.<\/p>\n","protected":false},"author":3,"featured_media":0,"comment_status":"closed","ping_status":"closed","sticky":false,"template":"","format":"standard","meta":{"footnotes":""},"categories":[30],"tags":[],"class_list":["post-61044","post","type-post","status-publish","format-standard","hentry","category-salud"],"yoast_head":"<!-- This site is optimized with the Yoast SEO plugin v25.9 - https:\/\/yoast.com\/wordpress\/plugins\/seo\/ -->\n<title>Murieron 405 personas y 14.850 fueron reportadas con coronavirus en el pa\u00eds - Noticias Radio Reflejos<\/title>\n<meta name=\"robots\" content=\"index, follow, max-snippet:-1, max-image-preview:large, max-video-preview:-1\" \/>\n<link rel=\"canonical\" href=\"https:\/\/www.noticiasradioreflejos.com.ar\/2021\/murieron-405-personas-y-14-850-fueron-reportadas-con-coronavirus-en-el-pais\/\" \/>\n<meta property=\"og:locale\" content=\"es_ES\" \/>\n<meta property=\"og:type\" content=\"article\" \/>\n<meta property=\"og:title\" content=\"Murieron 405 personas y 14.850 fueron reportadas con coronavirus en el pa\u00eds - Noticias Radio Reflejos\" \/>\n<meta property=\"og:description\" content=\"Otras 405 personas murieron y 14.850 fueron reportadas con coronavirus en las \u00faltimas 24 horas en la Argentina, con lo que suman 106.447 los fallecidos registrados oficialmente a nivel nacional y 4.961.880 los contagiados desde el inicio de la pandemia, inform\u00f3 el Ministerio de Salud.\" \/>\n<meta property=\"og:url\" content=\"https:\/\/www.noticiasradioreflejos.com.ar\/2021\/murieron-405-personas-y-14-850-fueron-reportadas-con-coronavirus-en-el-pais\/\" \/>\n<meta property=\"og:site_name\" content=\"Noticias Radio Reflejos\" \/>\n<meta property=\"article:published_time\" content=\"2021-08-03T23:24:50+00:00\" \/>\n<meta property=\"og:image\" content=\"https:\/\/www.telam.com.ar\/advf\/imagenes\/2021\/08\/6109b1690d18f.08.2021_1004x1161.jpg\" \/>\n<meta name=\"author\" content=\"Arnaldo Botto\" \/>\n<meta name=\"twitter:card\" content=\"summary_large_image\" \/>\n<script type=\"application\/ld+json\" class=\"yoast-schema-graph\">{\"@context\":\"https:\/\/schema.org\",\"@graph\":[{\"@type\":\"WebPage\",\"@id\":\"https:\/\/www.noticiasradioreflejos.com.ar\/2021\/murieron-405-personas-y-14-850-fueron-reportadas-con-coronavirus-en-el-pais\/\",\"url\":\"https:\/\/www.noticiasradioreflejos.com.ar\/2021\/murieron-405-personas-y-14-850-fueron-reportadas-con-coronavirus-en-el-pais\/\",\"name\":\"Murieron 405 personas y 14.850 fueron reportadas con coronavirus en el pa\u00eds - Noticias Radio Reflejos\",\"isPartOf\":{\"@id\":\"https:\/\/www.noticiasradioreflejos.com.ar\/2021\/#website\"},\"primaryImageOfPage\":{\"@id\":\"https:\/\/www.noticiasradioreflejos.com.ar\/2021\/murieron-405-personas-y-14-850-fueron-reportadas-con-coronavirus-en-el-pais\/#primaryimage\"},\"image\":{\"@id\":\"https:\/\/www.noticiasradioreflejos.com.ar\/2021\/murieron-405-personas-y-14-850-fueron-reportadas-con-coronavirus-en-el-pais\/#primaryimage\"},\"thumbnailUrl\":\"https:\/\/www.telam.com.ar\/advf\/imagenes\/2021\/08\/6109b1690d18f.08.2021_1004x1161.jpg\",\"datePublished\":\"2021-08-03T23:24:50+00:00\",\"author\":{\"@id\":\"https:\/\/www.noticiasradioreflejos.com.ar\/2021\/#\/schema\/person\/ad82545263dcc5ec0996818884fd5fb1\"},\"breadcrumb\":{\"@id\":\"https:\/\/www.noticiasradioreflejos.com.ar\/2021\/murieron-405-personas-y-14-850-fueron-reportadas-con-coronavirus-en-el-pais\/#breadcrumb\"},\"inLanguage\":\"es\",\"potentialAction\":[{\"@type\":\"ReadAction\",\"target\":[\"https:\/\/www.noticiasradioreflejos.com.ar\/2021\/murieron-405-personas-y-14-850-fueron-reportadas-con-coronavirus-en-el-pais\/\"]}]},{\"@type\":\"ImageObject\",\"inLanguage\":\"es\",\"@id\":\"https:\/\/www.noticiasradioreflejos.com.ar\/2021\/murieron-405-personas-y-14-850-fueron-reportadas-con-coronavirus-en-el-pais\/#primaryimage\",\"url\":\"https:\/\/www.telam.com.ar\/advf\/imagenes\/2021\/08\/6109b1690d18f.08.2021_1004x1161.jpg\",\"contentUrl\":\"https:\/\/www.telam.com.ar\/advf\/imagenes\/2021\/08\/6109b1690d18f.08.2021_1004x1161.jpg\"},{\"@type\":\"BreadcrumbList\",\"@id\":\"https:\/\/www.noticiasradioreflejos.com.ar\/2021\/murieron-405-personas-y-14-850-fueron-reportadas-con-coronavirus-en-el-pais\/#breadcrumb\",\"itemListElement\":[{\"@type\":\"ListItem\",\"position\":1,\"name\":\"Portada\",\"item\":\"https:\/\/www.noticiasradioreflejos.com.ar\/2021\/\"},{\"@type\":\"ListItem\",\"position\":2,\"name\":\"Murieron 405 personas y 14.850 fueron reportadas con coronavirus en el pa\u00eds\"}]},{\"@type\":\"WebSite\",\"@id\":\"https:\/\/www.noticiasradioreflejos.com.ar\/2021\/#website\",\"url\":\"https:\/\/www.noticiasradioreflejos.com.ar\/2021\/\",\"name\":\"Noticias Radio Reflejos\",\"description\":\"Las noticias de mi comarca\",\"potentialAction\":[{\"@type\":\"SearchAction\",\"target\":{\"@type\":\"EntryPoint\",\"urlTemplate\":\"https:\/\/www.noticiasradioreflejos.com.ar\/2021\/?s={search_term_string}\"},\"query-input\":{\"@type\":\"PropertyValueSpecification\",\"valueRequired\":true,\"valueName\":\"search_term_string\"}}],\"inLanguage\":\"es\"},{\"@type\":\"Person\",\"@id\":\"https:\/\/www.noticiasradioreflejos.com.ar\/2021\/#\/schema\/person\/ad82545263dcc5ec0996818884fd5fb1\",\"name\":\"Arnaldo Botto\",\"image\":{\"@type\":\"ImageObject\",\"inLanguage\":\"es\",\"@id\":\"https:\/\/www.noticiasradioreflejos.com.ar\/2021\/#\/schema\/person\/image\/\",\"url\":\"https:\/\/secure.gravatar.com\/avatar\/55cb5e37c1efa326397366e6974cb338056df65cb50e7d64d1cf314e87504837?s=96&d=mm&r=g\",\"contentUrl\":\"https:\/\/secure.gravatar.com\/avatar\/55cb5e37c1efa326397366e6974cb338056df65cb50e7d64d1cf314e87504837?s=96&d=mm&r=g\",\"caption\":\"Arnaldo Botto\"},\"url\":\"https:\/\/www.noticiasradioreflejos.com.ar\/2021\/author\/arnaldo\/\"}]}<\/script>\n<!-- \/ Yoast SEO plugin. -->","yoast_head_json":{"title":"Murieron 405 personas y 14.850 fueron reportadas con coronavirus en el pa\u00eds - Noticias Radio Reflejos","robots":{"index":"index","follow":"follow","max-snippet":"max-snippet:-1","max-image-preview":"max-image-preview:large","max-video-preview":"max-video-preview:-1"},"canonical":"https:\/\/www.noticiasradioreflejos.com.ar\/2021\/murieron-405-personas-y-14-850-fueron-reportadas-con-coronavirus-en-el-pais\/","og_locale":"es_ES","og_type":"article","og_title":"Murieron 405 personas y 14.850 fueron reportadas con coronavirus en el pa\u00eds - Noticias Radio Reflejos","og_description":"Otras 405 personas murieron y 14.850 fueron reportadas con coronavirus en las \u00faltimas 24 horas en la Argentina, con lo que suman 106.447 los fallecidos registrados oficialmente a nivel nacional y 4.961.880 los contagiados desde el inicio de la pandemia, inform\u00f3 el Ministerio de Salud.","og_url":"https:\/\/www.noticiasradioreflejos.com.ar\/2021\/murieron-405-personas-y-14-850-fueron-reportadas-con-coronavirus-en-el-pais\/","og_site_name":"Noticias Radio Reflejos","article_published_time":"2021-08-03T23:24:50+00:00","og_image":[{"url":"https:\/\/www.telam.com.ar\/advf\/imagenes\/2021\/08\/6109b1690d18f.08.2021_1004x1161.jpg","type":"","width":"","height":""}],"author":"Arnaldo Botto","twitter_card":"summary_large_image","schema":{"@context":"https:\/\/schema.org","@graph":[{"@type":"WebPage","@id":"https:\/\/www.noticiasradioreflejos.com.ar\/2021\/murieron-405-personas-y-14-850-fueron-reportadas-con-coronavirus-en-el-pais\/","url":"https:\/\/www.noticiasradioreflejos.com.ar\/2021\/murieron-405-personas-y-14-850-fueron-reportadas-con-coronavirus-en-el-pais\/","name":"Murieron 405 personas y 14.850 fueron reportadas con coronavirus en el pa\u00eds - Noticias Radio Reflejos","isPartOf":{"@id":"https:\/\/www.noticiasradioreflejos.com.ar\/2021\/#website"},"primaryImageOfPage":{"@id":"https:\/\/www.noticiasradioreflejos.com.ar\/2021\/murieron-405-personas-y-14-850-fueron-reportadas-con-coronavirus-en-el-pais\/#primaryimage"},"image":{"@id":"https:\/\/www.noticiasradioreflejos.com.ar\/2021\/murieron-405-personas-y-14-850-fueron-reportadas-con-coronavirus-en-el-pais\/#primaryimage"},"thumbnailUrl":"https:\/\/www.telam.com.ar\/advf\/imagenes\/2021\/08\/6109b1690d18f.08.2021_1004x1161.jpg","datePublished":"2021-08-03T23:24:50+00:00","author":{"@id":"https:\/\/www.noticiasradioreflejos.com.ar\/2021\/#\/schema\/person\/ad82545263dcc5ec0996818884fd5fb1"},"breadcrumb":{"@id":"https:\/\/www.noticiasradioreflejos.com.ar\/2021\/murieron-405-personas-y-14-850-fueron-reportadas-con-coronavirus-en-el-pais\/#breadcrumb"},"inLanguage":"es","potentialAction":[{"@type":"ReadAction","target":["https:\/\/www.noticiasradioreflejos.com.ar\/2021\/murieron-405-personas-y-14-850-fueron-reportadas-con-coronavirus-en-el-pais\/"]}]},{"@type":"ImageObject","inLanguage":"es","@id":"https:\/\/www.noticiasradioreflejos.com.ar\/2021\/murieron-405-personas-y-14-850-fueron-reportadas-con-coronavirus-en-el-pais\/#primaryimage","url":"https:\/\/www.telam.com.ar\/advf\/imagenes\/2021\/08\/6109b1690d18f.08.2021_1004x1161.jpg","contentUrl":"https:\/\/www.telam.com.ar\/advf\/imagenes\/2021\/08\/6109b1690d18f.08.2021_1004x1161.jpg"},{"@type":"BreadcrumbList","@id":"https:\/\/www.noticiasradioreflejos.com.ar\/2021\/murieron-405-personas-y-14-850-fueron-reportadas-con-coronavirus-en-el-pais\/#breadcrumb","itemListElement":[{"@type":"ListItem","position":1,"name":"Portada","item":"https:\/\/www.noticiasradioreflejos.com.ar\/2021\/"},{"@type":"ListItem","position":2,"name":"Murieron 405 personas y 14.850 fueron reportadas con coronavirus en el pa\u00eds"}]},{"@type":"WebSite","@id":"https:\/\/www.noticiasradioreflejos.com.ar\/2021\/#website","url":"https:\/\/www.noticiasradioreflejos.com.ar\/2021\/","name":"Noticias Radio Reflejos","description":"Las noticias de mi comarca","potentialAction":[{"@type":"SearchAction","target":{"@type":"EntryPoint","urlTemplate":"https:\/\/www.noticiasradioreflejos.com.ar\/2021\/?s={search_term_string}"},"query-input":{"@type":"PropertyValueSpecification","valueRequired":true,"valueName":"search_term_string"}}],"inLanguage":"es"},{"@type":"Person","@id":"https:\/\/www.noticiasradioreflejos.com.ar\/2021\/#\/schema\/person\/ad82545263dcc5ec0996818884fd5fb1","name":"Arnaldo Botto","image":{"@type":"ImageObject","inLanguage":"es","@id":"https:\/\/www.noticiasradioreflejos.com.ar\/2021\/#\/schema\/person\/image\/","url":"https:\/\/secure.gravatar.com\/avatar\/55cb5e37c1efa326397366e6974cb338056df65cb50e7d64d1cf314e87504837?s=96&d=mm&r=g","contentUrl":"https:\/\/secure.gravatar.com\/avatar\/55cb5e37c1efa326397366e6974cb338056df65cb50e7d64d1cf314e87504837?s=96&d=mm&r=g","caption":"Arnaldo Botto"},"url":"https:\/\/www.noticiasradioreflejos.com.ar\/2021\/author\/arnaldo\/"}]}},"_links":{"self":[{"href":"https:\/\/www.noticiasradioreflejos.com.ar\/2021\/wp-json\/wp\/v2\/posts\/61044","targetHints":{"allow":["GET"]}}],"collection":[{"href":"https:\/\/www.noticiasradioreflejos.com.ar\/2021\/wp-json\/wp\/v2\/posts"}],"about":[{"href":"https:\/\/www.noticiasradioreflejos.com.ar\/2021\/wp-json\/wp\/v2\/types\/post"}],"author":[{"embeddable":true,"href":"https:\/\/www.noticiasradioreflejos.com.ar\/2021\/wp-json\/wp\/v2\/users\/3"}],"replies":[{"embeddable":true,"href":"https:\/\/www.noticiasradioreflejos.com.ar\/2021\/wp-json\/wp\/v2\/comments?post=61044"}],"version-history":[{"count":1,"href":"https:\/\/www.noticiasradioreflejos.com.ar\/2021\/wp-json\/wp\/v2\/posts\/61044\/revisions"}],"predecessor-version":[{"id":61045,"href":"https:\/\/www.noticiasradioreflejos.com.ar\/2021\/wp-json\/wp\/v2\/posts\/61044\/revisions\/61045"}],"wp:attachment":[{"href":"https:\/\/www.noticiasradioreflejos.com.ar\/2021\/wp-json\/wp\/v2\/media?parent=61044"}],"wp:term":[{"taxonomy":"category","embeddable":true,"href":"https:\/\/www.noticiasradioreflejos.com.ar\/2021\/wp-json\/wp\/v2\/categories?post=61044"},{"taxonomy":"post_tag","embeddable":true,"href":"https:\/\/www.noticiasradioreflejos.com.ar\/2021\/wp-json\/wp\/v2\/tags?post=61044"}],"curies":[{"name":"wp","href":"https:\/\/api.w.org\/{rel}","templated":true}]}}