{"id":61015,"date":"2021-08-03T12:18:40","date_gmt":"2021-08-03T12:18:40","guid":{"rendered":"http:\/\/www.noticiasradioreflejos.com.ar\/2021\/?p=61015"},"modified":"2021-08-03T12:18:40","modified_gmt":"2021-08-03T12:18:40","slug":"concurso-de-cortos-ser-bonaerense-en-mi-localidad","status":"publish","type":"post","link":"https:\/\/www.noticiasradioreflejos.com.ar\/2021\/concurso-de-cortos-ser-bonaerense-en-mi-localidad\/","title":{"rendered":"Concurso de cortos \u201cSER BONAERENSE EN MI LOCALIDAD\u201d"},"content":{"rendered":"<p dir=\"ltr\">La Presidencia de la C\u00e1mara de Senadores de la provincia de Buenos Aires, a trav\u00e9s de la direcci\u00f3n de Relaciones Institucionales, convoca a un <b>concurso de cortometrajes<\/b> dirigidos a alumnos y alumnas de los <b>\u00faltimos tres a\u00f1os <\/b>de las escuelas secundarias de gesti\u00f3n p\u00fablica de la provincia de Buenos Aires, denominado \u201cSer bonaerense en mi localidad\u201d.<!--more--><\/p>\n<p dir=\"ltr\">Cada grupo deber\u00e1 reflejar en un material audiovisual de 15 minutos como m\u00e1ximo las caracter\u00edsticas particulares, la riqueza patrimonial y cultural, la cotidianidad y aquellas cuestiones que identifican a la localidad o el distrito en donde viven, como parte de una identidad bonaerense.<\/p>\n<p>&nbsp;<\/p>\n<p dir=\"ltr\">Se entregar\u00e1n 5 premios en efectivo destinados a los colegios representados por los alumnos y las alumnas. Adem\u00e1s, los grupos ganadores ser\u00e1n premiados con una estad\u00eda de una noche y dos d\u00edas en la ciudad de La Plata, con agendas educativas y culturales.<\/p>\n<p>&nbsp;<\/p>\n<p dir=\"ltr\">Las inscripciones podr\u00e1n realizarse del <b>1 al 31 de Agosto a trav\u00e9s del siguiente link: <\/b><a href=\"https:\/\/forms.gle\/uS9ZYw2X518x4SxX9\" target=\"_blank\" rel=\"noopener\" data-saferedirecturl=\"https:\/\/www.google.com\/url?q=https:\/\/forms.gle\/uS9ZYw2X518x4SxX9&amp;source=gmail&amp;ust=1628079090224000&amp;usg=AFQjCNHYz9WKuUyBpAfXSaBPCiE-b2fUZw\">https:\/\/forms.gle\/<wbr \/>uS9ZYw2X518x4SxX9<\/a>\u00a0<i>o enviando los datos indicados en el reglamento a esta direcci\u00f3n de correo.<\/i><\/p>\n<p dir=\"ltr\"><i>T<\/i>endr\u00e1n tiempo de desarrollar y presentar el material hasta el <b>15 de noviembre del corriente a\u00f1o<\/b>.<\/p>\n<p dir=\"ltr\">Cabe destacar que los grupos participantes contar\u00e1n con cl\u00ednicas y tutor\u00edas on-line de 3 docentes de audiovisuales durante el mes de septiembre, para acompa\u00f1arlos en el proceso de producci\u00f3n.<\/p>\n<p>&nbsp;<\/p>\n<p dir=\"ltr\"><b>Se adjunta el reglamento con las bases y condiciones, montos de los premios e informaci\u00f3n importante sobre el concurso.<\/b><\/p>\n<p style=\"margin: 12px auto 6px auto; font-family: Helvetica,Arial,Sans-serif; font-style: normal; font-variant: normal; font-weight: normal; font-size: 14px; line-height: normal; font-size-adjust: none; font-stretch: normal; -x-system-font: none; display: block;\"><a style=\"text-decoration: underline;\" title=\"View Ser Bonaerense en Mi Localidad - REGLAMENTO on Scribd\" href=\"https:\/\/www.scribd.com\/document\/518588142\/Ser-Bonaerense-en-Mi-Localidad-REGLAMENTO#from_embed\">Ser Bonaerense en Mi Localidad &#8211; REGLAMENTO<\/a> by <a style=\"text-decoration: underline;\" title=\"View FM Reflejos Sierra de la Ventana's profile on Scribd\" href=\"https:\/\/www.scribd.com\/user\/128459674\/FM-Reflejos-Sierra-de-la-Ventana#from_embed\">FM Reflejos Sierra de la Ventana<\/a> on Scribd<\/p>\n<p><iframe loading=\"lazy\" id=\"doc_72916\" class=\"scribd_iframe_embed\" title=\"Ser Bonaerense en Mi Localidad - REGLAMENTO\" src=\"https:\/\/es.scribd.com\/embeds\/518588142\/content?start_page=1&amp;view_mode=scroll&amp;access_key=key-9SpKv07KzgSp9fiCR7rZ\" width=\"100%\" height=\"600\" frameborder=\"0\" scrolling=\"no\" data-auto-height=\"false\" data-aspect-ratio=\"0.7080062794348508\"><\/iframe><\/p>\n","protected":false},"excerpt":{"rendered":"<p>La Presidencia de la C\u00e1mara de Senadores de la provincia de Buenos Aires, a trav\u00e9s de la direcci\u00f3n de Relaciones Institucionales, convoca a un concurso de cortometrajes dirigidos a alumnos y alumnas de los \u00faltimos tres a\u00f1os de las escuelas secundarias de gesti\u00f3n p\u00fablica de la provincia de Buenos Aires, denominado \u201cSer bonaerense en mi [&hellip;]<\/p>\n","protected":false},"author":3,"featured_media":0,"comment_status":"closed","ping_status":"closed","sticky":false,"template":"","format":"standard","meta":{"footnotes":""},"categories":[35],"tags":[],"class_list":["post-61015","post","type-post","status-publish","format-standard","hentry","category-cultura"],"yoast_head":"<!-- This site is optimized with the Yoast SEO plugin v25.9 - https:\/\/yoast.com\/wordpress\/plugins\/seo\/ -->\n<title>Concurso de cortos \u201cSER BONAERENSE EN MI LOCALIDAD\u201d - Noticias Radio Reflejos<\/title>\n<meta name=\"robots\" content=\"index, follow, max-snippet:-1, max-image-preview:large, max-video-preview:-1\" \/>\n<link rel=\"canonical\" href=\"https:\/\/www.noticiasradioreflejos.com.ar\/2021\/concurso-de-cortos-ser-bonaerense-en-mi-localidad\/\" \/>\n<meta property=\"og:locale\" content=\"es_ES\" \/>\n<meta property=\"og:type\" content=\"article\" \/>\n<meta property=\"og:title\" content=\"Concurso de cortos \u201cSER BONAERENSE EN MI LOCALIDAD\u201d - Noticias Radio Reflejos\" \/>\n<meta property=\"og:description\" content=\"La Presidencia de la C\u00e1mara de Senadores de la provincia de Buenos Aires, a trav\u00e9s de la direcci\u00f3n de Relaciones Institucionales, convoca a un concurso de cortometrajes dirigidos a alumnos y alumnas de los \u00faltimos tres a\u00f1os de las escuelas secundarias de gesti\u00f3n p\u00fablica de la provincia de Buenos Aires, denominado \u201cSer bonaerense en mi [&hellip;]\" \/>\n<meta property=\"og:url\" content=\"https:\/\/www.noticiasradioreflejos.com.ar\/2021\/concurso-de-cortos-ser-bonaerense-en-mi-localidad\/\" \/>\n<meta property=\"og:site_name\" content=\"Noticias Radio Reflejos\" \/>\n<meta property=\"article:published_time\" content=\"2021-08-03T12:18:40+00:00\" \/>\n<meta property=\"og:image\" content=\"https:\/\/www.noticiasradioreflejos.com.ar\/2021\/wp-content\/uploads\/2021\/07\/logosol300x200.png\" \/>\n\t<meta property=\"og:image:width\" content=\"300\" \/>\n\t<meta property=\"og:image:height\" content=\"200\" \/>\n\t<meta property=\"og:image:type\" content=\"image\/png\" \/>\n<meta name=\"author\" content=\"Arnaldo Botto\" \/>\n<meta name=\"twitter:card\" content=\"summary_large_image\" \/>\n<script type=\"application\/ld+json\" class=\"yoast-schema-graph\">{\"@context\":\"https:\/\/schema.org\",\"@graph\":[{\"@type\":\"WebPage\",\"@id\":\"https:\/\/www.noticiasradioreflejos.com.ar\/2021\/concurso-de-cortos-ser-bonaerense-en-mi-localidad\/\",\"url\":\"https:\/\/www.noticiasradioreflejos.com.ar\/2021\/concurso-de-cortos-ser-bonaerense-en-mi-localidad\/\",\"name\":\"Concurso de cortos \u201cSER BONAERENSE EN MI LOCALIDAD\u201d - Noticias Radio Reflejos\",\"isPartOf\":{\"@id\":\"https:\/\/www.noticiasradioreflejos.com.ar\/2021\/#website\"},\"datePublished\":\"2021-08-03T12:18:40+00:00\",\"author\":{\"@id\":\"https:\/\/www.noticiasradioreflejos.com.ar\/2021\/#\/schema\/person\/ad82545263dcc5ec0996818884fd5fb1\"},\"breadcrumb\":{\"@id\":\"https:\/\/www.noticiasradioreflejos.com.ar\/2021\/concurso-de-cortos-ser-bonaerense-en-mi-localidad\/#breadcrumb\"},\"inLanguage\":\"es\",\"potentialAction\":[{\"@type\":\"ReadAction\",\"target\":[\"https:\/\/www.noticiasradioreflejos.com.ar\/2021\/concurso-de-cortos-ser-bonaerense-en-mi-localidad\/\"]}]},{\"@type\":\"BreadcrumbList\",\"@id\":\"https:\/\/www.noticiasradioreflejos.com.ar\/2021\/concurso-de-cortos-ser-bonaerense-en-mi-localidad\/#breadcrumb\",\"itemListElement\":[{\"@type\":\"ListItem\",\"position\":1,\"name\":\"Portada\",\"item\":\"https:\/\/www.noticiasradioreflejos.com.ar\/2021\/\"},{\"@type\":\"ListItem\",\"position\":2,\"name\":\"Concurso de cortos \u201cSER BONAERENSE EN MI LOCALIDAD\u201d\"}]},{\"@type\":\"WebSite\",\"@id\":\"https:\/\/www.noticiasradioreflejos.com.ar\/2021\/#website\",\"url\":\"https:\/\/www.noticiasradioreflejos.com.ar\/2021\/\",\"name\":\"Noticias Radio Reflejos\",\"description\":\"Las noticias de mi comarca\",\"potentialAction\":[{\"@type\":\"SearchAction\",\"target\":{\"@type\":\"EntryPoint\",\"urlTemplate\":\"https:\/\/www.noticiasradioreflejos.com.ar\/2021\/?s={search_term_string}\"},\"query-input\":{\"@type\":\"PropertyValueSpecification\",\"valueRequired\":true,\"valueName\":\"search_term_string\"}}],\"inLanguage\":\"es\"},{\"@type\":\"Person\",\"@id\":\"https:\/\/www.noticiasradioreflejos.com.ar\/2021\/#\/schema\/person\/ad82545263dcc5ec0996818884fd5fb1\",\"name\":\"Arnaldo Botto\",\"image\":{\"@type\":\"ImageObject\",\"inLanguage\":\"es\",\"@id\":\"https:\/\/www.noticiasradioreflejos.com.ar\/2021\/#\/schema\/person\/image\/\",\"url\":\"https:\/\/secure.gravatar.com\/avatar\/55cb5e37c1efa326397366e6974cb338056df65cb50e7d64d1cf314e87504837?s=96&d=mm&r=g\",\"contentUrl\":\"https:\/\/secure.gravatar.com\/avatar\/55cb5e37c1efa326397366e6974cb338056df65cb50e7d64d1cf314e87504837?s=96&d=mm&r=g\",\"caption\":\"Arnaldo Botto\"},\"url\":\"https:\/\/www.noticiasradioreflejos.com.ar\/2021\/author\/arnaldo\/\"}]}<\/script>\n<!-- \/ Yoast SEO plugin. -->","yoast_head_json":{"title":"Concurso de cortos \u201cSER BONAERENSE EN MI LOCALIDAD\u201d - Noticias Radio Reflejos","robots":{"index":"index","follow":"follow","max-snippet":"max-snippet:-1","max-image-preview":"max-image-preview:large","max-video-preview":"max-video-preview:-1"},"canonical":"https:\/\/www.noticiasradioreflejos.com.ar\/2021\/concurso-de-cortos-ser-bonaerense-en-mi-localidad\/","og_locale":"es_ES","og_type":"article","og_title":"Concurso de cortos \u201cSER BONAERENSE EN MI LOCALIDAD\u201d - Noticias Radio Reflejos","og_description":"La Presidencia de la C\u00e1mara de Senadores de la provincia de Buenos Aires, a trav\u00e9s de la direcci\u00f3n de Relaciones Institucionales, convoca a un concurso de cortometrajes dirigidos a alumnos y alumnas de los \u00faltimos tres a\u00f1os de las escuelas secundarias de gesti\u00f3n p\u00fablica de la provincia de Buenos Aires, denominado \u201cSer bonaerense en mi [&hellip;]","og_url":"https:\/\/www.noticiasradioreflejos.com.ar\/2021\/concurso-de-cortos-ser-bonaerense-en-mi-localidad\/","og_site_name":"Noticias Radio Reflejos","article_published_time":"2021-08-03T12:18:40+00:00","og_image":[{"width":300,"height":200,"url":"https:\/\/www.noticiasradioreflejos.com.ar\/2021\/wp-content\/uploads\/2021\/07\/logosol300x200.png","type":"image\/png"}],"author":"Arnaldo Botto","twitter_card":"summary_large_image","schema":{"@context":"https:\/\/schema.org","@graph":[{"@type":"WebPage","@id":"https:\/\/www.noticiasradioreflejos.com.ar\/2021\/concurso-de-cortos-ser-bonaerense-en-mi-localidad\/","url":"https:\/\/www.noticiasradioreflejos.com.ar\/2021\/concurso-de-cortos-ser-bonaerense-en-mi-localidad\/","name":"Concurso de cortos \u201cSER BONAERENSE EN MI LOCALIDAD\u201d - Noticias Radio Reflejos","isPartOf":{"@id":"https:\/\/www.noticiasradioreflejos.com.ar\/2021\/#website"},"datePublished":"2021-08-03T12:18:40+00:00","author":{"@id":"https:\/\/www.noticiasradioreflejos.com.ar\/2021\/#\/schema\/person\/ad82545263dcc5ec0996818884fd5fb1"},"breadcrumb":{"@id":"https:\/\/www.noticiasradioreflejos.com.ar\/2021\/concurso-de-cortos-ser-bonaerense-en-mi-localidad\/#breadcrumb"},"inLanguage":"es","potentialAction":[{"@type":"ReadAction","target":["https:\/\/www.noticiasradioreflejos.com.ar\/2021\/concurso-de-cortos-ser-bonaerense-en-mi-localidad\/"]}]},{"@type":"BreadcrumbList","@id":"https:\/\/www.noticiasradioreflejos.com.ar\/2021\/concurso-de-cortos-ser-bonaerense-en-mi-localidad\/#breadcrumb","itemListElement":[{"@type":"ListItem","position":1,"name":"Portada","item":"https:\/\/www.noticiasradioreflejos.com.ar\/2021\/"},{"@type":"ListItem","position":2,"name":"Concurso de cortos \u201cSER BONAERENSE EN MI LOCALIDAD\u201d"}]},{"@type":"WebSite","@id":"https:\/\/www.noticiasradioreflejos.com.ar\/2021\/#website","url":"https:\/\/www.noticiasradioreflejos.com.ar\/2021\/","name":"Noticias Radio Reflejos","description":"Las noticias de mi comarca","potentialAction":[{"@type":"SearchAction","target":{"@type":"EntryPoint","urlTemplate":"https:\/\/www.noticiasradioreflejos.com.ar\/2021\/?s={search_term_string}"},"query-input":{"@type":"PropertyValueSpecification","valueRequired":true,"valueName":"search_term_string"}}],"inLanguage":"es"},{"@type":"Person","@id":"https:\/\/www.noticiasradioreflejos.com.ar\/2021\/#\/schema\/person\/ad82545263dcc5ec0996818884fd5fb1","name":"Arnaldo Botto","image":{"@type":"ImageObject","inLanguage":"es","@id":"https:\/\/www.noticiasradioreflejos.com.ar\/2021\/#\/schema\/person\/image\/","url":"https:\/\/secure.gravatar.com\/avatar\/55cb5e37c1efa326397366e6974cb338056df65cb50e7d64d1cf314e87504837?s=96&d=mm&r=g","contentUrl":"https:\/\/secure.gravatar.com\/avatar\/55cb5e37c1efa326397366e6974cb338056df65cb50e7d64d1cf314e87504837?s=96&d=mm&r=g","caption":"Arnaldo Botto"},"url":"https:\/\/www.noticiasradioreflejos.com.ar\/2021\/author\/arnaldo\/"}]}},"_links":{"self":[{"href":"https:\/\/www.noticiasradioreflejos.com.ar\/2021\/wp-json\/wp\/v2\/posts\/61015","targetHints":{"allow":["GET"]}}],"collection":[{"href":"https:\/\/www.noticiasradioreflejos.com.ar\/2021\/wp-json\/wp\/v2\/posts"}],"about":[{"href":"https:\/\/www.noticiasradioreflejos.com.ar\/2021\/wp-json\/wp\/v2\/types\/post"}],"author":[{"embeddable":true,"href":"https:\/\/www.noticiasradioreflejos.com.ar\/2021\/wp-json\/wp\/v2\/users\/3"}],"replies":[{"embeddable":true,"href":"https:\/\/www.noticiasradioreflejos.com.ar\/2021\/wp-json\/wp\/v2\/comments?post=61015"}],"version-history":[{"count":1,"href":"https:\/\/www.noticiasradioreflejos.com.ar\/2021\/wp-json\/wp\/v2\/posts\/61015\/revisions"}],"predecessor-version":[{"id":61018,"href":"https:\/\/www.noticiasradioreflejos.com.ar\/2021\/wp-json\/wp\/v2\/posts\/61015\/revisions\/61018"}],"wp:attachment":[{"href":"https:\/\/www.noticiasradioreflejos.com.ar\/2021\/wp-json\/wp\/v2\/media?parent=61015"}],"wp:term":[{"taxonomy":"category","embeddable":true,"href":"https:\/\/www.noticiasradioreflejos.com.ar\/2021\/wp-json\/wp\/v2\/categories?post=61015"},{"taxonomy":"post_tag","embeddable":true,"href":"https:\/\/www.noticiasradioreflejos.com.ar\/2021\/wp-json\/wp\/v2\/tags?post=61015"}],"curies":[{"name":"wp","href":"https:\/\/api.w.org\/{rel}","templated":true}]}}