{"id":61010,"date":"2021-08-03T11:20:21","date_gmt":"2021-08-03T11:20:21","guid":{"rendered":"http:\/\/www.noticiasradioreflejos.com.ar\/2021\/?p=61010"},"modified":"2021-08-03T11:23:10","modified_gmt":"2021-08-03T11:23:10","slug":"historico-el-voley-argentino-en-semifinales","status":"publish","type":"post","link":"https:\/\/www.noticiasradioreflejos.com.ar\/2021\/historico-el-voley-argentino-en-semifinales\/","title":{"rendered":"Hist\u00f3rico: el v\u00f3ley argentino, en semifinales"},"content":{"rendered":"<header id=\"mvp-post-head\" class=\"left relative\">En un partido marat\u00f3nico, el conjunto de Marcelo M\u00e9ndez super\u00f3 a Italia 3-2 en el tie break con parciales de 21-15, 25-23, 25-22, 14-25 y 15-12. La Selecci\u00f3n Argentina tendr\u00e1 dos chances de subirse al podio en Tokio 2020.<\/p>\n<div class=\"mvp-author-info-wrap left relative\">\n<div class=\"mvp-author-info-text left relative\">\n<div class=\"mvp-author-info-name left relative\"><\/div>\n<\/div>\n<\/div>\n<\/header>\n<div class=\"mvp-post-main-out left relative\">\n<div class=\"mvp-post-main-in\">\n<div id=\"mvp-post-content\" class=\"left relative\">\n<div id=\"mvp-post-feat-img\" class=\"left relative mvp-post-feat-img-wide2\"><img loading=\"lazy\" decoding=\"async\" class=\"attachment- size- wp-post-image\" src=\"https:\/\/www.labrujula24.com\/wp-content\/uploads\/2021\/08\/voley-1.jpg\" sizes=\"auto, (max-width: 1200px) 100vw, 1200px\" srcset=\"https:\/\/www.labrujula24.com\/wp-content\/uploads\/2021\/08\/voley-1.jpg 1200w, https:\/\/www.labrujula24.com\/wp-content\/uploads\/2021\/08\/voley-1-768x461.jpg 768w, https:\/\/www.labrujula24.com\/wp-content\/uploads\/2021\/08\/voley-1-1000x600.jpg 1000w, https:\/\/www.labrujula24.com\/wp-content\/uploads\/2021\/08\/voley-1-590x354.jpg 590w, https:\/\/www.labrujula24.com\/wp-content\/uploads\/2021\/08\/voley-1-400x240.jpg 400w\" alt=\"\" width=\"1200\" height=\"720\" \/><\/div>\n<p><strong><span class=\"mvp-feat-caption\">Foto: Ol\u00e9<\/span><\/strong><\/p>\n<div id=\"mvp-content-wrap\" class=\"left relative\">\n<div class=\"mvp-post-soc-out right relative\">\n<div class=\"mvp-post-soc-in\">\n<div id=\"mvp-content-body\" class=\"left relative\">\n<div id=\"mvp-content-body-top\" class=\"left relative\">\n<div id=\"mvp-content-main\" class=\"left relative\">\n<div id=\"textbody\">\n<p>Tras su resonante triunfo por 3-0 ante Estados Unidos, el\u00a0seleccionado argentino masculino de v\u00f3ley venci\u00f3 a Italia\u00a0en el tie break por 3-2 y se clasific\u00f3 a las semifinales de los Juegos Ol\u00edmpicos de Tokio 2020. El conjunto italiano gan\u00f3 el primero\u00a025-21, mientras que el equipo argentino se recuper\u00f3 e igual\u00f3 las acciones con un\u00a025-23. La tercera manga qued\u00f3 para los sudamericanos por\u00a025-22. El cuarto per\u00edodo qued\u00f3 para los europeos por 25-14. En la definici\u00f3n, Facundo Conte le dio el punto final a la Argentina para el\u00a015-12.<\/p>\n<p>En Tokio, el combinado europeo se\u00a0apropi\u00f3 del primer set con un 25-21\u00a0en un tr\u00e1mite cargado de paridad, pero en el que lograron sacar la ventaja y cerrarlo sin fisuras reparti\u00e9ndose los puntos en las figuras de Gianluca Galassi, Osmany Juantorena e Ivan Zaytsev, principalmente.<\/p>\n<div class=\"code-block code-block-11\"><\/div>\n<p>El segundo parcial fue tan intenso como el primero. Los italianos presionaron con el saque, pero los dirigidos por M\u00e9ndez se mantuvieron en juego gracias a los puntos de\u00a0Ezequiel Palacios. El n\u00famero 13 de Argentina asust\u00f3 a todos cuando, luego de sumar el punto 21 para\u00a0<em>la Albiceleste<\/em>\u00a0(21-19), en el descenso pis\u00f3 a Sebasti\u00e1n Sol\u00e9 y se dobl\u00f3 el tobillo derecho. Luego de ser atendido por los m\u00e9dicos, sigui\u00f3 en la cancha hasta el\u00a025-23.<\/p>\n<p>En el tercer set se vio la mejor versi\u00f3n del juego argentino hasta el momento. Con un brillante\u00a0Luciano De Cecco, protagonista de varias acciones ofensivas individuales que terminaron en puntos para Argentina, sumado al ataque furioso de\u00a0Facundo Conte\u00a0y Palacios, el conjunto nacional sac\u00f3 m\u00e1xima de cinco puntos a la mitad del parcial (12-7) Acto seguido, los italianos se recuperaron, pero Argentina cerr\u00f3 mejor y se llev\u00f3 el set por\u00a025-22.<\/p>\n<div class=\"code-block code-block-1\"><\/div>\n<p>El cuarto parcial fue todo de los italianos, que se adelantaron r\u00e1pido en el marcador y lo terminaron r\u00e1pido con un contundente\u00a025-14. Frente a esto, el entrenador argentino decidi\u00f3 preservar a varios de los titulares a la espera del tie break.<\/p>\n<p><img loading=\"lazy\" decoding=\"async\" src=\"https:\/\/www.infobae.com\/new-resizer\/opRL-TEkcvVtYgyV78vIIcy8Tvw=\/420x280\/filters:format(jpg):quality(85)\/cloudfront-us-east-1.images.arcpublishing.com\/infobae\/CQJWNJ33LVVN2652A2O2CRCMNE.jpg%20420w\" srcset=\"https:\/\/www.infobae.com\/new-resizer\/opRL-TEkcvVtYgyV78vIIcy8Tvw=\/420x280\/filters:format(jpg):quality(85)\/cloudfront-us-east-1.images.arcpublishing.com\/infobae\/CQJWNJ33LVVN2652A2O2CRCMNE.jpg 420w,https:\/\/www.infobae.com\/new-resizer\/xZPmgGrP4NWeAbLk6Xj9mLS8n8E=\/768x512\/filters:format(jpg):quality(85)\/cloudfront-us-east-1.images.arcpublishing.com\/infobae\/CQJWNJ33LVVN2652A2O2CRCMNE.jpg 768w,https:\/\/www.infobae.com\/new-resizer\/tVX76o1t-foDw9a0yUJHJ9YZ_Gc=\/992x661\/filters:format(jpg):quality(85)\/cloudfront-us-east-1.images.arcpublishing.com\/infobae\/CQJWNJ33LVVN2652A2O2CRCMNE.jpg 992w,https:\/\/www.infobae.com\/new-resizer\/huRabxuuAaaj3652XSxxORE1jEo=\/1200x800\/filters:format(jpg):quality(85)\/cloudfront-us-east-1.images.arcpublishing.com\/infobae\/CQJWNJ33LVVN2652A2O2CRCMNE.jpg 1200w\" alt=\"Argentinos e italianos se enfrentaron por los cuartos de final del v\u00f3ley masculino ol\u00edmpico (REUTERS\/Carlos Garcia Rawlins)\" width=\"3611\" height=\"2307\" \/>Argentinos e italianos se enfrentaron por los cuartos de final del v\u00f3ley masculino ol\u00edmpico (REUTERS\/Carlos Garcia Rawlins)<\/p>\n<p>El vencedor de este duelo deber\u00e1 verse las caras en semifinales con el\u00a0triunfador de la llave que componen Francia y Polonia. Por el otro lado del cuadro, la semifinal ser\u00e1 entre Brasil (le gan\u00f3 3-0 a Jap\u00f3n) y el Comit\u00e9 Ol\u00edmpico Ruso (venci\u00f3 3-0 a Canad\u00e1).<\/p>\n<p>El camino del equipo nacional en estos Juegos empez\u00f3 con una derrota ante Rusia (3-1) y una dolorosa ca\u00edda en un partidazo 3-2 contra Brasil -actual campe\u00f3n ol\u00edmpico-. El conjunto\u00a0 albiceleste\u00a0se repuso a estos golpes y con autoridad le gan\u00f3 un muy buen encuentro a Francia por 3-2 y luego sum\u00f3 su segundo triunfo ante T\u00fanez (3-2) luego de revertir dos sets abajo. El \u00faltimo escollo de Argentina en el Grupo B, uno de los m\u00e1s dif\u00edciles, fue Estados Unidos.<\/p>\n<div class=\"code-block code-block-6\"><\/div>\n<p>Cabe destacar que la\u00a0Albiceleste\u00a0tuvo su punto deportivo m\u00e1s alto en los\u00a0Juegos Ol\u00edmpicos de Se\u00fal 1988, cuando el equipo nacional venci\u00f3 a\u00a0Brasil 3-2 en el duelo por el tercer puesto\u00a0y se apoder\u00f3 de la\u00a0medalla de bronce.<\/p>\n<p><strong>Fuente: Infobae<\/strong><\/p>\n<\/div>\n<\/div>\n<\/div>\n<\/div>\n<\/div>\n<\/div>\n<\/div>\n<\/div>\n<\/div>\n<\/div>\n","protected":false},"excerpt":{"rendered":"<p>En un partido marat\u00f3nico, el conjunto de Marcelo M\u00e9ndez super\u00f3 a Italia 3-2 en el tie break con parciales de 21-15, 25-23, 25-22, 14-25 y 15-12. La Selecci\u00f3n Argentina tendr\u00e1 dos chances de subirse al podio en Tokio 2020.<\/p>\n","protected":false},"author":3,"featured_media":0,"comment_status":"closed","ping_status":"closed","sticky":false,"template":"","format":"standard","meta":{"footnotes":""},"categories":[27],"tags":[],"class_list":["post-61010","post","type-post","status-publish","format-standard","hentry","category-deportes"],"yoast_head":"<!-- This site is optimized with the Yoast SEO plugin v25.9 - https:\/\/yoast.com\/wordpress\/plugins\/seo\/ -->\n<title>Hist\u00f3rico: el v\u00f3ley argentino, en semifinales - Noticias Radio Reflejos<\/title>\n<meta name=\"robots\" content=\"index, follow, max-snippet:-1, max-image-preview:large, max-video-preview:-1\" \/>\n<link rel=\"canonical\" href=\"https:\/\/www.noticiasradioreflejos.com.ar\/2021\/historico-el-voley-argentino-en-semifinales\/\" \/>\n<meta property=\"og:locale\" content=\"es_ES\" \/>\n<meta property=\"og:type\" content=\"article\" \/>\n<meta property=\"og:title\" content=\"Hist\u00f3rico: el v\u00f3ley argentino, en semifinales - Noticias Radio Reflejos\" \/>\n<meta property=\"og:description\" content=\"En un partido marat\u00f3nico, el conjunto de Marcelo M\u00e9ndez super\u00f3 a Italia 3-2 en el tie break con parciales de 21-15, 25-23, 25-22, 14-25 y 15-12. La Selecci\u00f3n Argentina tendr\u00e1 dos chances de subirse al podio en Tokio 2020.\" \/>\n<meta property=\"og:url\" content=\"https:\/\/www.noticiasradioreflejos.com.ar\/2021\/historico-el-voley-argentino-en-semifinales\/\" \/>\n<meta property=\"og:site_name\" content=\"Noticias Radio Reflejos\" \/>\n<meta property=\"article:published_time\" content=\"2021-08-03T11:20:21+00:00\" \/>\n<meta property=\"article:modified_time\" content=\"2021-08-03T11:23:10+00:00\" \/>\n<meta property=\"og:image\" content=\"https:\/\/www.labrujula24.com\/wp-content\/uploads\/2021\/08\/voley-1.jpg\" \/>\n<meta name=\"author\" content=\"Arnaldo Botto\" \/>\n<meta name=\"twitter:card\" content=\"summary_large_image\" \/>\n<script type=\"application\/ld+json\" class=\"yoast-schema-graph\">{\"@context\":\"https:\/\/schema.org\",\"@graph\":[{\"@type\":\"WebPage\",\"@id\":\"https:\/\/www.noticiasradioreflejos.com.ar\/2021\/historico-el-voley-argentino-en-semifinales\/\",\"url\":\"https:\/\/www.noticiasradioreflejos.com.ar\/2021\/historico-el-voley-argentino-en-semifinales\/\",\"name\":\"Hist\u00f3rico: el v\u00f3ley argentino, en semifinales - Noticias Radio Reflejos\",\"isPartOf\":{\"@id\":\"https:\/\/www.noticiasradioreflejos.com.ar\/2021\/#website\"},\"primaryImageOfPage\":{\"@id\":\"https:\/\/www.noticiasradioreflejos.com.ar\/2021\/historico-el-voley-argentino-en-semifinales\/#primaryimage\"},\"image\":{\"@id\":\"https:\/\/www.noticiasradioreflejos.com.ar\/2021\/historico-el-voley-argentino-en-semifinales\/#primaryimage\"},\"thumbnailUrl\":\"https:\/\/www.labrujula24.com\/wp-content\/uploads\/2021\/08\/voley-1.jpg\",\"datePublished\":\"2021-08-03T11:20:21+00:00\",\"dateModified\":\"2021-08-03T11:23:10+00:00\",\"author\":{\"@id\":\"https:\/\/www.noticiasradioreflejos.com.ar\/2021\/#\/schema\/person\/ad82545263dcc5ec0996818884fd5fb1\"},\"breadcrumb\":{\"@id\":\"https:\/\/www.noticiasradioreflejos.com.ar\/2021\/historico-el-voley-argentino-en-semifinales\/#breadcrumb\"},\"inLanguage\":\"es\",\"potentialAction\":[{\"@type\":\"ReadAction\",\"target\":[\"https:\/\/www.noticiasradioreflejos.com.ar\/2021\/historico-el-voley-argentino-en-semifinales\/\"]}]},{\"@type\":\"ImageObject\",\"inLanguage\":\"es\",\"@id\":\"https:\/\/www.noticiasradioreflejos.com.ar\/2021\/historico-el-voley-argentino-en-semifinales\/#primaryimage\",\"url\":\"https:\/\/www.labrujula24.com\/wp-content\/uploads\/2021\/08\/voley-1.jpg\",\"contentUrl\":\"https:\/\/www.labrujula24.com\/wp-content\/uploads\/2021\/08\/voley-1.jpg\"},{\"@type\":\"BreadcrumbList\",\"@id\":\"https:\/\/www.noticiasradioreflejos.com.ar\/2021\/historico-el-voley-argentino-en-semifinales\/#breadcrumb\",\"itemListElement\":[{\"@type\":\"ListItem\",\"position\":1,\"name\":\"Portada\",\"item\":\"https:\/\/www.noticiasradioreflejos.com.ar\/2021\/\"},{\"@type\":\"ListItem\",\"position\":2,\"name\":\"Hist\u00f3rico: el v\u00f3ley argentino, en semifinales\"}]},{\"@type\":\"WebSite\",\"@id\":\"https:\/\/www.noticiasradioreflejos.com.ar\/2021\/#website\",\"url\":\"https:\/\/www.noticiasradioreflejos.com.ar\/2021\/\",\"name\":\"Noticias Radio Reflejos\",\"description\":\"Las noticias de mi comarca\",\"potentialAction\":[{\"@type\":\"SearchAction\",\"target\":{\"@type\":\"EntryPoint\",\"urlTemplate\":\"https:\/\/www.noticiasradioreflejos.com.ar\/2021\/?s={search_term_string}\"},\"query-input\":{\"@type\":\"PropertyValueSpecification\",\"valueRequired\":true,\"valueName\":\"search_term_string\"}}],\"inLanguage\":\"es\"},{\"@type\":\"Person\",\"@id\":\"https:\/\/www.noticiasradioreflejos.com.ar\/2021\/#\/schema\/person\/ad82545263dcc5ec0996818884fd5fb1\",\"name\":\"Arnaldo Botto\",\"image\":{\"@type\":\"ImageObject\",\"inLanguage\":\"es\",\"@id\":\"https:\/\/www.noticiasradioreflejos.com.ar\/2021\/#\/schema\/person\/image\/\",\"url\":\"https:\/\/secure.gravatar.com\/avatar\/55cb5e37c1efa326397366e6974cb338056df65cb50e7d64d1cf314e87504837?s=96&d=mm&r=g\",\"contentUrl\":\"https:\/\/secure.gravatar.com\/avatar\/55cb5e37c1efa326397366e6974cb338056df65cb50e7d64d1cf314e87504837?s=96&d=mm&r=g\",\"caption\":\"Arnaldo Botto\"},\"url\":\"https:\/\/www.noticiasradioreflejos.com.ar\/2021\/author\/arnaldo\/\"}]}<\/script>\n<!-- \/ Yoast SEO plugin. -->","yoast_head_json":{"title":"Hist\u00f3rico: el v\u00f3ley argentino, en semifinales - Noticias Radio Reflejos","robots":{"index":"index","follow":"follow","max-snippet":"max-snippet:-1","max-image-preview":"max-image-preview:large","max-video-preview":"max-video-preview:-1"},"canonical":"https:\/\/www.noticiasradioreflejos.com.ar\/2021\/historico-el-voley-argentino-en-semifinales\/","og_locale":"es_ES","og_type":"article","og_title":"Hist\u00f3rico: el v\u00f3ley argentino, en semifinales - Noticias Radio Reflejos","og_description":"En un partido marat\u00f3nico, el conjunto de Marcelo M\u00e9ndez super\u00f3 a Italia 3-2 en el tie break con parciales de 21-15, 25-23, 25-22, 14-25 y 15-12. La Selecci\u00f3n Argentina tendr\u00e1 dos chances de subirse al podio en Tokio 2020.","og_url":"https:\/\/www.noticiasradioreflejos.com.ar\/2021\/historico-el-voley-argentino-en-semifinales\/","og_site_name":"Noticias Radio Reflejos","article_published_time":"2021-08-03T11:20:21+00:00","article_modified_time":"2021-08-03T11:23:10+00:00","og_image":[{"url":"https:\/\/www.labrujula24.com\/wp-content\/uploads\/2021\/08\/voley-1.jpg","type":"","width":"","height":""}],"author":"Arnaldo Botto","twitter_card":"summary_large_image","schema":{"@context":"https:\/\/schema.org","@graph":[{"@type":"WebPage","@id":"https:\/\/www.noticiasradioreflejos.com.ar\/2021\/historico-el-voley-argentino-en-semifinales\/","url":"https:\/\/www.noticiasradioreflejos.com.ar\/2021\/historico-el-voley-argentino-en-semifinales\/","name":"Hist\u00f3rico: el v\u00f3ley argentino, en semifinales - Noticias Radio Reflejos","isPartOf":{"@id":"https:\/\/www.noticiasradioreflejos.com.ar\/2021\/#website"},"primaryImageOfPage":{"@id":"https:\/\/www.noticiasradioreflejos.com.ar\/2021\/historico-el-voley-argentino-en-semifinales\/#primaryimage"},"image":{"@id":"https:\/\/www.noticiasradioreflejos.com.ar\/2021\/historico-el-voley-argentino-en-semifinales\/#primaryimage"},"thumbnailUrl":"https:\/\/www.labrujula24.com\/wp-content\/uploads\/2021\/08\/voley-1.jpg","datePublished":"2021-08-03T11:20:21+00:00","dateModified":"2021-08-03T11:23:10+00:00","author":{"@id":"https:\/\/www.noticiasradioreflejos.com.ar\/2021\/#\/schema\/person\/ad82545263dcc5ec0996818884fd5fb1"},"breadcrumb":{"@id":"https:\/\/www.noticiasradioreflejos.com.ar\/2021\/historico-el-voley-argentino-en-semifinales\/#breadcrumb"},"inLanguage":"es","potentialAction":[{"@type":"ReadAction","target":["https:\/\/www.noticiasradioreflejos.com.ar\/2021\/historico-el-voley-argentino-en-semifinales\/"]}]},{"@type":"ImageObject","inLanguage":"es","@id":"https:\/\/www.noticiasradioreflejos.com.ar\/2021\/historico-el-voley-argentino-en-semifinales\/#primaryimage","url":"https:\/\/www.labrujula24.com\/wp-content\/uploads\/2021\/08\/voley-1.jpg","contentUrl":"https:\/\/www.labrujula24.com\/wp-content\/uploads\/2021\/08\/voley-1.jpg"},{"@type":"BreadcrumbList","@id":"https:\/\/www.noticiasradioreflejos.com.ar\/2021\/historico-el-voley-argentino-en-semifinales\/#breadcrumb","itemListElement":[{"@type":"ListItem","position":1,"name":"Portada","item":"https:\/\/www.noticiasradioreflejos.com.ar\/2021\/"},{"@type":"ListItem","position":2,"name":"Hist\u00f3rico: el v\u00f3ley argentino, en semifinales"}]},{"@type":"WebSite","@id":"https:\/\/www.noticiasradioreflejos.com.ar\/2021\/#website","url":"https:\/\/www.noticiasradioreflejos.com.ar\/2021\/","name":"Noticias Radio Reflejos","description":"Las noticias de mi comarca","potentialAction":[{"@type":"SearchAction","target":{"@type":"EntryPoint","urlTemplate":"https:\/\/www.noticiasradioreflejos.com.ar\/2021\/?s={search_term_string}"},"query-input":{"@type":"PropertyValueSpecification","valueRequired":true,"valueName":"search_term_string"}}],"inLanguage":"es"},{"@type":"Person","@id":"https:\/\/www.noticiasradioreflejos.com.ar\/2021\/#\/schema\/person\/ad82545263dcc5ec0996818884fd5fb1","name":"Arnaldo Botto","image":{"@type":"ImageObject","inLanguage":"es","@id":"https:\/\/www.noticiasradioreflejos.com.ar\/2021\/#\/schema\/person\/image\/","url":"https:\/\/secure.gravatar.com\/avatar\/55cb5e37c1efa326397366e6974cb338056df65cb50e7d64d1cf314e87504837?s=96&d=mm&r=g","contentUrl":"https:\/\/secure.gravatar.com\/avatar\/55cb5e37c1efa326397366e6974cb338056df65cb50e7d64d1cf314e87504837?s=96&d=mm&r=g","caption":"Arnaldo Botto"},"url":"https:\/\/www.noticiasradioreflejos.com.ar\/2021\/author\/arnaldo\/"}]}},"_links":{"self":[{"href":"https:\/\/www.noticiasradioreflejos.com.ar\/2021\/wp-json\/wp\/v2\/posts\/61010","targetHints":{"allow":["GET"]}}],"collection":[{"href":"https:\/\/www.noticiasradioreflejos.com.ar\/2021\/wp-json\/wp\/v2\/posts"}],"about":[{"href":"https:\/\/www.noticiasradioreflejos.com.ar\/2021\/wp-json\/wp\/v2\/types\/post"}],"author":[{"embeddable":true,"href":"https:\/\/www.noticiasradioreflejos.com.ar\/2021\/wp-json\/wp\/v2\/users\/3"}],"replies":[{"embeddable":true,"href":"https:\/\/www.noticiasradioreflejos.com.ar\/2021\/wp-json\/wp\/v2\/comments?post=61010"}],"version-history":[{"count":2,"href":"https:\/\/www.noticiasradioreflejos.com.ar\/2021\/wp-json\/wp\/v2\/posts\/61010\/revisions"}],"predecessor-version":[{"id":61013,"href":"https:\/\/www.noticiasradioreflejos.com.ar\/2021\/wp-json\/wp\/v2\/posts\/61010\/revisions\/61013"}],"wp:attachment":[{"href":"https:\/\/www.noticiasradioreflejos.com.ar\/2021\/wp-json\/wp\/v2\/media?parent=61010"}],"wp:term":[{"taxonomy":"category","embeddable":true,"href":"https:\/\/www.noticiasradioreflejos.com.ar\/2021\/wp-json\/wp\/v2\/categories?post=61010"},{"taxonomy":"post_tag","embeddable":true,"href":"https:\/\/www.noticiasradioreflejos.com.ar\/2021\/wp-json\/wp\/v2\/tags?post=61010"}],"curies":[{"name":"wp","href":"https:\/\/api.w.org\/{rel}","templated":true}]}}