{"id":61002,"date":"2021-08-03T11:11:20","date_gmt":"2021-08-03T11:11:20","guid":{"rendered":"http:\/\/www.noticiasradioreflejos.com.ar\/2021\/?p=61002"},"modified":"2021-08-03T11:14:26","modified_gmt":"2021-08-03T11:14:26","slug":"argentina-alcanzo-la-inmunizacion-de-mas-del-55-por-ciento-de-la-poblacion","status":"publish","type":"post","link":"https:\/\/www.noticiasradioreflejos.com.ar\/2021\/argentina-alcanzo-la-inmunizacion-de-mas-del-55-por-ciento-de-la-poblacion\/","title":{"rendered":"Argentina alcanz\u00f3 la inmunizaci\u00f3n de m\u00e1s del 55 por ciento de la poblaci\u00f3n"},"content":{"rendered":"<div class=\"head-content\">\n<p>\u00abDetr\u00e1s de la vacunaci\u00f3n est\u00e1 la puerta de salida que nos permitir\u00e1 reencontrarnos con la vida que queremos\u00bb, anunci\u00f3 el presidente Alberto Fern\u00e1ndez. Adem\u00e1s, las aplicaciones en los mayores de 18 a\u00f1os treparon al 74,35%.<\/p>\n<\/div>\n<p><!--more--><\/p>\n<div class=\"main-content-block\">\n<div class=\"main-box clearfix\">\n<div class=\"wrapper-main-section clearfix\">\n<div class=\"wrapper-editable-content\">\n<div class=\"editable-content clearfix\">\n<div id=\"image\" class=\"image\">\n<p><img decoding=\"async\" title=\"Argentina alcanz\u00f3 la inmunizaci\u00f3n del 55,49% de la poblaci\u00f3n total con al menos una dosis (Foto: Gustavo Amarelle).\" src=\"https:\/\/www.telam.com.ar\/advf\/imagenes\/2021\/08\/6109108521cbe_1004x565.jpg\" alt=\"Argentina alcanz\u00f3 la inmunizaci\u00f3n del 55,49% de la poblaci\u00f3n total con al menos una dosis (Foto: Gustavo Amarelle).\" \/><\/p>\n<div class=\"epigrafe\">Argentina alcanz\u00f3 la inmunizaci\u00f3n del 55,49% de la poblaci\u00f3n total con al menos una dosis (Foto: Gustavo Amarelle).<\/div>\n<\/div>\n<p>M\u00e1s de la mitad de la poblaci\u00f3n total de la Argentina ya recibi\u00f3 al menos una dosis de la vacuna contra el coronavirus y, en el caso de los<strong>\u00a0j\u00f3venes mayores de 18 a\u00f1os esa cobertura alcanz\u00f3 el 74,35%,<\/strong>\u00a0en el marco del Plan Estrat\u00e9gico de Vacunaci\u00f3n que lleva adelante el Gobierno nacional y que durante julio se robusteci\u00f3 con la llegada r\u00e9cord de casi 17 millones de vacunas y 11 millones de aplicaciones en todo el pa\u00eds, informaron fuentes oficiales.<\/p>\n<p>Argentina alcanz\u00f3 el pasado domingo la inmunizaci\u00f3n del 55,49% de la poblaci\u00f3n total con al menos una dosis, mientras que en los mayores de 18 a\u00f1os las aplicaciones treparon al 74,35%.<\/p>\n<p>El presidente Alberto Fern\u00e1ndez celebr\u00f3 los porcentajes alcanzados durante un acto en el que se present\u00f3\u00a0<a href=\"https:\/\/www.telam.com.ar\/notas\/202108\/563525-nuevo-ahora-12-24-30-cuotas.html\" target=\"_blank\" rel=\"noopener\">la ampliaci\u00f3n del programa Ahora 12\u00a0<\/a>y vincul\u00f3 la inmunizaci\u00f3n con el crecimiento de la producci\u00f3n y de la econom\u00eda del pa\u00eds.<\/p>\n<p>\u00abDetr\u00e1s de la vacunaci\u00f3n est\u00e1 esa puerta de salida que nos permitir\u00e1 reencontrarnos con la vida que queremos\u00bb, resalt\u00f3 Fern\u00e1ndez y puso ejemplos cotidianos de las posibilidades que habilita la inmunizaci\u00f3n total, como \u00abdejar de lado el barbijo, compartir afectos, abrazar a los seres queridos, ir a ver f\u00fatbol o a escuchar m\u00fasica\u00bb.<\/p>\n<blockquote><p>\u00abDetr\u00e1s de la vacunaci\u00f3n est\u00e1 esa puerta de salida que nos permitir\u00e1 reencontrarnos con la vida que queremos\u00bb<\/p><\/blockquote>\n<p><strong>Las jurisdicciones m\u00e1s avanzadas<\/strong>\u00a0<strong>en t\u00e9rminos de inmunizaci\u00f3n con la primera dosis son<\/strong>\u00a0CABA (66,75%), La Pampa (60,54%), San Luis (60,16%) y R\u00edo Negro (59,09%) y en cuanto a la poblaci\u00f3n mayor de 18 a\u00f1os los distritos con mejores \u00edndices son La Rioja (82,34%), Santiago del Estero (79,97%), San Luis (79,41%) y Santa Fe (78,91%).<\/p>\n<div id=\"image\" class=\"image\">\n<p><img decoding=\"async\" title=\"M\u00e1s de la mitad de la poblaci\u00f3n total de la Argentina ya recibi\u00f3 al menos una dosis de la vacuna (Foto: Gustavo Amarelle).\" src=\"https:\/\/www.telam.com.ar\/advf\/imagenes\/2021\/08\/610846055dba1_1004x565.jpg\" alt=\"M\u00e1s de la mitad de la poblaci\u00f3n total de la Argentina ya recibi\u00f3 al menos una dosis de la vacuna (Foto: Gustavo Amarelle).\" \/><\/p>\n<div class=\"epigrafe\">M\u00e1s de la mitad de la poblaci\u00f3n total de la Argentina ya recibi\u00f3 al menos una dosis de la vacuna (Foto: Gustavo Amarelle).<\/div>\n<\/div>\n<div class=\"auth\">Arribo de vacunas<\/div>\n<p>El total de vacunas contra la Covid-19 recibidas durante el mes pasado fue de 16.895.200 y se alcanzaron las 11.241.066 aplicaciones, con un promedio diario de 362.615 inoculaciones.<\/p>\n<p>El arribo de vacunas tambi\u00e9n registr\u00f3 una cifra r\u00e9cord, a partir de las\u00a0<strong>16.895.200 dosis recibidas<\/strong>\u00a0en 19 vuelos a lo largo del s\u00e9ptimo mes del a\u00f1o.<\/p>\n<p>De ese total, 1.744.000 son de Sputnik V (1.141.000 del componente 1 y 603.000 del componente 2), 8.768.000 de Sinopharm, 2.883.200 de AstraZeneca y Oxford y 3.500.000 de Moderna.<\/p>\n<p>Desde el inicio de la campa\u00f1a, la Argentina recibi\u00f3 42.601.930 vacunas, de las cuales 14.768.000 corresponden a Sinopharm; 11.868.830 a Sputnik V, (9.375.670 del componente 1 y 2.493.160 del componente 2); y 9.941.100 a las de AstraZeneca y Oxford, cuyo principio activo se produjo en la Argentina.<\/p>\n<p>Otras 3.500.000 fueron de Moderna; 1.944.000 de AstraZeneca por el mecanismo COVAX de la OMS y 580.000 de a AstraZeneca-Covishield.<\/p>\n<div id=\"image\" class=\"image\">\n<p><img decoding=\"async\" title=\"El arribo de vacunas tambi\u00e9n registr\u00f3 una cifra r\u00e9cord, a partir de las 16.895.200 dosis recibidas en 19 vuelos (Foto: Pablo A\u00f1eli).\" src=\"https:\/\/www.telam.com.ar\/advf\/imagenes\/2021\/07\/60fad35e974a4_1004x565.jpg\" alt=\"El arribo de vacunas tambi\u00e9n registr\u00f3 una cifra r\u00e9cord, a partir de las 16.895.200 dosis recibidas en 19 vuelos (Foto: Pablo A\u00f1eli).\" \/><\/p>\n<div class=\"epigrafe\">El arribo de vacunas tambi\u00e9n registr\u00f3 una cifra r\u00e9cord, a partir de las 16.895.200 dosis recibidas en 19 vuelos (Foto: Pablo A\u00f1eli).<\/div>\n<\/div>\n<p>De acuerdo con el Monitor P\u00fablico de Vacunaci\u00f3n, hasta la ma\u00f1ana del lunes<strong>\u00a0se distribuyeron 38.086.954 dosis en todas las jurisdicciones\u00a0<\/strong>y se aplicaron 32.335.391: con la primera dosis 25.178.202 personas, mientras que 7.157.189 cuentan con el esquema completo de inmunizaci\u00f3n.<\/p>\n<p>En tanto, esta semana llegar\u00e1n al pa\u00eds desde Rusia<strong>\u00a0300 litros m\u00e1s del componente 2 de la vacuna Sputnik V\u00a0<\/strong>para continuar completando el esquema de vacunaci\u00f3n, seg\u00fan lo anunci\u00f3 la semana pasada la ministra de Salud, Carla Vizzotti.<\/p>\n<p>A su vez,<a href=\"https:\/\/www.telam.com.ar\/notas\/202107\/563036-llego-cargamento-de-componente-2-de-sputnik-v-para-producir-mas-de-750-mil-vacunas.html\" target=\"_blank\" rel=\"noopener\">\u00a0el mi\u00e9rcoles de la pasada semana,<strong>\u00a0<\/strong>arribaron al pa\u00eds 500 litros del componente 2 de la vacuna Sputnik V\u00a0<\/a>que \u00abpermitir\u00e1n seguir produciendo\u00bb m\u00e1s de 750 mil dosis para continuar completando el esquema de vacunaci\u00f3n, de acuerdo a lo se\u00f1alado por el Laboratorio Richmond, a cargo de la producci\u00f3n de la vacuna.<\/p>\n<p>Indic\u00f3 el laboratorio que, con ese cargamento, se fabricar\u00e1n en la Argentina 760.000 dosis del componente 2 de la vacuna desarrollada en Rusia que \u00aben breve estar\u00e1n a disposici\u00f3n\u00bb para las personas.<\/p>\n<p>El laboratorio Richmond Lab en la Argentina es el encargado, a partir de un acuerdo con el Instituto Gamaleya y el Fondo Ruso de Inversi\u00f3n Directa (RDIF), de producir la vacuna Sputnik V en el pa\u00eds.<\/p>\n<blockquote class=\"twitter-tweet\" data-width=\"500\" data-dnt=\"true\">\n<p lang=\"es\" dir=\"ltr\">Argentina logr\u00f3 la inmunizaci\u00f3n de m\u00e1s del 55% de la poblaci\u00f3n con al menos una dosis.<\/p>\n<p>Durante el mes de Julio se recibieron 16.895.200 de dosis y se aplicaron m\u00e1s de 11.241.066.<\/p>\n<p>\ud83d\udd17<a href=\"https:\/\/t.co\/g3LodKD9UL\">https:\/\/t.co\/g3LodKD9UL<\/a><\/p>\n<p>Sigamos cuid\u00e1ndonos. <a href=\"https:\/\/t.co\/E30wSAjXDv\">pic.twitter.com\/E30wSAjXDv<\/a><\/p>\n<p>&mdash; Ministerio de Salud de la Naci\u00f3n (@msalnacion) <a href=\"https:\/\/twitter.com\/msalnacion\/status\/1422263085658742786?ref_src=twsrc%5Etfw\">August 2, 2021<\/a><\/p><\/blockquote>\n<p><script async src=\"https:\/\/platform.twitter.com\/widgets.js\" charset=\"utf-8\"><\/script><\/p>\n<div class=\"auth\">La combinaci\u00f3n de componentes<\/div>\n<p>Por otro lado, la ministra se refiri\u00f3 tambi\u00e9n d\u00edas atr\u00e1s, a los estudios que se desarrollan sobre la aceptaci\u00f3n de la combinaci\u00f3n de vacunas: \u00abLos datos que se vienen obteniendo en el mundo en la combinaci\u00f3n de las vacunas (Sputnik-AstraZeneca) son muy buenos\u00bb, asegur\u00f3.<\/p>\n<p>En ese sentido, resultados preliminares del primer estudio realizado a nivel mundial sobre el uso combinado de la vacuna de AstraZeneca y la primera dosis de Sputnik V demostraron eficacia contra la infecci\u00f3n por coronavirus y ausencia de efectos secundarios en las personas inmunizadas, seg\u00fan inform\u00f3 el Fondo Ruso de Inversi\u00f3n Directa (RDIF, por sus siglas en ingl\u00e9s).<\/p>\n<blockquote><p>\u00abLos datos que se vienen obteniendo en el mundo en la combinaci\u00f3n de las vacunas (Sputnik-AstraZeneca) son muy buenos\u00bb<\/p><\/blockquote>\n<p>El m\u00e9dico infect\u00f3logo e integrante del comit\u00e9 de expertos que asesora al Gobierno nacional Tom\u00e1s Orduna dijo tras\u00a0<strong>la detecci\u00f3n de la variante Delta en el pa\u00eds\u00a0<\/strong>que \u00aba pesar de que una sola dosis puede no ser protectiva para tener la enfermedad, dif\u00edcilmente el paciente haga un cuadro que lo complique para pensar en muerte\u00bb.<\/p>\n<p><strong>\u00abEl paciente tiene una gran chance de no pasar a un cuadro cr\u00edtico\u00bb<\/strong>, explic\u00f3 el jefe del Servicio de Medicina Tropical y del Viajero del Hospital Mu\u00f1iz, aunque admiti\u00f3 estar preocupado por la expansi\u00f3n de la variante Delta en el pa\u00eds.<\/p>\n<p>Advirti\u00f3 que la transmisi\u00f3n comunitaria de la variante Delta es algo que \u00abva a ocurrir\u00bb, pero el objetivo de las autoridades sanitarias es demorar esa situaci\u00f3n para tener la mayor cantidad de personas vacunadas \u00abcon doble dosis\u00bb y un menor impacto de esa variante.<\/p>\n<\/div>\n<\/div>\n<\/div>\n<\/div>\n<\/div>\n","protected":false},"excerpt":{"rendered":"<p>Argentina alcanz\u00f3 el pasado domingo la inmunizaci\u00f3n del 55,49% de la poblaci\u00f3n total con al menos una dosis, mientras que en los mayores de 18 a\u00f1os las aplicaciones treparon al 74,35%.<\/p>\n<p>El presidente Alberto Fern\u00e1ndez celebr\u00f3 los porcentajes alcanzados durante un acto en el que se present\u00f3\u00a0la ampliaci\u00f3n del programa Ahora 12\u00a0y vincul\u00f3 la inmunizaci\u00f3n con el crecimiento de la producci\u00f3n y de la econom\u00eda del pa\u00eds.<\/p>\n","protected":false},"author":3,"featured_media":0,"comment_status":"closed","ping_status":"closed","sticky":false,"template":"","format":"standard","meta":{"footnotes":""},"categories":[24,30],"tags":[],"class_list":["post-61002","post","type-post","status-publish","format-standard","hentry","category-politica","category-salud"],"yoast_head":"<!-- This site is optimized with the Yoast SEO plugin v25.9 - https:\/\/yoast.com\/wordpress\/plugins\/seo\/ -->\n<title>Argentina alcanz\u00f3 la inmunizaci\u00f3n de m\u00e1s del 55 por ciento de la poblaci\u00f3n - Noticias Radio Reflejos<\/title>\n<meta name=\"robots\" content=\"index, follow, max-snippet:-1, max-image-preview:large, max-video-preview:-1\" \/>\n<link rel=\"canonical\" href=\"https:\/\/www.noticiasradioreflejos.com.ar\/2021\/argentina-alcanzo-la-inmunizacion-de-mas-del-55-por-ciento-de-la-poblacion\/\" \/>\n<meta property=\"og:locale\" content=\"es_ES\" \/>\n<meta property=\"og:type\" content=\"article\" \/>\n<meta property=\"og:title\" content=\"Argentina alcanz\u00f3 la inmunizaci\u00f3n de m\u00e1s del 55 por ciento de la poblaci\u00f3n - Noticias Radio Reflejos\" \/>\n<meta property=\"og:description\" content=\"Argentina alcanz\u00f3 el pasado domingo la inmunizaci\u00f3n del 55,49% de la poblaci\u00f3n total con al menos una dosis, mientras que en los mayores de 18 a\u00f1os las aplicaciones treparon al 74,35%.  El presidente Alberto Fern\u00e1ndez celebr\u00f3 los porcentajes alcanzados durante un acto en el que se present\u00f3\u00a0la ampliaci\u00f3n del programa Ahora 12\u00a0y vincul\u00f3 la inmunizaci\u00f3n con el crecimiento de la producci\u00f3n y de la econom\u00eda del pa\u00eds.\" \/>\n<meta property=\"og:url\" content=\"https:\/\/www.noticiasradioreflejos.com.ar\/2021\/argentina-alcanzo-la-inmunizacion-de-mas-del-55-por-ciento-de-la-poblacion\/\" \/>\n<meta property=\"og:site_name\" content=\"Noticias Radio Reflejos\" \/>\n<meta property=\"article:published_time\" content=\"2021-08-03T11:11:20+00:00\" \/>\n<meta property=\"article:modified_time\" content=\"2021-08-03T11:14:26+00:00\" \/>\n<meta property=\"og:image\" content=\"https:\/\/www.telam.com.ar\/advf\/imagenes\/2021\/08\/6109108521cbe_1004x565.jpg\" \/>\n<meta name=\"author\" content=\"Arnaldo Botto\" \/>\n<meta name=\"twitter:card\" content=\"summary_large_image\" \/>\n<script type=\"application\/ld+json\" class=\"yoast-schema-graph\">{\"@context\":\"https:\/\/schema.org\",\"@graph\":[{\"@type\":\"WebPage\",\"@id\":\"https:\/\/www.noticiasradioreflejos.com.ar\/2021\/argentina-alcanzo-la-inmunizacion-de-mas-del-55-por-ciento-de-la-poblacion\/\",\"url\":\"https:\/\/www.noticiasradioreflejos.com.ar\/2021\/argentina-alcanzo-la-inmunizacion-de-mas-del-55-por-ciento-de-la-poblacion\/\",\"name\":\"Argentina alcanz\u00f3 la inmunizaci\u00f3n de m\u00e1s del 55 por ciento de la poblaci\u00f3n - Noticias Radio Reflejos\",\"isPartOf\":{\"@id\":\"https:\/\/www.noticiasradioreflejos.com.ar\/2021\/#website\"},\"primaryImageOfPage\":{\"@id\":\"https:\/\/www.noticiasradioreflejos.com.ar\/2021\/argentina-alcanzo-la-inmunizacion-de-mas-del-55-por-ciento-de-la-poblacion\/#primaryimage\"},\"image\":{\"@id\":\"https:\/\/www.noticiasradioreflejos.com.ar\/2021\/argentina-alcanzo-la-inmunizacion-de-mas-del-55-por-ciento-de-la-poblacion\/#primaryimage\"},\"thumbnailUrl\":\"https:\/\/www.telam.com.ar\/advf\/imagenes\/2021\/08\/6109108521cbe_1004x565.jpg\",\"datePublished\":\"2021-08-03T11:11:20+00:00\",\"dateModified\":\"2021-08-03T11:14:26+00:00\",\"author\":{\"@id\":\"https:\/\/www.noticiasradioreflejos.com.ar\/2021\/#\/schema\/person\/ad82545263dcc5ec0996818884fd5fb1\"},\"breadcrumb\":{\"@id\":\"https:\/\/www.noticiasradioreflejos.com.ar\/2021\/argentina-alcanzo-la-inmunizacion-de-mas-del-55-por-ciento-de-la-poblacion\/#breadcrumb\"},\"inLanguage\":\"es\",\"potentialAction\":[{\"@type\":\"ReadAction\",\"target\":[\"https:\/\/www.noticiasradioreflejos.com.ar\/2021\/argentina-alcanzo-la-inmunizacion-de-mas-del-55-por-ciento-de-la-poblacion\/\"]}]},{\"@type\":\"ImageObject\",\"inLanguage\":\"es\",\"@id\":\"https:\/\/www.noticiasradioreflejos.com.ar\/2021\/argentina-alcanzo-la-inmunizacion-de-mas-del-55-por-ciento-de-la-poblacion\/#primaryimage\",\"url\":\"https:\/\/www.telam.com.ar\/advf\/imagenes\/2021\/08\/6109108521cbe_1004x565.jpg\",\"contentUrl\":\"https:\/\/www.telam.com.ar\/advf\/imagenes\/2021\/08\/6109108521cbe_1004x565.jpg\"},{\"@type\":\"BreadcrumbList\",\"@id\":\"https:\/\/www.noticiasradioreflejos.com.ar\/2021\/argentina-alcanzo-la-inmunizacion-de-mas-del-55-por-ciento-de-la-poblacion\/#breadcrumb\",\"itemListElement\":[{\"@type\":\"ListItem\",\"position\":1,\"name\":\"Portada\",\"item\":\"https:\/\/www.noticiasradioreflejos.com.ar\/2021\/\"},{\"@type\":\"ListItem\",\"position\":2,\"name\":\"Argentina alcanz\u00f3 la inmunizaci\u00f3n de m\u00e1s del 55 por ciento de la poblaci\u00f3n\"}]},{\"@type\":\"WebSite\",\"@id\":\"https:\/\/www.noticiasradioreflejos.com.ar\/2021\/#website\",\"url\":\"https:\/\/www.noticiasradioreflejos.com.ar\/2021\/\",\"name\":\"Noticias Radio Reflejos\",\"description\":\"Las noticias de mi comarca\",\"potentialAction\":[{\"@type\":\"SearchAction\",\"target\":{\"@type\":\"EntryPoint\",\"urlTemplate\":\"https:\/\/www.noticiasradioreflejos.com.ar\/2021\/?s={search_term_string}\"},\"query-input\":{\"@type\":\"PropertyValueSpecification\",\"valueRequired\":true,\"valueName\":\"search_term_string\"}}],\"inLanguage\":\"es\"},{\"@type\":\"Person\",\"@id\":\"https:\/\/www.noticiasradioreflejos.com.ar\/2021\/#\/schema\/person\/ad82545263dcc5ec0996818884fd5fb1\",\"name\":\"Arnaldo Botto\",\"image\":{\"@type\":\"ImageObject\",\"inLanguage\":\"es\",\"@id\":\"https:\/\/www.noticiasradioreflejos.com.ar\/2021\/#\/schema\/person\/image\/\",\"url\":\"https:\/\/secure.gravatar.com\/avatar\/55cb5e37c1efa326397366e6974cb338056df65cb50e7d64d1cf314e87504837?s=96&d=mm&r=g\",\"contentUrl\":\"https:\/\/secure.gravatar.com\/avatar\/55cb5e37c1efa326397366e6974cb338056df65cb50e7d64d1cf314e87504837?s=96&d=mm&r=g\",\"caption\":\"Arnaldo Botto\"},\"url\":\"https:\/\/www.noticiasradioreflejos.com.ar\/2021\/author\/arnaldo\/\"}]}<\/script>\n<!-- \/ Yoast SEO plugin. -->","yoast_head_json":{"title":"Argentina alcanz\u00f3 la inmunizaci\u00f3n de m\u00e1s del 55 por ciento de la poblaci\u00f3n - Noticias Radio Reflejos","robots":{"index":"index","follow":"follow","max-snippet":"max-snippet:-1","max-image-preview":"max-image-preview:large","max-video-preview":"max-video-preview:-1"},"canonical":"https:\/\/www.noticiasradioreflejos.com.ar\/2021\/argentina-alcanzo-la-inmunizacion-de-mas-del-55-por-ciento-de-la-poblacion\/","og_locale":"es_ES","og_type":"article","og_title":"Argentina alcanz\u00f3 la inmunizaci\u00f3n de m\u00e1s del 55 por ciento de la poblaci\u00f3n - Noticias Radio Reflejos","og_description":"Argentina alcanz\u00f3 el pasado domingo la inmunizaci\u00f3n del 55,49% de la poblaci\u00f3n total con al menos una dosis, mientras que en los mayores de 18 a\u00f1os las aplicaciones treparon al 74,35%.  El presidente Alberto Fern\u00e1ndez celebr\u00f3 los porcentajes alcanzados durante un acto en el que se present\u00f3\u00a0la ampliaci\u00f3n del programa Ahora 12\u00a0y vincul\u00f3 la inmunizaci\u00f3n con el crecimiento de la producci\u00f3n y de la econom\u00eda del pa\u00eds.","og_url":"https:\/\/www.noticiasradioreflejos.com.ar\/2021\/argentina-alcanzo-la-inmunizacion-de-mas-del-55-por-ciento-de-la-poblacion\/","og_site_name":"Noticias Radio Reflejos","article_published_time":"2021-08-03T11:11:20+00:00","article_modified_time":"2021-08-03T11:14:26+00:00","og_image":[{"url":"https:\/\/www.telam.com.ar\/advf\/imagenes\/2021\/08\/6109108521cbe_1004x565.jpg","type":"","width":"","height":""}],"author":"Arnaldo Botto","twitter_card":"summary_large_image","schema":{"@context":"https:\/\/schema.org","@graph":[{"@type":"WebPage","@id":"https:\/\/www.noticiasradioreflejos.com.ar\/2021\/argentina-alcanzo-la-inmunizacion-de-mas-del-55-por-ciento-de-la-poblacion\/","url":"https:\/\/www.noticiasradioreflejos.com.ar\/2021\/argentina-alcanzo-la-inmunizacion-de-mas-del-55-por-ciento-de-la-poblacion\/","name":"Argentina alcanz\u00f3 la inmunizaci\u00f3n de m\u00e1s del 55 por ciento de la poblaci\u00f3n - Noticias Radio Reflejos","isPartOf":{"@id":"https:\/\/www.noticiasradioreflejos.com.ar\/2021\/#website"},"primaryImageOfPage":{"@id":"https:\/\/www.noticiasradioreflejos.com.ar\/2021\/argentina-alcanzo-la-inmunizacion-de-mas-del-55-por-ciento-de-la-poblacion\/#primaryimage"},"image":{"@id":"https:\/\/www.noticiasradioreflejos.com.ar\/2021\/argentina-alcanzo-la-inmunizacion-de-mas-del-55-por-ciento-de-la-poblacion\/#primaryimage"},"thumbnailUrl":"https:\/\/www.telam.com.ar\/advf\/imagenes\/2021\/08\/6109108521cbe_1004x565.jpg","datePublished":"2021-08-03T11:11:20+00:00","dateModified":"2021-08-03T11:14:26+00:00","author":{"@id":"https:\/\/www.noticiasradioreflejos.com.ar\/2021\/#\/schema\/person\/ad82545263dcc5ec0996818884fd5fb1"},"breadcrumb":{"@id":"https:\/\/www.noticiasradioreflejos.com.ar\/2021\/argentina-alcanzo-la-inmunizacion-de-mas-del-55-por-ciento-de-la-poblacion\/#breadcrumb"},"inLanguage":"es","potentialAction":[{"@type":"ReadAction","target":["https:\/\/www.noticiasradioreflejos.com.ar\/2021\/argentina-alcanzo-la-inmunizacion-de-mas-del-55-por-ciento-de-la-poblacion\/"]}]},{"@type":"ImageObject","inLanguage":"es","@id":"https:\/\/www.noticiasradioreflejos.com.ar\/2021\/argentina-alcanzo-la-inmunizacion-de-mas-del-55-por-ciento-de-la-poblacion\/#primaryimage","url":"https:\/\/www.telam.com.ar\/advf\/imagenes\/2021\/08\/6109108521cbe_1004x565.jpg","contentUrl":"https:\/\/www.telam.com.ar\/advf\/imagenes\/2021\/08\/6109108521cbe_1004x565.jpg"},{"@type":"BreadcrumbList","@id":"https:\/\/www.noticiasradioreflejos.com.ar\/2021\/argentina-alcanzo-la-inmunizacion-de-mas-del-55-por-ciento-de-la-poblacion\/#breadcrumb","itemListElement":[{"@type":"ListItem","position":1,"name":"Portada","item":"https:\/\/www.noticiasradioreflejos.com.ar\/2021\/"},{"@type":"ListItem","position":2,"name":"Argentina alcanz\u00f3 la inmunizaci\u00f3n de m\u00e1s del 55 por ciento de la poblaci\u00f3n"}]},{"@type":"WebSite","@id":"https:\/\/www.noticiasradioreflejos.com.ar\/2021\/#website","url":"https:\/\/www.noticiasradioreflejos.com.ar\/2021\/","name":"Noticias Radio Reflejos","description":"Las noticias de mi comarca","potentialAction":[{"@type":"SearchAction","target":{"@type":"EntryPoint","urlTemplate":"https:\/\/www.noticiasradioreflejos.com.ar\/2021\/?s={search_term_string}"},"query-input":{"@type":"PropertyValueSpecification","valueRequired":true,"valueName":"search_term_string"}}],"inLanguage":"es"},{"@type":"Person","@id":"https:\/\/www.noticiasradioreflejos.com.ar\/2021\/#\/schema\/person\/ad82545263dcc5ec0996818884fd5fb1","name":"Arnaldo Botto","image":{"@type":"ImageObject","inLanguage":"es","@id":"https:\/\/www.noticiasradioreflejos.com.ar\/2021\/#\/schema\/person\/image\/","url":"https:\/\/secure.gravatar.com\/avatar\/55cb5e37c1efa326397366e6974cb338056df65cb50e7d64d1cf314e87504837?s=96&d=mm&r=g","contentUrl":"https:\/\/secure.gravatar.com\/avatar\/55cb5e37c1efa326397366e6974cb338056df65cb50e7d64d1cf314e87504837?s=96&d=mm&r=g","caption":"Arnaldo Botto"},"url":"https:\/\/www.noticiasradioreflejos.com.ar\/2021\/author\/arnaldo\/"}]}},"_links":{"self":[{"href":"https:\/\/www.noticiasradioreflejos.com.ar\/2021\/wp-json\/wp\/v2\/posts\/61002","targetHints":{"allow":["GET"]}}],"collection":[{"href":"https:\/\/www.noticiasradioreflejos.com.ar\/2021\/wp-json\/wp\/v2\/posts"}],"about":[{"href":"https:\/\/www.noticiasradioreflejos.com.ar\/2021\/wp-json\/wp\/v2\/types\/post"}],"author":[{"embeddable":true,"href":"https:\/\/www.noticiasradioreflejos.com.ar\/2021\/wp-json\/wp\/v2\/users\/3"}],"replies":[{"embeddable":true,"href":"https:\/\/www.noticiasradioreflejos.com.ar\/2021\/wp-json\/wp\/v2\/comments?post=61002"}],"version-history":[{"count":3,"href":"https:\/\/www.noticiasradioreflejos.com.ar\/2021\/wp-json\/wp\/v2\/posts\/61002\/revisions"}],"predecessor-version":[{"id":61006,"href":"https:\/\/www.noticiasradioreflejos.com.ar\/2021\/wp-json\/wp\/v2\/posts\/61002\/revisions\/61006"}],"wp:attachment":[{"href":"https:\/\/www.noticiasradioreflejos.com.ar\/2021\/wp-json\/wp\/v2\/media?parent=61002"}],"wp:term":[{"taxonomy":"category","embeddable":true,"href":"https:\/\/www.noticiasradioreflejos.com.ar\/2021\/wp-json\/wp\/v2\/categories?post=61002"},{"taxonomy":"post_tag","embeddable":true,"href":"https:\/\/www.noticiasradioreflejos.com.ar\/2021\/wp-json\/wp\/v2\/tags?post=61002"}],"curies":[{"name":"wp","href":"https:\/\/api.w.org\/{rel}","templated":true}]}}