{"id":60999,"date":"2021-08-03T11:08:06","date_gmt":"2021-08-03T11:08:06","guid":{"rendered":"http:\/\/www.noticiasradioreflejos.com.ar\/2021\/?p=60999"},"modified":"2021-08-03T11:08:06","modified_gmt":"2021-08-03T11:08:06","slug":"fueron-adjudicadas-10-viviendas-del-barrio-buenos-aires-hogar","status":"publish","type":"post","link":"https:\/\/www.noticiasradioreflejos.com.ar\/2021\/fueron-adjudicadas-10-viviendas-del-barrio-buenos-aires-hogar\/","title":{"rendered":"Fueron adjudicadas 10 viviendas del barrio Buenos Aires Hogar"},"content":{"rendered":"<p>En los \u00faltimos d\u00edas finaliz\u00f3 el proceso de adjudicaci\u00f3n de 10 viviendas pertenecientes al Plan Buenos Aires Hogar, construidas en la ciudad de Tornquist.<!--more--><br \/>\n<a title=\"Sorteo BA Hogar (5)\" href=\"https:\/\/www.flickr.com\/photos\/182279889@N02\/51353716847\/in\/dateposted-public\/\" data-flickr-embed=\"true\"><img loading=\"lazy\" decoding=\"async\" src=\"https:\/\/live.staticflickr.com\/65535\/51353716847_ff5ba14e11_c.jpg\" alt=\"Sorteo BA Hogar (5)\" width=\"800\" height=\"533\" \/><\/a><script async src=\"\/\/embedr.flickr.com\/assets\/client-code.js\" charset=\"utf-8\"><\/script><\/p>\n<p>Luego de la preinscripci\u00f3n iniciada en abril, agentes del \u00e1rea municipal de Desarrollo realizaron visitas a los aspirantes que cumpl\u00edan con todos los requisitos y reun\u00edan la documentaci\u00f3n necesaria, para el correspondiente informe social.<\/p>\n<p>Posteriormente, los legajos de los preinscriptos fueron elevados al Banco Provincia que, en base a la condici\u00f3n econ\u00f3mica y financiera de cada grupo familiar, estableci\u00f3 los puntajes para definir los adjudicatarios.<\/p>\n<p><a title=\"Sorteo BA Hogar (4)\" href=\"https:\/\/www.flickr.com\/photos\/182279889@N02\/51354687608\/in\/dateposted-public\/\" data-flickr-embed=\"true\"><img loading=\"lazy\" decoding=\"async\" src=\"https:\/\/live.staticflickr.com\/65535\/51354687608_9db45c25ff_c.jpg\" alt=\"Sorteo BA Hogar (4)\" width=\"800\" height=\"533\" \/><\/a><script async src=\"\/\/embedr.flickr.com\/assets\/client-code.js\" charset=\"utf-8\"><\/script><\/p>\n<p>Debido a que en el puesto 10 hab\u00eda dos aspirantes con la misma calificaci\u00f3n, el pasado viernes en el recinto del HCD se realiz\u00f3 el sorteo que determin\u00f3 quien se convirti\u00f3 en adjudicatario y quien en primer suplente. Mediante la misma modalidad y por id\u00e9ntico motivo, se definieron los puestos suplentes.<\/p>\n<p>En la jornada estuvieron presentes los beneficiarios, la escribana Yanella Domini y el intendente Sergio Bordoni, junto al Secretario de Gobierno y Seguridad, Ezequiel Gabella, las secretarias de Hacienda, Estefan\u00eda Bordoni, y de Obras P\u00fablicas, Gisela Lencina; y la Directora de Proyectos Urban\u00edsticos,\u00a0Rosario Moroncini.<\/p>\n<p>Durante el encuentro, en el que tambi\u00e9n se sorte\u00f3 qu\u00e9 vivienda le tocar\u00e1 a cada favorecido, el jefe comunal anunci\u00f3 que elevar\u00e1 al Concejo Deliberante un proyecto de ordenanza que propone la donaci\u00f3n de los terrenos a las familias adjudicatarias, y as\u00ed permitirles evitar el ingreso a otra obligaci\u00f3n hipotecaria.<\/p>\n<p><strong>Listado de adjudicatarios titulares:<\/strong><\/p>\n<ol>\n<li>Milano Manuel<\/li>\n<li>Scrosoppi Ana Graciela<\/li>\n<li>Urbina Ver\u00f3nica<\/li>\n<li>Binaghi Lucas Eduardo<\/li>\n<li>Garc\u00eda M\u00f3nica<\/li>\n<li>Chavarr\u00eda Jos\u00e9 Mar\u00eda<\/li>\n<li>Schmidt Sof\u00eda Micaela<\/li>\n<li>C\u00f3seres Laura Delfina<\/li>\n<li>Baleix Fernando<\/li>\n<li>Paij\u00e9 Diego Ezequiel<\/li>\n<\/ol>\n<p>Suplentes:<\/p>\n<ol>\n<li>Abalos Gerardo Anibal<\/li>\n<li>Larralde Maximiliano<\/li>\n<li>Vittori Franco<\/li>\n<li>Fuentes Vanina<\/li>\n<li>Steinbach Noelia<\/li>\n<\/ol>\n<p><a title=\"Sorteo BA Hogar (3)\" href=\"https:\/\/www.flickr.com\/photos\/182279889@N02\/51354687638\/in\/dateposted-public\/\" data-flickr-embed=\"true\"><img loading=\"lazy\" decoding=\"async\" src=\"https:\/\/live.staticflickr.com\/65535\/51354687638_6a034e8d91_c.jpg\" alt=\"Sorteo BA Hogar (3)\" width=\"800\" height=\"533\" \/><\/a><script async src=\"\/\/embedr.flickr.com\/assets\/client-code.js\" charset=\"utf-8\"><\/script><\/p>\n<p><a title=\"Sorteo BA Hogar (1)\" href=\"https:\/\/www.flickr.com\/photos\/182279889@N02\/51354459806\/in\/dateposted-public\/\" data-flickr-embed=\"true\"><img loading=\"lazy\" decoding=\"async\" src=\"https:\/\/live.staticflickr.com\/65535\/51354459806_881382e5b7_c.jpg\" alt=\"Sorteo BA Hogar (1)\" width=\"800\" height=\"533\" \/><\/a><script async src=\"\/\/embedr.flickr.com\/assets\/client-code.js\" charset=\"utf-8\"><\/script><\/p>\n<p><a title=\"Viviendas BA Hogar\" href=\"https:\/\/www.flickr.com\/photos\/182279889@N02\/51353716817\/in\/dateposted-public\/\" data-flickr-embed=\"true\"><img loading=\"lazy\" decoding=\"async\" src=\"https:\/\/live.staticflickr.com\/65535\/51353716817_70fc1b2a14_c.jpg\" alt=\"Viviendas BA Hogar\" width=\"800\" height=\"450\" \/><\/a><script async src=\"\/\/embedr.flickr.com\/assets\/client-code.js\" charset=\"utf-8\"><\/script><\/p>\n","protected":false},"excerpt":{"rendered":"<p>En los \u00faltimos d\u00edas finaliz\u00f3 el proceso de adjudicaci\u00f3n de 10 viviendas pertenecientes al Plan Buenos Aires Hogar, construidas en la ciudad de Tornquist.<\/p>\n","protected":false},"author":3,"featured_media":0,"comment_status":"closed","ping_status":"closed","sticky":false,"template":"","format":"standard","meta":{"footnotes":""},"categories":[28],"tags":[48],"class_list":["post-60999","post","type-post","status-publish","format-standard","hentry","category-municipales","tag-destacada"],"yoast_head":"<!-- This site is optimized with the Yoast SEO plugin v25.9 - https:\/\/yoast.com\/wordpress\/plugins\/seo\/ -->\n<title>Fueron adjudicadas 10 viviendas del barrio Buenos Aires Hogar - Noticias Radio Reflejos<\/title>\n<meta name=\"robots\" content=\"index, follow, max-snippet:-1, max-image-preview:large, max-video-preview:-1\" \/>\n<link rel=\"canonical\" href=\"https:\/\/www.noticiasradioreflejos.com.ar\/2021\/fueron-adjudicadas-10-viviendas-del-barrio-buenos-aires-hogar\/\" \/>\n<meta property=\"og:locale\" content=\"es_ES\" \/>\n<meta property=\"og:type\" content=\"article\" \/>\n<meta property=\"og:title\" content=\"Fueron adjudicadas 10 viviendas del barrio Buenos Aires Hogar - Noticias Radio Reflejos\" \/>\n<meta property=\"og:description\" content=\"En los \u00faltimos d\u00edas finaliz\u00f3 el proceso de adjudicaci\u00f3n de 10 viviendas pertenecientes al Plan Buenos Aires Hogar, construidas en la ciudad de Tornquist.\" \/>\n<meta property=\"og:url\" content=\"https:\/\/www.noticiasradioreflejos.com.ar\/2021\/fueron-adjudicadas-10-viviendas-del-barrio-buenos-aires-hogar\/\" \/>\n<meta property=\"og:site_name\" content=\"Noticias Radio Reflejos\" \/>\n<meta property=\"article:published_time\" content=\"2021-08-03T11:08:06+00:00\" \/>\n<meta property=\"og:image\" content=\"https:\/\/live.staticflickr.com\/65535\/51353716847_ff5ba14e11_c.jpg\" \/>\n<meta name=\"author\" content=\"Arnaldo Botto\" \/>\n<meta name=\"twitter:card\" content=\"summary_large_image\" \/>\n<script type=\"application\/ld+json\" class=\"yoast-schema-graph\">{\"@context\":\"https:\/\/schema.org\",\"@graph\":[{\"@type\":\"WebPage\",\"@id\":\"https:\/\/www.noticiasradioreflejos.com.ar\/2021\/fueron-adjudicadas-10-viviendas-del-barrio-buenos-aires-hogar\/\",\"url\":\"https:\/\/www.noticiasradioreflejos.com.ar\/2021\/fueron-adjudicadas-10-viviendas-del-barrio-buenos-aires-hogar\/\",\"name\":\"Fueron adjudicadas 10 viviendas del barrio Buenos Aires Hogar - Noticias Radio Reflejos\",\"isPartOf\":{\"@id\":\"https:\/\/www.noticiasradioreflejos.com.ar\/2021\/#website\"},\"primaryImageOfPage\":{\"@id\":\"https:\/\/www.noticiasradioreflejos.com.ar\/2021\/fueron-adjudicadas-10-viviendas-del-barrio-buenos-aires-hogar\/#primaryimage\"},\"image\":{\"@id\":\"https:\/\/www.noticiasradioreflejos.com.ar\/2021\/fueron-adjudicadas-10-viviendas-del-barrio-buenos-aires-hogar\/#primaryimage\"},\"thumbnailUrl\":\"https:\/\/live.staticflickr.com\/65535\/51353716847_ff5ba14e11_c.jpg\",\"datePublished\":\"2021-08-03T11:08:06+00:00\",\"author\":{\"@id\":\"https:\/\/www.noticiasradioreflejos.com.ar\/2021\/#\/schema\/person\/ad82545263dcc5ec0996818884fd5fb1\"},\"breadcrumb\":{\"@id\":\"https:\/\/www.noticiasradioreflejos.com.ar\/2021\/fueron-adjudicadas-10-viviendas-del-barrio-buenos-aires-hogar\/#breadcrumb\"},\"inLanguage\":\"es\",\"potentialAction\":[{\"@type\":\"ReadAction\",\"target\":[\"https:\/\/www.noticiasradioreflejos.com.ar\/2021\/fueron-adjudicadas-10-viviendas-del-barrio-buenos-aires-hogar\/\"]}]},{\"@type\":\"ImageObject\",\"inLanguage\":\"es\",\"@id\":\"https:\/\/www.noticiasradioreflejos.com.ar\/2021\/fueron-adjudicadas-10-viviendas-del-barrio-buenos-aires-hogar\/#primaryimage\",\"url\":\"https:\/\/live.staticflickr.com\/65535\/51353716847_ff5ba14e11_c.jpg\",\"contentUrl\":\"https:\/\/live.staticflickr.com\/65535\/51353716847_ff5ba14e11_c.jpg\"},{\"@type\":\"BreadcrumbList\",\"@id\":\"https:\/\/www.noticiasradioreflejos.com.ar\/2021\/fueron-adjudicadas-10-viviendas-del-barrio-buenos-aires-hogar\/#breadcrumb\",\"itemListElement\":[{\"@type\":\"ListItem\",\"position\":1,\"name\":\"Portada\",\"item\":\"https:\/\/www.noticiasradioreflejos.com.ar\/2021\/\"},{\"@type\":\"ListItem\",\"position\":2,\"name\":\"Fueron adjudicadas 10 viviendas del barrio Buenos Aires Hogar\"}]},{\"@type\":\"WebSite\",\"@id\":\"https:\/\/www.noticiasradioreflejos.com.ar\/2021\/#website\",\"url\":\"https:\/\/www.noticiasradioreflejos.com.ar\/2021\/\",\"name\":\"Noticias Radio Reflejos\",\"description\":\"Las noticias de mi comarca\",\"potentialAction\":[{\"@type\":\"SearchAction\",\"target\":{\"@type\":\"EntryPoint\",\"urlTemplate\":\"https:\/\/www.noticiasradioreflejos.com.ar\/2021\/?s={search_term_string}\"},\"query-input\":{\"@type\":\"PropertyValueSpecification\",\"valueRequired\":true,\"valueName\":\"search_term_string\"}}],\"inLanguage\":\"es\"},{\"@type\":\"Person\",\"@id\":\"https:\/\/www.noticiasradioreflejos.com.ar\/2021\/#\/schema\/person\/ad82545263dcc5ec0996818884fd5fb1\",\"name\":\"Arnaldo Botto\",\"image\":{\"@type\":\"ImageObject\",\"inLanguage\":\"es\",\"@id\":\"https:\/\/www.noticiasradioreflejos.com.ar\/2021\/#\/schema\/person\/image\/\",\"url\":\"https:\/\/secure.gravatar.com\/avatar\/55cb5e37c1efa326397366e6974cb338056df65cb50e7d64d1cf314e87504837?s=96&d=mm&r=g\",\"contentUrl\":\"https:\/\/secure.gravatar.com\/avatar\/55cb5e37c1efa326397366e6974cb338056df65cb50e7d64d1cf314e87504837?s=96&d=mm&r=g\",\"caption\":\"Arnaldo Botto\"},\"url\":\"https:\/\/www.noticiasradioreflejos.com.ar\/2021\/author\/arnaldo\/\"}]}<\/script>\n<!-- \/ Yoast SEO plugin. -->","yoast_head_json":{"title":"Fueron adjudicadas 10 viviendas del barrio Buenos Aires Hogar - Noticias Radio Reflejos","robots":{"index":"index","follow":"follow","max-snippet":"max-snippet:-1","max-image-preview":"max-image-preview:large","max-video-preview":"max-video-preview:-1"},"canonical":"https:\/\/www.noticiasradioreflejos.com.ar\/2021\/fueron-adjudicadas-10-viviendas-del-barrio-buenos-aires-hogar\/","og_locale":"es_ES","og_type":"article","og_title":"Fueron adjudicadas 10 viviendas del barrio Buenos Aires Hogar - Noticias Radio Reflejos","og_description":"En los \u00faltimos d\u00edas finaliz\u00f3 el proceso de adjudicaci\u00f3n de 10 viviendas pertenecientes al Plan Buenos Aires Hogar, construidas en la ciudad de Tornquist.","og_url":"https:\/\/www.noticiasradioreflejos.com.ar\/2021\/fueron-adjudicadas-10-viviendas-del-barrio-buenos-aires-hogar\/","og_site_name":"Noticias Radio Reflejos","article_published_time":"2021-08-03T11:08:06+00:00","og_image":[{"url":"https:\/\/live.staticflickr.com\/65535\/51353716847_ff5ba14e11_c.jpg","type":"","width":"","height":""}],"author":"Arnaldo Botto","twitter_card":"summary_large_image","schema":{"@context":"https:\/\/schema.org","@graph":[{"@type":"WebPage","@id":"https:\/\/www.noticiasradioreflejos.com.ar\/2021\/fueron-adjudicadas-10-viviendas-del-barrio-buenos-aires-hogar\/","url":"https:\/\/www.noticiasradioreflejos.com.ar\/2021\/fueron-adjudicadas-10-viviendas-del-barrio-buenos-aires-hogar\/","name":"Fueron adjudicadas 10 viviendas del barrio Buenos Aires Hogar - Noticias Radio Reflejos","isPartOf":{"@id":"https:\/\/www.noticiasradioreflejos.com.ar\/2021\/#website"},"primaryImageOfPage":{"@id":"https:\/\/www.noticiasradioreflejos.com.ar\/2021\/fueron-adjudicadas-10-viviendas-del-barrio-buenos-aires-hogar\/#primaryimage"},"image":{"@id":"https:\/\/www.noticiasradioreflejos.com.ar\/2021\/fueron-adjudicadas-10-viviendas-del-barrio-buenos-aires-hogar\/#primaryimage"},"thumbnailUrl":"https:\/\/live.staticflickr.com\/65535\/51353716847_ff5ba14e11_c.jpg","datePublished":"2021-08-03T11:08:06+00:00","author":{"@id":"https:\/\/www.noticiasradioreflejos.com.ar\/2021\/#\/schema\/person\/ad82545263dcc5ec0996818884fd5fb1"},"breadcrumb":{"@id":"https:\/\/www.noticiasradioreflejos.com.ar\/2021\/fueron-adjudicadas-10-viviendas-del-barrio-buenos-aires-hogar\/#breadcrumb"},"inLanguage":"es","potentialAction":[{"@type":"ReadAction","target":["https:\/\/www.noticiasradioreflejos.com.ar\/2021\/fueron-adjudicadas-10-viviendas-del-barrio-buenos-aires-hogar\/"]}]},{"@type":"ImageObject","inLanguage":"es","@id":"https:\/\/www.noticiasradioreflejos.com.ar\/2021\/fueron-adjudicadas-10-viviendas-del-barrio-buenos-aires-hogar\/#primaryimage","url":"https:\/\/live.staticflickr.com\/65535\/51353716847_ff5ba14e11_c.jpg","contentUrl":"https:\/\/live.staticflickr.com\/65535\/51353716847_ff5ba14e11_c.jpg"},{"@type":"BreadcrumbList","@id":"https:\/\/www.noticiasradioreflejos.com.ar\/2021\/fueron-adjudicadas-10-viviendas-del-barrio-buenos-aires-hogar\/#breadcrumb","itemListElement":[{"@type":"ListItem","position":1,"name":"Portada","item":"https:\/\/www.noticiasradioreflejos.com.ar\/2021\/"},{"@type":"ListItem","position":2,"name":"Fueron adjudicadas 10 viviendas del barrio Buenos Aires Hogar"}]},{"@type":"WebSite","@id":"https:\/\/www.noticiasradioreflejos.com.ar\/2021\/#website","url":"https:\/\/www.noticiasradioreflejos.com.ar\/2021\/","name":"Noticias Radio Reflejos","description":"Las noticias de mi comarca","potentialAction":[{"@type":"SearchAction","target":{"@type":"EntryPoint","urlTemplate":"https:\/\/www.noticiasradioreflejos.com.ar\/2021\/?s={search_term_string}"},"query-input":{"@type":"PropertyValueSpecification","valueRequired":true,"valueName":"search_term_string"}}],"inLanguage":"es"},{"@type":"Person","@id":"https:\/\/www.noticiasradioreflejos.com.ar\/2021\/#\/schema\/person\/ad82545263dcc5ec0996818884fd5fb1","name":"Arnaldo Botto","image":{"@type":"ImageObject","inLanguage":"es","@id":"https:\/\/www.noticiasradioreflejos.com.ar\/2021\/#\/schema\/person\/image\/","url":"https:\/\/secure.gravatar.com\/avatar\/55cb5e37c1efa326397366e6974cb338056df65cb50e7d64d1cf314e87504837?s=96&d=mm&r=g","contentUrl":"https:\/\/secure.gravatar.com\/avatar\/55cb5e37c1efa326397366e6974cb338056df65cb50e7d64d1cf314e87504837?s=96&d=mm&r=g","caption":"Arnaldo Botto"},"url":"https:\/\/www.noticiasradioreflejos.com.ar\/2021\/author\/arnaldo\/"}]}},"_links":{"self":[{"href":"https:\/\/www.noticiasradioreflejos.com.ar\/2021\/wp-json\/wp\/v2\/posts\/60999","targetHints":{"allow":["GET"]}}],"collection":[{"href":"https:\/\/www.noticiasradioreflejos.com.ar\/2021\/wp-json\/wp\/v2\/posts"}],"about":[{"href":"https:\/\/www.noticiasradioreflejos.com.ar\/2021\/wp-json\/wp\/v2\/types\/post"}],"author":[{"embeddable":true,"href":"https:\/\/www.noticiasradioreflejos.com.ar\/2021\/wp-json\/wp\/v2\/users\/3"}],"replies":[{"embeddable":true,"href":"https:\/\/www.noticiasradioreflejos.com.ar\/2021\/wp-json\/wp\/v2\/comments?post=60999"}],"version-history":[{"count":1,"href":"https:\/\/www.noticiasradioreflejos.com.ar\/2021\/wp-json\/wp\/v2\/posts\/60999\/revisions"}],"predecessor-version":[{"id":61001,"href":"https:\/\/www.noticiasradioreflejos.com.ar\/2021\/wp-json\/wp\/v2\/posts\/60999\/revisions\/61001"}],"wp:attachment":[{"href":"https:\/\/www.noticiasradioreflejos.com.ar\/2021\/wp-json\/wp\/v2\/media?parent=60999"}],"wp:term":[{"taxonomy":"category","embeddable":true,"href":"https:\/\/www.noticiasradioreflejos.com.ar\/2021\/wp-json\/wp\/v2\/categories?post=60999"},{"taxonomy":"post_tag","embeddable":true,"href":"https:\/\/www.noticiasradioreflejos.com.ar\/2021\/wp-json\/wp\/v2\/tags?post=60999"}],"curies":[{"name":"wp","href":"https:\/\/api.w.org\/{rel}","templated":true}]}}