{"id":60997,"date":"2021-08-02T22:07:27","date_gmt":"2021-08-02T22:07:27","guid":{"rendered":"http:\/\/www.noticiasradioreflejos.com.ar\/2021\/?p=60997"},"modified":"2021-08-02T22:07:27","modified_gmt":"2021-08-02T22:07:27","slug":"el-gobierno-abrio-30-lineas-de-creditos-para-sostener-la-actividad-productiva-de-las-pymes","status":"publish","type":"post","link":"https:\/\/www.noticiasradioreflejos.com.ar\/2021\/el-gobierno-abrio-30-lineas-de-creditos-para-sostener-la-actividad-productiva-de-las-pymes\/","title":{"rendered":"El Gobierno abri\u00f3 30 l\u00edneas de cr\u00e9ditos para sostener la actividad productiva de las pymes"},"content":{"rendered":"<p>Otorgaron cr\u00e9ditos por un monto de $ 225.868 millones para acompa\u00f1ar al turismo, a la gastronom\u00eda y el desarrollo a nivel federal. Buscan incentivar la inversi\u00f3n, el empleo y las exportaciones con valor agregado.<\/p>\n<div class=\"addthis_custom_sharing\" data-url=\"https:\/\/www.telam.com.ar\/notas\/202108\/563447-gobierno-creditos-pymes-millones.html\" data-title=\"El Gobierno abri\u00f3 30 l\u00edneas de cr\u00e9ditos para sostener la actividad productiva de las pymes\" data-description=\"Otorgaron cr\u00e9ditos por un monto de $ 225.868 millones para acompa\u00f1ar al turismo, a la gastronom\u00eda y el desarrollo a nivel federal. Buscan incentivar la inversi\u00f3n, el empleo y las exportaciones con valor agregado.\u00a0\">\n<div id=\"atstbx\" class=\"at-resp-share-element at-style-responsive addthis-smartlayers addthis-animated at4-show\" role=\"region\" aria-labelledby=\"at-def2b4bb-bbb6-45e4-b1bd-3b19eeb4a219\"><\/div>\n<\/div>\n<p><!--more--><\/p>\n<div class=\"main-content-block\">\n<div class=\"main-box clearfix\">\n<div class=\"wrapper-main-section clearfix\">\n<div class=\"wrapper-editable-content\">\n<div class=\"editable-content clearfix\">\n<div id=\"image\" class=\"image\">\n<p><img decoding=\"async\" title=\"Las pymes buscan el fortalecimiento con la apertura de las l\u00edneas de cr\u00e9dito.\" src=\"https:\/\/www.telam.com.ar\/advf\/imagenes\/2020\/12\/5feb52246bef7_1004x565.jpg\" alt=\"Las pymes buscan el fortalecimiento con la apertura de las l\u00edneas de cr\u00e9dito.\" \/><\/p>\n<div class=\"epigrafe\">Las pymes buscan el fortalecimiento con la apertura de las l\u00edneas de cr\u00e9dito.<\/div>\n<div><\/div>\n<\/div>\n<p>El Gobierno puso en marcha desde el inicio de su gesti\u00f3n\u00a0<strong>30 l\u00edneas de financiamiento<\/strong>\u00a0destinadas a peque\u00f1as y medianas empresas, por un monto de\u00a0<strong>$ 225.868 millones<\/strong>, que permitieron el\u00a0<strong>sostenimiento de la actividad productiva<\/strong>\u00a0durante el aislamiento social, preventivo y obligatorio (ASPO).<\/p>\n<p>Estos cr\u00e9ditos tambi\u00e9n acompa\u00f1aron a los sectores cr\u00edticos como el\u00a0<strong>turismo<\/strong>\u00a0y la\u00a0<strong>gastronom\u00eda<\/strong>, as\u00ed como tambi\u00e9n promovieron el desarrollo productivo de las\u00a0<strong>pymes a nivel federal<\/strong>.<\/p>\n<p>Las l\u00edneas, todas con tasa subsidiada desde el\u00a0<strong>Estado<\/strong>, apuntan a incentivar la\u00a0<strong>inversi\u00f3n<\/strong>\u00a0y la creaci\u00f3n de\u00a0<strong>empleo<\/strong>, generar nuevas\u00a0<strong>exportaciones con valor agregado<\/strong>\u00a0y acelerar la\u00a0<strong>digitalizaci\u00f3n<\/strong>\u00a0de procesos productivos.<\/p>\n<p>El secretario de la Peque\u00f1a y Mediana Empresa,\u00a0<strong>Guillermo Merediz<\/strong>, destac\u00f3 que el Gobierno \u201cest\u00e1 recuperando programas y pol\u00edticas p\u00fablicas que hab\u00edan sido desfinanciadas, sobre todo las pol\u00edticas productivas vinculadas a las peque\u00f1as y medianas empresas que son las que crean el 70% del empleo en la Argentina\u201d.<\/p>\n<p>Entre ellas, la Secretar\u00eda Pyme llev\u00f3 adelante una pol\u00edtica de inclusi\u00f3n financiera que permite a las empresas acceder a cr\u00e9ditos con\u00a0<strong>tasas de entre el 18% y el 25%<\/strong>.<\/p>\n<p>Merediz tambi\u00e9n hizo referencia al programa\u00a0<a href=\"https:\/\/www.telam.com.ar\/notas\/202107\/562935-nuevo-programa-insercion-laboral-jovenes.html\" target=\"_blank\" rel=\"noopener\">\u201cTe Sumo\u201d<\/a>, lanzado la semana pasada, que beneficiar\u00e1 a las mipymes que contraten j\u00f3venes con una reducci\u00f3n en contribuciones patronales. El Estado adem\u00e1s les otorgar\u00e1 un apoyo econ\u00f3mico que cubrir\u00e1 el pago de hasta un 70% del salario durante los primeros 12 meses a partir del alta laboral.<\/p>\n<p>Esta iniciativa est\u00e1 orientada a\u00a0<strong>j\u00f3venes de entre 18 y 24 a\u00f1os<\/strong>\u00a0con secundario completo. El aporte del Estado por cada salario se adecuar\u00e1 al tama\u00f1o de la empresa, y ser\u00e1 mayor en el caso de que se contraten\u00a0<strong>mujeres y personas con identidad no binaria<\/strong>.<\/p>\n<p>https:\/\/twitter.com\/GuilleMerediz\/status\/1347921796931203073?ref_src=twsrc%5Etfw%7Ctwcamp%5Etweetembed%7Ctwterm%5E1347921796931203073%7Ctwgr%5E%7Ctwcon%5Es1_c10&#038;ref_url=https%3A%2F%2Fwww.telam.com.ar%2Fnotas%2F202108%2F563447-gobierno-creditos-pymes-millones.html<\/p>\n<p>\u201cEl programa se enfoca en uno de los sectores que tiene m\u00e1s dificultades en este momento. Es un contexto dif\u00edcil por los cuatro a\u00f1os de Gobierno de Mauricio Macri donde se ha destruido al sector productivo, particularmente a las pymes, y se han perdido much\u00edsimos puestos de trabajo\u201d, sostuvo Merediz.<\/p>\n<p>El empleo es tambi\u00e9n el eje del\u00a0<a href=\"https:\/\/www.telam.com.ar\/notas\/202106\/556737-crean-el-programa-federal-de-fortalecimiento-de-la-recuperacion-productiva.html#:~:text=El%20Ministerio%20de%20Desarrollo%20Productivo%20cre%C3%B3%20el%20Programa%20Federal%20de,entramado%20productivo%20industrial%20y%20agroindustrial.\" target=\"_blank\" rel=\"noopener\">Programa de Fortalecimiento de la Reactivaci\u00f3n Productiva<\/a>\u00a0que el Ministerio de Desarrollo Productivo ya puso en marcha en las provincias de San Juan, Mendoza, La Pampa y que en los pr\u00f3ximos d\u00edas estar\u00e1 vigente tambi\u00e9n en Entre R\u00edos.<\/p>\n<blockquote><p>\u201cDurante el macrismo, no hab\u00eda herramientas ni programas a los cuales las pymes pudieran acceder. Cuando comenzamos con estas l\u00edneas de cr\u00e9ditos, tuvimos que poner en marcha muchas ventanillas para que se puedan dar a conocer las herramientas\u201d<\/p>\n<div class=\"sign\">GUILLERMO MEREDIZ<\/div>\n<\/blockquote>\n<p>La medida otorga durante tres a\u00f1os un monto equivalente a un porcentaje de las contribuciones patronales por cada nueva contrataci\u00f3n que realicen que signifique un incremento en la n\u00f3mina de personal. Este porcentaje llega al 80% durante el primer a\u00f1o en el caso de que la persona contratada sea una\u00a0<strong>mujer, transexual, transg\u00e9nero o travesti<\/strong>.<\/p>\n<p>\u201cDurante el macrismo, no hab\u00eda herramientas ni programas a los cuales las pymes pudieran acceder. Cuando comenzamos con estas l\u00edneas de cr\u00e9ditos, tuvimos que poner en marcha muchas ventanillas para que se puedan dar a conocer las herramientas\u201d, indic\u00f3 Merediz<\/p>\n<p>En este sentido, tambi\u00e9n destac\u00f3 el trabajo que se realiza desde Desarrollo Productivo a nivel federal en conjunto con los gobiernos provinciales y una red de instituciones intermedias que act\u00faan en el territorio a trav\u00e9s de asistencia y acompa\u00f1amiento a las pymes, como son las agencias de desarrollo territorial y las universidades p\u00fablicas.<\/p>\n<p>En 2020, se financi\u00f3 la creaci\u00f3n de 49\u00a0<strong>Centros Universitarios Pyme<\/strong>\u00a0en todo el pa\u00eds y se apoyaron proyectos en 65 agencias de desarrollo y centros de servicios empresariales, con un monto total de $ 350.770.945<\/p>\n<\/div>\n<\/div>\n<\/div>\n<\/div>\n<\/div>\n","protected":false},"excerpt":{"rendered":"<p>El Gobierno puso en marcha desde el inicio de su gesti\u00f3n\u00a030 l\u00edneas de financiamiento\u00a0destinadas a peque\u00f1as y medianas empresas, por un monto de\u00a0$ 225.868 millones, que permitieron el\u00a0sostenimiento de la actividad productiva\u00a0durante el aislamiento social, preventivo y obligatorio (ASPO).<\/p>\n","protected":false},"author":3,"featured_media":0,"comment_status":"closed","ping_status":"closed","sticky":false,"template":"","format":"standard","meta":{"footnotes":""},"categories":[36,24],"tags":[],"class_list":["post-60997","post","type-post","status-publish","format-standard","hentry","category-economia","category-politica"],"yoast_head":"<!-- This site is optimized with the Yoast SEO plugin v25.9 - https:\/\/yoast.com\/wordpress\/plugins\/seo\/ -->\n<title>El Gobierno abri\u00f3 30 l\u00edneas de cr\u00e9ditos para sostener la actividad productiva de las pymes - Noticias Radio Reflejos<\/title>\n<meta name=\"robots\" content=\"index, follow, max-snippet:-1, max-image-preview:large, max-video-preview:-1\" \/>\n<link rel=\"canonical\" href=\"https:\/\/www.noticiasradioreflejos.com.ar\/2021\/el-gobierno-abrio-30-lineas-de-creditos-para-sostener-la-actividad-productiva-de-las-pymes\/\" \/>\n<meta property=\"og:locale\" content=\"es_ES\" \/>\n<meta property=\"og:type\" content=\"article\" \/>\n<meta property=\"og:title\" content=\"El Gobierno abri\u00f3 30 l\u00edneas de cr\u00e9ditos para sostener la actividad productiva de las pymes - Noticias Radio Reflejos\" \/>\n<meta property=\"og:description\" content=\"El Gobierno puso en marcha desde el inicio de su gesti\u00f3n\u00a030 l\u00edneas de financiamiento\u00a0destinadas a peque\u00f1as y medianas empresas, por un monto de\u00a0$ 225.868 millones, que permitieron el\u00a0sostenimiento de la actividad productiva\u00a0durante el aislamiento social, preventivo y obligatorio (ASPO).\" \/>\n<meta property=\"og:url\" content=\"https:\/\/www.noticiasradioreflejos.com.ar\/2021\/el-gobierno-abrio-30-lineas-de-creditos-para-sostener-la-actividad-productiva-de-las-pymes\/\" \/>\n<meta property=\"og:site_name\" content=\"Noticias Radio Reflejos\" \/>\n<meta property=\"article:published_time\" content=\"2021-08-02T22:07:27+00:00\" \/>\n<meta property=\"og:image\" content=\"https:\/\/www.telam.com.ar\/advf\/imagenes\/2020\/12\/5feb52246bef7_1004x565.jpg\" \/>\n<meta name=\"author\" content=\"Arnaldo Botto\" \/>\n<meta name=\"twitter:card\" content=\"summary_large_image\" \/>\n<script type=\"application\/ld+json\" class=\"yoast-schema-graph\">{\"@context\":\"https:\/\/schema.org\",\"@graph\":[{\"@type\":\"WebPage\",\"@id\":\"https:\/\/www.noticiasradioreflejos.com.ar\/2021\/el-gobierno-abrio-30-lineas-de-creditos-para-sostener-la-actividad-productiva-de-las-pymes\/\",\"url\":\"https:\/\/www.noticiasradioreflejos.com.ar\/2021\/el-gobierno-abrio-30-lineas-de-creditos-para-sostener-la-actividad-productiva-de-las-pymes\/\",\"name\":\"El Gobierno abri\u00f3 30 l\u00edneas de cr\u00e9ditos para sostener la actividad productiva de las pymes - Noticias Radio Reflejos\",\"isPartOf\":{\"@id\":\"https:\/\/www.noticiasradioreflejos.com.ar\/2021\/#website\"},\"primaryImageOfPage\":{\"@id\":\"https:\/\/www.noticiasradioreflejos.com.ar\/2021\/el-gobierno-abrio-30-lineas-de-creditos-para-sostener-la-actividad-productiva-de-las-pymes\/#primaryimage\"},\"image\":{\"@id\":\"https:\/\/www.noticiasradioreflejos.com.ar\/2021\/el-gobierno-abrio-30-lineas-de-creditos-para-sostener-la-actividad-productiva-de-las-pymes\/#primaryimage\"},\"thumbnailUrl\":\"https:\/\/www.telam.com.ar\/advf\/imagenes\/2020\/12\/5feb52246bef7_1004x565.jpg\",\"datePublished\":\"2021-08-02T22:07:27+00:00\",\"author\":{\"@id\":\"https:\/\/www.noticiasradioreflejos.com.ar\/2021\/#\/schema\/person\/ad82545263dcc5ec0996818884fd5fb1\"},\"breadcrumb\":{\"@id\":\"https:\/\/www.noticiasradioreflejos.com.ar\/2021\/el-gobierno-abrio-30-lineas-de-creditos-para-sostener-la-actividad-productiva-de-las-pymes\/#breadcrumb\"},\"inLanguage\":\"es\",\"potentialAction\":[{\"@type\":\"ReadAction\",\"target\":[\"https:\/\/www.noticiasradioreflejos.com.ar\/2021\/el-gobierno-abrio-30-lineas-de-creditos-para-sostener-la-actividad-productiva-de-las-pymes\/\"]}]},{\"@type\":\"ImageObject\",\"inLanguage\":\"es\",\"@id\":\"https:\/\/www.noticiasradioreflejos.com.ar\/2021\/el-gobierno-abrio-30-lineas-de-creditos-para-sostener-la-actividad-productiva-de-las-pymes\/#primaryimage\",\"url\":\"https:\/\/www.telam.com.ar\/advf\/imagenes\/2020\/12\/5feb52246bef7_1004x565.jpg\",\"contentUrl\":\"https:\/\/www.telam.com.ar\/advf\/imagenes\/2020\/12\/5feb52246bef7_1004x565.jpg\"},{\"@type\":\"BreadcrumbList\",\"@id\":\"https:\/\/www.noticiasradioreflejos.com.ar\/2021\/el-gobierno-abrio-30-lineas-de-creditos-para-sostener-la-actividad-productiva-de-las-pymes\/#breadcrumb\",\"itemListElement\":[{\"@type\":\"ListItem\",\"position\":1,\"name\":\"Portada\",\"item\":\"https:\/\/www.noticiasradioreflejos.com.ar\/2021\/\"},{\"@type\":\"ListItem\",\"position\":2,\"name\":\"El Gobierno abri\u00f3 30 l\u00edneas de cr\u00e9ditos para sostener la actividad productiva de las pymes\"}]},{\"@type\":\"WebSite\",\"@id\":\"https:\/\/www.noticiasradioreflejos.com.ar\/2021\/#website\",\"url\":\"https:\/\/www.noticiasradioreflejos.com.ar\/2021\/\",\"name\":\"Noticias Radio Reflejos\",\"description\":\"Las noticias de mi comarca\",\"potentialAction\":[{\"@type\":\"SearchAction\",\"target\":{\"@type\":\"EntryPoint\",\"urlTemplate\":\"https:\/\/www.noticiasradioreflejos.com.ar\/2021\/?s={search_term_string}\"},\"query-input\":{\"@type\":\"PropertyValueSpecification\",\"valueRequired\":true,\"valueName\":\"search_term_string\"}}],\"inLanguage\":\"es\"},{\"@type\":\"Person\",\"@id\":\"https:\/\/www.noticiasradioreflejos.com.ar\/2021\/#\/schema\/person\/ad82545263dcc5ec0996818884fd5fb1\",\"name\":\"Arnaldo Botto\",\"image\":{\"@type\":\"ImageObject\",\"inLanguage\":\"es\",\"@id\":\"https:\/\/www.noticiasradioreflejos.com.ar\/2021\/#\/schema\/person\/image\/\",\"url\":\"https:\/\/secure.gravatar.com\/avatar\/55cb5e37c1efa326397366e6974cb338056df65cb50e7d64d1cf314e87504837?s=96&d=mm&r=g\",\"contentUrl\":\"https:\/\/secure.gravatar.com\/avatar\/55cb5e37c1efa326397366e6974cb338056df65cb50e7d64d1cf314e87504837?s=96&d=mm&r=g\",\"caption\":\"Arnaldo Botto\"},\"url\":\"https:\/\/www.noticiasradioreflejos.com.ar\/2021\/author\/arnaldo\/\"}]}<\/script>\n<!-- \/ Yoast SEO plugin. -->","yoast_head_json":{"title":"El Gobierno abri\u00f3 30 l\u00edneas de cr\u00e9ditos para sostener la actividad productiva de las pymes - Noticias Radio Reflejos","robots":{"index":"index","follow":"follow","max-snippet":"max-snippet:-1","max-image-preview":"max-image-preview:large","max-video-preview":"max-video-preview:-1"},"canonical":"https:\/\/www.noticiasradioreflejos.com.ar\/2021\/el-gobierno-abrio-30-lineas-de-creditos-para-sostener-la-actividad-productiva-de-las-pymes\/","og_locale":"es_ES","og_type":"article","og_title":"El Gobierno abri\u00f3 30 l\u00edneas de cr\u00e9ditos para sostener la actividad productiva de las pymes - Noticias Radio Reflejos","og_description":"El Gobierno puso en marcha desde el inicio de su gesti\u00f3n\u00a030 l\u00edneas de financiamiento\u00a0destinadas a peque\u00f1as y medianas empresas, por un monto de\u00a0$ 225.868 millones, que permitieron el\u00a0sostenimiento de la actividad productiva\u00a0durante el aislamiento social, preventivo y obligatorio (ASPO).","og_url":"https:\/\/www.noticiasradioreflejos.com.ar\/2021\/el-gobierno-abrio-30-lineas-de-creditos-para-sostener-la-actividad-productiva-de-las-pymes\/","og_site_name":"Noticias Radio Reflejos","article_published_time":"2021-08-02T22:07:27+00:00","og_image":[{"url":"https:\/\/www.telam.com.ar\/advf\/imagenes\/2020\/12\/5feb52246bef7_1004x565.jpg","type":"","width":"","height":""}],"author":"Arnaldo Botto","twitter_card":"summary_large_image","schema":{"@context":"https:\/\/schema.org","@graph":[{"@type":"WebPage","@id":"https:\/\/www.noticiasradioreflejos.com.ar\/2021\/el-gobierno-abrio-30-lineas-de-creditos-para-sostener-la-actividad-productiva-de-las-pymes\/","url":"https:\/\/www.noticiasradioreflejos.com.ar\/2021\/el-gobierno-abrio-30-lineas-de-creditos-para-sostener-la-actividad-productiva-de-las-pymes\/","name":"El Gobierno abri\u00f3 30 l\u00edneas de cr\u00e9ditos para sostener la actividad productiva de las pymes - Noticias Radio Reflejos","isPartOf":{"@id":"https:\/\/www.noticiasradioreflejos.com.ar\/2021\/#website"},"primaryImageOfPage":{"@id":"https:\/\/www.noticiasradioreflejos.com.ar\/2021\/el-gobierno-abrio-30-lineas-de-creditos-para-sostener-la-actividad-productiva-de-las-pymes\/#primaryimage"},"image":{"@id":"https:\/\/www.noticiasradioreflejos.com.ar\/2021\/el-gobierno-abrio-30-lineas-de-creditos-para-sostener-la-actividad-productiva-de-las-pymes\/#primaryimage"},"thumbnailUrl":"https:\/\/www.telam.com.ar\/advf\/imagenes\/2020\/12\/5feb52246bef7_1004x565.jpg","datePublished":"2021-08-02T22:07:27+00:00","author":{"@id":"https:\/\/www.noticiasradioreflejos.com.ar\/2021\/#\/schema\/person\/ad82545263dcc5ec0996818884fd5fb1"},"breadcrumb":{"@id":"https:\/\/www.noticiasradioreflejos.com.ar\/2021\/el-gobierno-abrio-30-lineas-de-creditos-para-sostener-la-actividad-productiva-de-las-pymes\/#breadcrumb"},"inLanguage":"es","potentialAction":[{"@type":"ReadAction","target":["https:\/\/www.noticiasradioreflejos.com.ar\/2021\/el-gobierno-abrio-30-lineas-de-creditos-para-sostener-la-actividad-productiva-de-las-pymes\/"]}]},{"@type":"ImageObject","inLanguage":"es","@id":"https:\/\/www.noticiasradioreflejos.com.ar\/2021\/el-gobierno-abrio-30-lineas-de-creditos-para-sostener-la-actividad-productiva-de-las-pymes\/#primaryimage","url":"https:\/\/www.telam.com.ar\/advf\/imagenes\/2020\/12\/5feb52246bef7_1004x565.jpg","contentUrl":"https:\/\/www.telam.com.ar\/advf\/imagenes\/2020\/12\/5feb52246bef7_1004x565.jpg"},{"@type":"BreadcrumbList","@id":"https:\/\/www.noticiasradioreflejos.com.ar\/2021\/el-gobierno-abrio-30-lineas-de-creditos-para-sostener-la-actividad-productiva-de-las-pymes\/#breadcrumb","itemListElement":[{"@type":"ListItem","position":1,"name":"Portada","item":"https:\/\/www.noticiasradioreflejos.com.ar\/2021\/"},{"@type":"ListItem","position":2,"name":"El Gobierno abri\u00f3 30 l\u00edneas de cr\u00e9ditos para sostener la actividad productiva de las pymes"}]},{"@type":"WebSite","@id":"https:\/\/www.noticiasradioreflejos.com.ar\/2021\/#website","url":"https:\/\/www.noticiasradioreflejos.com.ar\/2021\/","name":"Noticias Radio Reflejos","description":"Las noticias de mi comarca","potentialAction":[{"@type":"SearchAction","target":{"@type":"EntryPoint","urlTemplate":"https:\/\/www.noticiasradioreflejos.com.ar\/2021\/?s={search_term_string}"},"query-input":{"@type":"PropertyValueSpecification","valueRequired":true,"valueName":"search_term_string"}}],"inLanguage":"es"},{"@type":"Person","@id":"https:\/\/www.noticiasradioreflejos.com.ar\/2021\/#\/schema\/person\/ad82545263dcc5ec0996818884fd5fb1","name":"Arnaldo Botto","image":{"@type":"ImageObject","inLanguage":"es","@id":"https:\/\/www.noticiasradioreflejos.com.ar\/2021\/#\/schema\/person\/image\/","url":"https:\/\/secure.gravatar.com\/avatar\/55cb5e37c1efa326397366e6974cb338056df65cb50e7d64d1cf314e87504837?s=96&d=mm&r=g","contentUrl":"https:\/\/secure.gravatar.com\/avatar\/55cb5e37c1efa326397366e6974cb338056df65cb50e7d64d1cf314e87504837?s=96&d=mm&r=g","caption":"Arnaldo Botto"},"url":"https:\/\/www.noticiasradioreflejos.com.ar\/2021\/author\/arnaldo\/"}]}},"_links":{"self":[{"href":"https:\/\/www.noticiasradioreflejos.com.ar\/2021\/wp-json\/wp\/v2\/posts\/60997","targetHints":{"allow":["GET"]}}],"collection":[{"href":"https:\/\/www.noticiasradioreflejos.com.ar\/2021\/wp-json\/wp\/v2\/posts"}],"about":[{"href":"https:\/\/www.noticiasradioreflejos.com.ar\/2021\/wp-json\/wp\/v2\/types\/post"}],"author":[{"embeddable":true,"href":"https:\/\/www.noticiasradioreflejos.com.ar\/2021\/wp-json\/wp\/v2\/users\/3"}],"replies":[{"embeddable":true,"href":"https:\/\/www.noticiasradioreflejos.com.ar\/2021\/wp-json\/wp\/v2\/comments?post=60997"}],"version-history":[{"count":1,"href":"https:\/\/www.noticiasradioreflejos.com.ar\/2021\/wp-json\/wp\/v2\/posts\/60997\/revisions"}],"predecessor-version":[{"id":60998,"href":"https:\/\/www.noticiasradioreflejos.com.ar\/2021\/wp-json\/wp\/v2\/posts\/60997\/revisions\/60998"}],"wp:attachment":[{"href":"https:\/\/www.noticiasradioreflejos.com.ar\/2021\/wp-json\/wp\/v2\/media?parent=60997"}],"wp:term":[{"taxonomy":"category","embeddable":true,"href":"https:\/\/www.noticiasradioreflejos.com.ar\/2021\/wp-json\/wp\/v2\/categories?post=60997"},{"taxonomy":"post_tag","embeddable":true,"href":"https:\/\/www.noticiasradioreflejos.com.ar\/2021\/wp-json\/wp\/v2\/tags?post=60997"}],"curies":[{"name":"wp","href":"https:\/\/api.w.org\/{rel}","templated":true}]}}