{"id":60995,"date":"2021-08-02T22:02:35","date_gmt":"2021-08-02T22:02:35","guid":{"rendered":"http:\/\/www.noticiasradioreflejos.com.ar\/2021\/?p=60995"},"modified":"2021-08-02T22:02:35","modified_gmt":"2021-08-02T22:02:35","slug":"hay-casi-mil-aislados-y-cinco-colegios-cerrados-en-cordoba-por-la-variante-delta","status":"publish","type":"post","link":"https:\/\/www.noticiasradioreflejos.com.ar\/2021\/hay-casi-mil-aislados-y-cinco-colegios-cerrados-en-cordoba-por-la-variante-delta\/","title":{"rendered":"Hay casi mil aislados y cinco colegios cerrados en C\u00f3rdoba por la variante Delta"},"content":{"rendered":"<div class=\"head-content\">\n<p>El m\u00e9dico infect\u00f3logo asesor del gobierno de C\u00f3rdoba y de la Naci\u00f3n, Hugo Pizzi, inform\u00f3 que el hombre que ingres\u00f3 el virus es un \u00abnegador de la vacuna\u00bb y fue a visitar a su familia el primer d\u00eda. Lo calific\u00f3 como un \u00abterrorista sanitario\u00bb.<\/p>\n<\/div>\n<p><!--more--><\/p>\n<div class=\"main-content-block\">\n<div class=\"main-box clearfix\">\n<div class=\"wrapper-main-section clearfix\">\n<div class=\"wrapper-editable-content\">\n<div class=\"editable-content clearfix\">\n<div id=\"image\" class=\"image\"><img decoding=\"async\" title=\"Hay casi mil personas aisladas en C\u00f3rdoba tras el positivo de un hombre con la variante Delta.\" src=\"https:\/\/www.telam.com.ar\/advf\/imagenes\/2021\/07\/61041394cb908_1004x565.jpg\" alt=\"Hay casi mil personas aisladas en C\u00f3rdoba tras el positivo de un hombre con la variante Delta.\" \/><\/p>\n<div class=\"epigrafe\">Hay casi mil personas aisladas en C\u00f3rdoba tras el positivo de un hombre con la variante Delta.<\/div>\n<\/div>\n<p><strong>Hugo Pizzi<\/strong>, m\u00e9dico infect\u00f3logo asesor del gobierno de C\u00f3rdoba y de la Naci\u00f3n, asegur\u00f3 que son\u00a0<strong>casi mil las personas aisladas<\/strong>\u00a0tras detectar un caso positivo de la variante Delta en un hombre que lleg\u00f3 de Per\u00fa a la capital cordobesa y no respet\u00f3 el aislamiento correspondiente.<\/p>\n<p>\u00ab<strong>Ya se han superado los 800, estamos llegando a los 1.000 aislados<\/strong>, por una persona que vino con una variante muy contagiosa\u00bb, explic\u00f3 el especialista en declaraciones a la radio LT3 de Rosario, y confirm\u00f3 que ese nombre, denominado paciente cero se encuentra \u00abinternado con una neumon\u00eda bilateral, al igual que su pareja\u00bb.<\/p>\n<p>En este sentido, el epidemi\u00f3logo remarc\u00f3 que el hombre que reside en la ciudad de C\u00f3rdoba \u00abvino de Per\u00fa, firm\u00f3 una declaraci\u00f3n jurada (afirmando) que iba a cumplir el aislamiento y\u00a0<strong>el primer d\u00eda que lleg\u00f3 fue a visitar a toda su familia<\/strong>\u00ab, y calific\u00f3 a este ciudadano como \u00abun negador de vacuna\u00bb.<\/p>\n<p>Pizzi apunt\u00f3 que las autoridades decidieron\u00a0<strong>evitar que trascienda la identidad del hombre<\/strong>\u00a0porque \u00abla poblaci\u00f3n en general se lo quiere comer, la gente est\u00e1 muy enojada, y no es para menos\u00bb.<\/p>\n<p>Y apunt\u00f3 que, como consecuencia de sus contactos estrechos y el trazado epidemiol\u00f3gico adem\u00e1s de las casi mil personas aisladas,\u00a0<strong>cinco colegios tuvieron que discontinuar las clases presenciales<\/strong>.<\/p>\n<p>Adem\u00e1s del\u00a0<strong>paciente cero<\/strong>\u00a0hay otros\u00a0<strong>cuatro imputados por la justicia, acusados de no respetar los protocolos<\/strong>\u00a0\u00abcuando se les dijo que estaban contaminados y hubo dos de ellos que abrieron sus negocios y estuvieron atendiendo todo el d\u00eda, el da\u00f1o que han hecho es espantoso\u00bb, apunt\u00f3 el especialista.<\/p>\n<div class=\"auth\">\u00abTerrorista sanitario\u00bb<\/div>\n<p>En este sentido, consider\u00f3 que el hombre de 62 a\u00f1os que ingres\u00f3 a mediados de julio al pa\u00eds y no respet\u00f3 el aislamiento \u00abes un\u00a0<strong>terrorista sanitario<\/strong>, y\u00a0<strong>la bomba que tir\u00f3 es una bomba epidemiol\u00f3gica<\/strong>. Es importante que la gente tome conciencia que quien no cumple, quien es un negador lo \u00fanico que hace es hacernos da\u00f1o a todos los dem\u00e1s\u00bb.<\/p>\n<p>Asimismo, Pizzi asegur\u00f3 que\u00a0<strong>la variante Delta del coronavirus es mucho m\u00e1s contagiosa<\/strong>\u00a0que las anteriores y que si una persona infectada no utiliza barbijo puede contagiar a una sana en \u00ab35 o 45 segundos porque la carga viral se acantona, se junta, en nariz y boca y esto lo hace mil veces superior a la del virus original\u00bb.<\/p>\n<p>\u00abLas personas que est\u00e1n vacunadas con una o dos dosis est\u00e1n mucho mejor preparadas ante esta variante que las que no tienen vacunas, el organismo hace un recuerdo de la colocaci\u00f3n de la vacuna y as\u00ed y todo hay que seguir cuid\u00e1ndose porque uno se puede contagiar y contagiar a otro, esto es una cuesti\u00f3n de disciplina\u00bb, apunt\u00f3 el especialista.<\/p><\/div>\n<\/div>\n<\/div>\n<\/div>\n<\/div>\n","protected":false},"excerpt":{"rendered":"<p>El m\u00e9dico infect\u00f3logo asesor del gobierno de C\u00f3rdoba y de la Naci\u00f3n, Hugo Pizzi, inform\u00f3 que el hombre que ingres\u00f3 el virus es un \u00abnegador de la vacuna\u00bb y fue a visitar a su familia el primer d\u00eda. Lo calific\u00f3 como un \u00abterrorista sanitario\u00bb.<\/p>\n","protected":false},"author":3,"featured_media":0,"comment_status":"closed","ping_status":"closed","sticky":false,"template":"","format":"standard","meta":{"footnotes":""},"categories":[30],"tags":[],"class_list":["post-60995","post","type-post","status-publish","format-standard","hentry","category-salud"],"yoast_head":"<!-- This site is optimized with the Yoast SEO plugin v25.9 - https:\/\/yoast.com\/wordpress\/plugins\/seo\/ -->\n<title>Hay casi mil aislados y cinco colegios cerrados en C\u00f3rdoba por la variante Delta - Noticias Radio Reflejos<\/title>\n<meta name=\"robots\" content=\"index, follow, max-snippet:-1, max-image-preview:large, max-video-preview:-1\" \/>\n<link rel=\"canonical\" href=\"https:\/\/www.noticiasradioreflejos.com.ar\/2021\/hay-casi-mil-aislados-y-cinco-colegios-cerrados-en-cordoba-por-la-variante-delta\/\" \/>\n<meta property=\"og:locale\" content=\"es_ES\" \/>\n<meta property=\"og:type\" content=\"article\" \/>\n<meta property=\"og:title\" content=\"Hay casi mil aislados y cinco colegios cerrados en C\u00f3rdoba por la variante Delta - Noticias Radio Reflejos\" \/>\n<meta property=\"og:description\" content=\"El m\u00e9dico infect\u00f3logo asesor del gobierno de C\u00f3rdoba y de la Naci\u00f3n, Hugo Pizzi, inform\u00f3 que el hombre que ingres\u00f3 el virus es un \u00abnegador de la vacuna\u00bb y fue a visitar a su familia el primer d\u00eda. Lo calific\u00f3 como un \u00abterrorista sanitario\u00bb.\" \/>\n<meta property=\"og:url\" content=\"https:\/\/www.noticiasradioreflejos.com.ar\/2021\/hay-casi-mil-aislados-y-cinco-colegios-cerrados-en-cordoba-por-la-variante-delta\/\" \/>\n<meta property=\"og:site_name\" content=\"Noticias Radio Reflejos\" \/>\n<meta property=\"article:published_time\" content=\"2021-08-02T22:02:35+00:00\" \/>\n<meta property=\"og:image\" content=\"https:\/\/www.telam.com.ar\/advf\/imagenes\/2021\/07\/61041394cb908_1004x565.jpg\" \/>\n<meta name=\"author\" content=\"Arnaldo Botto\" \/>\n<meta name=\"twitter:card\" content=\"summary_large_image\" \/>\n<script type=\"application\/ld+json\" class=\"yoast-schema-graph\">{\"@context\":\"https:\/\/schema.org\",\"@graph\":[{\"@type\":\"WebPage\",\"@id\":\"https:\/\/www.noticiasradioreflejos.com.ar\/2021\/hay-casi-mil-aislados-y-cinco-colegios-cerrados-en-cordoba-por-la-variante-delta\/\",\"url\":\"https:\/\/www.noticiasradioreflejos.com.ar\/2021\/hay-casi-mil-aislados-y-cinco-colegios-cerrados-en-cordoba-por-la-variante-delta\/\",\"name\":\"Hay casi mil aislados y cinco colegios cerrados en C\u00f3rdoba por la variante Delta - Noticias Radio Reflejos\",\"isPartOf\":{\"@id\":\"https:\/\/www.noticiasradioreflejos.com.ar\/2021\/#website\"},\"primaryImageOfPage\":{\"@id\":\"https:\/\/www.noticiasradioreflejos.com.ar\/2021\/hay-casi-mil-aislados-y-cinco-colegios-cerrados-en-cordoba-por-la-variante-delta\/#primaryimage\"},\"image\":{\"@id\":\"https:\/\/www.noticiasradioreflejos.com.ar\/2021\/hay-casi-mil-aislados-y-cinco-colegios-cerrados-en-cordoba-por-la-variante-delta\/#primaryimage\"},\"thumbnailUrl\":\"https:\/\/www.telam.com.ar\/advf\/imagenes\/2021\/07\/61041394cb908_1004x565.jpg\",\"datePublished\":\"2021-08-02T22:02:35+00:00\",\"author\":{\"@id\":\"https:\/\/www.noticiasradioreflejos.com.ar\/2021\/#\/schema\/person\/ad82545263dcc5ec0996818884fd5fb1\"},\"breadcrumb\":{\"@id\":\"https:\/\/www.noticiasradioreflejos.com.ar\/2021\/hay-casi-mil-aislados-y-cinco-colegios-cerrados-en-cordoba-por-la-variante-delta\/#breadcrumb\"},\"inLanguage\":\"es\",\"potentialAction\":[{\"@type\":\"ReadAction\",\"target\":[\"https:\/\/www.noticiasradioreflejos.com.ar\/2021\/hay-casi-mil-aislados-y-cinco-colegios-cerrados-en-cordoba-por-la-variante-delta\/\"]}]},{\"@type\":\"ImageObject\",\"inLanguage\":\"es\",\"@id\":\"https:\/\/www.noticiasradioreflejos.com.ar\/2021\/hay-casi-mil-aislados-y-cinco-colegios-cerrados-en-cordoba-por-la-variante-delta\/#primaryimage\",\"url\":\"https:\/\/www.telam.com.ar\/advf\/imagenes\/2021\/07\/61041394cb908_1004x565.jpg\",\"contentUrl\":\"https:\/\/www.telam.com.ar\/advf\/imagenes\/2021\/07\/61041394cb908_1004x565.jpg\"},{\"@type\":\"BreadcrumbList\",\"@id\":\"https:\/\/www.noticiasradioreflejos.com.ar\/2021\/hay-casi-mil-aislados-y-cinco-colegios-cerrados-en-cordoba-por-la-variante-delta\/#breadcrumb\",\"itemListElement\":[{\"@type\":\"ListItem\",\"position\":1,\"name\":\"Portada\",\"item\":\"https:\/\/www.noticiasradioreflejos.com.ar\/2021\/\"},{\"@type\":\"ListItem\",\"position\":2,\"name\":\"Hay casi mil aislados y cinco colegios cerrados en C\u00f3rdoba por la variante Delta\"}]},{\"@type\":\"WebSite\",\"@id\":\"https:\/\/www.noticiasradioreflejos.com.ar\/2021\/#website\",\"url\":\"https:\/\/www.noticiasradioreflejos.com.ar\/2021\/\",\"name\":\"Noticias Radio Reflejos\",\"description\":\"Las noticias de mi comarca\",\"potentialAction\":[{\"@type\":\"SearchAction\",\"target\":{\"@type\":\"EntryPoint\",\"urlTemplate\":\"https:\/\/www.noticiasradioreflejos.com.ar\/2021\/?s={search_term_string}\"},\"query-input\":{\"@type\":\"PropertyValueSpecification\",\"valueRequired\":true,\"valueName\":\"search_term_string\"}}],\"inLanguage\":\"es\"},{\"@type\":\"Person\",\"@id\":\"https:\/\/www.noticiasradioreflejos.com.ar\/2021\/#\/schema\/person\/ad82545263dcc5ec0996818884fd5fb1\",\"name\":\"Arnaldo Botto\",\"image\":{\"@type\":\"ImageObject\",\"inLanguage\":\"es\",\"@id\":\"https:\/\/www.noticiasradioreflejos.com.ar\/2021\/#\/schema\/person\/image\/\",\"url\":\"https:\/\/secure.gravatar.com\/avatar\/55cb5e37c1efa326397366e6974cb338056df65cb50e7d64d1cf314e87504837?s=96&d=mm&r=g\",\"contentUrl\":\"https:\/\/secure.gravatar.com\/avatar\/55cb5e37c1efa326397366e6974cb338056df65cb50e7d64d1cf314e87504837?s=96&d=mm&r=g\",\"caption\":\"Arnaldo Botto\"},\"url\":\"https:\/\/www.noticiasradioreflejos.com.ar\/2021\/author\/arnaldo\/\"}]}<\/script>\n<!-- \/ Yoast SEO plugin. -->","yoast_head_json":{"title":"Hay casi mil aislados y cinco colegios cerrados en C\u00f3rdoba por la variante Delta - Noticias Radio Reflejos","robots":{"index":"index","follow":"follow","max-snippet":"max-snippet:-1","max-image-preview":"max-image-preview:large","max-video-preview":"max-video-preview:-1"},"canonical":"https:\/\/www.noticiasradioreflejos.com.ar\/2021\/hay-casi-mil-aislados-y-cinco-colegios-cerrados-en-cordoba-por-la-variante-delta\/","og_locale":"es_ES","og_type":"article","og_title":"Hay casi mil aislados y cinco colegios cerrados en C\u00f3rdoba por la variante Delta - Noticias Radio Reflejos","og_description":"El m\u00e9dico infect\u00f3logo asesor del gobierno de C\u00f3rdoba y de la Naci\u00f3n, Hugo Pizzi, inform\u00f3 que el hombre que ingres\u00f3 el virus es un \u00abnegador de la vacuna\u00bb y fue a visitar a su familia el primer d\u00eda. Lo calific\u00f3 como un \u00abterrorista sanitario\u00bb.","og_url":"https:\/\/www.noticiasradioreflejos.com.ar\/2021\/hay-casi-mil-aislados-y-cinco-colegios-cerrados-en-cordoba-por-la-variante-delta\/","og_site_name":"Noticias Radio Reflejos","article_published_time":"2021-08-02T22:02:35+00:00","og_image":[{"url":"https:\/\/www.telam.com.ar\/advf\/imagenes\/2021\/07\/61041394cb908_1004x565.jpg","type":"","width":"","height":""}],"author":"Arnaldo Botto","twitter_card":"summary_large_image","schema":{"@context":"https:\/\/schema.org","@graph":[{"@type":"WebPage","@id":"https:\/\/www.noticiasradioreflejos.com.ar\/2021\/hay-casi-mil-aislados-y-cinco-colegios-cerrados-en-cordoba-por-la-variante-delta\/","url":"https:\/\/www.noticiasradioreflejos.com.ar\/2021\/hay-casi-mil-aislados-y-cinco-colegios-cerrados-en-cordoba-por-la-variante-delta\/","name":"Hay casi mil aislados y cinco colegios cerrados en C\u00f3rdoba por la variante Delta - Noticias Radio Reflejos","isPartOf":{"@id":"https:\/\/www.noticiasradioreflejos.com.ar\/2021\/#website"},"primaryImageOfPage":{"@id":"https:\/\/www.noticiasradioreflejos.com.ar\/2021\/hay-casi-mil-aislados-y-cinco-colegios-cerrados-en-cordoba-por-la-variante-delta\/#primaryimage"},"image":{"@id":"https:\/\/www.noticiasradioreflejos.com.ar\/2021\/hay-casi-mil-aislados-y-cinco-colegios-cerrados-en-cordoba-por-la-variante-delta\/#primaryimage"},"thumbnailUrl":"https:\/\/www.telam.com.ar\/advf\/imagenes\/2021\/07\/61041394cb908_1004x565.jpg","datePublished":"2021-08-02T22:02:35+00:00","author":{"@id":"https:\/\/www.noticiasradioreflejos.com.ar\/2021\/#\/schema\/person\/ad82545263dcc5ec0996818884fd5fb1"},"breadcrumb":{"@id":"https:\/\/www.noticiasradioreflejos.com.ar\/2021\/hay-casi-mil-aislados-y-cinco-colegios-cerrados-en-cordoba-por-la-variante-delta\/#breadcrumb"},"inLanguage":"es","potentialAction":[{"@type":"ReadAction","target":["https:\/\/www.noticiasradioreflejos.com.ar\/2021\/hay-casi-mil-aislados-y-cinco-colegios-cerrados-en-cordoba-por-la-variante-delta\/"]}]},{"@type":"ImageObject","inLanguage":"es","@id":"https:\/\/www.noticiasradioreflejos.com.ar\/2021\/hay-casi-mil-aislados-y-cinco-colegios-cerrados-en-cordoba-por-la-variante-delta\/#primaryimage","url":"https:\/\/www.telam.com.ar\/advf\/imagenes\/2021\/07\/61041394cb908_1004x565.jpg","contentUrl":"https:\/\/www.telam.com.ar\/advf\/imagenes\/2021\/07\/61041394cb908_1004x565.jpg"},{"@type":"BreadcrumbList","@id":"https:\/\/www.noticiasradioreflejos.com.ar\/2021\/hay-casi-mil-aislados-y-cinco-colegios-cerrados-en-cordoba-por-la-variante-delta\/#breadcrumb","itemListElement":[{"@type":"ListItem","position":1,"name":"Portada","item":"https:\/\/www.noticiasradioreflejos.com.ar\/2021\/"},{"@type":"ListItem","position":2,"name":"Hay casi mil aislados y cinco colegios cerrados en C\u00f3rdoba por la variante Delta"}]},{"@type":"WebSite","@id":"https:\/\/www.noticiasradioreflejos.com.ar\/2021\/#website","url":"https:\/\/www.noticiasradioreflejos.com.ar\/2021\/","name":"Noticias Radio Reflejos","description":"Las noticias de mi comarca","potentialAction":[{"@type":"SearchAction","target":{"@type":"EntryPoint","urlTemplate":"https:\/\/www.noticiasradioreflejos.com.ar\/2021\/?s={search_term_string}"},"query-input":{"@type":"PropertyValueSpecification","valueRequired":true,"valueName":"search_term_string"}}],"inLanguage":"es"},{"@type":"Person","@id":"https:\/\/www.noticiasradioreflejos.com.ar\/2021\/#\/schema\/person\/ad82545263dcc5ec0996818884fd5fb1","name":"Arnaldo Botto","image":{"@type":"ImageObject","inLanguage":"es","@id":"https:\/\/www.noticiasradioreflejos.com.ar\/2021\/#\/schema\/person\/image\/","url":"https:\/\/secure.gravatar.com\/avatar\/55cb5e37c1efa326397366e6974cb338056df65cb50e7d64d1cf314e87504837?s=96&d=mm&r=g","contentUrl":"https:\/\/secure.gravatar.com\/avatar\/55cb5e37c1efa326397366e6974cb338056df65cb50e7d64d1cf314e87504837?s=96&d=mm&r=g","caption":"Arnaldo Botto"},"url":"https:\/\/www.noticiasradioreflejos.com.ar\/2021\/author\/arnaldo\/"}]}},"_links":{"self":[{"href":"https:\/\/www.noticiasradioreflejos.com.ar\/2021\/wp-json\/wp\/v2\/posts\/60995","targetHints":{"allow":["GET"]}}],"collection":[{"href":"https:\/\/www.noticiasradioreflejos.com.ar\/2021\/wp-json\/wp\/v2\/posts"}],"about":[{"href":"https:\/\/www.noticiasradioreflejos.com.ar\/2021\/wp-json\/wp\/v2\/types\/post"}],"author":[{"embeddable":true,"href":"https:\/\/www.noticiasradioreflejos.com.ar\/2021\/wp-json\/wp\/v2\/users\/3"}],"replies":[{"embeddable":true,"href":"https:\/\/www.noticiasradioreflejos.com.ar\/2021\/wp-json\/wp\/v2\/comments?post=60995"}],"version-history":[{"count":1,"href":"https:\/\/www.noticiasradioreflejos.com.ar\/2021\/wp-json\/wp\/v2\/posts\/60995\/revisions"}],"predecessor-version":[{"id":60996,"href":"https:\/\/www.noticiasradioreflejos.com.ar\/2021\/wp-json\/wp\/v2\/posts\/60995\/revisions\/60996"}],"wp:attachment":[{"href":"https:\/\/www.noticiasradioreflejos.com.ar\/2021\/wp-json\/wp\/v2\/media?parent=60995"}],"wp:term":[{"taxonomy":"category","embeddable":true,"href":"https:\/\/www.noticiasradioreflejos.com.ar\/2021\/wp-json\/wp\/v2\/categories?post=60995"},{"taxonomy":"post_tag","embeddable":true,"href":"https:\/\/www.noticiasradioreflejos.com.ar\/2021\/wp-json\/wp\/v2\/tags?post=60995"}],"curies":[{"name":"wp","href":"https:\/\/api.w.org\/{rel}","templated":true}]}}