{"id":60991,"date":"2021-08-03T13:09:03","date_gmt":"2021-08-03T13:09:03","guid":{"rendered":"http:\/\/www.noticiasradioreflejos.com.ar\/2021\/?p=60991"},"modified":"2021-08-03T13:13:41","modified_gmt":"2021-08-03T13:13:41","slug":"sondeo-de-opinion-del-frente-de-todos-surge-sobretodo-el-cuidado-de-la-obra-publica-el-trabajo-el-cuidado-del-medioambiente","status":"publish","type":"post","link":"https:\/\/www.noticiasradioreflejos.com.ar\/2021\/sondeo-de-opinion-del-frente-de-todos-surge-sobretodo-el-cuidado-de-la-obra-publica-el-trabajo-el-cuidado-del-medioambiente\/","title":{"rendered":"Sondeo de opini\u00f3n del Frente de Todos: \u00abSurge sobretodo el cuidado de la obra p\u00fablica, el trabajo, el cuidado del medioambiente\u201d"},"content":{"rendered":"<p>Esta ma\u00f1ana conversamos con <strong>Claudio Masson<\/strong> para que nos informe acerca de los resultados del sondeo de opini\u00f3n que el Frente de Todos ha realizado durante los \u00faltimos treinta d\u00edas para conmemorar el 30 aniversario del triunfo electoral de <strong>Gerardo Rattero<\/strong> ocurrido en el a\u00f1o 1991.<!--more--><\/p>\n<p>&nbsp;<\/p>\n<p><img loading=\"lazy\" decoding=\"async\" class=\"aligncenter size-full wp-image-60817\" src=\"http:\/\/www.noticiasradioreflejos.com.ar\/2021\/wp-content\/uploads\/2021\/07\/principales-propblemas.jpeg\" alt=\"\" width=\"482\" height=\"189\" \/><\/p>\n<p>El motivo del sondeo era \u201cescuchar para trabajar mejor\u201d. A partir de la numerosa participaci\u00f3n de los vecinos, desde el Frente conf\u00edan en poder mejorar su trabajo en pos de un distrito m\u00e1s inclusivo y con desarrollo para todos\/as.<\/p>\n<p>\u201cNos sorprendi\u00f3 mucho. Pens\u00e1bamos en un n\u00famero como m\u00e1ximo unas 500 respuestas\u201d coment\u00f3 Claudio al comenzar la nota, ya que las encuestas demandaban un poco de desarrollo y no creyeron que tantas personas las completar\u00edan. Llegaron a recolectar opiniones de 1400 personas de todo el distrito, hasta de las localidades m\u00e1s chicas y lejanas.<\/p>\n<p>\u201cCreo que es un buen insumo\u201d hizo referencia a la diversidad de respuestas que percibieron de los vecinos. \u201cEs lo que los vecinos est\u00e1n planteando como necesario, como \u00fatil, urgente. Surge sobretodo el cuidado de la obra p\u00fablica, el trabajo, el cuidado del medioambiente\u201d continu\u00f3 presentando las necesidades de los vecinos.<\/p>\n<p><a title=\"Ocupaci\u00f3n\" href=\"https:\/\/www.flickr.com\/photos\/182279889@N02\/51345096673\/in\/dateposted-public\/\" data-flickr-embed=\"true\"><img loading=\"lazy\" decoding=\"async\" src=\"https:\/\/live.staticflickr.com\/65535\/51345096673_c5c73998e7.jpg\" alt=\"Ocupaci\u00f3n\" width=\"500\" height=\"185\" \/><\/a><script async src=\"\/\/embedr.flickr.com\/assets\/client-code.js\" charset=\"utf-8\"><\/script><\/p>\n<p>Entre las respuestas que se obtuvieron gracias a la recopilaci\u00f3n de opiniones de los vecinos, muchos de ellos estaban de acuerdo en optimizar la falta de planificaci\u00f3n. Le pedimos a Claudio que nos explique a qu\u00e9 se refiere este punto: \u201cLo que la gente est\u00e1 pidiendo es que se organice un plan de trabajo conjunto, de todo el distrito y abordando todos los problemas. Los vecinos ven que falta una planificaci\u00f3n integral, en poner atenci\u00f3n en todo. Hay una necesidad de participar, de tomar parte de las cosas\u201d.<\/p>\n<p>\u201cLa verdad es que los concejales aparecen cuando hay un problema grave\u201d sentenci\u00f3 Claudio. \u201cLa presencia constante, continua es una demanda clara de este trabajo\u201d continu\u00f3 mencionando lo que el vecino del distrito de Tornquist exige.<\/p>\n<p>\u201cEl concejal tiene que hacer ordenanzas, tiene que legislar\u201d hizo referencia Claudio a la poca concientizaci\u00f3n que hay sobre la labor de los concejales, el negativo imaginario social que sobre ellos yace y la responsabilidad de ocupar ese cargo. \u201cNo es algo que se aprende de un d\u00eda para otro\u201d.<\/p>\n<p>\u201cLo que no sirve es la pol\u00edtica vac\u00eda que no escucha a la gente. Si los representantes no nos representan, no se est\u00e1 cumpliendo ni la Constituci\u00f3n. Ah\u00ed est\u00e1 la demanda\u201d continu\u00f3.<\/p>\n<p>Finalmente, Claudio expres\u00f3: \u201cOjal\u00e1 los vecinos puedan elegir en las pr\u00f3ximas elecciones aquellos representantes que les parezcan m\u00e1s aptos por lo que quieran hacer y despu\u00e9s que sigamos avanzando en la participaci\u00f3n\u201d.<\/p>\n<p>Nota completa a continuaci\u00f3n:<br \/>\n<iframe loading=\"lazy\" src=\"https:\/\/w.soundcloud.com\/player\/?url=https%3A\/\/api.soundcloud.com\/tracks\/1098701917&amp;color=%23ff5500&amp;auto_play=false&amp;hide_related=false&amp;show_comments=true&amp;show_user=true&amp;show_reposts=false&amp;show_teaser=true&amp;visual=true\" width=\"100%\" height=\"300\" frameborder=\"no\" scrolling=\"no\"><\/iframe><\/p>\n<div style=\"font-size: 10px; color: #cccccc; line-break: anywhere; word-break: normal; overflow: hidden; white-space: nowrap; text-overflow: ellipsis; font-family: Interstate,Lucida Grande,Lucida Sans Unicode,Lucida Sans,Garuda,Verdana,Tahoma,sans-serif; font-weight: 100;\"><a style=\"color: #cccccc; text-decoration: none;\" title=\"fmreflejos 103.7\" href=\"https:\/\/soundcloud.com\/fmreflejos-103-7\" target=\"_blank\" rel=\"noopener\">fmreflejos 103.7<\/a> \u00b7 <a style=\"color: #cccccc; text-decoration: none;\" title=\"Nota Claudio Masson\" href=\"https:\/\/soundcloud.com\/fmreflejos-103-7\/nota-claudio-masson-1\" target=\"_blank\" rel=\"noopener\">Nota Claudio Masson<\/a><\/div>\n","protected":false},"excerpt":{"rendered":"<p>Esta ma\u00f1ana conversamos con Claudio Masson para que nos informe acerca de los resultados del sondeo de opini\u00f3n que el Frente de Todos ha realizado durante los \u00faltimos treinta d\u00edas para conmemorar el 30 aniversario del triunfo electoral de Gerardo Rattero ocurrido en el a\u00f1o 1991.<\/p>\n","protected":false},"author":3,"featured_media":0,"comment_status":"closed","ping_status":"closed","sticky":false,"template":"","format":"standard","meta":{"footnotes":""},"categories":[24],"tags":[48],"class_list":["post-60991","post","type-post","status-publish","format-standard","hentry","category-politica","tag-destacada"],"yoast_head":"<!-- This site is optimized with the Yoast SEO plugin v25.9 - https:\/\/yoast.com\/wordpress\/plugins\/seo\/ -->\n<title>Sondeo de opini\u00f3n del Frente de Todos: &quot;Surge sobretodo el cuidado de la obra p\u00fablica, el trabajo, el cuidado del medioambiente\u201d - Noticias Radio Reflejos<\/title>\n<meta name=\"robots\" content=\"index, follow, max-snippet:-1, max-image-preview:large, max-video-preview:-1\" \/>\n<link rel=\"canonical\" href=\"https:\/\/www.noticiasradioreflejos.com.ar\/2021\/sondeo-de-opinion-del-frente-de-todos-surge-sobretodo-el-cuidado-de-la-obra-publica-el-trabajo-el-cuidado-del-medioambiente\/\" \/>\n<meta property=\"og:locale\" content=\"es_ES\" \/>\n<meta property=\"og:type\" content=\"article\" \/>\n<meta property=\"og:title\" content=\"Sondeo de opini\u00f3n del Frente de Todos: &quot;Surge sobretodo el cuidado de la obra p\u00fablica, el trabajo, el cuidado del medioambiente\u201d - Noticias Radio Reflejos\" \/>\n<meta property=\"og:description\" content=\"Esta ma\u00f1ana conversamos con Claudio Masson para que nos informe acerca de los resultados del sondeo de opini\u00f3n que el Frente de Todos ha realizado durante los \u00faltimos treinta d\u00edas para conmemorar el 30 aniversario del triunfo electoral de Gerardo Rattero ocurrido en el a\u00f1o 1991.\" \/>\n<meta property=\"og:url\" content=\"https:\/\/www.noticiasradioreflejos.com.ar\/2021\/sondeo-de-opinion-del-frente-de-todos-surge-sobretodo-el-cuidado-de-la-obra-publica-el-trabajo-el-cuidado-del-medioambiente\/\" \/>\n<meta property=\"og:site_name\" content=\"Noticias Radio Reflejos\" \/>\n<meta property=\"article:published_time\" content=\"2021-08-03T13:09:03+00:00\" \/>\n<meta property=\"article:modified_time\" content=\"2021-08-03T13:13:41+00:00\" \/>\n<meta property=\"og:image\" content=\"http:\/\/www.noticiasradioreflejos.com.ar\/2021\/wp-content\/uploads\/2021\/07\/principales-propblemas.jpeg\" \/>\n<meta name=\"author\" content=\"Arnaldo Botto\" \/>\n<meta name=\"twitter:card\" content=\"summary_large_image\" \/>\n<script type=\"application\/ld+json\" class=\"yoast-schema-graph\">{\"@context\":\"https:\/\/schema.org\",\"@graph\":[{\"@type\":\"WebPage\",\"@id\":\"https:\/\/www.noticiasradioreflejos.com.ar\/2021\/sondeo-de-opinion-del-frente-de-todos-surge-sobretodo-el-cuidado-de-la-obra-publica-el-trabajo-el-cuidado-del-medioambiente\/\",\"url\":\"https:\/\/www.noticiasradioreflejos.com.ar\/2021\/sondeo-de-opinion-del-frente-de-todos-surge-sobretodo-el-cuidado-de-la-obra-publica-el-trabajo-el-cuidado-del-medioambiente\/\",\"name\":\"Sondeo de opini\u00f3n del Frente de Todos: \\\"Surge sobretodo el cuidado de la obra p\u00fablica, el trabajo, el cuidado del medioambiente\u201d - Noticias Radio Reflejos\",\"isPartOf\":{\"@id\":\"https:\/\/www.noticiasradioreflejos.com.ar\/2021\/#website\"},\"primaryImageOfPage\":{\"@id\":\"https:\/\/www.noticiasradioreflejos.com.ar\/2021\/sondeo-de-opinion-del-frente-de-todos-surge-sobretodo-el-cuidado-de-la-obra-publica-el-trabajo-el-cuidado-del-medioambiente\/#primaryimage\"},\"image\":{\"@id\":\"https:\/\/www.noticiasradioreflejos.com.ar\/2021\/sondeo-de-opinion-del-frente-de-todos-surge-sobretodo-el-cuidado-de-la-obra-publica-el-trabajo-el-cuidado-del-medioambiente\/#primaryimage\"},\"thumbnailUrl\":\"http:\/\/www.noticiasradioreflejos.com.ar\/2021\/wp-content\/uploads\/2021\/07\/principales-propblemas.jpeg\",\"datePublished\":\"2021-08-03T13:09:03+00:00\",\"dateModified\":\"2021-08-03T13:13:41+00:00\",\"author\":{\"@id\":\"https:\/\/www.noticiasradioreflejos.com.ar\/2021\/#\/schema\/person\/ad82545263dcc5ec0996818884fd5fb1\"},\"breadcrumb\":{\"@id\":\"https:\/\/www.noticiasradioreflejos.com.ar\/2021\/sondeo-de-opinion-del-frente-de-todos-surge-sobretodo-el-cuidado-de-la-obra-publica-el-trabajo-el-cuidado-del-medioambiente\/#breadcrumb\"},\"inLanguage\":\"es\",\"potentialAction\":[{\"@type\":\"ReadAction\",\"target\":[\"https:\/\/www.noticiasradioreflejos.com.ar\/2021\/sondeo-de-opinion-del-frente-de-todos-surge-sobretodo-el-cuidado-de-la-obra-publica-el-trabajo-el-cuidado-del-medioambiente\/\"]}]},{\"@type\":\"ImageObject\",\"inLanguage\":\"es\",\"@id\":\"https:\/\/www.noticiasradioreflejos.com.ar\/2021\/sondeo-de-opinion-del-frente-de-todos-surge-sobretodo-el-cuidado-de-la-obra-publica-el-trabajo-el-cuidado-del-medioambiente\/#primaryimage\",\"url\":\"\",\"contentUrl\":\"\"},{\"@type\":\"BreadcrumbList\",\"@id\":\"https:\/\/www.noticiasradioreflejos.com.ar\/2021\/sondeo-de-opinion-del-frente-de-todos-surge-sobretodo-el-cuidado-de-la-obra-publica-el-trabajo-el-cuidado-del-medioambiente\/#breadcrumb\",\"itemListElement\":[{\"@type\":\"ListItem\",\"position\":1,\"name\":\"Portada\",\"item\":\"https:\/\/www.noticiasradioreflejos.com.ar\/2021\/\"},{\"@type\":\"ListItem\",\"position\":2,\"name\":\"Sondeo de opini\u00f3n del Frente de Todos: \u00abSurge sobretodo el cuidado de la obra p\u00fablica, el trabajo, el cuidado del medioambiente\u201d\"}]},{\"@type\":\"WebSite\",\"@id\":\"https:\/\/www.noticiasradioreflejos.com.ar\/2021\/#website\",\"url\":\"https:\/\/www.noticiasradioreflejos.com.ar\/2021\/\",\"name\":\"Noticias Radio Reflejos\",\"description\":\"Las noticias de mi comarca\",\"potentialAction\":[{\"@type\":\"SearchAction\",\"target\":{\"@type\":\"EntryPoint\",\"urlTemplate\":\"https:\/\/www.noticiasradioreflejos.com.ar\/2021\/?s={search_term_string}\"},\"query-input\":{\"@type\":\"PropertyValueSpecification\",\"valueRequired\":true,\"valueName\":\"search_term_string\"}}],\"inLanguage\":\"es\"},{\"@type\":\"Person\",\"@id\":\"https:\/\/www.noticiasradioreflejos.com.ar\/2021\/#\/schema\/person\/ad82545263dcc5ec0996818884fd5fb1\",\"name\":\"Arnaldo Botto\",\"image\":{\"@type\":\"ImageObject\",\"inLanguage\":\"es\",\"@id\":\"https:\/\/www.noticiasradioreflejos.com.ar\/2021\/#\/schema\/person\/image\/\",\"url\":\"https:\/\/secure.gravatar.com\/avatar\/55cb5e37c1efa326397366e6974cb338056df65cb50e7d64d1cf314e87504837?s=96&d=mm&r=g\",\"contentUrl\":\"https:\/\/secure.gravatar.com\/avatar\/55cb5e37c1efa326397366e6974cb338056df65cb50e7d64d1cf314e87504837?s=96&d=mm&r=g\",\"caption\":\"Arnaldo Botto\"},\"url\":\"https:\/\/www.noticiasradioreflejos.com.ar\/2021\/author\/arnaldo\/\"}]}<\/script>\n<!-- \/ Yoast SEO plugin. -->","yoast_head_json":{"title":"Sondeo de opini\u00f3n del Frente de Todos: \"Surge sobretodo el cuidado de la obra p\u00fablica, el trabajo, el cuidado del medioambiente\u201d - Noticias Radio Reflejos","robots":{"index":"index","follow":"follow","max-snippet":"max-snippet:-1","max-image-preview":"max-image-preview:large","max-video-preview":"max-video-preview:-1"},"canonical":"https:\/\/www.noticiasradioreflejos.com.ar\/2021\/sondeo-de-opinion-del-frente-de-todos-surge-sobretodo-el-cuidado-de-la-obra-publica-el-trabajo-el-cuidado-del-medioambiente\/","og_locale":"es_ES","og_type":"article","og_title":"Sondeo de opini\u00f3n del Frente de Todos: \"Surge sobretodo el cuidado de la obra p\u00fablica, el trabajo, el cuidado del medioambiente\u201d - Noticias Radio Reflejos","og_description":"Esta ma\u00f1ana conversamos con Claudio Masson para que nos informe acerca de los resultados del sondeo de opini\u00f3n que el Frente de Todos ha realizado durante los \u00faltimos treinta d\u00edas para conmemorar el 30 aniversario del triunfo electoral de Gerardo Rattero ocurrido en el a\u00f1o 1991.","og_url":"https:\/\/www.noticiasradioreflejos.com.ar\/2021\/sondeo-de-opinion-del-frente-de-todos-surge-sobretodo-el-cuidado-de-la-obra-publica-el-trabajo-el-cuidado-del-medioambiente\/","og_site_name":"Noticias Radio Reflejos","article_published_time":"2021-08-03T13:09:03+00:00","article_modified_time":"2021-08-03T13:13:41+00:00","og_image":[{"url":"http:\/\/www.noticiasradioreflejos.com.ar\/2021\/wp-content\/uploads\/2021\/07\/principales-propblemas.jpeg","type":"","width":"","height":""}],"author":"Arnaldo Botto","twitter_card":"summary_large_image","schema":{"@context":"https:\/\/schema.org","@graph":[{"@type":"WebPage","@id":"https:\/\/www.noticiasradioreflejos.com.ar\/2021\/sondeo-de-opinion-del-frente-de-todos-surge-sobretodo-el-cuidado-de-la-obra-publica-el-trabajo-el-cuidado-del-medioambiente\/","url":"https:\/\/www.noticiasradioreflejos.com.ar\/2021\/sondeo-de-opinion-del-frente-de-todos-surge-sobretodo-el-cuidado-de-la-obra-publica-el-trabajo-el-cuidado-del-medioambiente\/","name":"Sondeo de opini\u00f3n del Frente de Todos: \"Surge sobretodo el cuidado de la obra p\u00fablica, el trabajo, el cuidado del medioambiente\u201d - Noticias Radio Reflejos","isPartOf":{"@id":"https:\/\/www.noticiasradioreflejos.com.ar\/2021\/#website"},"primaryImageOfPage":{"@id":"https:\/\/www.noticiasradioreflejos.com.ar\/2021\/sondeo-de-opinion-del-frente-de-todos-surge-sobretodo-el-cuidado-de-la-obra-publica-el-trabajo-el-cuidado-del-medioambiente\/#primaryimage"},"image":{"@id":"https:\/\/www.noticiasradioreflejos.com.ar\/2021\/sondeo-de-opinion-del-frente-de-todos-surge-sobretodo-el-cuidado-de-la-obra-publica-el-trabajo-el-cuidado-del-medioambiente\/#primaryimage"},"thumbnailUrl":"http:\/\/www.noticiasradioreflejos.com.ar\/2021\/wp-content\/uploads\/2021\/07\/principales-propblemas.jpeg","datePublished":"2021-08-03T13:09:03+00:00","dateModified":"2021-08-03T13:13:41+00:00","author":{"@id":"https:\/\/www.noticiasradioreflejos.com.ar\/2021\/#\/schema\/person\/ad82545263dcc5ec0996818884fd5fb1"},"breadcrumb":{"@id":"https:\/\/www.noticiasradioreflejos.com.ar\/2021\/sondeo-de-opinion-del-frente-de-todos-surge-sobretodo-el-cuidado-de-la-obra-publica-el-trabajo-el-cuidado-del-medioambiente\/#breadcrumb"},"inLanguage":"es","potentialAction":[{"@type":"ReadAction","target":["https:\/\/www.noticiasradioreflejos.com.ar\/2021\/sondeo-de-opinion-del-frente-de-todos-surge-sobretodo-el-cuidado-de-la-obra-publica-el-trabajo-el-cuidado-del-medioambiente\/"]}]},{"@type":"ImageObject","inLanguage":"es","@id":"https:\/\/www.noticiasradioreflejos.com.ar\/2021\/sondeo-de-opinion-del-frente-de-todos-surge-sobretodo-el-cuidado-de-la-obra-publica-el-trabajo-el-cuidado-del-medioambiente\/#primaryimage","url":"","contentUrl":""},{"@type":"BreadcrumbList","@id":"https:\/\/www.noticiasradioreflejos.com.ar\/2021\/sondeo-de-opinion-del-frente-de-todos-surge-sobretodo-el-cuidado-de-la-obra-publica-el-trabajo-el-cuidado-del-medioambiente\/#breadcrumb","itemListElement":[{"@type":"ListItem","position":1,"name":"Portada","item":"https:\/\/www.noticiasradioreflejos.com.ar\/2021\/"},{"@type":"ListItem","position":2,"name":"Sondeo de opini\u00f3n del Frente de Todos: \u00abSurge sobretodo el cuidado de la obra p\u00fablica, el trabajo, el cuidado del medioambiente\u201d"}]},{"@type":"WebSite","@id":"https:\/\/www.noticiasradioreflejos.com.ar\/2021\/#website","url":"https:\/\/www.noticiasradioreflejos.com.ar\/2021\/","name":"Noticias Radio Reflejos","description":"Las noticias de mi comarca","potentialAction":[{"@type":"SearchAction","target":{"@type":"EntryPoint","urlTemplate":"https:\/\/www.noticiasradioreflejos.com.ar\/2021\/?s={search_term_string}"},"query-input":{"@type":"PropertyValueSpecification","valueRequired":true,"valueName":"search_term_string"}}],"inLanguage":"es"},{"@type":"Person","@id":"https:\/\/www.noticiasradioreflejos.com.ar\/2021\/#\/schema\/person\/ad82545263dcc5ec0996818884fd5fb1","name":"Arnaldo Botto","image":{"@type":"ImageObject","inLanguage":"es","@id":"https:\/\/www.noticiasradioreflejos.com.ar\/2021\/#\/schema\/person\/image\/","url":"https:\/\/secure.gravatar.com\/avatar\/55cb5e37c1efa326397366e6974cb338056df65cb50e7d64d1cf314e87504837?s=96&d=mm&r=g","contentUrl":"https:\/\/secure.gravatar.com\/avatar\/55cb5e37c1efa326397366e6974cb338056df65cb50e7d64d1cf314e87504837?s=96&d=mm&r=g","caption":"Arnaldo Botto"},"url":"https:\/\/www.noticiasradioreflejos.com.ar\/2021\/author\/arnaldo\/"}]}},"_links":{"self":[{"href":"https:\/\/www.noticiasradioreflejos.com.ar\/2021\/wp-json\/wp\/v2\/posts\/60991","targetHints":{"allow":["GET"]}}],"collection":[{"href":"https:\/\/www.noticiasradioreflejos.com.ar\/2021\/wp-json\/wp\/v2\/posts"}],"about":[{"href":"https:\/\/www.noticiasradioreflejos.com.ar\/2021\/wp-json\/wp\/v2\/types\/post"}],"author":[{"embeddable":true,"href":"https:\/\/www.noticiasradioreflejos.com.ar\/2021\/wp-json\/wp\/v2\/users\/3"}],"replies":[{"embeddable":true,"href":"https:\/\/www.noticiasradioreflejos.com.ar\/2021\/wp-json\/wp\/v2\/comments?post=60991"}],"version-history":[{"count":4,"href":"https:\/\/www.noticiasradioreflejos.com.ar\/2021\/wp-json\/wp\/v2\/posts\/60991\/revisions"}],"predecessor-version":[{"id":61022,"href":"https:\/\/www.noticiasradioreflejos.com.ar\/2021\/wp-json\/wp\/v2\/posts\/60991\/revisions\/61022"}],"wp:attachment":[{"href":"https:\/\/www.noticiasradioreflejos.com.ar\/2021\/wp-json\/wp\/v2\/media?parent=60991"}],"wp:term":[{"taxonomy":"category","embeddable":true,"href":"https:\/\/www.noticiasradioreflejos.com.ar\/2021\/wp-json\/wp\/v2\/categories?post=60991"},{"taxonomy":"post_tag","embeddable":true,"href":"https:\/\/www.noticiasradioreflejos.com.ar\/2021\/wp-json\/wp\/v2\/tags?post=60991"}],"curies":[{"name":"wp","href":"https:\/\/api.w.org\/{rel}","templated":true}]}}