{"id":60990,"date":"2021-08-02T21:55:59","date_gmt":"2021-08-02T21:55:59","guid":{"rendered":"http:\/\/www.noticiasradioreflejos.com.ar\/2021\/?p=60990"},"modified":"2021-08-02T21:55:59","modified_gmt":"2021-08-02T21:55:59","slug":"manana-comenzara-en-toda-la-argentina-la-vacunacion-a-los-adolescentes-con-comorbilidades-de-entre-12-y-17-anos","status":"publish","type":"post","link":"https:\/\/www.noticiasradioreflejos.com.ar\/2021\/manana-comenzara-en-toda-la-argentina-la-vacunacion-a-los-adolescentes-con-comorbilidades-de-entre-12-y-17-anos\/","title":{"rendered":"Ma\u00f1ana comenzar\u00e1 en toda la Argentina la vacunaci\u00f3n a los adolescentes con comorbilidades de entre 12 y 17 a\u00f1os"},"content":{"rendered":"<p>El\u00a0<b>Consejo Federal de Salud (Cofesa)<\/b>, donde se nuclean todos los ministros de Salud de la Argentina, resolvi\u00f3 este tarde que ma\u00f1ana comience, en todo el pa\u00eds,\u00a0<mark class=\"hl_yellow\"><b>la vacunaci\u00f3n de los adolescentes con comorbilidades que tienen entre 12 y 17 a\u00f1os.<\/b><\/mark><\/p>\n<p><!--more--><\/p>\n<p class=\"paragraph\">Seg\u00fan los datos que tienen en el Ministerio de Salud, el total de chicos en esa franja est\u00e1 cerca de los\u00a0<b>900.000<\/b>, y esperan vacunarlos en un plazo muy corto. Todos ser\u00e1n inoculados con las dosis de\u00a0<b>Moderna<\/b>, que fueron donadas por\u00a0<b>Estados Unidos.<\/b><\/p>\n<p class=\"paragraph\">Ya est\u00e1n asignados los turnos y est\u00e1n las dosis disponibles.\u00a0<b>Se reservaron 1.800.000 dosis<\/b>, de un total de 3.500.000 que tiene el gobierno nacional, para completar el esquema de vacunaci\u00f3n con un\u00a0<mark class=\"hl_yellow\"><b>intervalo de 28 d\u00edas<\/b><\/mark><b>.<\/b><\/p>\n<div class=\"visual__image \"><img loading=\"lazy\" decoding=\"async\" src=\"https:\/\/www.infobae.com\/new-resizer\/8bHh5lTF56mXx6wXS9OxfUBxNW0=\/420x236\/filters:format(jpg):quality(85)\/cloudfront-us-east-1.images.arcpublishing.com\/infobae\/DZJYKNCFENA75HBV5624VN2LXQ.jpg%20420w\" sizes=\"auto, (min-width: 800px) 50vw, 90vw\" srcset=\"https:\/\/www.infobae.com\/new-resizer\/8bHh5lTF56mXx6wXS9OxfUBxNW0=\/420x236\/filters:format(jpg):quality(85)\/cloudfront-us-east-1.images.arcpublishing.com\/infobae\/DZJYKNCFENA75HBV5624VN2LXQ.jpg 420w,https:\/\/www.infobae.com\/new-resizer\/Wepca4BLNVEG3_3YwrZy5JCdhRs=\/768x432\/filters:format(jpg):quality(85)\/cloudfront-us-east-1.images.arcpublishing.com\/infobae\/DZJYKNCFENA75HBV5624VN2LXQ.jpg 768w,https:\/\/www.infobae.com\/new-resizer\/uP4KeUfD62mzBxnqRz7WXv8fPgA=\/992x558\/filters:format(jpg):quality(85)\/cloudfront-us-east-1.images.arcpublishing.com\/infobae\/DZJYKNCFENA75HBV5624VN2LXQ.jpg 992w,https:\/\/www.infobae.com\/new-resizer\/R0CY8htwWMaoms-hCJcFoSn14vo=\/1200x675\/filters:format(jpg):quality(85)\/cloudfront-us-east-1.images.arcpublishing.com\/infobae\/DZJYKNCFENA75HBV5624VN2LXQ.jpg 1200w\" alt=\"La decisi\u00f3n fue tomada por el Cofesa durante este lunes (@msalnacion)\" width=\"1920\" height=\"1080\" \/>La decisi\u00f3n fue tomada por el Cofesa durante este lunes (@msalnacion)<\/div>\n<p class=\"paragraph\">En la provincia de Buenos Aires se otorgaron\u00a0<b>100.000 turnos y se dispondr\u00e1n 153 vacunatorios para las aplicaciones.\u00a0<\/b>Hasta el momento hay inscriptos<mark class=\"hl_yellow\">\u00a0117.460 j\u00f3venes con comorbilidades y 559.887 sin ning\u00fan tipo de enfermedad prexistente.\u00a0<b>Hay un total de 677.347 inscriptos.<\/b><\/mark><\/p>\n<p class=\"paragraph\">En la Ciudad Aut\u00f3noma de Buenos Aires se dieron\u00a0<b>9400 turnos<\/b>\u00a0para vacunarse, a partir de ma\u00f1ana a las 9, en cuatro centros:\u00a0<b>La Rural, el club San Lorenzo, Costa Salguero y Parque Roca.<\/b><\/p>\n<p class=\"paragraph\">Los criterios de inclusi\u00f3n fueron consensuados por todos los ministros en las \u00faltimas reuniones y tuvieron el aval de especialistas de la\u00a0<b>Sociedad Argentina de Pediatr\u00eda (SAP)\u00a0<\/b>y la recomendaci\u00f3n formal de la\u00a0<b>Comisi\u00f3n Nacional de Inmunizaciones (CONAIN).<\/b><\/p>\n<p class=\"paragraph\"><mark class=\"hl_yellow\">Las comorbilidades que se definieron para seleccionar a los j\u00f3venes que se vacunar\u00e1n son<\/mark>:\u00a0<b>Diabetes tipo 1 o 2, obesidad grado 2<\/b>\u00a0(IMC &gt; 35; puntaje Z \u2265 2) y grado 3 (IMC &gt; 40; puntaje Z \u2265 3),\u00a0<b>enfermedad cardiovascular cr\u00f3nica:<\/b>\u00a0insuficiencia card\u00edaca, enfermedad coronaria, valvulopat\u00edas, miocardiopat\u00edas, hipertensi\u00f3n pulmonar. Tambi\u00e9n cardiopat\u00edas cong\u00e9nitas con insuficiencia card\u00edaca y\/o cian\u00f3ticas no corregidas.<\/p>\n<div class=\"visual__image \"><img loading=\"lazy\" decoding=\"async\" src=\"https:\/\/www.infobae.com\/new-resizer\/r7rGoyTQ1FkNluQHjDm8WNuAAAM=\/420x236\/filters:format(jpg):quality(85)\/cloudfront-us-east-1.images.arcpublishing.com\/infobae\/F7AEFGOLWRGTLMIHYUJKCET454.jpg%20420w\" sizes=\"auto, (min-width: 800px) 50vw, 90vw\" srcset=\"https:\/\/www.infobae.com\/new-resizer\/r7rGoyTQ1FkNluQHjDm8WNuAAAM=\/420x236\/filters:format(jpg):quality(85)\/cloudfront-us-east-1.images.arcpublishing.com\/infobae\/F7AEFGOLWRGTLMIHYUJKCET454.jpg 420w,https:\/\/www.infobae.com\/new-resizer\/1vGhE1jyyo7nxxMGG0ym3Hd5DcA=\/768x432\/filters:format(jpg):quality(85)\/cloudfront-us-east-1.images.arcpublishing.com\/infobae\/F7AEFGOLWRGTLMIHYUJKCET454.jpg 768w,https:\/\/www.infobae.com\/new-resizer\/fjGlTcS-5-eOGed82z892U7RJM0=\/992x558\/filters:format(jpg):quality(85)\/cloudfront-us-east-1.images.arcpublishing.com\/infobae\/F7AEFGOLWRGTLMIHYUJKCET454.jpg 992w,https:\/\/www.infobae.com\/new-resizer\/ILY8KZxiaf7_3tnoLDs1_V_MZis=\/1200x675\/filters:format(jpg):quality(85)\/cloudfront-us-east-1.images.arcpublishing.com\/infobae\/F7AEFGOLWRGTLMIHYUJKCET454.jpg 1200w\" alt=\"El Cofesa tambi\u00e9n defini\u00f3 que tipo de pacientes se vacunar\u00e1n (Ministerio de Salud CABA)\" width=\"1920\" height=\"1080\" \/>El Cofesa tambi\u00e9n defini\u00f3 que tipo de pacientes se vacunar\u00e1n (Ministerio de Salud CABA)<\/div>\n<p class=\"paragraph\">Adem\u00e1s, podr\u00e1n vacunarse aquellos adolescentes que sufran\u00a0<b>desnutrici\u00f3n grave<\/b>\u00a0(puntaje Z &lt; -3),\u00a0<b>enfermedad renal cr\u00f3nica<\/b>\u00a0(incluidos pacientes en di\u00e1lisis cr\u00f3nica), s\u00edndrome nefr\u00f3tico,\u00a0<b>enfermedad respiratoria cr\u00f3nica<\/b>: fibrosis qu\u00edstica, enfermedad intersticial pulmonar, asma grave. Tambi\u00e9n aquellos que requieran de ox\u00edgeno terapia o tengan una enfermedad grave de la v\u00eda a\u00e9rea.<\/p>\n<p class=\"paragraph\">En esa lista de agregan los chicos que est\u00e1n<b>\u00a0hospitalizados por asma<\/b>\u00a0y los que padecen\u00a0<b>enfermedades neuromusculares<\/b>\u00a0con compromiso respiratorio. Tambi\u00e9n los que tengan enfermedades hep\u00e1ticas como la cirrosis y los que viven con VIH independientemente del CD4 y CV.<\/p>\n<p class=\"paragraph\">Estar\u00e1n habilitados para vacunarse<b>\u00a0los pacientes en lista de espera para trasplante de \u00f3rganos s\u00f3lidos\u00a0<\/b>y trasplantados de \u00f3rganos s\u00f3lidos, los pacientes con trasplante de c\u00e9lulas hematopoy\u00e9ticas y los<b>\u00a0pacientes oncol\u00f3gicos y oncohematol\u00f3gicos\u00a0<\/b>con diagn\u00f3stico reciente o \u201cactiva\u201d.<\/p>\n<div class=\"visual__image \"><img loading=\"lazy\" decoding=\"async\" src=\"https:\/\/www.infobae.com\/new-resizer\/UoYAzhKro-Z2EwrLdkreLK3R2G0=\/420x280\/filters:format(jpg):quality(85)\/cloudfront-us-east-1.images.arcpublishing.com\/infobae\/HGZW6YGGWJBIXNC4V7XQFIQ2VI.jpg%20420w\" sizes=\"auto, (min-width: 800px) 50vw, 90vw\" srcset=\"https:\/\/www.infobae.com\/new-resizer\/UoYAzhKro-Z2EwrLdkreLK3R2G0=\/420x280\/filters:format(jpg):quality(85)\/cloudfront-us-east-1.images.arcpublishing.com\/infobae\/HGZW6YGGWJBIXNC4V7XQFIQ2VI.jpg 420w,https:\/\/www.infobae.com\/new-resizer\/hxIwHOGflw46ojOodkAeDrc6sTU=\/768x512\/filters:format(jpg):quality(85)\/cloudfront-us-east-1.images.arcpublishing.com\/infobae\/HGZW6YGGWJBIXNC4V7XQFIQ2VI.jpg 768w,https:\/\/www.infobae.com\/new-resizer\/hBwjmpi7HDj_5p88jwBoHFU_D4M=\/992x661\/filters:format(jpg):quality(85)\/cloudfront-us-east-1.images.arcpublishing.com\/infobae\/HGZW6YGGWJBIXNC4V7XQFIQ2VI.jpg 992w,https:\/\/www.infobae.com\/new-resizer\/3E7qWeXL5UTEcwm79G1W4xdIRMg=\/1200x800\/filters:format(jpg):quality(85)\/cloudfront-us-east-1.images.arcpublishing.com\/infobae\/HGZW6YGGWJBIXNC4V7XQFIQ2VI.jpg 1200w\" alt=\"En total hay cerca de 900.000 j\u00f3venes que seran vacunados en los pr\u00f3ximos d\u00edas (EFE\/Nathalia Aguilar\/Archivo) \" width=\"4500\" height=\"3000\" \/>En total hay cerca de 900.000 j\u00f3venes que seran vacunados en los pr\u00f3ximos d\u00edas (EFE\/Nathalia Aguilar\/Archivo)<\/div>\n<p class=\"paragraph\">Tambi\u00e9n las personas con tuberculosis activa, con discapacidad intelectual y del desarrollo, s\u00edndrome de Down, con enfermedades autoinmunes y\/o tratamientos inmunosupresores, inmunomoduladores o biol\u00f3gicos y con inmunodeficiencias primarias.<\/p>\n<p class=\"paragraph\">Finalmente, en el listado ingresan las personas gestantes de 12 a 17 a\u00f1os, en cualquier trimestre del embarazo, previa evaluaci\u00f3n de riesgo\/beneficio individual, los adolescentes que viven en lugares de larga estancia, las personas de 12 a 17 a\u00f1os con carnet \u00fanico de discapacidad (CUD) vigente y personas de 12 a 17 a\u00f1os con pensi\u00f3n no contributiva con Certificado M\u00e9dico Obligatorio.<\/p>\n<p class=\"paragraph\">La vacunaci\u00f3n de los j\u00f3venes es uno de los<a href=\"https:\/\/www.infobae.com\/politica\/2021\/07\/31\/los-tres-objetivos-que-marcan-la-hoja-de-ruta-del-gobierno-para-garantizar-la-vacunacion-en-plena-campana-electoral\/\" target=\"_blank\" rel=\"noopener\"><b>\u00a0tres objetivos que tiene el Gobierno para garantizar la vacunaci\u00f3n durante la campa\u00f1a electoral<\/b><\/a>. Tiene que ver con un plan de acci\u00f3n estipulado desde el Ministerio de Salud para completar esquemas de vacunaci\u00f3n en los pr\u00f3ximos dos meses y generar una barrera m\u00e1s fuerte frente a la irrupci\u00f3n masiva de la variante Delta.<\/p>\n<div class=\"visual__image \"><img loading=\"lazy\" decoding=\"async\" src=\"https:\/\/www.infobae.com\/new-resizer\/qbcNcBd0C2ecOE1ArtxRQbpLiwU=\/420x236\/filters:format(jpg):quality(85)\/cloudfront-us-east-1.images.arcpublishing.com\/infobae\/LMEUKORJRBEDDGN36TLQGYKF4E.jpg%20420w\" sizes=\"auto, (min-width: 800px) 50vw, 90vw\" srcset=\"https:\/\/www.infobae.com\/new-resizer\/qbcNcBd0C2ecOE1ArtxRQbpLiwU=\/420x236\/filters:format(jpg):quality(85)\/cloudfront-us-east-1.images.arcpublishing.com\/infobae\/LMEUKORJRBEDDGN36TLQGYKF4E.jpg 420w,https:\/\/www.infobae.com\/new-resizer\/-TNPoXlHBd55IfAh2SHLEj2kM6c=\/768x432\/filters:format(jpg):quality(85)\/cloudfront-us-east-1.images.arcpublishing.com\/infobae\/LMEUKORJRBEDDGN36TLQGYKF4E.jpg 768w,https:\/\/www.infobae.com\/new-resizer\/LhWVUYOHRtZUPmlQB1yro8trptM=\/992x558\/filters:format(jpg):quality(85)\/cloudfront-us-east-1.images.arcpublishing.com\/infobae\/LMEUKORJRBEDDGN36TLQGYKF4E.jpg 992w,https:\/\/www.infobae.com\/new-resizer\/ib-dn2C-nUIwckb00AF31mxcXqs=\/1200x675\/filters:format(jpg):quality(85)\/cloudfront-us-east-1.images.arcpublishing.com\/infobae\/LMEUKORJRBEDDGN36TLQGYKF4E.jpg 1200w\" alt=\"El Gobierno aspira a vacunar al 90% de los mayores de 60 a\u00f1os antes de que termine agosto (Presidencia)\" width=\"1920\" height=\"1080\" \/>El Gobierno aspira a vacunar al 90% de los mayores de 60 a\u00f1os antes de que termine agosto (Presidencia)<\/div>\n<p class=\"paragraph\">Otro de los temas que se trat\u00f3 durante la reuni\u00f3n de Cofesa fue el avance de la aplicaci\u00f3n de las segundas dosis durante el mes de agosto. Es otro de los objetivos centrales del gobierno nacional en materia sanitaria.\u00a0<mark class=\"hl_yellow\">Aspiran a completar el esquema de vacunaci\u00f3n del<b>\u00a090% de los mayores de 60 a\u00f1os\u00a0<\/b>en las pr\u00f3ximas cuatro semanas.<\/mark><\/p>\n<p class=\"paragraph\">La estrategia de las autoridades sanitarias tiene que ver con avanzar con rapidez en la aplicaci\u00f3n de segundas dosis, para poder evitar que la cepa Delta impacte con fuerza y aumente el nivel de internaciones, y la tasa de mortalidad.<\/p>\n<p class=\"paragraph\"><mark class=\"hl_yellow\">Todas las dosis de la vacunas Sinopharm y AstraZeneca que ingresen a partir de ahora, ser\u00e1n destinadas a segundas dosis.<\/mark>\u00a0El problema central es conseguir las segundas dosis de Sputnik V. Para eso se avanza en las gestiones con el Instituto Gamaleya. En los pr\u00f3ximos d\u00edas podr\u00eda llegar un cargamento al pa\u00eds.<\/p>\n<p class=\"paragraph\">Adem\u00e1s, esperan el avance de la producci\u00f3n en el<b>\u00a0laboratorio Richmond\u00a0<\/b>y el estudio para combinar vacunas. En el primer caso ya hay<b>\u00a01.200.000 dosis<\/b>, producidas por la empresa argentina, que est\u00e1n almacenadas en un centro log\u00edstico y deben ser aprobadas por Rusia.<\/p>\n<div class=\"visual__image \"><img loading=\"lazy\" decoding=\"async\" src=\"https:\/\/www.infobae.com\/new-resizer\/dQu6-HU2qfmz6Bhlmd9r3aAqjZw=\/420x236\/filters:format(jpg):quality(85)\/cloudfront-us-east-1.images.arcpublishing.com\/infobae\/OBSKMKMH5M243GYRSKJ6SZUWPA.jpg%20420w\" sizes=\"auto, (min-width: 800px) 50vw, 90vw\" srcset=\"https:\/\/www.infobae.com\/new-resizer\/dQu6-HU2qfmz6Bhlmd9r3aAqjZw=\/420x236\/filters:format(jpg):quality(85)\/cloudfront-us-east-1.images.arcpublishing.com\/infobae\/OBSKMKMH5M243GYRSKJ6SZUWPA.jpg 420w,https:\/\/www.infobae.com\/new-resizer\/Ax5uG-40U3d7jj-WUUhxXNooTs0=\/768x432\/filters:format(jpg):quality(85)\/cloudfront-us-east-1.images.arcpublishing.com\/infobae\/OBSKMKMH5M243GYRSKJ6SZUWPA.jpg 768w,https:\/\/www.infobae.com\/new-resizer\/MzAW_4pTfem7a4Ym-eWUr0xVleo=\/992x558\/filters:format(jpg):quality(85)\/cloudfront-us-east-1.images.arcpublishing.com\/infobae\/OBSKMKMH5M243GYRSKJ6SZUWPA.jpg 992w,https:\/\/www.infobae.com\/new-resizer\/U6HMz9xci4eZi_c4c_ILHXbEbd4=\/1200x675\/filters:format(jpg):quality(85)\/cloudfront-us-east-1.images.arcpublishing.com\/infobae\/OBSKMKMH5M243GYRSKJ6SZUWPA.jpg 1200w\" alt=\"El Gobierno espera la llegada de segundas dosis desde Rusia (REUTERS\/Agustin Marcarian\/File Photo)\" width=\"4936\" height=\"2946\" \/>El Gobierno espera la llegada de segundas dosis desde Rusia (REUTERS\/Agustin Marcarian\/File Photo)<\/div>\n<p class=\"paragraph\"><b>Richmond podr\u00eda generar un mill\u00f3n m\u00e1s durante agosto pero su entrega siempre est\u00e1 atada a la autorizaci\u00f3n del Instituto Gamaleya<\/b>. Lo que pueda producir el laboratorio que conduce Marcelo Figueiras es clave para que el Gobierno pueda contar con un volumen de segundas dosis de Sputnik V que le permita cerrar el esquema de m\u00e1s de 3 millones de personas.<\/p>\n<div class=\"author-image\"><img loading=\"lazy\" decoding=\"async\" src=\"https:\/\/s3.amazonaws.com\/arc-authors\/infobae\/6e4a3876-4b9d-4b0f-8fec-482c47dfe09a.jpg\" alt=\"Joaqu\u00edn Mugica D\u00edaz\" width=\"60\" height=\"60\" \/><\/div>\n<div class=\"byline-text-wrapper\">\n<div class=\"authors\">\n<p>Por: <a class=\"author\" href=\"https:\/\/www.infobae.com\/autor\/joaquin-mugica-diaz\">Joaqu\u00edn Mugica D\u00edaz<\/a><\/p>\n<\/div>\n<div class=\"byline-description\">jmugica@infobae<\/div>\n<\/div>\n","protected":false},"excerpt":{"rendered":"<p>Seg\u00fan los datos que tienen en el Ministerio de Salud, el total de chicos en esa franja est\u00e1 cerca de los\u00a0900.000, y esperan vacunarlos en un plazo muy corto. Todos ser\u00e1n inoculados con las dosis de\u00a0Moderna, que fueron donadas por\u00a0Estados Unidos.<\/p>\n","protected":false},"author":3,"featured_media":0,"comment_status":"closed","ping_status":"closed","sticky":false,"template":"","format":"standard","meta":{"footnotes":""},"categories":[24,30],"tags":[],"class_list":["post-60990","post","type-post","status-publish","format-standard","hentry","category-politica","category-salud"],"yoast_head":"<!-- This site is optimized with the Yoast SEO plugin v25.9 - https:\/\/yoast.com\/wordpress\/plugins\/seo\/ -->\n<title>Ma\u00f1ana comenzar\u00e1 en toda la Argentina la vacunaci\u00f3n a los adolescentes con comorbilidades de entre 12 y 17 a\u00f1os - Noticias Radio Reflejos<\/title>\n<meta name=\"robots\" content=\"index, follow, max-snippet:-1, max-image-preview:large, max-video-preview:-1\" \/>\n<link rel=\"canonical\" href=\"https:\/\/www.noticiasradioreflejos.com.ar\/2021\/manana-comenzara-en-toda-la-argentina-la-vacunacion-a-los-adolescentes-con-comorbilidades-de-entre-12-y-17-anos\/\" \/>\n<meta property=\"og:locale\" content=\"es_ES\" \/>\n<meta property=\"og:type\" content=\"article\" \/>\n<meta property=\"og:title\" content=\"Ma\u00f1ana comenzar\u00e1 en toda la Argentina la vacunaci\u00f3n a los adolescentes con comorbilidades de entre 12 y 17 a\u00f1os - Noticias Radio Reflejos\" \/>\n<meta property=\"og:description\" content=\"Seg\u00fan los datos que tienen en el Ministerio de Salud, el total de chicos en esa franja est\u00e1 cerca de los\u00a0900.000, y esperan vacunarlos en un plazo muy corto. Todos ser\u00e1n inoculados con las dosis de\u00a0Moderna, que fueron donadas por\u00a0Estados Unidos.\" \/>\n<meta property=\"og:url\" content=\"https:\/\/www.noticiasradioreflejos.com.ar\/2021\/manana-comenzara-en-toda-la-argentina-la-vacunacion-a-los-adolescentes-con-comorbilidades-de-entre-12-y-17-anos\/\" \/>\n<meta property=\"og:site_name\" content=\"Noticias Radio Reflejos\" \/>\n<meta property=\"article:published_time\" content=\"2021-08-02T21:55:59+00:00\" \/>\n<meta property=\"og:image\" content=\"https:\/\/www.infobae.com\/new-resizer\/8bHh5lTF56mXx6wXS9OxfUBxNW0=\/420x236\/filters:format(jpg):quality(85)\/cloudfront-us-east-1.images.arcpublishing.com\/infobae\/DZJYKNCFENA75HBV5624VN2LXQ.jpg%20420w\" \/>\n<meta name=\"author\" content=\"Arnaldo Botto\" \/>\n<meta name=\"twitter:card\" content=\"summary_large_image\" \/>\n<script type=\"application\/ld+json\" class=\"yoast-schema-graph\">{\"@context\":\"https:\/\/schema.org\",\"@graph\":[{\"@type\":\"WebPage\",\"@id\":\"https:\/\/www.noticiasradioreflejos.com.ar\/2021\/manana-comenzara-en-toda-la-argentina-la-vacunacion-a-los-adolescentes-con-comorbilidades-de-entre-12-y-17-anos\/\",\"url\":\"https:\/\/www.noticiasradioreflejos.com.ar\/2021\/manana-comenzara-en-toda-la-argentina-la-vacunacion-a-los-adolescentes-con-comorbilidades-de-entre-12-y-17-anos\/\",\"name\":\"Ma\u00f1ana comenzar\u00e1 en toda la Argentina la vacunaci\u00f3n a los adolescentes con comorbilidades de entre 12 y 17 a\u00f1os - Noticias Radio Reflejos\",\"isPartOf\":{\"@id\":\"https:\/\/www.noticiasradioreflejos.com.ar\/2021\/#website\"},\"primaryImageOfPage\":{\"@id\":\"https:\/\/www.noticiasradioreflejos.com.ar\/2021\/manana-comenzara-en-toda-la-argentina-la-vacunacion-a-los-adolescentes-con-comorbilidades-de-entre-12-y-17-anos\/#primaryimage\"},\"image\":{\"@id\":\"https:\/\/www.noticiasradioreflejos.com.ar\/2021\/manana-comenzara-en-toda-la-argentina-la-vacunacion-a-los-adolescentes-con-comorbilidades-de-entre-12-y-17-anos\/#primaryimage\"},\"thumbnailUrl\":\"https:\/\/www.infobae.com\/new-resizer\/8bHh5lTF56mXx6wXS9OxfUBxNW0=\/420x236\/filters:format(jpg):quality(85)\/cloudfront-us-east-1.images.arcpublishing.com\/infobae\/DZJYKNCFENA75HBV5624VN2LXQ.jpg%20420w\",\"datePublished\":\"2021-08-02T21:55:59+00:00\",\"author\":{\"@id\":\"https:\/\/www.noticiasradioreflejos.com.ar\/2021\/#\/schema\/person\/ad82545263dcc5ec0996818884fd5fb1\"},\"breadcrumb\":{\"@id\":\"https:\/\/www.noticiasradioreflejos.com.ar\/2021\/manana-comenzara-en-toda-la-argentina-la-vacunacion-a-los-adolescentes-con-comorbilidades-de-entre-12-y-17-anos\/#breadcrumb\"},\"inLanguage\":\"es\",\"potentialAction\":[{\"@type\":\"ReadAction\",\"target\":[\"https:\/\/www.noticiasradioreflejos.com.ar\/2021\/manana-comenzara-en-toda-la-argentina-la-vacunacion-a-los-adolescentes-con-comorbilidades-de-entre-12-y-17-anos\/\"]}]},{\"@type\":\"ImageObject\",\"inLanguage\":\"es\",\"@id\":\"https:\/\/www.noticiasradioreflejos.com.ar\/2021\/manana-comenzara-en-toda-la-argentina-la-vacunacion-a-los-adolescentes-con-comorbilidades-de-entre-12-y-17-anos\/#primaryimage\",\"url\":\"https:\/\/www.infobae.com\/new-resizer\/8bHh5lTF56mXx6wXS9OxfUBxNW0=\/420x236\/filters:format(jpg):quality(85)\/cloudfront-us-east-1.images.arcpublishing.com\/infobae\/DZJYKNCFENA75HBV5624VN2LXQ.jpg%20420w\",\"contentUrl\":\"https:\/\/www.infobae.com\/new-resizer\/8bHh5lTF56mXx6wXS9OxfUBxNW0=\/420x236\/filters:format(jpg):quality(85)\/cloudfront-us-east-1.images.arcpublishing.com\/infobae\/DZJYKNCFENA75HBV5624VN2LXQ.jpg%20420w\"},{\"@type\":\"BreadcrumbList\",\"@id\":\"https:\/\/www.noticiasradioreflejos.com.ar\/2021\/manana-comenzara-en-toda-la-argentina-la-vacunacion-a-los-adolescentes-con-comorbilidades-de-entre-12-y-17-anos\/#breadcrumb\",\"itemListElement\":[{\"@type\":\"ListItem\",\"position\":1,\"name\":\"Portada\",\"item\":\"https:\/\/www.noticiasradioreflejos.com.ar\/2021\/\"},{\"@type\":\"ListItem\",\"position\":2,\"name\":\"Ma\u00f1ana comenzar\u00e1 en toda la Argentina la vacunaci\u00f3n a los adolescentes con comorbilidades de entre 12 y 17 a\u00f1os\"}]},{\"@type\":\"WebSite\",\"@id\":\"https:\/\/www.noticiasradioreflejos.com.ar\/2021\/#website\",\"url\":\"https:\/\/www.noticiasradioreflejos.com.ar\/2021\/\",\"name\":\"Noticias Radio Reflejos\",\"description\":\"Las noticias de mi comarca\",\"potentialAction\":[{\"@type\":\"SearchAction\",\"target\":{\"@type\":\"EntryPoint\",\"urlTemplate\":\"https:\/\/www.noticiasradioreflejos.com.ar\/2021\/?s={search_term_string}\"},\"query-input\":{\"@type\":\"PropertyValueSpecification\",\"valueRequired\":true,\"valueName\":\"search_term_string\"}}],\"inLanguage\":\"es\"},{\"@type\":\"Person\",\"@id\":\"https:\/\/www.noticiasradioreflejos.com.ar\/2021\/#\/schema\/person\/ad82545263dcc5ec0996818884fd5fb1\",\"name\":\"Arnaldo Botto\",\"image\":{\"@type\":\"ImageObject\",\"inLanguage\":\"es\",\"@id\":\"https:\/\/www.noticiasradioreflejos.com.ar\/2021\/#\/schema\/person\/image\/\",\"url\":\"https:\/\/secure.gravatar.com\/avatar\/55cb5e37c1efa326397366e6974cb338056df65cb50e7d64d1cf314e87504837?s=96&d=mm&r=g\",\"contentUrl\":\"https:\/\/secure.gravatar.com\/avatar\/55cb5e37c1efa326397366e6974cb338056df65cb50e7d64d1cf314e87504837?s=96&d=mm&r=g\",\"caption\":\"Arnaldo Botto\"},\"url\":\"https:\/\/www.noticiasradioreflejos.com.ar\/2021\/author\/arnaldo\/\"}]}<\/script>\n<!-- \/ Yoast SEO plugin. -->","yoast_head_json":{"title":"Ma\u00f1ana comenzar\u00e1 en toda la Argentina la vacunaci\u00f3n a los adolescentes con comorbilidades de entre 12 y 17 a\u00f1os - Noticias Radio Reflejos","robots":{"index":"index","follow":"follow","max-snippet":"max-snippet:-1","max-image-preview":"max-image-preview:large","max-video-preview":"max-video-preview:-1"},"canonical":"https:\/\/www.noticiasradioreflejos.com.ar\/2021\/manana-comenzara-en-toda-la-argentina-la-vacunacion-a-los-adolescentes-con-comorbilidades-de-entre-12-y-17-anos\/","og_locale":"es_ES","og_type":"article","og_title":"Ma\u00f1ana comenzar\u00e1 en toda la Argentina la vacunaci\u00f3n a los adolescentes con comorbilidades de entre 12 y 17 a\u00f1os - Noticias Radio Reflejos","og_description":"Seg\u00fan los datos que tienen en el Ministerio de Salud, el total de chicos en esa franja est\u00e1 cerca de los\u00a0900.000, y esperan vacunarlos en un plazo muy corto. Todos ser\u00e1n inoculados con las dosis de\u00a0Moderna, que fueron donadas por\u00a0Estados Unidos.","og_url":"https:\/\/www.noticiasradioreflejos.com.ar\/2021\/manana-comenzara-en-toda-la-argentina-la-vacunacion-a-los-adolescentes-con-comorbilidades-de-entre-12-y-17-anos\/","og_site_name":"Noticias Radio Reflejos","article_published_time":"2021-08-02T21:55:59+00:00","og_image":[{"url":"https:\/\/www.infobae.com\/new-resizer\/8bHh5lTF56mXx6wXS9OxfUBxNW0=\/420x236\/filters:format(jpg):quality(85)\/cloudfront-us-east-1.images.arcpublishing.com\/infobae\/DZJYKNCFENA75HBV5624VN2LXQ.jpg%20420w","type":"","width":"","height":""}],"author":"Arnaldo Botto","twitter_card":"summary_large_image","schema":{"@context":"https:\/\/schema.org","@graph":[{"@type":"WebPage","@id":"https:\/\/www.noticiasradioreflejos.com.ar\/2021\/manana-comenzara-en-toda-la-argentina-la-vacunacion-a-los-adolescentes-con-comorbilidades-de-entre-12-y-17-anos\/","url":"https:\/\/www.noticiasradioreflejos.com.ar\/2021\/manana-comenzara-en-toda-la-argentina-la-vacunacion-a-los-adolescentes-con-comorbilidades-de-entre-12-y-17-anos\/","name":"Ma\u00f1ana comenzar\u00e1 en toda la Argentina la vacunaci\u00f3n a los adolescentes con comorbilidades de entre 12 y 17 a\u00f1os - Noticias Radio Reflejos","isPartOf":{"@id":"https:\/\/www.noticiasradioreflejos.com.ar\/2021\/#website"},"primaryImageOfPage":{"@id":"https:\/\/www.noticiasradioreflejos.com.ar\/2021\/manana-comenzara-en-toda-la-argentina-la-vacunacion-a-los-adolescentes-con-comorbilidades-de-entre-12-y-17-anos\/#primaryimage"},"image":{"@id":"https:\/\/www.noticiasradioreflejos.com.ar\/2021\/manana-comenzara-en-toda-la-argentina-la-vacunacion-a-los-adolescentes-con-comorbilidades-de-entre-12-y-17-anos\/#primaryimage"},"thumbnailUrl":"https:\/\/www.infobae.com\/new-resizer\/8bHh5lTF56mXx6wXS9OxfUBxNW0=\/420x236\/filters:format(jpg):quality(85)\/cloudfront-us-east-1.images.arcpublishing.com\/infobae\/DZJYKNCFENA75HBV5624VN2LXQ.jpg%20420w","datePublished":"2021-08-02T21:55:59+00:00","author":{"@id":"https:\/\/www.noticiasradioreflejos.com.ar\/2021\/#\/schema\/person\/ad82545263dcc5ec0996818884fd5fb1"},"breadcrumb":{"@id":"https:\/\/www.noticiasradioreflejos.com.ar\/2021\/manana-comenzara-en-toda-la-argentina-la-vacunacion-a-los-adolescentes-con-comorbilidades-de-entre-12-y-17-anos\/#breadcrumb"},"inLanguage":"es","potentialAction":[{"@type":"ReadAction","target":["https:\/\/www.noticiasradioreflejos.com.ar\/2021\/manana-comenzara-en-toda-la-argentina-la-vacunacion-a-los-adolescentes-con-comorbilidades-de-entre-12-y-17-anos\/"]}]},{"@type":"ImageObject","inLanguage":"es","@id":"https:\/\/www.noticiasradioreflejos.com.ar\/2021\/manana-comenzara-en-toda-la-argentina-la-vacunacion-a-los-adolescentes-con-comorbilidades-de-entre-12-y-17-anos\/#primaryimage","url":"https:\/\/www.infobae.com\/new-resizer\/8bHh5lTF56mXx6wXS9OxfUBxNW0=\/420x236\/filters:format(jpg):quality(85)\/cloudfront-us-east-1.images.arcpublishing.com\/infobae\/DZJYKNCFENA75HBV5624VN2LXQ.jpg%20420w","contentUrl":"https:\/\/www.infobae.com\/new-resizer\/8bHh5lTF56mXx6wXS9OxfUBxNW0=\/420x236\/filters:format(jpg):quality(85)\/cloudfront-us-east-1.images.arcpublishing.com\/infobae\/DZJYKNCFENA75HBV5624VN2LXQ.jpg%20420w"},{"@type":"BreadcrumbList","@id":"https:\/\/www.noticiasradioreflejos.com.ar\/2021\/manana-comenzara-en-toda-la-argentina-la-vacunacion-a-los-adolescentes-con-comorbilidades-de-entre-12-y-17-anos\/#breadcrumb","itemListElement":[{"@type":"ListItem","position":1,"name":"Portada","item":"https:\/\/www.noticiasradioreflejos.com.ar\/2021\/"},{"@type":"ListItem","position":2,"name":"Ma\u00f1ana comenzar\u00e1 en toda la Argentina la vacunaci\u00f3n a los adolescentes con comorbilidades de entre 12 y 17 a\u00f1os"}]},{"@type":"WebSite","@id":"https:\/\/www.noticiasradioreflejos.com.ar\/2021\/#website","url":"https:\/\/www.noticiasradioreflejos.com.ar\/2021\/","name":"Noticias Radio Reflejos","description":"Las noticias de mi comarca","potentialAction":[{"@type":"SearchAction","target":{"@type":"EntryPoint","urlTemplate":"https:\/\/www.noticiasradioreflejos.com.ar\/2021\/?s={search_term_string}"},"query-input":{"@type":"PropertyValueSpecification","valueRequired":true,"valueName":"search_term_string"}}],"inLanguage":"es"},{"@type":"Person","@id":"https:\/\/www.noticiasradioreflejos.com.ar\/2021\/#\/schema\/person\/ad82545263dcc5ec0996818884fd5fb1","name":"Arnaldo Botto","image":{"@type":"ImageObject","inLanguage":"es","@id":"https:\/\/www.noticiasradioreflejos.com.ar\/2021\/#\/schema\/person\/image\/","url":"https:\/\/secure.gravatar.com\/avatar\/55cb5e37c1efa326397366e6974cb338056df65cb50e7d64d1cf314e87504837?s=96&d=mm&r=g","contentUrl":"https:\/\/secure.gravatar.com\/avatar\/55cb5e37c1efa326397366e6974cb338056df65cb50e7d64d1cf314e87504837?s=96&d=mm&r=g","caption":"Arnaldo Botto"},"url":"https:\/\/www.noticiasradioreflejos.com.ar\/2021\/author\/arnaldo\/"}]}},"_links":{"self":[{"href":"https:\/\/www.noticiasradioreflejos.com.ar\/2021\/wp-json\/wp\/v2\/posts\/60990","targetHints":{"allow":["GET"]}}],"collection":[{"href":"https:\/\/www.noticiasradioreflejos.com.ar\/2021\/wp-json\/wp\/v2\/posts"}],"about":[{"href":"https:\/\/www.noticiasradioreflejos.com.ar\/2021\/wp-json\/wp\/v2\/types\/post"}],"author":[{"embeddable":true,"href":"https:\/\/www.noticiasradioreflejos.com.ar\/2021\/wp-json\/wp\/v2\/users\/3"}],"replies":[{"embeddable":true,"href":"https:\/\/www.noticiasradioreflejos.com.ar\/2021\/wp-json\/wp\/v2\/comments?post=60990"}],"version-history":[{"count":1,"href":"https:\/\/www.noticiasradioreflejos.com.ar\/2021\/wp-json\/wp\/v2\/posts\/60990\/revisions"}],"predecessor-version":[{"id":60994,"href":"https:\/\/www.noticiasradioreflejos.com.ar\/2021\/wp-json\/wp\/v2\/posts\/60990\/revisions\/60994"}],"wp:attachment":[{"href":"https:\/\/www.noticiasradioreflejos.com.ar\/2021\/wp-json\/wp\/v2\/media?parent=60990"}],"wp:term":[{"taxonomy":"category","embeddable":true,"href":"https:\/\/www.noticiasradioreflejos.com.ar\/2021\/wp-json\/wp\/v2\/categories?post=60990"},{"taxonomy":"post_tag","embeddable":true,"href":"https:\/\/www.noticiasradioreflejos.com.ar\/2021\/wp-json\/wp\/v2\/tags?post=60990"}],"curies":[{"name":"wp","href":"https:\/\/api.w.org\/{rel}","templated":true}]}}