{"id":60986,"date":"2021-08-02T21:38:44","date_gmt":"2021-08-02T21:38:44","guid":{"rendered":"http:\/\/www.noticiasradioreflejos.com.ar\/2021\/?p=60986"},"modified":"2021-08-02T21:38:44","modified_gmt":"2021-08-02T21:38:44","slug":"hicieron-la-primera-entrega-de-cannabis-medicinal-a-pacientes-del-hospital-garrahan","status":"publish","type":"post","link":"https:\/\/www.noticiasradioreflejos.com.ar\/2021\/hicieron-la-primera-entrega-de-cannabis-medicinal-a-pacientes-del-hospital-garrahan\/","title":{"rendered":"Hicieron la primera entrega de cannabis medicinal a pacientes del Hospital Garrahan"},"content":{"rendered":"<div class=\"head-content\">\n<p>Con esta iniciativa, que consta de dos objetivos centrales, las autoridades buscan aliviar a pacientes con epilepsia farmacorresistente, s\u00edndrome de Dravet y\u00a0 epilepsia relacionada a Esclerosis Tuberosa.<\/p>\n<div class=\"addthis_custom_sharing\" data-url=\"https:\/\/www.telam.com.ar\/notas\/202108\/563590-primera-entrega-cannabis-pacientes-hospital-garraham.html\" data-title=\"Hicieron la primera entrega de cannabis medicinal a pacientes del Hospital Garrahan\" data-description=\"Con esta iniciativa, que consta de dos objetivos centrales, las autoridades buscan aliviar a pacientes con epilepsia farmacorresistente, s\u00edndrome de Dravet y\u00a0 epilepsia relacionada a Esclerosis Tuberosa.\">\n<div id=\"atstbx\" class=\"at-resp-share-element at-style-responsive addthis-smartlayers addthis-animated at4-show\" role=\"region\" aria-labelledby=\"at-f24e66a8-2f9e-408b-88cd-6d5f58c602ef\"><\/div>\n<\/div>\n<\/div>\n<p><!--more--><\/p>\n<div class=\"main-content-block\">\n<div class=\"main-box clearfix\">\n<div class=\"wrapper-main-section clearfix\">\n<div class=\"wrapper-editable-content\">\n<div class=\"editable-content clearfix\">\n<div id=\"image\" class=\"image\">\n<p><img decoding=\"async\" title=\"El Ministerio de Salud, a trav\u00e9s del Programa de Cannabis Medicinal, realiz\u00f3 la primera entrega de formulaciones basadas en cannabis a pacientes con epilepsia. Foto: Prensa Ministerio de Salud.\" src=\"https:\/\/www.telam.com.ar\/advf\/imagenes\/2021\/08\/61085440133c5_1004x565.jpg\" alt=\"El Ministerio de Salud, a trav\u00e9s del Programa de Cannabis Medicinal, realiz\u00f3 la primera entrega de formulaciones basadas en cannabis a pacientes con epilepsia. Foto: Prensa Ministerio de Salud.\" \/><\/p>\n<div class=\"epigrafe\">El Ministerio de Salud, a trav\u00e9s del Programa de Cannabis Medicinal, realiz\u00f3 la primera entrega de formulaciones basadas en cannabis a pacientes con epilepsia. Foto: Prensa Ministerio de Salud.<\/div>\n<\/div>\n<p>El Ministerio de Salud, a trav\u00e9s del Programa de Cannabis Medicinal, realiz\u00f3 la primera entrega de formulaciones basadas en cannabis a pacientes con epilepsia del Hospital Garrahan y, de este modo, cumpli\u00f3 con su objetivo de \u00abasegurar y promover el cuidado integral de la salud y el acceso gratuito al aceite de c\u00e1\u00f1amo a toda persona que se incorpore al programa\u00bb, se inform\u00f3 hoy oficialmente.<\/p>\n<p>A partir de esta iniciativa del Ministerio, \u00abse garantiza por primera vez el acceso al aceite de cannabis de grado farmac\u00e9utico, purificado y altamente concentrado, para el tratamiento de pacientes con epilepsia farmacorresistente, con convulsiones asociadas con el s\u00edndrome de Lennox-Gastaut, el s\u00edndrome de Dravet y en epilepsia relacionada a Esclerosis Tuberosa\u00bb,\u00a0<a href=\"https:\/\/www.argentina.gob.ar\/noticias\/el-ministerio-de-salud-realizo-la-primera-entrega-de-cannabis-medicinal-pacientes-con\" target=\"_blank\" rel=\"noopener\">se indic\u00f3 a trav\u00e9s de un comunicado.<\/a><\/p>\n<p>\u00abEstamos haciendo entrega por primera vez de un derivado del cannabis de producci\u00f3n nacional en una pol\u00edtica priorizada que va a beneficiar a pacientes que se encuentran actualmente en tratamiento con este producto\u00bb, dijo Sandra Tirado, secretaria de Acceso a la Salud, al encabezar el acto en el hospital.<\/p>\n<blockquote><p>\u201cEstamos haciendo entrega por primera vez de un derivado del cannabis de producci\u00f3n nacional en una pol\u00edtica priorizada que va a beneficiar a pacientes que se encuentran actualmente en tratamiento con este producto\u201d<\/p><\/blockquote>\n<p>La funcionaria agreg\u00f3 que \u00abes un d\u00eda importante porque tenemos accesibilidad al tratamiento, producci\u00f3n nacional y este trabajo conjunto entre los hospitales y el Ministerio de Salud de la Naci\u00f3n\u00bb.<\/p>\n<p>Los frascos de 35 ml de soluci\u00f3n oral que componen esta primera entrega ser\u00e1n distribuidos para cubrir las demandas de los pr\u00f3ximos meses para 14 pacientes que tratan sus afecciones en el hospital, marcando un claro avance respecto al acceso a la terap\u00e9utica con cannabinoides.<\/p>\n<h4 class=\"auth\">El proyecto regulatorio<\/h4>\n<p><a href=\"https:\/\/www.telam.com.ar\/notas\/202107\/561506-senado-aprobo-marco-regulatorio-produccion-cannabis-medicinal.html\" target=\"_blank\" rel=\"noopener\">El pasado 15 de julio fue aprobado en la C\u00e1mara de Senadores de la Naci\u00f3n el proyecto de ley<\/a>\u00a0que estableci\u00f3 un marco regulatorio de la cadena de producci\u00f3n, industrializaci\u00f3n y comercializaci\u00f3n de la planta de cannabis, sus semillas y sus productos derivados para uso industrial y medicinal, incluyendo la investigaci\u00f3n cient\u00edfica con vistas a satisfacer el mercado local y generar exportaciones.<\/p>\n<p>El marco normativo busc\u00f3 \u00abdesbaratar el mercado informal de aceites y otras preparaciones herbarias irregulares que existe en la actualidad y terminar\u00e1 con la proliferaci\u00f3n de productos que carecen de cualquier tipo de control respecto de su composici\u00f3n y calidad\u00bb.<\/p>\n<p>Tambi\u00e9n se indic\u00f3 que<strong>\u00a0el primer objetivo del proyecto\u00a0<\/strong>consiste en \u00abestablecer un marco legal que autorice -a trav\u00e9s de un fuerte esquema regulatorio- las etapas de siembra, cultivo, cosecha, producci\u00f3n, almacenamiento, transporte, comercializaci\u00f3n, importaci\u00f3n, exportaci\u00f3n y posesi\u00f3n de semillas de cannabis, de la planta de cannabis y de sus derivados con fines de aplicaci\u00f3n medicinal, terap\u00e9utica, paliativa o de investigaci\u00f3n cient\u00edfica\u00bb.<\/p>\n<p><strong>El segundo objetivo<\/strong>, se detall\u00f3 en la iniciativa, \u00abconsiste en legalizar los diferentes eslabones productivos y de comercializaci\u00f3n del c\u00e1\u00f1amo o c\u00e1\u00f1amo industrial y sus subproductos\u00bb.<\/p>\n<blockquote class=\"twitter-tweet\" data-width=\"500\" data-dnt=\"true\">\n<p lang=\"es\" dir=\"ltr\">Salud realiz\u00f3 la primera entrega de formulaciones basadas en cannabis a pacientes con epilepsia del <a href=\"https:\/\/twitter.com\/HospGarrahan?ref_src=twsrc%5Etfw\">@HospGarrahan<\/a>, un hito en el camino de asegurar el acceso seguro a los derivados del cannabis con fines medicinales, terap\u00e9uticos y paliativos. <\/p>\n<p>\ud83d\udd17<a href=\"https:\/\/t.co\/g1HBRwkz5z\">https:\/\/t.co\/g1HBRwkz5z<\/a> <a href=\"https:\/\/t.co\/oNegccVIB1\">pic.twitter.com\/oNegccVIB1<\/a><\/p>\n<p>&mdash; Ministerio de Salud de la Naci\u00f3n (@msalnacion) <a href=\"https:\/\/twitter.com\/msalnacion\/status\/1422281586410676224?ref_src=twsrc%5Etfw\">August 2, 2021<\/a><\/p><\/blockquote>\n<p><script async src=\"https:\/\/platform.twitter.com\/widgets.js\" charset=\"utf-8\"><\/script><\/p>\n<p>Enmarcada en la ley 27.350 de uso medicinal de la planta de cannabis y sus derivados, la entrega constituye un hito que asegura el acceso seguro a los derivados del cannabis con fines medicinales, terap\u00e9uticos y paliativos, y ser\u00e1 destinada al tratamiento de 14 pacientes.<\/p>\n<p>En el acto de entrega del aceite en el Garrahan,<strong>\u00a0Marcelo Morante, coordinador del Programa de Cannabis Medicinal de la cartera sanitaria<\/strong>, asegur\u00f3 que \u00abes un momento muy importante donde el Estado se hace presente tratando de asegurar la calidad de un producto estandarizado en una patolog\u00eda que condiciona la calidad de vida de nuestras familias\u00bb.<\/p>\n<p>\u00abEste es el escenario ideal para conducir estos procesos: el Estado presente acercando posturas desde la sociedad cient\u00edfica y la mam\u00e1 que cultiva, encontrando estos espacios de seguridad y eficacia, que es el camino que nos va a conducir a lo que buscamos, que es la mejor\u00eda de esta patolog\u00eda que tanto incapacita\u00bb.<\/p>\n<blockquote><p>\u201cEs un momento muy importante donde el Estado se hace presente tratando de asegurarnos la calidad de un producto estandarizado en una patolog\u00eda que condiciona la calidad de vida de nuestras familias\u00bb<\/p><\/blockquote>\n<p>Por su parte, el jefe del servicio de Neurolog\u00eda del hospital, Roberto Caravallo, indic\u00f3 que \u00aben estos ni\u00f1os que presentan crisis convulsivas frecuentes o diarias, condiciona la calidad de vida del paciente y de la familia, por lo tanto el uso de este tratamiento es importante para controlar las crisis, disminuirlas y favorecer una mejor calidad de vida del ni\u00f1o y de la familia. Esa es la indicaci\u00f3n fundamental de este nuevo producto terap\u00e9utico\u00bb.<\/p>\n<div id=\"image\" class=\"image\">\n<p><img decoding=\"async\" title=\"El proyecto fue aprobado en la C\u00e1mara de Senadores de la Naci\u00f3n y estableci\u00f3 un marco regulatorio de la cadena de producci\u00f3n. Foto: Prensa Ministerio de Salud.\" src=\"https:\/\/www.telam.com.ar\/advf\/imagenes\/2021\/08\/61085440079eb_1004x565.jpg\" alt=\"El proyecto fue aprobado en la C\u00e1mara de Senadores de la Naci\u00f3n y estableci\u00f3 un marco regulatorio de la cadena de producci\u00f3n. Foto: Prensa Ministerio de Salud.\" \/><\/p>\n<div class=\"epigrafe\">El proyecto fue aprobado en la C\u00e1mara de Senadores de la Naci\u00f3n y estableci\u00f3 un marco regulatorio de la cadena de producci\u00f3n. Foto: Prensa Ministerio de Salud.<\/div>\n<\/div>\n<p>El Programa Nacional para el Estudio y la Investigaci\u00f3n del Uso Medicinal de la Planta de Cannabis y sus Derivados y Tratamientos No Convencionales -conocido como Programa de Cannabis Medicinal-\u00a0<strong>fue creado en 2017, mediante la ley 27.350, de uso medicinal de la planta de cannabis y sus derivados.<\/strong><\/p>\n<p>Durante la gesti\u00f3n del Gobierno actual se logr\u00f3 modificar su reglamentaci\u00f3n y establecer las condiciones necesarias para la accesibilidad a este medicamento aprobado por Anmat y producido en el pa\u00eds bajo criterios de eficacia, calidad y seguridad sanitarios.<\/p>\n<p>A partir de 2020, en el marco del restablecimiento de la salud p\u00fablica como un eje prioritario,<strong>\u00a0se impulsaron pol\u00edticas p\u00fablicas para garantizar un acceso seguro a los derivados del cannabis<\/strong>\u00a0para ser utilizados con fines medicinales, terap\u00e9uticos y paliativos.<\/p>\n<div class=\"auth\">El objetivo del proyecto de ley<\/div>\n<p>La finalidad fue establecer un marco regulatorio\u00a0<strong>para la investigaci\u00f3n m\u00e9dica y cient\u00edfica del uso medicinal, terap\u00e9utico y\/o paliativo del dolor de la planta de cannabis y sus derivados<\/strong>, garantizando y promoviendo el cuidado integral de la salud.<\/p>\n<p>En este contexto, un trabajo articulado por el\u00a0<a href=\"https:\/\/www.argentina.gob.ar\/salud\/cannabis-medicinal\/reprocann\" target=\"_blank\" rel=\"noopener\">Programa de Cannabis Medicinal<\/a>, el servicio de Neurolog\u00eda del Garrahan lider\u00f3 una investigaci\u00f3n cuyos estudios confirmaron al cannabis y sus derivados \u00abcomo una herramienta terap\u00e9utica valiosa como adyuvante al tratamiento antiepil\u00e9ptico en ni\u00f1os y ni\u00f1as con encefalopat\u00edas epil\u00e9pticas refractarias\u00bb, dijeron desde Salud a trav\u00e9s de un comunicado.<\/p>\n<p>Esos estudios demostraron niveles de mejor\u00eda altamente satisfactorios<strong>\u00a0con respuestas positivas en m\u00e1s del 80% de los casos estudiados<\/strong>\u00a0y una reducci\u00f3n de las crisis al 60%.<\/p>\n<p>Tambi\u00e9n indicaron que su uso contribuye \u00aba mejorar notablemente aspectos cognitivos, conductuales y motores, repercutiendo en una mejora en la calidad de vida, tanto de las y los pacientes como de sus familias\u00bb.<\/p>\n<p>En el acto de entrega, realizado en el Hospital Garrahan, participaron adem\u00e1s el presidente del Consejo de Administraci\u00f3n del centro de salud, Guillermo Gonz\u00e1lez Prieto; la directora m\u00e9dica ejecutiva, Patricia Garc\u00eda Arrigoni; los subsecretarios de Gesti\u00f3n de Servicios e Institutos, Alejandro Collia, y de Medicamentos e Informaci\u00f3n Estrat\u00e9gica, Gast\u00f3n Mor\u00e1n.<\/p>\n<\/div>\n<\/div>\n<\/div>\n<\/div>\n<\/div>\n","protected":false},"excerpt":{"rendered":"<p>Con esta iniciativa, que consta de dos objetivos centrales, las autoridades buscan aliviar a pacientes con epilepsia farmacorresistente, s\u00edndrome de Dravet y\u00a0 epilepsia relacionada a Esclerosis Tuberosa.<\/p>\n","protected":false},"author":3,"featured_media":0,"comment_status":"closed","ping_status":"closed","sticky":false,"template":"","format":"standard","meta":{"footnotes":""},"categories":[24,30],"tags":[],"class_list":["post-60986","post","type-post","status-publish","format-standard","hentry","category-politica","category-salud"],"yoast_head":"<!-- This site is optimized with the Yoast SEO plugin v25.9 - https:\/\/yoast.com\/wordpress\/plugins\/seo\/ -->\n<title>Hicieron la primera entrega de cannabis medicinal a pacientes del Hospital Garrahan - Noticias Radio Reflejos<\/title>\n<meta name=\"robots\" content=\"index, follow, max-snippet:-1, max-image-preview:large, max-video-preview:-1\" \/>\n<link rel=\"canonical\" href=\"https:\/\/www.noticiasradioreflejos.com.ar\/2021\/hicieron-la-primera-entrega-de-cannabis-medicinal-a-pacientes-del-hospital-garrahan\/\" \/>\n<meta property=\"og:locale\" content=\"es_ES\" \/>\n<meta property=\"og:type\" content=\"article\" \/>\n<meta property=\"og:title\" content=\"Hicieron la primera entrega de cannabis medicinal a pacientes del Hospital Garrahan - Noticias Radio Reflejos\" \/>\n<meta property=\"og:description\" content=\"Con esta iniciativa, que consta de dos objetivos centrales, las autoridades buscan aliviar a pacientes con epilepsia farmacorresistente, s\u00edndrome de Dravet y\u00a0 epilepsia relacionada a Esclerosis Tuberosa.\" \/>\n<meta property=\"og:url\" content=\"https:\/\/www.noticiasradioreflejos.com.ar\/2021\/hicieron-la-primera-entrega-de-cannabis-medicinal-a-pacientes-del-hospital-garrahan\/\" \/>\n<meta property=\"og:site_name\" content=\"Noticias Radio Reflejos\" \/>\n<meta property=\"article:published_time\" content=\"2021-08-02T21:38:44+00:00\" \/>\n<meta property=\"og:image\" content=\"https:\/\/www.telam.com.ar\/advf\/imagenes\/2021\/08\/61085440133c5_1004x565.jpg\" \/>\n<meta name=\"author\" content=\"Arnaldo Botto\" \/>\n<meta name=\"twitter:card\" content=\"summary_large_image\" \/>\n<script type=\"application\/ld+json\" class=\"yoast-schema-graph\">{\"@context\":\"https:\/\/schema.org\",\"@graph\":[{\"@type\":\"WebPage\",\"@id\":\"https:\/\/www.noticiasradioreflejos.com.ar\/2021\/hicieron-la-primera-entrega-de-cannabis-medicinal-a-pacientes-del-hospital-garrahan\/\",\"url\":\"https:\/\/www.noticiasradioreflejos.com.ar\/2021\/hicieron-la-primera-entrega-de-cannabis-medicinal-a-pacientes-del-hospital-garrahan\/\",\"name\":\"Hicieron la primera entrega de cannabis medicinal a pacientes del Hospital Garrahan - Noticias Radio Reflejos\",\"isPartOf\":{\"@id\":\"https:\/\/www.noticiasradioreflejos.com.ar\/2021\/#website\"},\"primaryImageOfPage\":{\"@id\":\"https:\/\/www.noticiasradioreflejos.com.ar\/2021\/hicieron-la-primera-entrega-de-cannabis-medicinal-a-pacientes-del-hospital-garrahan\/#primaryimage\"},\"image\":{\"@id\":\"https:\/\/www.noticiasradioreflejos.com.ar\/2021\/hicieron-la-primera-entrega-de-cannabis-medicinal-a-pacientes-del-hospital-garrahan\/#primaryimage\"},\"thumbnailUrl\":\"https:\/\/www.telam.com.ar\/advf\/imagenes\/2021\/08\/61085440133c5_1004x565.jpg\",\"datePublished\":\"2021-08-02T21:38:44+00:00\",\"author\":{\"@id\":\"https:\/\/www.noticiasradioreflejos.com.ar\/2021\/#\/schema\/person\/ad82545263dcc5ec0996818884fd5fb1\"},\"breadcrumb\":{\"@id\":\"https:\/\/www.noticiasradioreflejos.com.ar\/2021\/hicieron-la-primera-entrega-de-cannabis-medicinal-a-pacientes-del-hospital-garrahan\/#breadcrumb\"},\"inLanguage\":\"es\",\"potentialAction\":[{\"@type\":\"ReadAction\",\"target\":[\"https:\/\/www.noticiasradioreflejos.com.ar\/2021\/hicieron-la-primera-entrega-de-cannabis-medicinal-a-pacientes-del-hospital-garrahan\/\"]}]},{\"@type\":\"ImageObject\",\"inLanguage\":\"es\",\"@id\":\"https:\/\/www.noticiasradioreflejos.com.ar\/2021\/hicieron-la-primera-entrega-de-cannabis-medicinal-a-pacientes-del-hospital-garrahan\/#primaryimage\",\"url\":\"https:\/\/www.telam.com.ar\/advf\/imagenes\/2021\/08\/61085440133c5_1004x565.jpg\",\"contentUrl\":\"https:\/\/www.telam.com.ar\/advf\/imagenes\/2021\/08\/61085440133c5_1004x565.jpg\"},{\"@type\":\"BreadcrumbList\",\"@id\":\"https:\/\/www.noticiasradioreflejos.com.ar\/2021\/hicieron-la-primera-entrega-de-cannabis-medicinal-a-pacientes-del-hospital-garrahan\/#breadcrumb\",\"itemListElement\":[{\"@type\":\"ListItem\",\"position\":1,\"name\":\"Portada\",\"item\":\"https:\/\/www.noticiasradioreflejos.com.ar\/2021\/\"},{\"@type\":\"ListItem\",\"position\":2,\"name\":\"Hicieron la primera entrega de cannabis medicinal a pacientes del Hospital Garrahan\"}]},{\"@type\":\"WebSite\",\"@id\":\"https:\/\/www.noticiasradioreflejos.com.ar\/2021\/#website\",\"url\":\"https:\/\/www.noticiasradioreflejos.com.ar\/2021\/\",\"name\":\"Noticias Radio Reflejos\",\"description\":\"Las noticias de mi comarca\",\"potentialAction\":[{\"@type\":\"SearchAction\",\"target\":{\"@type\":\"EntryPoint\",\"urlTemplate\":\"https:\/\/www.noticiasradioreflejos.com.ar\/2021\/?s={search_term_string}\"},\"query-input\":{\"@type\":\"PropertyValueSpecification\",\"valueRequired\":true,\"valueName\":\"search_term_string\"}}],\"inLanguage\":\"es\"},{\"@type\":\"Person\",\"@id\":\"https:\/\/www.noticiasradioreflejos.com.ar\/2021\/#\/schema\/person\/ad82545263dcc5ec0996818884fd5fb1\",\"name\":\"Arnaldo Botto\",\"image\":{\"@type\":\"ImageObject\",\"inLanguage\":\"es\",\"@id\":\"https:\/\/www.noticiasradioreflejos.com.ar\/2021\/#\/schema\/person\/image\/\",\"url\":\"https:\/\/secure.gravatar.com\/avatar\/55cb5e37c1efa326397366e6974cb338056df65cb50e7d64d1cf314e87504837?s=96&d=mm&r=g\",\"contentUrl\":\"https:\/\/secure.gravatar.com\/avatar\/55cb5e37c1efa326397366e6974cb338056df65cb50e7d64d1cf314e87504837?s=96&d=mm&r=g\",\"caption\":\"Arnaldo Botto\"},\"url\":\"https:\/\/www.noticiasradioreflejos.com.ar\/2021\/author\/arnaldo\/\"}]}<\/script>\n<!-- \/ Yoast SEO plugin. -->","yoast_head_json":{"title":"Hicieron la primera entrega de cannabis medicinal a pacientes del Hospital Garrahan - Noticias Radio Reflejos","robots":{"index":"index","follow":"follow","max-snippet":"max-snippet:-1","max-image-preview":"max-image-preview:large","max-video-preview":"max-video-preview:-1"},"canonical":"https:\/\/www.noticiasradioreflejos.com.ar\/2021\/hicieron-la-primera-entrega-de-cannabis-medicinal-a-pacientes-del-hospital-garrahan\/","og_locale":"es_ES","og_type":"article","og_title":"Hicieron la primera entrega de cannabis medicinal a pacientes del Hospital Garrahan - Noticias Radio Reflejos","og_description":"Con esta iniciativa, que consta de dos objetivos centrales, las autoridades buscan aliviar a pacientes con epilepsia farmacorresistente, s\u00edndrome de Dravet y\u00a0 epilepsia relacionada a Esclerosis Tuberosa.","og_url":"https:\/\/www.noticiasradioreflejos.com.ar\/2021\/hicieron-la-primera-entrega-de-cannabis-medicinal-a-pacientes-del-hospital-garrahan\/","og_site_name":"Noticias Radio Reflejos","article_published_time":"2021-08-02T21:38:44+00:00","og_image":[{"url":"https:\/\/www.telam.com.ar\/advf\/imagenes\/2021\/08\/61085440133c5_1004x565.jpg","type":"","width":"","height":""}],"author":"Arnaldo Botto","twitter_card":"summary_large_image","schema":{"@context":"https:\/\/schema.org","@graph":[{"@type":"WebPage","@id":"https:\/\/www.noticiasradioreflejos.com.ar\/2021\/hicieron-la-primera-entrega-de-cannabis-medicinal-a-pacientes-del-hospital-garrahan\/","url":"https:\/\/www.noticiasradioreflejos.com.ar\/2021\/hicieron-la-primera-entrega-de-cannabis-medicinal-a-pacientes-del-hospital-garrahan\/","name":"Hicieron la primera entrega de cannabis medicinal a pacientes del Hospital Garrahan - Noticias Radio Reflejos","isPartOf":{"@id":"https:\/\/www.noticiasradioreflejos.com.ar\/2021\/#website"},"primaryImageOfPage":{"@id":"https:\/\/www.noticiasradioreflejos.com.ar\/2021\/hicieron-la-primera-entrega-de-cannabis-medicinal-a-pacientes-del-hospital-garrahan\/#primaryimage"},"image":{"@id":"https:\/\/www.noticiasradioreflejos.com.ar\/2021\/hicieron-la-primera-entrega-de-cannabis-medicinal-a-pacientes-del-hospital-garrahan\/#primaryimage"},"thumbnailUrl":"https:\/\/www.telam.com.ar\/advf\/imagenes\/2021\/08\/61085440133c5_1004x565.jpg","datePublished":"2021-08-02T21:38:44+00:00","author":{"@id":"https:\/\/www.noticiasradioreflejos.com.ar\/2021\/#\/schema\/person\/ad82545263dcc5ec0996818884fd5fb1"},"breadcrumb":{"@id":"https:\/\/www.noticiasradioreflejos.com.ar\/2021\/hicieron-la-primera-entrega-de-cannabis-medicinal-a-pacientes-del-hospital-garrahan\/#breadcrumb"},"inLanguage":"es","potentialAction":[{"@type":"ReadAction","target":["https:\/\/www.noticiasradioreflejos.com.ar\/2021\/hicieron-la-primera-entrega-de-cannabis-medicinal-a-pacientes-del-hospital-garrahan\/"]}]},{"@type":"ImageObject","inLanguage":"es","@id":"https:\/\/www.noticiasradioreflejos.com.ar\/2021\/hicieron-la-primera-entrega-de-cannabis-medicinal-a-pacientes-del-hospital-garrahan\/#primaryimage","url":"https:\/\/www.telam.com.ar\/advf\/imagenes\/2021\/08\/61085440133c5_1004x565.jpg","contentUrl":"https:\/\/www.telam.com.ar\/advf\/imagenes\/2021\/08\/61085440133c5_1004x565.jpg"},{"@type":"BreadcrumbList","@id":"https:\/\/www.noticiasradioreflejos.com.ar\/2021\/hicieron-la-primera-entrega-de-cannabis-medicinal-a-pacientes-del-hospital-garrahan\/#breadcrumb","itemListElement":[{"@type":"ListItem","position":1,"name":"Portada","item":"https:\/\/www.noticiasradioreflejos.com.ar\/2021\/"},{"@type":"ListItem","position":2,"name":"Hicieron la primera entrega de cannabis medicinal a pacientes del Hospital Garrahan"}]},{"@type":"WebSite","@id":"https:\/\/www.noticiasradioreflejos.com.ar\/2021\/#website","url":"https:\/\/www.noticiasradioreflejos.com.ar\/2021\/","name":"Noticias Radio Reflejos","description":"Las noticias de mi comarca","potentialAction":[{"@type":"SearchAction","target":{"@type":"EntryPoint","urlTemplate":"https:\/\/www.noticiasradioreflejos.com.ar\/2021\/?s={search_term_string}"},"query-input":{"@type":"PropertyValueSpecification","valueRequired":true,"valueName":"search_term_string"}}],"inLanguage":"es"},{"@type":"Person","@id":"https:\/\/www.noticiasradioreflejos.com.ar\/2021\/#\/schema\/person\/ad82545263dcc5ec0996818884fd5fb1","name":"Arnaldo Botto","image":{"@type":"ImageObject","inLanguage":"es","@id":"https:\/\/www.noticiasradioreflejos.com.ar\/2021\/#\/schema\/person\/image\/","url":"https:\/\/secure.gravatar.com\/avatar\/55cb5e37c1efa326397366e6974cb338056df65cb50e7d64d1cf314e87504837?s=96&d=mm&r=g","contentUrl":"https:\/\/secure.gravatar.com\/avatar\/55cb5e37c1efa326397366e6974cb338056df65cb50e7d64d1cf314e87504837?s=96&d=mm&r=g","caption":"Arnaldo Botto"},"url":"https:\/\/www.noticiasradioreflejos.com.ar\/2021\/author\/arnaldo\/"}]}},"_links":{"self":[{"href":"https:\/\/www.noticiasradioreflejos.com.ar\/2021\/wp-json\/wp\/v2\/posts\/60986","targetHints":{"allow":["GET"]}}],"collection":[{"href":"https:\/\/www.noticiasradioreflejos.com.ar\/2021\/wp-json\/wp\/v2\/posts"}],"about":[{"href":"https:\/\/www.noticiasradioreflejos.com.ar\/2021\/wp-json\/wp\/v2\/types\/post"}],"author":[{"embeddable":true,"href":"https:\/\/www.noticiasradioreflejos.com.ar\/2021\/wp-json\/wp\/v2\/users\/3"}],"replies":[{"embeddable":true,"href":"https:\/\/www.noticiasradioreflejos.com.ar\/2021\/wp-json\/wp\/v2\/comments?post=60986"}],"version-history":[{"count":1,"href":"https:\/\/www.noticiasradioreflejos.com.ar\/2021\/wp-json\/wp\/v2\/posts\/60986\/revisions"}],"predecessor-version":[{"id":60987,"href":"https:\/\/www.noticiasradioreflejos.com.ar\/2021\/wp-json\/wp\/v2\/posts\/60986\/revisions\/60987"}],"wp:attachment":[{"href":"https:\/\/www.noticiasradioreflejos.com.ar\/2021\/wp-json\/wp\/v2\/media?parent=60986"}],"wp:term":[{"taxonomy":"category","embeddable":true,"href":"https:\/\/www.noticiasradioreflejos.com.ar\/2021\/wp-json\/wp\/v2\/categories?post=60986"},{"taxonomy":"post_tag","embeddable":true,"href":"https:\/\/www.noticiasradioreflejos.com.ar\/2021\/wp-json\/wp\/v2\/tags?post=60986"}],"curies":[{"name":"wp","href":"https:\/\/api.w.org\/{rel}","templated":true}]}}