{"id":60983,"date":"2021-08-02T15:13:18","date_gmt":"2021-08-02T15:13:18","guid":{"rendered":"http:\/\/www.noticiasradioreflejos.com.ar\/2021\/?p=60983"},"modified":"2021-08-02T15:13:18","modified_gmt":"2021-08-02T15:13:18","slug":"cordoba-con-mas-de-800-aislados-aseguran-que-por-ahora-la-delta-no-circula","status":"publish","type":"post","link":"https:\/\/www.noticiasradioreflejos.com.ar\/2021\/cordoba-con-mas-de-800-aislados-aseguran-que-por-ahora-la-delta-no-circula\/","title":{"rendered":"C\u00f3rdoba: con m\u00e1s de 800 aislados, aseguran que \u00abpor ahora\u00bb la Delta no circula"},"content":{"rendered":"<div class=\"head-content\">\n<p>Lo afirm\u00f3 la secretaria de Prevenci\u00f3n y Promoci\u00f3n de la Salud, Gabriela Barb\u00e1s, quien dijo que en la provincia hay 19 casos de esa variante, 16\u00a0positivos miembros de la familia del hombre que ingres\u00f3 proveniente de Per\u00fa el 19 de julio pasado.<\/p>\n<div class=\"addthis_custom_sharing\" data-url=\"https:\/\/www.telam.com.ar\/notas\/202108\/563530-cordoba-trasmision-comunitaria-delta.html\" data-title=\"C\u00f3rdoba: con m\u00e1s de 800 aislados, aseguran que &quot;por ahora&quot; la Delta no circula\" data-description=\"Lo afirm\u00f3 la secretaria de Prevenci\u00f3n y Promoci\u00f3n de la Salud, Gabriela Barb\u00e1s, quien dijo que en la provincia hay 19 casos de esa variante, 16\u00a0positivos miembros de la familia del hombre que ingres\u00f3 proveniente de Per\u00fa el 19 de julio pasado.\">\n<div id=\"atstbx\" class=\"at-resp-share-element at-style-responsive addthis-smartlayers addthis-animated at4-show\" role=\"region\" aria-labelledby=\"at-7c9886b1-474e-4815-a7fd-b233bb21d505\"><\/div>\n<\/div>\n<\/div>\n<p><!--more--><\/p>\n<div class=\"main-content-block\">\n<div class=\"main-box clearfix\">\n<div class=\"wrapper-main-section clearfix\">\n<div class=\"wrapper-editable-content\">\n<div class=\"editable-content clearfix\">\n<div id=\"image\" class=\"image\"><img decoding=\"async\" title=\"C\u00f3rdoba: m\u00e1s de 800 personas las que se encuentran en aislamiento preventivo a ra\u00edz de los 19 casos confirmados de la variante Delta.\" src=\"https:\/\/www.telam.com.ar\/advf\/imagenes\/2021\/07\/61041394b7754_1004x565.jpg\" alt=\"C\u00f3rdoba: m\u00e1s de 800 personas las que se encuentran en aislamiento preventivo a ra\u00edz de los 19 casos confirmados de la variante Delta.\" \/><\/p>\n<div class=\"epigrafe\">C\u00f3rdoba: m\u00e1s de 800 personas las que se encuentran en aislamiento preventivo a ra\u00edz de los 19 casos confirmados de la variante Delta.<\/div>\n<\/div>\n<p>La secretaria de Prevenci\u00f3n y Promoci\u00f3n de la Salud de C\u00f3rdoba,\u00a0<strong>Gabriela Barb\u00e1s<\/strong>, sostuvo que \u00abpor el momento\u00a0<strong>no se est\u00e1 visualizando una transmisi\u00f3n comunitaria<\/strong>\u00bb de la variante Delta de coronavirus en la provincia e indic\u00f3 que son m\u00e1s de\u00a0<strong>800<\/strong>\u00a0personas las que se encuentran en aislamiento preventivo a ra\u00edz de los\u00a0<strong>19<\/strong>\u00a0casos confirmados de esa variante en el distrito.<\/p>\n<p>La funcionaria detall\u00f3, en declaraciones formuladas a la emisora LV3, que son 16 casos positivos miembros de la familia del hombre que ingres\u00f3 proveniente de Per\u00fa el 19 de julio pasado, dos correspondientes a contactos estrechos, y una mujer de la ciudad cordobesa de San Francisco que arrib\u00f3 el martes de la semana pasada, es decir 19 en total.<\/p>\n<p>\u00abAl tratarse claramente de un cluster familiar\u00bb asociado al primer positivo, Barb\u00e1s consider\u00f3 que \u00abno hay indicios de transmisi\u00f3n comunitaria\u00bb.<\/p>\n<p>No obstante, dijo que \u00abser\u00eda ut\u00f3pico pensar que la variante Delta no va a entrar y no va a circular\u00bb, tras lo cual subray\u00f3 que, por ese motivo, \u00ab<strong>es muy importante avanzar en la vacunaci\u00f3n y tambi\u00e9n en completar el esquema de inmunizaci\u00f3n<\/strong>\u00ab.<\/p>\n<p>La funcionaria dijo que se mantiene en aislamiento preventivo a m\u00e1s de 800 personas, que corresponden a contactos estrechos, contactos de contactos y de burbujas escolares que estuvieron en relaci\u00f3n con los casos estrechos.<\/p>\n<p>Barb\u00e1s indic\u00f3 que este lunes\u00a0<strong>retornan a la normalidad las clases<\/strong>\u00a0en las escuelas con burbujas comprometidas, al afirmar que \u00abno se detectaron dispersi\u00f3n del virus\u00bb en esas comunidades educativas, por lo tanto s\u00f3lo continuar\u00e1n en aislamiento las burbujas que tuvieron contacto con los positivos.<\/p>\n<div class=\"js-code\">\n<div class=\"twitter-tweet twitter-tweet-rendered\"><iframe id=\"twitter-widget-0\" class=\"\" title=\"Twitter Tweet\" src=\"https:\/\/platform.twitter.com\/embed\/Tweet.html?creatorScreenName=agenciatelam&amp;dnt=false&amp;embedId=twitter-widget-0&amp;features=eyJ0ZndfZXhwZXJpbWVudHNfY29va2llX2V4cGlyYXRpb24iOnsiYnVja2V0IjoxMjA5NjAwLCJ2ZXJzaW9uIjpudWxsfSwidGZ3X2hvcml6b25fdHdlZXRfZW1iZWRfOTU1NSI6eyJidWNrZXQiOiJodGUiLCJ2ZXJzaW9uIjpudWxsfSwidGZ3X3NwYWNlX2NhcmQiOnsiYnVja2V0Ijoib2ZmIiwidmVyc2lvbiI6bnVsbH19&amp;frame=false&amp;hideCard=false&amp;hideThread=false&amp;id=1422169085153062915&amp;lang=en&amp;origin=https%3A%2F%2Fwww.telam.com.ar%2Fnotas%2F202108%2F563530-cordoba-trasmision-comunitaria-delta.html&amp;sessionId=18faca3e29d806df352cab5a715a869e915c7f71&amp;siteScreenName=agenciatelam&amp;theme=light&amp;widgetsVersion=e9dfb5f%3A1627539779275&amp;width=550px\" frameborder=\"0\" scrolling=\"no\" allowfullscreen=\"allowfullscreen\" data-tweet-id=\"1422169085153062915\" data-mce-fragment=\"1\"><\/iframe><\/div>\n<\/div>\n<p>Mientras tanto, el denominado &#8216;caso positivo cero&#8217; que gener\u00f3 el brote intrafamiliar, el hombre de 62 a\u00f1os, permanece internado desde el s\u00e1bado \u00faltimo en la terapia intensiva del hospital Rawson en la ciudad de C\u00f3rdoba por \u00abinsuficiencia respiratoria causada por neumon\u00eda bilateral grave\u00bb, inform\u00f3 el director de ese centro de salud, Miguel D\u00edaz, y a\u00f1adi\u00f3 que no est\u00e1 vacunado.<\/p>\n<p>La otra persona internada es la mujer de la localidad de San Francisco que se encuentran en \u00abbuen estado de salud\u00bb, manifest\u00f3 Barb\u00e1s.<\/p>\n<p>Por otra parte, la Unidad Fiscal de Emergencia (UFES), el pasado jueves, resolvi\u00f3\u00a0<strong>detener e imputar a cinco personas, una de ellas el viajero internado que caus\u00f3 el brote al violar el aislamiento<\/strong>, por infringir las normas sanitarias establecidas en los art\u00edculos 202 y 205 del C\u00f3digo Penal, que establecen penas de entre\u00a0<strong>3 y 15 a\u00f1os de prisi\u00f3n<\/strong>.<\/div>\n<\/div>\n<\/div>\n<\/div>\n<\/div>\n","protected":false},"excerpt":{"rendered":"<p>Lo afirm\u00f3 la secretaria de Prevenci\u00f3n y Promoci\u00f3n de la Salud, Gabriela Barb\u00e1s, quien dijo que en la provincia hay 19 casos de esa variante, 16\u00a0positivos miembros de la familia del hombre que ingres\u00f3 proveniente de Per\u00fa el 19 de julio pasado.<\/p>\n","protected":false},"author":3,"featured_media":0,"comment_status":"closed","ping_status":"closed","sticky":false,"template":"","format":"standard","meta":{"footnotes":""},"categories":[24,30],"tags":[],"class_list":["post-60983","post","type-post","status-publish","format-standard","hentry","category-politica","category-salud"],"yoast_head":"<!-- This site is optimized with the Yoast SEO plugin v25.9 - https:\/\/yoast.com\/wordpress\/plugins\/seo\/ -->\n<title>C\u00f3rdoba: con m\u00e1s de 800 aislados, aseguran que &quot;por ahora&quot; la Delta no circula - Noticias Radio Reflejos<\/title>\n<meta name=\"robots\" content=\"index, follow, max-snippet:-1, max-image-preview:large, max-video-preview:-1\" \/>\n<link rel=\"canonical\" href=\"https:\/\/www.noticiasradioreflejos.com.ar\/2021\/cordoba-con-mas-de-800-aislados-aseguran-que-por-ahora-la-delta-no-circula\/\" \/>\n<meta property=\"og:locale\" content=\"es_ES\" \/>\n<meta property=\"og:type\" content=\"article\" \/>\n<meta property=\"og:title\" content=\"C\u00f3rdoba: con m\u00e1s de 800 aislados, aseguran que &quot;por ahora&quot; la Delta no circula - Noticias Radio Reflejos\" \/>\n<meta property=\"og:description\" content=\"Lo afirm\u00f3 la secretaria de Prevenci\u00f3n y Promoci\u00f3n de la Salud, Gabriela Barb\u00e1s, quien dijo que en la provincia hay 19 casos de esa variante, 16\u00a0positivos miembros de la familia del hombre que ingres\u00f3 proveniente de Per\u00fa el 19 de julio pasado.\" \/>\n<meta property=\"og:url\" content=\"https:\/\/www.noticiasradioreflejos.com.ar\/2021\/cordoba-con-mas-de-800-aislados-aseguran-que-por-ahora-la-delta-no-circula\/\" \/>\n<meta property=\"og:site_name\" content=\"Noticias Radio Reflejos\" \/>\n<meta property=\"article:published_time\" content=\"2021-08-02T15:13:18+00:00\" \/>\n<meta property=\"og:image\" content=\"https:\/\/www.telam.com.ar\/advf\/imagenes\/2021\/07\/61041394b7754_1004x565.jpg\" \/>\n<meta name=\"author\" content=\"Arnaldo Botto\" \/>\n<meta name=\"twitter:card\" content=\"summary_large_image\" \/>\n<script type=\"application\/ld+json\" class=\"yoast-schema-graph\">{\"@context\":\"https:\/\/schema.org\",\"@graph\":[{\"@type\":\"WebPage\",\"@id\":\"https:\/\/www.noticiasradioreflejos.com.ar\/2021\/cordoba-con-mas-de-800-aislados-aseguran-que-por-ahora-la-delta-no-circula\/\",\"url\":\"https:\/\/www.noticiasradioreflejos.com.ar\/2021\/cordoba-con-mas-de-800-aislados-aseguran-que-por-ahora-la-delta-no-circula\/\",\"name\":\"C\u00f3rdoba: con m\u00e1s de 800 aislados, aseguran que \\\"por ahora\\\" la Delta no circula - Noticias Radio Reflejos\",\"isPartOf\":{\"@id\":\"https:\/\/www.noticiasradioreflejos.com.ar\/2021\/#website\"},\"primaryImageOfPage\":{\"@id\":\"https:\/\/www.noticiasradioreflejos.com.ar\/2021\/cordoba-con-mas-de-800-aislados-aseguran-que-por-ahora-la-delta-no-circula\/#primaryimage\"},\"image\":{\"@id\":\"https:\/\/www.noticiasradioreflejos.com.ar\/2021\/cordoba-con-mas-de-800-aislados-aseguran-que-por-ahora-la-delta-no-circula\/#primaryimage\"},\"thumbnailUrl\":\"https:\/\/www.telam.com.ar\/advf\/imagenes\/2021\/07\/61041394b7754_1004x565.jpg\",\"datePublished\":\"2021-08-02T15:13:18+00:00\",\"author\":{\"@id\":\"https:\/\/www.noticiasradioreflejos.com.ar\/2021\/#\/schema\/person\/ad82545263dcc5ec0996818884fd5fb1\"},\"breadcrumb\":{\"@id\":\"https:\/\/www.noticiasradioreflejos.com.ar\/2021\/cordoba-con-mas-de-800-aislados-aseguran-que-por-ahora-la-delta-no-circula\/#breadcrumb\"},\"inLanguage\":\"es\",\"potentialAction\":[{\"@type\":\"ReadAction\",\"target\":[\"https:\/\/www.noticiasradioreflejos.com.ar\/2021\/cordoba-con-mas-de-800-aislados-aseguran-que-por-ahora-la-delta-no-circula\/\"]}]},{\"@type\":\"ImageObject\",\"inLanguage\":\"es\",\"@id\":\"https:\/\/www.noticiasradioreflejos.com.ar\/2021\/cordoba-con-mas-de-800-aislados-aseguran-que-por-ahora-la-delta-no-circula\/#primaryimage\",\"url\":\"https:\/\/www.telam.com.ar\/advf\/imagenes\/2021\/07\/61041394b7754_1004x565.jpg\",\"contentUrl\":\"https:\/\/www.telam.com.ar\/advf\/imagenes\/2021\/07\/61041394b7754_1004x565.jpg\"},{\"@type\":\"BreadcrumbList\",\"@id\":\"https:\/\/www.noticiasradioreflejos.com.ar\/2021\/cordoba-con-mas-de-800-aislados-aseguran-que-por-ahora-la-delta-no-circula\/#breadcrumb\",\"itemListElement\":[{\"@type\":\"ListItem\",\"position\":1,\"name\":\"Portada\",\"item\":\"https:\/\/www.noticiasradioreflejos.com.ar\/2021\/\"},{\"@type\":\"ListItem\",\"position\":2,\"name\":\"C\u00f3rdoba: con m\u00e1s de 800 aislados, aseguran que \u00abpor ahora\u00bb la Delta no circula\"}]},{\"@type\":\"WebSite\",\"@id\":\"https:\/\/www.noticiasradioreflejos.com.ar\/2021\/#website\",\"url\":\"https:\/\/www.noticiasradioreflejos.com.ar\/2021\/\",\"name\":\"Noticias Radio Reflejos\",\"description\":\"Las noticias de mi comarca\",\"potentialAction\":[{\"@type\":\"SearchAction\",\"target\":{\"@type\":\"EntryPoint\",\"urlTemplate\":\"https:\/\/www.noticiasradioreflejos.com.ar\/2021\/?s={search_term_string}\"},\"query-input\":{\"@type\":\"PropertyValueSpecification\",\"valueRequired\":true,\"valueName\":\"search_term_string\"}}],\"inLanguage\":\"es\"},{\"@type\":\"Person\",\"@id\":\"https:\/\/www.noticiasradioreflejos.com.ar\/2021\/#\/schema\/person\/ad82545263dcc5ec0996818884fd5fb1\",\"name\":\"Arnaldo Botto\",\"image\":{\"@type\":\"ImageObject\",\"inLanguage\":\"es\",\"@id\":\"https:\/\/www.noticiasradioreflejos.com.ar\/2021\/#\/schema\/person\/image\/\",\"url\":\"https:\/\/secure.gravatar.com\/avatar\/55cb5e37c1efa326397366e6974cb338056df65cb50e7d64d1cf314e87504837?s=96&d=mm&r=g\",\"contentUrl\":\"https:\/\/secure.gravatar.com\/avatar\/55cb5e37c1efa326397366e6974cb338056df65cb50e7d64d1cf314e87504837?s=96&d=mm&r=g\",\"caption\":\"Arnaldo Botto\"},\"url\":\"https:\/\/www.noticiasradioreflejos.com.ar\/2021\/author\/arnaldo\/\"}]}<\/script>\n<!-- \/ Yoast SEO plugin. -->","yoast_head_json":{"title":"C\u00f3rdoba: con m\u00e1s de 800 aislados, aseguran que \"por ahora\" la Delta no circula - Noticias Radio Reflejos","robots":{"index":"index","follow":"follow","max-snippet":"max-snippet:-1","max-image-preview":"max-image-preview:large","max-video-preview":"max-video-preview:-1"},"canonical":"https:\/\/www.noticiasradioreflejos.com.ar\/2021\/cordoba-con-mas-de-800-aislados-aseguran-que-por-ahora-la-delta-no-circula\/","og_locale":"es_ES","og_type":"article","og_title":"C\u00f3rdoba: con m\u00e1s de 800 aislados, aseguran que \"por ahora\" la Delta no circula - Noticias Radio Reflejos","og_description":"Lo afirm\u00f3 la secretaria de Prevenci\u00f3n y Promoci\u00f3n de la Salud, Gabriela Barb\u00e1s, quien dijo que en la provincia hay 19 casos de esa variante, 16\u00a0positivos miembros de la familia del hombre que ingres\u00f3 proveniente de Per\u00fa el 19 de julio pasado.","og_url":"https:\/\/www.noticiasradioreflejos.com.ar\/2021\/cordoba-con-mas-de-800-aislados-aseguran-que-por-ahora-la-delta-no-circula\/","og_site_name":"Noticias Radio Reflejos","article_published_time":"2021-08-02T15:13:18+00:00","og_image":[{"url":"https:\/\/www.telam.com.ar\/advf\/imagenes\/2021\/07\/61041394b7754_1004x565.jpg","type":"","width":"","height":""}],"author":"Arnaldo Botto","twitter_card":"summary_large_image","schema":{"@context":"https:\/\/schema.org","@graph":[{"@type":"WebPage","@id":"https:\/\/www.noticiasradioreflejos.com.ar\/2021\/cordoba-con-mas-de-800-aislados-aseguran-que-por-ahora-la-delta-no-circula\/","url":"https:\/\/www.noticiasradioreflejos.com.ar\/2021\/cordoba-con-mas-de-800-aislados-aseguran-que-por-ahora-la-delta-no-circula\/","name":"C\u00f3rdoba: con m\u00e1s de 800 aislados, aseguran que \"por ahora\" la Delta no circula - Noticias Radio Reflejos","isPartOf":{"@id":"https:\/\/www.noticiasradioreflejos.com.ar\/2021\/#website"},"primaryImageOfPage":{"@id":"https:\/\/www.noticiasradioreflejos.com.ar\/2021\/cordoba-con-mas-de-800-aislados-aseguran-que-por-ahora-la-delta-no-circula\/#primaryimage"},"image":{"@id":"https:\/\/www.noticiasradioreflejos.com.ar\/2021\/cordoba-con-mas-de-800-aislados-aseguran-que-por-ahora-la-delta-no-circula\/#primaryimage"},"thumbnailUrl":"https:\/\/www.telam.com.ar\/advf\/imagenes\/2021\/07\/61041394b7754_1004x565.jpg","datePublished":"2021-08-02T15:13:18+00:00","author":{"@id":"https:\/\/www.noticiasradioreflejos.com.ar\/2021\/#\/schema\/person\/ad82545263dcc5ec0996818884fd5fb1"},"breadcrumb":{"@id":"https:\/\/www.noticiasradioreflejos.com.ar\/2021\/cordoba-con-mas-de-800-aislados-aseguran-que-por-ahora-la-delta-no-circula\/#breadcrumb"},"inLanguage":"es","potentialAction":[{"@type":"ReadAction","target":["https:\/\/www.noticiasradioreflejos.com.ar\/2021\/cordoba-con-mas-de-800-aislados-aseguran-que-por-ahora-la-delta-no-circula\/"]}]},{"@type":"ImageObject","inLanguage":"es","@id":"https:\/\/www.noticiasradioreflejos.com.ar\/2021\/cordoba-con-mas-de-800-aislados-aseguran-que-por-ahora-la-delta-no-circula\/#primaryimage","url":"https:\/\/www.telam.com.ar\/advf\/imagenes\/2021\/07\/61041394b7754_1004x565.jpg","contentUrl":"https:\/\/www.telam.com.ar\/advf\/imagenes\/2021\/07\/61041394b7754_1004x565.jpg"},{"@type":"BreadcrumbList","@id":"https:\/\/www.noticiasradioreflejos.com.ar\/2021\/cordoba-con-mas-de-800-aislados-aseguran-que-por-ahora-la-delta-no-circula\/#breadcrumb","itemListElement":[{"@type":"ListItem","position":1,"name":"Portada","item":"https:\/\/www.noticiasradioreflejos.com.ar\/2021\/"},{"@type":"ListItem","position":2,"name":"C\u00f3rdoba: con m\u00e1s de 800 aislados, aseguran que \u00abpor ahora\u00bb la Delta no circula"}]},{"@type":"WebSite","@id":"https:\/\/www.noticiasradioreflejos.com.ar\/2021\/#website","url":"https:\/\/www.noticiasradioreflejos.com.ar\/2021\/","name":"Noticias Radio Reflejos","description":"Las noticias de mi comarca","potentialAction":[{"@type":"SearchAction","target":{"@type":"EntryPoint","urlTemplate":"https:\/\/www.noticiasradioreflejos.com.ar\/2021\/?s={search_term_string}"},"query-input":{"@type":"PropertyValueSpecification","valueRequired":true,"valueName":"search_term_string"}}],"inLanguage":"es"},{"@type":"Person","@id":"https:\/\/www.noticiasradioreflejos.com.ar\/2021\/#\/schema\/person\/ad82545263dcc5ec0996818884fd5fb1","name":"Arnaldo Botto","image":{"@type":"ImageObject","inLanguage":"es","@id":"https:\/\/www.noticiasradioreflejos.com.ar\/2021\/#\/schema\/person\/image\/","url":"https:\/\/secure.gravatar.com\/avatar\/55cb5e37c1efa326397366e6974cb338056df65cb50e7d64d1cf314e87504837?s=96&d=mm&r=g","contentUrl":"https:\/\/secure.gravatar.com\/avatar\/55cb5e37c1efa326397366e6974cb338056df65cb50e7d64d1cf314e87504837?s=96&d=mm&r=g","caption":"Arnaldo Botto"},"url":"https:\/\/www.noticiasradioreflejos.com.ar\/2021\/author\/arnaldo\/"}]}},"_links":{"self":[{"href":"https:\/\/www.noticiasradioreflejos.com.ar\/2021\/wp-json\/wp\/v2\/posts\/60983","targetHints":{"allow":["GET"]}}],"collection":[{"href":"https:\/\/www.noticiasradioreflejos.com.ar\/2021\/wp-json\/wp\/v2\/posts"}],"about":[{"href":"https:\/\/www.noticiasradioreflejos.com.ar\/2021\/wp-json\/wp\/v2\/types\/post"}],"author":[{"embeddable":true,"href":"https:\/\/www.noticiasradioreflejos.com.ar\/2021\/wp-json\/wp\/v2\/users\/3"}],"replies":[{"embeddable":true,"href":"https:\/\/www.noticiasradioreflejos.com.ar\/2021\/wp-json\/wp\/v2\/comments?post=60983"}],"version-history":[{"count":1,"href":"https:\/\/www.noticiasradioreflejos.com.ar\/2021\/wp-json\/wp\/v2\/posts\/60983\/revisions"}],"predecessor-version":[{"id":60985,"href":"https:\/\/www.noticiasradioreflejos.com.ar\/2021\/wp-json\/wp\/v2\/posts\/60983\/revisions\/60985"}],"wp:attachment":[{"href":"https:\/\/www.noticiasradioreflejos.com.ar\/2021\/wp-json\/wp\/v2\/media?parent=60983"}],"wp:term":[{"taxonomy":"category","embeddable":true,"href":"https:\/\/www.noticiasradioreflejos.com.ar\/2021\/wp-json\/wp\/v2\/categories?post=60983"},{"taxonomy":"post_tag","embeddable":true,"href":"https:\/\/www.noticiasradioreflejos.com.ar\/2021\/wp-json\/wp\/v2\/tags?post=60983"}],"curies":[{"name":"wp","href":"https:\/\/api.w.org\/{rel}","templated":true}]}}