{"id":60974,"date":"2021-08-02T14:46:48","date_gmt":"2021-08-02T14:46:48","guid":{"rendered":"http:\/\/www.noticiasradioreflejos.com.ar\/2021\/?p=60974"},"modified":"2021-08-02T14:46:48","modified_gmt":"2021-08-02T14:46:48","slug":"confirmaron-la-absolucion-de-ricardo-iorio","status":"publish","type":"post","link":"https:\/\/www.noticiasradioreflejos.com.ar\/2021\/confirmaron-la-absolucion-de-ricardo-iorio\/","title":{"rendered":"Confirmaron la absoluci\u00f3n de Ricardo Iorio"},"content":{"rendered":"<header id=\"mvp-post-head\" class=\"left relative\">La C\u00e1mara rechaz\u00f3 el pedido realizado por el abogado del polic\u00eda Fernando David Isea, quien hab\u00eda solicitado la pena de un a\u00f1o y medio de prisi\u00f3n para el cantante.<\/p>\n<\/header>\n<p><!--more--><\/p>\n<div class=\"mvp-post-main-out left relative\">\n<div class=\"mvp-post-main-in\">\n<div id=\"mvp-post-content\" class=\"left relative\">\n<div id=\"mvp-post-feat-img\" class=\"left relative mvp-post-feat-img-wide2\"><img loading=\"lazy\" decoding=\"async\" class=\"attachment- size- wp-post-image\" src=\"https:\/\/www.labrujula24.com\/wp-content\/uploads\/2021\/08\/ricardo_iorio_camioneta.jpg\" sizes=\"auto, (max-width: 1200px) 100vw, 1200px\" srcset=\"https:\/\/www.labrujula24.com\/wp-content\/uploads\/2021\/08\/ricardo_iorio_camioneta.jpg 1200w, https:\/\/www.labrujula24.com\/wp-content\/uploads\/2021\/08\/ricardo_iorio_camioneta-768x461.jpg 768w, https:\/\/www.labrujula24.com\/wp-content\/uploads\/2021\/08\/ricardo_iorio_camioneta-1000x600.jpg 1000w, https:\/\/www.labrujula24.com\/wp-content\/uploads\/2021\/08\/ricardo_iorio_camioneta-590x354.jpg 590w, https:\/\/www.labrujula24.com\/wp-content\/uploads\/2021\/08\/ricardo_iorio_camioneta-400x240.jpg 400w\" alt=\"\" width=\"1200\" height=\"720\" \/><\/div>\n<div id=\"mvp-content-wrap\" class=\"left relative\">\n<div class=\"mvp-post-soc-out right relative\">\n<div class=\"mvp-post-soc-in\">\n<div id=\"mvp-content-body\" class=\"left relative\">\n<div id=\"mvp-content-body-top\" class=\"left relative\">\n<div id=\"mvp-content-main\" class=\"left relative\">\n<div id=\"textbody\">\n<div class=\"code-block code-block-2\">\n<div class=\"at-above-post\" data-url=\"https:\/\/www.labrujula24.com\/notas\/2021\/08\/02\/confirman-la-absolucion-de-ricardo-iorio-n147929\/\" data-title=\"Confirmaron la absoluci\u00f3n de Ricardo Iorio\" data-description=\"La C\u00e1mara rechaz\u00f3 el pedido realizado por el abogado del polic\u00eda Fernando David Isea, quien hab\u00eda solicitado la pena de un a\u00f1o y medio de prisi\u00f3n para el cantante.\">\n<div id=\"atstbx\" class=\"at-resp-share-element at-style-responsive addthis-smartlayers addthis-animated at4-show\" role=\"region\" aria-labelledby=\"at-960c24a1-6a8d-4b95-8018-9d5b5e1ddbc8\">\n<div class=\"at-share-btn-elements\"><\/div>\n<\/div>\n<\/div>\n<\/div>\n<p>La C\u00e1mara provincial rechaz\u00f3 la apelaci\u00f3n del denunciante y de esta manera se confirm\u00f3 el fallo de primera instancia que absuelve al cantante de heavy metal Ricardo Iorio, en la causa que se le segu\u00eda por amenazas calificadas luego de que en enero de 2018 fuera acusado por\u00a0<a href=\"http:\/\/labrujula24.com\/noticias\/2018\/40782_Sierra-de-la-Ventana-Ricardo-Iorio-amenazo-con-un-arma-a-un-policia-y-quedo-detenido\">agredir a un polic\u00eda en Sierra de la Ventana.<\/a><\/p>\n<p>En abril, Valent\u00edn Fern\u00e1ndez, el abogado del efectivo Fernando David Isea, hab\u00eda solicitado un a\u00f1o y medio de prisi\u00f3n para el artista, mientras que Juan Ignacio Vitalini, por su parte, pidi\u00f3 la absoluci\u00f3n. A cargo del debate estuvo la doctora Mar\u00eda Laura Pinto.<\/p>\n<div class=\"code-block code-block-11\"><\/div>\n<p>Seg\u00fan ese fallo, \u00abno ha quedado debidamente acreditado que el d\u00eda 26 de enero del a\u00f1o 2018, siendo las 19:05 horas en el play\u00f3n de la Estaci\u00f3n de Servicio YPF sita en Avenida San Mart\u00edn y Sarmiento de la localidad de Sierra de la Ventana, Ricardo Horacio Iorio amenaz\u00f3 de muerte a Fernando David Isea manifest\u00e1ndole &#8216;andate de ac\u00e1 o te hago boleta&#8217;, exhibi\u00e9ndole una pistola semiautom\u00e1tica marca Ballester Molina\u00bb.<\/p>\n<p>Esta versi\u00f3n se manifest\u00f3 durante el debate, pero el cantante hab\u00eda mencionado \u00abque se trat\u00f3 de una discusi\u00f3n y que fueron los polic\u00edas quienes lo agredieron\u00bb.<\/p>\n<\/div>\n<p><img loading=\"lazy\" decoding=\"async\" class=\"aligncenter size-full wp-image-60975\" src=\"http:\/\/www.noticiasradioreflejos.com.ar\/2021\/wp-content\/uploads\/2021\/08\/E7ysT37WEAIAeqd.jpg\" alt=\"\" width=\"1024\" height=\"700\" srcset=\"https:\/\/www.noticiasradioreflejos.com.ar\/2021\/wp-content\/uploads\/2021\/08\/E7ysT37WEAIAeqd.jpg 1024w, https:\/\/www.noticiasradioreflejos.com.ar\/2021\/wp-content\/uploads\/2021\/08\/E7ysT37WEAIAeqd-300x205.jpg 300w, https:\/\/www.noticiasradioreflejos.com.ar\/2021\/wp-content\/uploads\/2021\/08\/E7ysT37WEAIAeqd-768x525.jpg 768w, https:\/\/www.noticiasradioreflejos.com.ar\/2021\/wp-content\/uploads\/2021\/08\/E7ysT37WEAIAeqd-750x513.jpg 750w\" sizes=\"auto, (max-width: 1024px) 100vw, 1024px\" \/><\/p>\n<div id=\"textbody\">\n<p><em><strong>Fuente La Br\u00fajula<\/strong><\/em><\/p>\n<div class=\"code-block code-block-1\"><\/div>\n<\/div>\n<\/div>\n<\/div>\n<\/div>\n<\/div>\n<\/div>\n<\/div>\n<\/div>\n<\/div>\n<\/div>\n","protected":false},"excerpt":{"rendered":"<p>Confirmaron la absoluci\u00f3n de Ricardo Iorio<\/p>\n","protected":false},"author":3,"featured_media":0,"comment_status":"closed","ping_status":"closed","sticky":false,"template":"","format":"standard","meta":{"footnotes":""},"categories":[26],"tags":[48],"class_list":["post-60974","post","type-post","status-publish","format-standard","hentry","category-sociedad","tag-destacada"],"yoast_head":"<!-- This site is optimized with the Yoast SEO plugin v25.9 - https:\/\/yoast.com\/wordpress\/plugins\/seo\/ -->\n<title>Confirmaron la absoluci\u00f3n de Ricardo Iorio - Noticias Radio Reflejos<\/title>\n<meta name=\"robots\" content=\"index, follow, max-snippet:-1, max-image-preview:large, max-video-preview:-1\" \/>\n<link rel=\"canonical\" href=\"https:\/\/www.noticiasradioreflejos.com.ar\/2021\/confirmaron-la-absolucion-de-ricardo-iorio\/\" \/>\n<meta property=\"og:locale\" content=\"es_ES\" \/>\n<meta property=\"og:type\" content=\"article\" \/>\n<meta property=\"og:title\" content=\"Confirmaron la absoluci\u00f3n de Ricardo Iorio - Noticias Radio Reflejos\" \/>\n<meta property=\"og:description\" content=\"Confirmaron la absoluci\u00f3n de Ricardo Iorio\" \/>\n<meta property=\"og:url\" content=\"https:\/\/www.noticiasradioreflejos.com.ar\/2021\/confirmaron-la-absolucion-de-ricardo-iorio\/\" \/>\n<meta property=\"og:site_name\" content=\"Noticias Radio Reflejos\" \/>\n<meta property=\"article:published_time\" content=\"2021-08-02T14:46:48+00:00\" \/>\n<meta property=\"og:image\" content=\"https:\/\/www.labrujula24.com\/wp-content\/uploads\/2021\/08\/ricardo_iorio_camioneta.jpg\" \/>\n<meta name=\"author\" content=\"Arnaldo Botto\" \/>\n<meta name=\"twitter:card\" content=\"summary_large_image\" \/>\n<script type=\"application\/ld+json\" class=\"yoast-schema-graph\">{\"@context\":\"https:\/\/schema.org\",\"@graph\":[{\"@type\":\"WebPage\",\"@id\":\"https:\/\/www.noticiasradioreflejos.com.ar\/2021\/confirmaron-la-absolucion-de-ricardo-iorio\/\",\"url\":\"https:\/\/www.noticiasradioreflejos.com.ar\/2021\/confirmaron-la-absolucion-de-ricardo-iorio\/\",\"name\":\"Confirmaron la absoluci\u00f3n de Ricardo Iorio - Noticias Radio Reflejos\",\"isPartOf\":{\"@id\":\"https:\/\/www.noticiasradioreflejos.com.ar\/2021\/#website\"},\"primaryImageOfPage\":{\"@id\":\"https:\/\/www.noticiasradioreflejos.com.ar\/2021\/confirmaron-la-absolucion-de-ricardo-iorio\/#primaryimage\"},\"image\":{\"@id\":\"https:\/\/www.noticiasradioreflejos.com.ar\/2021\/confirmaron-la-absolucion-de-ricardo-iorio\/#primaryimage\"},\"thumbnailUrl\":\"https:\/\/www.labrujula24.com\/wp-content\/uploads\/2021\/08\/ricardo_iorio_camioneta.jpg\",\"datePublished\":\"2021-08-02T14:46:48+00:00\",\"author\":{\"@id\":\"https:\/\/www.noticiasradioreflejos.com.ar\/2021\/#\/schema\/person\/ad82545263dcc5ec0996818884fd5fb1\"},\"breadcrumb\":{\"@id\":\"https:\/\/www.noticiasradioreflejos.com.ar\/2021\/confirmaron-la-absolucion-de-ricardo-iorio\/#breadcrumb\"},\"inLanguage\":\"es\",\"potentialAction\":[{\"@type\":\"ReadAction\",\"target\":[\"https:\/\/www.noticiasradioreflejos.com.ar\/2021\/confirmaron-la-absolucion-de-ricardo-iorio\/\"]}]},{\"@type\":\"ImageObject\",\"inLanguage\":\"es\",\"@id\":\"https:\/\/www.noticiasradioreflejos.com.ar\/2021\/confirmaron-la-absolucion-de-ricardo-iorio\/#primaryimage\",\"url\":\"https:\/\/www.labrujula24.com\/wp-content\/uploads\/2021\/08\/ricardo_iorio_camioneta.jpg\",\"contentUrl\":\"https:\/\/www.labrujula24.com\/wp-content\/uploads\/2021\/08\/ricardo_iorio_camioneta.jpg\"},{\"@type\":\"BreadcrumbList\",\"@id\":\"https:\/\/www.noticiasradioreflejos.com.ar\/2021\/confirmaron-la-absolucion-de-ricardo-iorio\/#breadcrumb\",\"itemListElement\":[{\"@type\":\"ListItem\",\"position\":1,\"name\":\"Portada\",\"item\":\"https:\/\/www.noticiasradioreflejos.com.ar\/2021\/\"},{\"@type\":\"ListItem\",\"position\":2,\"name\":\"Confirmaron la absoluci\u00f3n de Ricardo Iorio\"}]},{\"@type\":\"WebSite\",\"@id\":\"https:\/\/www.noticiasradioreflejos.com.ar\/2021\/#website\",\"url\":\"https:\/\/www.noticiasradioreflejos.com.ar\/2021\/\",\"name\":\"Noticias Radio Reflejos\",\"description\":\"Las noticias de mi comarca\",\"potentialAction\":[{\"@type\":\"SearchAction\",\"target\":{\"@type\":\"EntryPoint\",\"urlTemplate\":\"https:\/\/www.noticiasradioreflejos.com.ar\/2021\/?s={search_term_string}\"},\"query-input\":{\"@type\":\"PropertyValueSpecification\",\"valueRequired\":true,\"valueName\":\"search_term_string\"}}],\"inLanguage\":\"es\"},{\"@type\":\"Person\",\"@id\":\"https:\/\/www.noticiasradioreflejos.com.ar\/2021\/#\/schema\/person\/ad82545263dcc5ec0996818884fd5fb1\",\"name\":\"Arnaldo Botto\",\"image\":{\"@type\":\"ImageObject\",\"inLanguage\":\"es\",\"@id\":\"https:\/\/www.noticiasradioreflejos.com.ar\/2021\/#\/schema\/person\/image\/\",\"url\":\"https:\/\/secure.gravatar.com\/avatar\/55cb5e37c1efa326397366e6974cb338056df65cb50e7d64d1cf314e87504837?s=96&d=mm&r=g\",\"contentUrl\":\"https:\/\/secure.gravatar.com\/avatar\/55cb5e37c1efa326397366e6974cb338056df65cb50e7d64d1cf314e87504837?s=96&d=mm&r=g\",\"caption\":\"Arnaldo Botto\"},\"url\":\"https:\/\/www.noticiasradioreflejos.com.ar\/2021\/author\/arnaldo\/\"}]}<\/script>\n<!-- \/ Yoast SEO plugin. -->","yoast_head_json":{"title":"Confirmaron la absoluci\u00f3n de Ricardo Iorio - Noticias Radio Reflejos","robots":{"index":"index","follow":"follow","max-snippet":"max-snippet:-1","max-image-preview":"max-image-preview:large","max-video-preview":"max-video-preview:-1"},"canonical":"https:\/\/www.noticiasradioreflejos.com.ar\/2021\/confirmaron-la-absolucion-de-ricardo-iorio\/","og_locale":"es_ES","og_type":"article","og_title":"Confirmaron la absoluci\u00f3n de Ricardo Iorio - Noticias Radio Reflejos","og_description":"Confirmaron la absoluci\u00f3n de Ricardo Iorio","og_url":"https:\/\/www.noticiasradioreflejos.com.ar\/2021\/confirmaron-la-absolucion-de-ricardo-iorio\/","og_site_name":"Noticias Radio Reflejos","article_published_time":"2021-08-02T14:46:48+00:00","og_image":[{"url":"https:\/\/www.labrujula24.com\/wp-content\/uploads\/2021\/08\/ricardo_iorio_camioneta.jpg","type":"","width":"","height":""}],"author":"Arnaldo Botto","twitter_card":"summary_large_image","schema":{"@context":"https:\/\/schema.org","@graph":[{"@type":"WebPage","@id":"https:\/\/www.noticiasradioreflejos.com.ar\/2021\/confirmaron-la-absolucion-de-ricardo-iorio\/","url":"https:\/\/www.noticiasradioreflejos.com.ar\/2021\/confirmaron-la-absolucion-de-ricardo-iorio\/","name":"Confirmaron la absoluci\u00f3n de Ricardo Iorio - Noticias Radio Reflejos","isPartOf":{"@id":"https:\/\/www.noticiasradioreflejos.com.ar\/2021\/#website"},"primaryImageOfPage":{"@id":"https:\/\/www.noticiasradioreflejos.com.ar\/2021\/confirmaron-la-absolucion-de-ricardo-iorio\/#primaryimage"},"image":{"@id":"https:\/\/www.noticiasradioreflejos.com.ar\/2021\/confirmaron-la-absolucion-de-ricardo-iorio\/#primaryimage"},"thumbnailUrl":"https:\/\/www.labrujula24.com\/wp-content\/uploads\/2021\/08\/ricardo_iorio_camioneta.jpg","datePublished":"2021-08-02T14:46:48+00:00","author":{"@id":"https:\/\/www.noticiasradioreflejos.com.ar\/2021\/#\/schema\/person\/ad82545263dcc5ec0996818884fd5fb1"},"breadcrumb":{"@id":"https:\/\/www.noticiasradioreflejos.com.ar\/2021\/confirmaron-la-absolucion-de-ricardo-iorio\/#breadcrumb"},"inLanguage":"es","potentialAction":[{"@type":"ReadAction","target":["https:\/\/www.noticiasradioreflejos.com.ar\/2021\/confirmaron-la-absolucion-de-ricardo-iorio\/"]}]},{"@type":"ImageObject","inLanguage":"es","@id":"https:\/\/www.noticiasradioreflejos.com.ar\/2021\/confirmaron-la-absolucion-de-ricardo-iorio\/#primaryimage","url":"https:\/\/www.labrujula24.com\/wp-content\/uploads\/2021\/08\/ricardo_iorio_camioneta.jpg","contentUrl":"https:\/\/www.labrujula24.com\/wp-content\/uploads\/2021\/08\/ricardo_iorio_camioneta.jpg"},{"@type":"BreadcrumbList","@id":"https:\/\/www.noticiasradioreflejos.com.ar\/2021\/confirmaron-la-absolucion-de-ricardo-iorio\/#breadcrumb","itemListElement":[{"@type":"ListItem","position":1,"name":"Portada","item":"https:\/\/www.noticiasradioreflejos.com.ar\/2021\/"},{"@type":"ListItem","position":2,"name":"Confirmaron la absoluci\u00f3n de Ricardo Iorio"}]},{"@type":"WebSite","@id":"https:\/\/www.noticiasradioreflejos.com.ar\/2021\/#website","url":"https:\/\/www.noticiasradioreflejos.com.ar\/2021\/","name":"Noticias Radio Reflejos","description":"Las noticias de mi comarca","potentialAction":[{"@type":"SearchAction","target":{"@type":"EntryPoint","urlTemplate":"https:\/\/www.noticiasradioreflejos.com.ar\/2021\/?s={search_term_string}"},"query-input":{"@type":"PropertyValueSpecification","valueRequired":true,"valueName":"search_term_string"}}],"inLanguage":"es"},{"@type":"Person","@id":"https:\/\/www.noticiasradioreflejos.com.ar\/2021\/#\/schema\/person\/ad82545263dcc5ec0996818884fd5fb1","name":"Arnaldo Botto","image":{"@type":"ImageObject","inLanguage":"es","@id":"https:\/\/www.noticiasradioreflejos.com.ar\/2021\/#\/schema\/person\/image\/","url":"https:\/\/secure.gravatar.com\/avatar\/55cb5e37c1efa326397366e6974cb338056df65cb50e7d64d1cf314e87504837?s=96&d=mm&r=g","contentUrl":"https:\/\/secure.gravatar.com\/avatar\/55cb5e37c1efa326397366e6974cb338056df65cb50e7d64d1cf314e87504837?s=96&d=mm&r=g","caption":"Arnaldo Botto"},"url":"https:\/\/www.noticiasradioreflejos.com.ar\/2021\/author\/arnaldo\/"}]}},"_links":{"self":[{"href":"https:\/\/www.noticiasradioreflejos.com.ar\/2021\/wp-json\/wp\/v2\/posts\/60974","targetHints":{"allow":["GET"]}}],"collection":[{"href":"https:\/\/www.noticiasradioreflejos.com.ar\/2021\/wp-json\/wp\/v2\/posts"}],"about":[{"href":"https:\/\/www.noticiasradioreflejos.com.ar\/2021\/wp-json\/wp\/v2\/types\/post"}],"author":[{"embeddable":true,"href":"https:\/\/www.noticiasradioreflejos.com.ar\/2021\/wp-json\/wp\/v2\/users\/3"}],"replies":[{"embeddable":true,"href":"https:\/\/www.noticiasradioreflejos.com.ar\/2021\/wp-json\/wp\/v2\/comments?post=60974"}],"version-history":[{"count":1,"href":"https:\/\/www.noticiasradioreflejos.com.ar\/2021\/wp-json\/wp\/v2\/posts\/60974\/revisions"}],"predecessor-version":[{"id":60977,"href":"https:\/\/www.noticiasradioreflejos.com.ar\/2021\/wp-json\/wp\/v2\/posts\/60974\/revisions\/60977"}],"wp:attachment":[{"href":"https:\/\/www.noticiasradioreflejos.com.ar\/2021\/wp-json\/wp\/v2\/media?parent=60974"}],"wp:term":[{"taxonomy":"category","embeddable":true,"href":"https:\/\/www.noticiasradioreflejos.com.ar\/2021\/wp-json\/wp\/v2\/categories?post=60974"},{"taxonomy":"post_tag","embeddable":true,"href":"https:\/\/www.noticiasradioreflejos.com.ar\/2021\/wp-json\/wp\/v2\/tags?post=60974"}],"curies":[{"name":"wp","href":"https:\/\/api.w.org\/{rel}","templated":true}]}}