{"id":60924,"date":"2021-08-02T10:35:21","date_gmt":"2021-08-02T10:35:21","guid":{"rendered":"http:\/\/www.noticiasradioreflejos.com.ar\/2021\/?p=60924"},"modified":"2021-08-02T10:35:21","modified_gmt":"2021-08-02T10:35:21","slug":"bienvenidos-a-mi-pueblo-un-proyecto-que-potencia-las-migraciones-a-zonas-rurales","status":"publish","type":"post","link":"https:\/\/www.noticiasradioreflejos.com.ar\/2021\/bienvenidos-a-mi-pueblo-un-proyecto-que-potencia-las-migraciones-a-zonas-rurales\/","title":{"rendered":"\u00abBienvenidos a mi pueblo\u00bb: un proyecto que potencia las migraciones a zonas rurales"},"content":{"rendered":"<div class=\"head-content\">\n<p>La fundaci\u00f3n suiza Es VIcis desarroll\u00f3 un programa de repoblaci\u00f3n para localidades del interior de Argentina y ya realiz\u00f3 una prueba piloto en Colonia Belgrano, una localidad santafesina a 190 kil\u00f3metros de Rosario que estableci\u00f3 la primera comunidad autogestiva.<\/p>\n<div class=\"addthis_custom_sharing\" data-url=\"https:\/\/www.telam.com.ar\/notas\/202108\/563501-bienvenidos-pueblo-fundacion-vicis-colonia-belgrano-santa-fe.html\" data-title=\"&quot;Bienvenidos a mi pueblo&quot;: un proyecto que potencia las migraciones a zonas rurales\" data-description=\"La fundaci\u00f3n suiza Es VIcis desarroll\u00f3 un programa de repoblaci\u00f3n para localidades del interior de Argentina y ya realiz\u00f3 una prueba piloto en Colonia Belgrano, una localidad santafesina a 190 kil\u00f3metros de Rosario que estableci\u00f3 la primera comunidad autogestiva.\">\n<div id=\"atstbx\" class=\"at-resp-share-element at-style-responsive addthis-smartlayers addthis-animated at4-show\" role=\"region\" aria-labelledby=\"at-61593fec-33a8-49db-ab33-0ef39f8dd731\"><\/div>\n<\/div>\n<\/div>\n<p><!--more--><\/p>\n<div class=\"main-content-block\">\n<div class=\"main-box clearfix\">\n<div class=\"wrapper-main-section clearfix\">\n<div class=\"wrapper-editable-content\">\n<div class=\"editable-content clearfix\">\n<div id=\"image\" class=\"image\"><img decoding=\"async\" title=\"Todas las familias participaron de la construcci\u00f3n de sus viviendas en Colonia Belgrano, cuyo pueblo m\u00e1s cercano es San Mart\u00edn de las Escobas, a quince kil\u00f3metros.\" src=\"https:\/\/www.telam.com.ar\/advf\/imagenes\/2021\/07\/60eded5c06c71.%20colonia%20belgrano%20565%204_1004x565.jpg\" alt=\"Todas las familias participaron de la construcci\u00f3n de sus viviendas en Colonia Belgrano, cuyo pueblo m\u00e1s cercano es San Mart\u00edn de las Escobas, a quince kil\u00f3metros.\" \/><\/p>\n<div class=\"epigrafe\">Todas las familias participaron de la construcci\u00f3n de sus viviendas en Colonia Belgrano, cuyo pueblo m\u00e1s cercano es San Mart\u00edn de las Escobas, a quince kil\u00f3metros.<\/div>\n<\/div>\n<p>Las ventajas que hist\u00f3ricamente ofrec\u00edan las grandes ciudades respecto de las zonas menos habitadas del pa\u00eds, poco a poco se van perdiendo. M\u00e1s a\u00fan, la pandemia de coronavirus que golpe\u00f3 a los grandes conglomerados relativiz\u00f3 aquello que antes pesaba m\u00e1s en la balanza. Las oportunidades que brindaba la ciudad por encima de los pueblos hoy no estan tan claras y\u00a0<strong>la f\u00f3rmula aparenta haberse invertido: m\u00e1s calidad, menos cantidad.<\/strong><\/p>\n<p>Como muchas otras en el mundo, la Ciudad de Buenos Aires fue vista como una opci\u00f3n a los sue\u00f1os de aquellos j\u00f3venes que resid\u00edan en pueblos y, mayormente en su adolescencia, migraban en b\u00fasqueda del \u201cAmerican Dream\u201d porte\u00f1o que les garantizase cierta prosperidad econ\u00f3mica o acad\u00e9mica.<\/p>\n<div class=\"epigrafe\">Los nuevos vecinos de Colonia Belgrano<\/div>\n<p>Para mitigar esta hist\u00f3rica relaci\u00f3n de fuerza que siempre estuvo a favor de las metr\u00f3polis, naci\u00f3 en 2014 un proyecto de repoblaci\u00f3n que adquiri\u00f3 otro significado con la pandemia: la fundaci\u00f3n suiza ES VICIS, inici\u00f3 el programa \u00abBienvenidos a m\u00ed pueblo\u00bb, una iniciativa que busca revertir esta tendencia mundial y que ya desarroll\u00f3\u00a0<strong>una prueba piloto en la localidad santafesina de Colonia Belgrano, a 190 kil\u00f3metros de Rosario y con 1.284 habitantes.<\/strong><\/p>\n<div id=\"image\" class=\"image\"><img decoding=\"async\" title=\"Un grupo de migrantes establecido en Colonia Belgrano, provincia de Santa Fe. El pueblo est\u00e1 a diez minutos de la Ruta 34, que va de Rosario a Salta.\" src=\"https:\/\/www.telam.com.ar\/advf\/imagenes\/2021\/07\/60eded5be6ded.%20colonia%20belgrano%20565%202_1004x565.jpg\" alt=\"Un grupo de migrantes establecido en Colonia Belgrano, provincia de Santa Fe. El pueblo est\u00e1 a diez minutos de la Ruta 34, que va de Rosario a Salta.\" \/><\/p>\n<div class=\"epigrafe\">Un grupo de migrantes establecido en Colonia Belgrano, provincia de Santa Fe. El pueblo est\u00e1 a diez minutos de la Ruta 34, que va de Rosario a Salta.<\/div>\n<\/div>\n<p>En di\u00e1logo con T\u00e9lam,\u00a0<strong>la directora ejecutiva de la fundaci\u00f3n y creadora del proyecto, Cintia Jaime<\/strong>, cuenta: \u201cSeleccionamos 14 pueblos de las zonas de las Colonias y de San Mart\u00edn y finalmente nos decidimos por Colonia Belgrano. Ten\u00eda una capacidad de bienvenida muy s\u00f3lida y r\u00e1pidamente se organizaba\u201d.<\/p>\n<p>\u201c<strong>Elegimos a la Argentina porque lideraba el ranking de despoblaci\u00f3n rural, muy superior a otros de Latinoam\u00e9rica<\/strong>\u00a0y uno de los m\u00e1s altos del mundo. Si el modelo funcionaba ac\u00e1, iba a funcionar en otros lugares\u201d, informa Jaime, y a\u00f1ade: \u201cs\u00f3lo el 8% de la poblaci\u00f3n argentina vive en zonas rurales, en las \u00faltimas d\u00e9cadas se dio una fuerte migraci\u00f3n interna. Dicen que la gente va la ciudad porque le gustan las luces y quiere ir al teatro, pero cuando le preguntas te dice que est\u00e1 por el trabajo, si le das la oportunidad, naturalmente va a querer reorientarse\u201d, sostiene Jaime.<\/p>\n<div id=\"image\" class=\"image\"><img decoding=\"async\" title=\"Los protagonistas que participaron de la prueba piloto, trabajando en los cimientos de las casas.\" src=\"https:\/\/www.telam.com.ar\/advf\/imagenes\/2021\/07\/60eded5bda51b.%20colonia%20belgrano%20565%203_1004x565.jpg\" alt=\"Los protagonistas que participaron de la prueba piloto, trabajando en los cimientos de las casas.\" \/><\/p>\n<div class=\"epigrafe\">Los protagonistas que participaron de la prueba piloto, trabajando en los cimientos de las casas.<\/div>\n<\/div>\n<p><strong>-Cintia, en la p\u00e1gina oficial de Es Vicis el proyecto esta titulado como \u201cEl desaf\u00edo de la migraci\u00f3n\u201d&#8230;<\/strong><\/p>\n<p>-Esto viene siendo un desaf\u00edo desde hace muchas d\u00e9cadas. Si hablamos de migraciones internas estamos presenciando un hacinamiento. En las ciudades, las personas reducen su calidad de vida, se deshumanizan, no conocen a su vecino, pierden sus valores y su arraigo e identidad cultural.<\/p>\n<p>A nivel internacional tambi\u00e9n se ve; muchos se van a otros pa\u00edses creyendo que van a encontrar la fortuna tan buscada. Cada uno migra para vivir mejor, pero si no repensamos una migraci\u00f3n desde las ciudades hacia esos pueblos no se puede generar una balanza equilibrada dentro de un pa\u00eds.<\/p>\n<p><strong>-Tambi\u00e9n mencionan que una concentraci\u00f3n demogr\u00e1fica es pobreza, desesperaci\u00f3n econ\u00f3mica y caos&#8230;<\/strong><\/p>\n<p>-Nuestro programa tiene las s\u00f3lidas bases de cualquier red de locaci\u00f3n sostenible; el punto fundamental es \u201cc\u00f3mo voy a vivir en un lugar si no tengo trabajo\u201d. La primera sostenibilidad tiene que ser laboral, entonces hacemos un estudio de mercado profundo para definir las oportunidades de negocio, con eso te aseguras que el sustento econ\u00f3mico est\u00e1. Despu\u00e9s hay una organizaci\u00f3n vecinal donde se habla de c\u00f3mo va a crecer, hasta d\u00f3nde queremos crecer y cu\u00e1les son los objetivos para no generar un caos o una ciudad de 500.000 habitantes. Todo eso est\u00e1 pensado.<\/p>\n<div id=\"image\" class=\"image\"><img decoding=\"async\" title=\"Bienvenidos a mi Pueblo es una iniciativa que planea extender a otros pa\u00edses de Latinoam\u00e9rica.\" src=\"https:\/\/www.telam.com.ar\/advf\/imagenes\/2021\/07\/60eded5bf022b.%20colonia%20belgrano%20565%20%201_1004x565.jpg\" alt=\"Bienvenidos a mi Pueblo es una iniciativa que planea extender a otros pa\u00edses de Latinoam\u00e9rica.\" \/><\/p>\n<div class=\"epigrafe\">Bienvenidos a mi Pueblo es una iniciativa que planea extender a otros pa\u00edses de Latinoam\u00e9rica.<\/div>\n<\/div>\n<p><strong>-\u00bfC\u00f3mo es el plan de financiamiento de las viviendas?<\/strong><\/p>\n<p>-Tenemos un 5% de re-migraci\u00f3n anual, nuestras familias fueron con un plan de financiamiento de la provincia, cumpliendo los criterios locales y pagando sus cuotas. Nosotros estamos en contacto semanalmente y hablamos con algunas instituciones, relevamos nuestros datos y vemos c\u00f3mo va evolucionando el proyecto. Somos una fundaci\u00f3n que aprende y transmite conocimientos, hicimos pruebas metodol\u00f3gicas y ahora son compartidas junto con un paquete que viene de nuestro modelo de seis fases.<\/p>\n<p><strong>-\u00bfCu\u00e1l es el deseo que m\u00e1s les transmiten los migrantes, ese por el que de deciden tomar esta decisi\u00f3n?<\/strong><\/p>\n<p>-Que quer\u00edan irse de las ciudades desde mucho antes de la pandemia. Cuando largamos nuestra propuesta en 2016 tuvimos 20.000 familias anotadas en 4 semanas. El deseo es no tener que irse 15 d\u00edas de vacaciones sino vivir en un lugar que parezca como estar de vacaciones e ir a la ciudad cuando lo necesiten Hoy en d\u00eda las condiciones de conectividad est\u00e1n m\u00e1s que dadas para poder trabajar con productos y servicios que pueden darse en estos lugares.<\/p>\n<div id=\"image\" class=\"image\"><img decoding=\"async\" title=\"Vecinos trabajando en los terrenos de lo que ser\u00e1 una comunidad para las familias del proyecto.\" src=\"https:\/\/www.telam.com.ar\/advf\/imagenes\/2021\/07\/60eded5c0ff0d.%20colonia%20belgrano%20565%205_1004x565.jpg\" alt=\"Vecinos trabajando en los terrenos de lo que ser\u00e1 una comunidad para las familias del proyecto.\" \/><\/p>\n<div class=\"epigrafe\">Vecinos trabajando en los terrenos de lo que ser\u00e1 una comunidad para las familias del proyecto.<\/div>\n<\/div>\n<p><strong>-\u00bfCu\u00e1l fue la reacci\u00f3n de los vecinos de Colonia Belgrano cuando supieron que llegar\u00edan nuevos habitantes?<\/strong><\/p>\n<p>-La bienvenida la da un grupo de vecinos, pero despu\u00e9s hay una comunicaci\u00f3n interna que se trabaja de manera transversal, durante los 36 meses que dura el programa, a fin de cambiar la narrativa de expulsi\u00f3n. Hay que romper con ese discurso que tienen los locales y qu\u00e9 le dicen a los chicos desde temprano, ese discurso expulsivo que se tienen que ir para poder ser algo en el mundo, que el pueblo no es el lugar. El temor que tienen es natural, piensan que le van a sacar el trabajo o que les van a hacer la competencia. Hay dos caras, la bienvenida a los que llegan, y la bienvenida de los que ya est\u00e1n.<\/p>\n<div class=\"auth\">Las condiciones para migrar<\/div>\n<div class=\"image-left\"><img decoding=\"async\" title=\"Las primeras familias dan comienzo al nuevo desaf\u00edo de re-migrar hacia pueblos rurales.\" src=\"https:\/\/www.telam.com.ar\/advf\/imagenes\/2021\/07\/60edeeeb98593.%20colonia%20belgrano%20vertica%202l_324x575.jpg\" alt=\"Las primeras familias dan comienzo al nuevo desaf\u00edo de re-migrar hacia pueblos rurales.\" \/><\/p>\n<div class=\"epigrafe\">Las primeras familias dan comienzo al nuevo desaf\u00edo de re-migrar hacia pueblos rurales.<\/div>\n<\/div>\n<p>No hay exigencias imposibles para quienes est\u00e9n decididos a animarse a una experiencia diferente,\u00a0<strong>s\u00f3lo basta con apostar a una mejor calidad de vida.<\/strong><\/p>\n<p>Seg\u00fan la p\u00e1gina oficial del proyecto, https:\/\/bienvenidosamipueblo.org\/,\u00a0<strong>los requisitos para contar con el apoyo de la fundaci\u00f3n<\/strong>\u00a0son:<\/p>\n<p>* Ser residente de una ciudad y desear vivir en un pueblo.<\/p>\n<p>* Tener emprendimientos u oficios que puedan ser trasladados como actividad a un pueblo rural.<\/p>\n<p>* Ser empleado en relaci\u00f3n de dependencia y poder trabajar de forma remota.<\/p>\n<p>* Rentar otra propiedad y que eso te permita radicarte en un pueblo o bien estar en la b\u00fasqueda de una re-migraci\u00f3n a comunidades rurales.<\/p>\n<p>Adem\u00e1s, aquellos pueblos que deseen ser anfitriones tambi\u00e9n pueden inscribirse para ser elegidos y recibir a una comunidad para repoblar la zona. Seg\u00fan el sitio web,<strong>\u00a0\u00abdeber\u00e1n contar con entusiasmo para impulsar su crecimiento poblacional\u00a0<\/strong>y poseer mayor oferta de productos y servicios, deber\u00e1n comprometerse y acompa\u00f1ar el programa de desarrollo y contar con autoridades comunales interesadas en implementar el proyecto al pueblo.<\/div>\n<\/div>\n<\/div>\n<\/div>\n<\/div>\n<div class=\"btn_externos\"><\/div>\n<div><\/div>\n<div>\n<h4><span style=\"color: #000080;\"><strong>Por Diego Mudano para TELAM<\/strong><\/span><\/h4>\n<\/div>\n<div class=\"main-content-block\">\n<div class=\"main-box clearfix\">\n<div class=\"wrapper-main-section clearfix\">\n<div class=\"wrapper-more-news\"><\/div>\n<\/div>\n<\/div>\n<\/div>\n","protected":false},"excerpt":{"rendered":"<p>La fundaci\u00f3n suiza Es VIcis desarroll\u00f3 un programa de repoblaci\u00f3n para localidades del interior de Argentina y ya realiz\u00f3 una prueba piloto en Colonia Belgrano, una localidad santafesina a 190 kil\u00f3metros de Rosario que estableci\u00f3 la primera comunidad autogestiva.<\/p>\n","protected":false},"author":3,"featured_media":0,"comment_status":"closed","ping_status":"closed","sticky":false,"template":"","format":"standard","meta":{"footnotes":""},"categories":[26],"tags":[],"class_list":["post-60924","post","type-post","status-publish","format-standard","hentry","category-sociedad"],"yoast_head":"<!-- This site is optimized with the Yoast SEO plugin v25.9 - https:\/\/yoast.com\/wordpress\/plugins\/seo\/ -->\n<title>&quot;Bienvenidos a mi pueblo&quot;: un proyecto que potencia las migraciones a zonas rurales - Noticias Radio Reflejos<\/title>\n<meta name=\"robots\" content=\"index, follow, max-snippet:-1, max-image-preview:large, max-video-preview:-1\" \/>\n<link rel=\"canonical\" href=\"https:\/\/www.noticiasradioreflejos.com.ar\/2021\/bienvenidos-a-mi-pueblo-un-proyecto-que-potencia-las-migraciones-a-zonas-rurales\/\" \/>\n<meta property=\"og:locale\" content=\"es_ES\" \/>\n<meta property=\"og:type\" content=\"article\" \/>\n<meta property=\"og:title\" content=\"&quot;Bienvenidos a mi pueblo&quot;: un proyecto que potencia las migraciones a zonas rurales - Noticias Radio Reflejos\" \/>\n<meta property=\"og:description\" content=\"La fundaci\u00f3n suiza Es VIcis desarroll\u00f3 un programa de repoblaci\u00f3n para localidades del interior de Argentina y ya realiz\u00f3 una prueba piloto en Colonia Belgrano, una localidad santafesina a 190 kil\u00f3metros de Rosario que estableci\u00f3 la primera comunidad autogestiva.\" \/>\n<meta property=\"og:url\" content=\"https:\/\/www.noticiasradioreflejos.com.ar\/2021\/bienvenidos-a-mi-pueblo-un-proyecto-que-potencia-las-migraciones-a-zonas-rurales\/\" \/>\n<meta property=\"og:site_name\" content=\"Noticias Radio Reflejos\" \/>\n<meta property=\"article:published_time\" content=\"2021-08-02T10:35:21+00:00\" \/>\n<meta property=\"og:image\" content=\"https:\/\/www.telam.com.ar\/advf\/imagenes\/2021\/07\/60eded5c06c71.%20colonia%20belgrano%20565%204_1004x565.jpg\" \/>\n<meta name=\"author\" content=\"Arnaldo Botto\" \/>\n<meta name=\"twitter:card\" content=\"summary_large_image\" \/>\n<script type=\"application\/ld+json\" class=\"yoast-schema-graph\">{\"@context\":\"https:\/\/schema.org\",\"@graph\":[{\"@type\":\"WebPage\",\"@id\":\"https:\/\/www.noticiasradioreflejos.com.ar\/2021\/bienvenidos-a-mi-pueblo-un-proyecto-que-potencia-las-migraciones-a-zonas-rurales\/\",\"url\":\"https:\/\/www.noticiasradioreflejos.com.ar\/2021\/bienvenidos-a-mi-pueblo-un-proyecto-que-potencia-las-migraciones-a-zonas-rurales\/\",\"name\":\"\\\"Bienvenidos a mi pueblo\\\": un proyecto que potencia las migraciones a zonas rurales - Noticias Radio Reflejos\",\"isPartOf\":{\"@id\":\"https:\/\/www.noticiasradioreflejos.com.ar\/2021\/#website\"},\"primaryImageOfPage\":{\"@id\":\"https:\/\/www.noticiasradioreflejos.com.ar\/2021\/bienvenidos-a-mi-pueblo-un-proyecto-que-potencia-las-migraciones-a-zonas-rurales\/#primaryimage\"},\"image\":{\"@id\":\"https:\/\/www.noticiasradioreflejos.com.ar\/2021\/bienvenidos-a-mi-pueblo-un-proyecto-que-potencia-las-migraciones-a-zonas-rurales\/#primaryimage\"},\"thumbnailUrl\":\"https:\/\/www.telam.com.ar\/advf\/imagenes\/2021\/07\/60eded5c06c71.%20colonia%20belgrano%20565%204_1004x565.jpg\",\"datePublished\":\"2021-08-02T10:35:21+00:00\",\"author\":{\"@id\":\"https:\/\/www.noticiasradioreflejos.com.ar\/2021\/#\/schema\/person\/ad82545263dcc5ec0996818884fd5fb1\"},\"breadcrumb\":{\"@id\":\"https:\/\/www.noticiasradioreflejos.com.ar\/2021\/bienvenidos-a-mi-pueblo-un-proyecto-que-potencia-las-migraciones-a-zonas-rurales\/#breadcrumb\"},\"inLanguage\":\"es\",\"potentialAction\":[{\"@type\":\"ReadAction\",\"target\":[\"https:\/\/www.noticiasradioreflejos.com.ar\/2021\/bienvenidos-a-mi-pueblo-un-proyecto-que-potencia-las-migraciones-a-zonas-rurales\/\"]}]},{\"@type\":\"ImageObject\",\"inLanguage\":\"es\",\"@id\":\"https:\/\/www.noticiasradioreflejos.com.ar\/2021\/bienvenidos-a-mi-pueblo-un-proyecto-que-potencia-las-migraciones-a-zonas-rurales\/#primaryimage\",\"url\":\"https:\/\/www.telam.com.ar\/advf\/imagenes\/2021\/07\/60eded5c06c71.%20colonia%20belgrano%20565%204_1004x565.jpg\",\"contentUrl\":\"https:\/\/www.telam.com.ar\/advf\/imagenes\/2021\/07\/60eded5c06c71.%20colonia%20belgrano%20565%204_1004x565.jpg\"},{\"@type\":\"BreadcrumbList\",\"@id\":\"https:\/\/www.noticiasradioreflejos.com.ar\/2021\/bienvenidos-a-mi-pueblo-un-proyecto-que-potencia-las-migraciones-a-zonas-rurales\/#breadcrumb\",\"itemListElement\":[{\"@type\":\"ListItem\",\"position\":1,\"name\":\"Portada\",\"item\":\"https:\/\/www.noticiasradioreflejos.com.ar\/2021\/\"},{\"@type\":\"ListItem\",\"position\":2,\"name\":\"\u00abBienvenidos a mi pueblo\u00bb: un proyecto que potencia las migraciones a zonas rurales\"}]},{\"@type\":\"WebSite\",\"@id\":\"https:\/\/www.noticiasradioreflejos.com.ar\/2021\/#website\",\"url\":\"https:\/\/www.noticiasradioreflejos.com.ar\/2021\/\",\"name\":\"Noticias Radio Reflejos\",\"description\":\"Las noticias de mi comarca\",\"potentialAction\":[{\"@type\":\"SearchAction\",\"target\":{\"@type\":\"EntryPoint\",\"urlTemplate\":\"https:\/\/www.noticiasradioreflejos.com.ar\/2021\/?s={search_term_string}\"},\"query-input\":{\"@type\":\"PropertyValueSpecification\",\"valueRequired\":true,\"valueName\":\"search_term_string\"}}],\"inLanguage\":\"es\"},{\"@type\":\"Person\",\"@id\":\"https:\/\/www.noticiasradioreflejos.com.ar\/2021\/#\/schema\/person\/ad82545263dcc5ec0996818884fd5fb1\",\"name\":\"Arnaldo Botto\",\"image\":{\"@type\":\"ImageObject\",\"inLanguage\":\"es\",\"@id\":\"https:\/\/www.noticiasradioreflejos.com.ar\/2021\/#\/schema\/person\/image\/\",\"url\":\"https:\/\/secure.gravatar.com\/avatar\/55cb5e37c1efa326397366e6974cb338056df65cb50e7d64d1cf314e87504837?s=96&d=mm&r=g\",\"contentUrl\":\"https:\/\/secure.gravatar.com\/avatar\/55cb5e37c1efa326397366e6974cb338056df65cb50e7d64d1cf314e87504837?s=96&d=mm&r=g\",\"caption\":\"Arnaldo Botto\"},\"url\":\"https:\/\/www.noticiasradioreflejos.com.ar\/2021\/author\/arnaldo\/\"}]}<\/script>\n<!-- \/ Yoast SEO plugin. -->","yoast_head_json":{"title":"\"Bienvenidos a mi pueblo\": un proyecto que potencia las migraciones a zonas rurales - Noticias Radio Reflejos","robots":{"index":"index","follow":"follow","max-snippet":"max-snippet:-1","max-image-preview":"max-image-preview:large","max-video-preview":"max-video-preview:-1"},"canonical":"https:\/\/www.noticiasradioreflejos.com.ar\/2021\/bienvenidos-a-mi-pueblo-un-proyecto-que-potencia-las-migraciones-a-zonas-rurales\/","og_locale":"es_ES","og_type":"article","og_title":"\"Bienvenidos a mi pueblo\": un proyecto que potencia las migraciones a zonas rurales - Noticias Radio Reflejos","og_description":"La fundaci\u00f3n suiza Es VIcis desarroll\u00f3 un programa de repoblaci\u00f3n para localidades del interior de Argentina y ya realiz\u00f3 una prueba piloto en Colonia Belgrano, una localidad santafesina a 190 kil\u00f3metros de Rosario que estableci\u00f3 la primera comunidad autogestiva.","og_url":"https:\/\/www.noticiasradioreflejos.com.ar\/2021\/bienvenidos-a-mi-pueblo-un-proyecto-que-potencia-las-migraciones-a-zonas-rurales\/","og_site_name":"Noticias Radio Reflejos","article_published_time":"2021-08-02T10:35:21+00:00","og_image":[{"url":"https:\/\/www.telam.com.ar\/advf\/imagenes\/2021\/07\/60eded5c06c71.%20colonia%20belgrano%20565%204_1004x565.jpg","type":"","width":"","height":""}],"author":"Arnaldo Botto","twitter_card":"summary_large_image","schema":{"@context":"https:\/\/schema.org","@graph":[{"@type":"WebPage","@id":"https:\/\/www.noticiasradioreflejos.com.ar\/2021\/bienvenidos-a-mi-pueblo-un-proyecto-que-potencia-las-migraciones-a-zonas-rurales\/","url":"https:\/\/www.noticiasradioreflejos.com.ar\/2021\/bienvenidos-a-mi-pueblo-un-proyecto-que-potencia-las-migraciones-a-zonas-rurales\/","name":"\"Bienvenidos a mi pueblo\": un proyecto que potencia las migraciones a zonas rurales - Noticias Radio Reflejos","isPartOf":{"@id":"https:\/\/www.noticiasradioreflejos.com.ar\/2021\/#website"},"primaryImageOfPage":{"@id":"https:\/\/www.noticiasradioreflejos.com.ar\/2021\/bienvenidos-a-mi-pueblo-un-proyecto-que-potencia-las-migraciones-a-zonas-rurales\/#primaryimage"},"image":{"@id":"https:\/\/www.noticiasradioreflejos.com.ar\/2021\/bienvenidos-a-mi-pueblo-un-proyecto-que-potencia-las-migraciones-a-zonas-rurales\/#primaryimage"},"thumbnailUrl":"https:\/\/www.telam.com.ar\/advf\/imagenes\/2021\/07\/60eded5c06c71.%20colonia%20belgrano%20565%204_1004x565.jpg","datePublished":"2021-08-02T10:35:21+00:00","author":{"@id":"https:\/\/www.noticiasradioreflejos.com.ar\/2021\/#\/schema\/person\/ad82545263dcc5ec0996818884fd5fb1"},"breadcrumb":{"@id":"https:\/\/www.noticiasradioreflejos.com.ar\/2021\/bienvenidos-a-mi-pueblo-un-proyecto-que-potencia-las-migraciones-a-zonas-rurales\/#breadcrumb"},"inLanguage":"es","potentialAction":[{"@type":"ReadAction","target":["https:\/\/www.noticiasradioreflejos.com.ar\/2021\/bienvenidos-a-mi-pueblo-un-proyecto-que-potencia-las-migraciones-a-zonas-rurales\/"]}]},{"@type":"ImageObject","inLanguage":"es","@id":"https:\/\/www.noticiasradioreflejos.com.ar\/2021\/bienvenidos-a-mi-pueblo-un-proyecto-que-potencia-las-migraciones-a-zonas-rurales\/#primaryimage","url":"https:\/\/www.telam.com.ar\/advf\/imagenes\/2021\/07\/60eded5c06c71.%20colonia%20belgrano%20565%204_1004x565.jpg","contentUrl":"https:\/\/www.telam.com.ar\/advf\/imagenes\/2021\/07\/60eded5c06c71.%20colonia%20belgrano%20565%204_1004x565.jpg"},{"@type":"BreadcrumbList","@id":"https:\/\/www.noticiasradioreflejos.com.ar\/2021\/bienvenidos-a-mi-pueblo-un-proyecto-que-potencia-las-migraciones-a-zonas-rurales\/#breadcrumb","itemListElement":[{"@type":"ListItem","position":1,"name":"Portada","item":"https:\/\/www.noticiasradioreflejos.com.ar\/2021\/"},{"@type":"ListItem","position":2,"name":"\u00abBienvenidos a mi pueblo\u00bb: un proyecto que potencia las migraciones a zonas rurales"}]},{"@type":"WebSite","@id":"https:\/\/www.noticiasradioreflejos.com.ar\/2021\/#website","url":"https:\/\/www.noticiasradioreflejos.com.ar\/2021\/","name":"Noticias Radio Reflejos","description":"Las noticias de mi comarca","potentialAction":[{"@type":"SearchAction","target":{"@type":"EntryPoint","urlTemplate":"https:\/\/www.noticiasradioreflejos.com.ar\/2021\/?s={search_term_string}"},"query-input":{"@type":"PropertyValueSpecification","valueRequired":true,"valueName":"search_term_string"}}],"inLanguage":"es"},{"@type":"Person","@id":"https:\/\/www.noticiasradioreflejos.com.ar\/2021\/#\/schema\/person\/ad82545263dcc5ec0996818884fd5fb1","name":"Arnaldo Botto","image":{"@type":"ImageObject","inLanguage":"es","@id":"https:\/\/www.noticiasradioreflejos.com.ar\/2021\/#\/schema\/person\/image\/","url":"https:\/\/secure.gravatar.com\/avatar\/55cb5e37c1efa326397366e6974cb338056df65cb50e7d64d1cf314e87504837?s=96&d=mm&r=g","contentUrl":"https:\/\/secure.gravatar.com\/avatar\/55cb5e37c1efa326397366e6974cb338056df65cb50e7d64d1cf314e87504837?s=96&d=mm&r=g","caption":"Arnaldo Botto"},"url":"https:\/\/www.noticiasradioreflejos.com.ar\/2021\/author\/arnaldo\/"}]}},"_links":{"self":[{"href":"https:\/\/www.noticiasradioreflejos.com.ar\/2021\/wp-json\/wp\/v2\/posts\/60924","targetHints":{"allow":["GET"]}}],"collection":[{"href":"https:\/\/www.noticiasradioreflejos.com.ar\/2021\/wp-json\/wp\/v2\/posts"}],"about":[{"href":"https:\/\/www.noticiasradioreflejos.com.ar\/2021\/wp-json\/wp\/v2\/types\/post"}],"author":[{"embeddable":true,"href":"https:\/\/www.noticiasradioreflejos.com.ar\/2021\/wp-json\/wp\/v2\/users\/3"}],"replies":[{"embeddable":true,"href":"https:\/\/www.noticiasradioreflejos.com.ar\/2021\/wp-json\/wp\/v2\/comments?post=60924"}],"version-history":[{"count":1,"href":"https:\/\/www.noticiasradioreflejos.com.ar\/2021\/wp-json\/wp\/v2\/posts\/60924\/revisions"}],"predecessor-version":[{"id":60926,"href":"https:\/\/www.noticiasradioreflejos.com.ar\/2021\/wp-json\/wp\/v2\/posts\/60924\/revisions\/60926"}],"wp:attachment":[{"href":"https:\/\/www.noticiasradioreflejos.com.ar\/2021\/wp-json\/wp\/v2\/media?parent=60924"}],"wp:term":[{"taxonomy":"category","embeddable":true,"href":"https:\/\/www.noticiasradioreflejos.com.ar\/2021\/wp-json\/wp\/v2\/categories?post=60924"},{"taxonomy":"post_tag","embeddable":true,"href":"https:\/\/www.noticiasradioreflejos.com.ar\/2021\/wp-json\/wp\/v2\/tags?post=60924"}],"curies":[{"name":"wp","href":"https:\/\/api.w.org\/{rel}","templated":true}]}}