{"id":60919,"date":"2021-08-02T10:26:18","date_gmt":"2021-08-02T10:26:18","guid":{"rendered":"http:\/\/www.noticiasradioreflejos.com.ar\/2021\/?p=60919"},"modified":"2021-08-02T10:26:18","modified_gmt":"2021-08-02T10:26:18","slug":"cuatro-millones-de-personas-viajaron-por-el-pais-durante-las-vacaciones-de-invierno","status":"publish","type":"post","link":"https:\/\/www.noticiasradioreflejos.com.ar\/2021\/cuatro-millones-de-personas-viajaron-por-el-pais-durante-las-vacaciones-de-invierno\/","title":{"rendered":"Cuatro millones de personas viajaron por el pa\u00eds durante las vacaciones de invierno"},"content":{"rendered":"<div class=\"head-content\">\n<p>Las 10 provincias m\u00e1s visitadas fueron Buenos Aires, C\u00f3rdoba Entre R\u00edos, Mendoza, Salta, Neuqu\u00e9n, R\u00edo Negro, Jujuy, San Luis, y Santa Fe y entre todas alcanzaron el 75% del movimiento tur\u00edstico.<\/p>\n<div class=\"addthis_custom_sharing\" data-url=\"https:\/\/www.telam.com.ar\/notas\/202108\/563498-cuatro-millones-de-personas-viajaron-por-el-pais-durante-las-vacaciones-de-invierno.html\" data-title=\"Cuatro millones de personas viajaron por el pa\u00eds durante las vacaciones de invierno\" data-description=\"Las 10 provincias m\u00e1s visitadas fueron Buenos Aires, C\u00f3rdoba Entre R\u00edos, Mendoza, Salta, Neuqu\u00e9n, R\u00edo Negro, Jujuy, San Luis, y Santa Fe y entre todas alcanzaron el 75% del movimiento tur\u00edstico.\">\n<div id=\"atstbx\" class=\"at-resp-share-element at-style-responsive addthis-smartlayers addthis-animated at4-show\" role=\"region\" aria-labelledby=\"at-54fd935a-207c-47aa-b040-2a5f7186ba06\"><span id=\"at-54fd935a-207c-47aa-b040-2a5f7186ba06\" class=\"at4-visually-hidden\"><\/span><\/p>\n<div class=\"at-share-btn-elements\"><\/div>\n<\/div>\n<\/div>\n<\/div>\n<div class=\"main-content-block\">\n<div class=\"main-box clearfix\">\n<div class=\"wrapper-main-section clearfix\">\n<div class=\"wrapper-editable-content\">\n<div class=\"editable-content clearfix\">\n<div id=\"image\" class=\"image\"><img decoding=\"async\" title=\"Visitaron Mar del Plata m\u00e1s de m\u00e1s de 200 mil turistas. Foto: Diego Izquierdo.\" src=\"https:\/\/www.telam.com.ar\/advf\/imagenes\/2021\/07\/61032569b691c_1004x565.jpg\" alt=\"Visitaron Mar del Plata m\u00e1s de m\u00e1s de 200 mil turistas. Foto: Diego Izquierdo.\" \/><\/p>\n<div class=\"epigrafe\">Visitaron Mar del Plata m\u00e1s de m\u00e1s de 200 mil turistas. Foto: Diego Izquierdo.<\/div>\n<\/div>\n<p>Cuatro millones de personas viajaron por el pa\u00eds durante las vacaciones de invierno y, con un promedio de 5,5 noches de estad\u00eda, las ciudades m\u00e1s visitadas fueron\u00a0<strong>Mar del Plata, Bariloche y C\u00f3rdoba<\/strong>, inform\u00f3 este domingo el Ministerio de Turismo.<\/p>\n<p>En tanto, las ciudades m\u00e1s visitadas fueron Mar del Plata; Bariloche; C\u00f3rdoba; Salta; Carlos Paz; San Mart\u00edn de los Andes; Mendoza; Merlo; Rosario; Ushuaia y Tandil<\/p>\n<p>El ministro de Turismo,\u00a0<strong>Mat\u00edas Lammens<\/strong>, dijo: \u00abEstamos muy contentos con el receso invernal en la que hubo un\u00a0<strong>muy buen nivel de ocupaci\u00f3n\u00a0<\/strong>en la mayor\u00eda de los destinos del pa\u00eds, lo que brind\u00f3 una bocanada de aire fresco al sector tur\u00edstico\u201d.<\/p>\n<p>\u201cEste buen movimiento nos hace pensar que tendremos una temporada de verano que ser\u00e1 la mejor de los \u00faltimos a\u00f1os, potenciada por el Plan PreViaje que estaremos lanzando en agosto\u00bb, agreg\u00f3.<\/p>\n<p>Seg\u00fan datos brindados por el sector privado, visitaron Mar del Plata m\u00e1s de m\u00e1s de 200 mil turistas, hubo una ocupaci\u00f3n hotelera del 61% en Villa Gesell, Pinamar y Caril\u00f3, 92% en Mar de las Pampas y 90 en Sierra de la Ventana.<\/p>\n<div id=\"image\" class=\"image\"><img decoding=\"async\" title=\"4 millones de personas viajaron por el pa\u00eds durante las vacaciones. Foto: Diego Izquierdo.\" src=\"https:\/\/www.telam.com.ar\/advf\/imagenes\/2021\/07\/6105ab64c0718_1004x565.jpg\" alt=\"4 millones de personas viajaron por el pa\u00eds durante las vacaciones. Foto: Diego Izquierdo.\" \/><\/p>\n<div class=\"epigrafe\">4 millones de personas viajaron por el pa\u00eds durante las vacaciones. Foto: Diego Izquierdo.<\/div>\n<\/div>\n<p>La ciudad cordobesa de Villa Carlos Paz tuvo una ocupaci\u00f3n que lleg\u00f3 al 63%; en La Falda, 60%; Villa General Belgrano, 88%; Los Reartes, 71%; Nono, 75%; San Javier y Yacanto, 88%.<\/p>\n<p>En Mendoza, la ocupaci\u00f3n promedio fue del 67%: Zona de alta monta\u00f1a, 90%; Malarg\u00fce 88%; San Rafael, 89%; y Gran Mendoza 81%.<\/p>\n<p>El promedio en San Juan fue del 76%, ranking que fue liderado por Calingasta con el 91%, seguido por Iglesia, 78%; J\u00e1chal, 73%, Valle F\u00e9rtil, 89%; y Gran San Juan, 56%.<\/p>\n<p>En Jujuy, el lugar m\u00e1s visitado fue la Quebrada con el 84% de la ocupaci\u00f3n hotelera; las Yungas lleg\u00f3 al 66%; Regi\u00f3n de los Valles, 60%; y La Puna 59%.<\/p>\n<div id=\"image\" class=\"image\"><img decoding=\"async\" title=\"En Villa General Belgrano, la ocupaci\u00f3n lleg\u00f3 al 88%.\" src=\"https:\/\/www.telam.com.ar\/advf\/imagenes\/2017\/01\/587ff1367b97e_1004x565.jpg\" alt=\"En Villa General Belgrano, la ocupaci\u00f3n lleg\u00f3 al 88%.\" \/><\/p>\n<div class=\"epigrafe\">En Villa General Belgrano, la ocupaci\u00f3n lleg\u00f3 al 88%.<\/div>\n<\/div>\n<p>En la provincia de Salta, Cafayate tuvo una ocupaci\u00f3n fue del 87%; Cachi, 87% y la ciudad de Salta un 50%.<\/p>\n<p>Yerba Buena en Tucum\u00e1n lleg\u00f3 al 99%; San Javier y Taf\u00ed del Valle al 94% y San Miguel de Tucum\u00e1n al 62%.<\/p>\n<p>Misiones tuvo un promedio de 57%, donde Mocon\u00e1 registr\u00f3 un 75% e Iguaz\u00fa un 43%.<\/p>\n<p>Merlo en San Luis, consign\u00f3 una ocupaci\u00f3n hotelera del 70%<\/p>\n<p>En Corrientes, Colonia Carlos Pellegrini, 80%; Concepci\u00f3n, 60%; y Ciudad de Corrientes, 40%.<\/p>\n<p>En Entre R\u00edos, Gualeguaych\u00fa, 77%; Concepci\u00f3n del Uruguay, 75%; y Col\u00f3n, 76%.<\/p>\n<p>La ciudad rionegrina de Bariloche tuvo una ocupaci\u00f3n del 70%, al igual que El Bols\u00f3n<\/p>\n<p>En Neuqu\u00e9n, San Mart\u00edn de los Andes lleg\u00f3 al 73%.<\/p>\n<p>Lago Puelo, en Chubut, registr\u00f3 el 54% de ocupaci\u00f3n, mientras que Esquel el 50% y la Pen\u00ednsula Vald\u00e9s el 55%.<\/p>\n<p>El Calafate, Santa Cruz, tuvo el 79% de ocupaci\u00f3n de la hotelera disponible.<\/p>\n<p>Y en Tierra del Fuego, Ushuaia lleg\u00f3 al 83%.<\/p><\/div>\n<\/div>\n<\/div>\n<\/div>\n<\/div>\n","protected":false},"excerpt":{"rendered":"<p>Cuatro millones de personas viajaron por el pa\u00eds durante las vacaciones de invierno y, con un promedio de 5,5 noches de estad\u00eda, las ciudades m\u00e1s visitadas fueron\u00a0Mar del Plata, Bariloche y C\u00f3rdoba, inform\u00f3 este domingo el Ministerio de Turismo. En tanto, las ciudades m\u00e1s visitadas fueron Mar del Plata; Bariloche; C\u00f3rdoba; Salta; Carlos Paz; San Mart\u00edn de los Andes; Mendoza; Merlo; Rosario; Ushuaia y Tandil<\/p>\n","protected":false},"author":3,"featured_media":60391,"comment_status":"closed","ping_status":"closed","sticky":false,"template":"","format":"standard","meta":{"footnotes":""},"categories":[33],"tags":[48],"class_list":["post-60919","post","type-post","status-publish","format-standard","has-post-thumbnail","hentry","category-turismo","tag-destacada"],"yoast_head":"<!-- This site is optimized with the Yoast SEO plugin v25.9 - https:\/\/yoast.com\/wordpress\/plugins\/seo\/ -->\n<title>Cuatro millones de personas viajaron por el pa\u00eds durante las vacaciones de invierno - Noticias Radio Reflejos<\/title>\n<meta name=\"robots\" content=\"index, follow, max-snippet:-1, max-image-preview:large, max-video-preview:-1\" \/>\n<link rel=\"canonical\" href=\"https:\/\/www.noticiasradioreflejos.com.ar\/2021\/cuatro-millones-de-personas-viajaron-por-el-pais-durante-las-vacaciones-de-invierno\/\" \/>\n<meta property=\"og:locale\" content=\"es_ES\" \/>\n<meta property=\"og:type\" content=\"article\" \/>\n<meta property=\"og:title\" content=\"Cuatro millones de personas viajaron por el pa\u00eds durante las vacaciones de invierno - Noticias Radio Reflejos\" \/>\n<meta property=\"og:description\" content=\"Cuatro millones de personas viajaron por el pa\u00eds durante las vacaciones de invierno y, con un promedio de 5,5 noches de estad\u00eda, las ciudades m\u00e1s visitadas fueron\u00a0Mar del Plata, Bariloche y C\u00f3rdoba, inform\u00f3 este domingo el Ministerio de Turismo. En tanto, las ciudades m\u00e1s visitadas fueron Mar del Plata; Bariloche; C\u00f3rdoba; Salta; Carlos Paz; San Mart\u00edn de los Andes; Mendoza; Merlo; Rosario; Ushuaia y Tandil\" \/>\n<meta property=\"og:url\" content=\"https:\/\/www.noticiasradioreflejos.com.ar\/2021\/cuatro-millones-de-personas-viajaron-por-el-pais-durante-las-vacaciones-de-invierno\/\" \/>\n<meta property=\"og:site_name\" content=\"Noticias Radio Reflejos\" \/>\n<meta property=\"article:published_time\" content=\"2021-08-02T10:26:18+00:00\" \/>\n<meta property=\"og:image\" content=\"https:\/\/www.noticiasradioreflejos.com.ar\/2021\/wp-content\/uploads\/2021\/07\/Turismo-Domingo-18-14.jpg\" \/>\n\t<meta property=\"og:image:width\" content=\"2304\" \/>\n\t<meta property=\"og:image:height\" content=\"1296\" \/>\n\t<meta property=\"og:image:type\" content=\"image\/jpeg\" \/>\n<meta name=\"author\" content=\"Arnaldo Botto\" \/>\n<meta name=\"twitter:card\" content=\"summary_large_image\" \/>\n<script type=\"application\/ld+json\" class=\"yoast-schema-graph\">{\"@context\":\"https:\/\/schema.org\",\"@graph\":[{\"@type\":\"WebPage\",\"@id\":\"https:\/\/www.noticiasradioreflejos.com.ar\/2021\/cuatro-millones-de-personas-viajaron-por-el-pais-durante-las-vacaciones-de-invierno\/\",\"url\":\"https:\/\/www.noticiasradioreflejos.com.ar\/2021\/cuatro-millones-de-personas-viajaron-por-el-pais-durante-las-vacaciones-de-invierno\/\",\"name\":\"Cuatro millones de personas viajaron por el pa\u00eds durante las vacaciones de invierno - Noticias Radio Reflejos\",\"isPartOf\":{\"@id\":\"https:\/\/www.noticiasradioreflejos.com.ar\/2021\/#website\"},\"primaryImageOfPage\":{\"@id\":\"https:\/\/www.noticiasradioreflejos.com.ar\/2021\/cuatro-millones-de-personas-viajaron-por-el-pais-durante-las-vacaciones-de-invierno\/#primaryimage\"},\"image\":{\"@id\":\"https:\/\/www.noticiasradioreflejos.com.ar\/2021\/cuatro-millones-de-personas-viajaron-por-el-pais-durante-las-vacaciones-de-invierno\/#primaryimage\"},\"thumbnailUrl\":\"https:\/\/www.noticiasradioreflejos.com.ar\/2021\/wp-content\/uploads\/2021\/07\/Turismo-Domingo-18-14.jpg\",\"datePublished\":\"2021-08-02T10:26:18+00:00\",\"author\":{\"@id\":\"https:\/\/www.noticiasradioreflejos.com.ar\/2021\/#\/schema\/person\/ad82545263dcc5ec0996818884fd5fb1\"},\"breadcrumb\":{\"@id\":\"https:\/\/www.noticiasradioreflejos.com.ar\/2021\/cuatro-millones-de-personas-viajaron-por-el-pais-durante-las-vacaciones-de-invierno\/#breadcrumb\"},\"inLanguage\":\"es\",\"potentialAction\":[{\"@type\":\"ReadAction\",\"target\":[\"https:\/\/www.noticiasradioreflejos.com.ar\/2021\/cuatro-millones-de-personas-viajaron-por-el-pais-durante-las-vacaciones-de-invierno\/\"]}]},{\"@type\":\"ImageObject\",\"inLanguage\":\"es\",\"@id\":\"https:\/\/www.noticiasradioreflejos.com.ar\/2021\/cuatro-millones-de-personas-viajaron-por-el-pais-durante-las-vacaciones-de-invierno\/#primaryimage\",\"url\":\"https:\/\/www.noticiasradioreflejos.com.ar\/2021\/wp-content\/uploads\/2021\/07\/Turismo-Domingo-18-14.jpg\",\"contentUrl\":\"https:\/\/www.noticiasradioreflejos.com.ar\/2021\/wp-content\/uploads\/2021\/07\/Turismo-Domingo-18-14.jpg\",\"width\":2304,\"height\":1296},{\"@type\":\"BreadcrumbList\",\"@id\":\"https:\/\/www.noticiasradioreflejos.com.ar\/2021\/cuatro-millones-de-personas-viajaron-por-el-pais-durante-las-vacaciones-de-invierno\/#breadcrumb\",\"itemListElement\":[{\"@type\":\"ListItem\",\"position\":1,\"name\":\"Portada\",\"item\":\"https:\/\/www.noticiasradioreflejos.com.ar\/2021\/\"},{\"@type\":\"ListItem\",\"position\":2,\"name\":\"Cuatro millones de personas viajaron por el pa\u00eds durante las vacaciones de invierno\"}]},{\"@type\":\"WebSite\",\"@id\":\"https:\/\/www.noticiasradioreflejos.com.ar\/2021\/#website\",\"url\":\"https:\/\/www.noticiasradioreflejos.com.ar\/2021\/\",\"name\":\"Noticias Radio Reflejos\",\"description\":\"Las noticias de mi comarca\",\"potentialAction\":[{\"@type\":\"SearchAction\",\"target\":{\"@type\":\"EntryPoint\",\"urlTemplate\":\"https:\/\/www.noticiasradioreflejos.com.ar\/2021\/?s={search_term_string}\"},\"query-input\":{\"@type\":\"PropertyValueSpecification\",\"valueRequired\":true,\"valueName\":\"search_term_string\"}}],\"inLanguage\":\"es\"},{\"@type\":\"Person\",\"@id\":\"https:\/\/www.noticiasradioreflejos.com.ar\/2021\/#\/schema\/person\/ad82545263dcc5ec0996818884fd5fb1\",\"name\":\"Arnaldo Botto\",\"image\":{\"@type\":\"ImageObject\",\"inLanguage\":\"es\",\"@id\":\"https:\/\/www.noticiasradioreflejos.com.ar\/2021\/#\/schema\/person\/image\/\",\"url\":\"https:\/\/secure.gravatar.com\/avatar\/55cb5e37c1efa326397366e6974cb338056df65cb50e7d64d1cf314e87504837?s=96&d=mm&r=g\",\"contentUrl\":\"https:\/\/secure.gravatar.com\/avatar\/55cb5e37c1efa326397366e6974cb338056df65cb50e7d64d1cf314e87504837?s=96&d=mm&r=g\",\"caption\":\"Arnaldo Botto\"},\"url\":\"https:\/\/www.noticiasradioreflejos.com.ar\/2021\/author\/arnaldo\/\"}]}<\/script>\n<!-- \/ Yoast SEO plugin. -->","yoast_head_json":{"title":"Cuatro millones de personas viajaron por el pa\u00eds durante las vacaciones de invierno - Noticias Radio Reflejos","robots":{"index":"index","follow":"follow","max-snippet":"max-snippet:-1","max-image-preview":"max-image-preview:large","max-video-preview":"max-video-preview:-1"},"canonical":"https:\/\/www.noticiasradioreflejos.com.ar\/2021\/cuatro-millones-de-personas-viajaron-por-el-pais-durante-las-vacaciones-de-invierno\/","og_locale":"es_ES","og_type":"article","og_title":"Cuatro millones de personas viajaron por el pa\u00eds durante las vacaciones de invierno - Noticias Radio Reflejos","og_description":"Cuatro millones de personas viajaron por el pa\u00eds durante las vacaciones de invierno y, con un promedio de 5,5 noches de estad\u00eda, las ciudades m\u00e1s visitadas fueron\u00a0Mar del Plata, Bariloche y C\u00f3rdoba, inform\u00f3 este domingo el Ministerio de Turismo. En tanto, las ciudades m\u00e1s visitadas fueron Mar del Plata; Bariloche; C\u00f3rdoba; Salta; Carlos Paz; San Mart\u00edn de los Andes; Mendoza; Merlo; Rosario; Ushuaia y Tandil","og_url":"https:\/\/www.noticiasradioreflejos.com.ar\/2021\/cuatro-millones-de-personas-viajaron-por-el-pais-durante-las-vacaciones-de-invierno\/","og_site_name":"Noticias Radio Reflejos","article_published_time":"2021-08-02T10:26:18+00:00","og_image":[{"width":2304,"height":1296,"url":"https:\/\/www.noticiasradioreflejos.com.ar\/2021\/wp-content\/uploads\/2021\/07\/Turismo-Domingo-18-14.jpg","type":"image\/jpeg"}],"author":"Arnaldo Botto","twitter_card":"summary_large_image","schema":{"@context":"https:\/\/schema.org","@graph":[{"@type":"WebPage","@id":"https:\/\/www.noticiasradioreflejos.com.ar\/2021\/cuatro-millones-de-personas-viajaron-por-el-pais-durante-las-vacaciones-de-invierno\/","url":"https:\/\/www.noticiasradioreflejos.com.ar\/2021\/cuatro-millones-de-personas-viajaron-por-el-pais-durante-las-vacaciones-de-invierno\/","name":"Cuatro millones de personas viajaron por el pa\u00eds durante las vacaciones de invierno - Noticias Radio Reflejos","isPartOf":{"@id":"https:\/\/www.noticiasradioreflejos.com.ar\/2021\/#website"},"primaryImageOfPage":{"@id":"https:\/\/www.noticiasradioreflejos.com.ar\/2021\/cuatro-millones-de-personas-viajaron-por-el-pais-durante-las-vacaciones-de-invierno\/#primaryimage"},"image":{"@id":"https:\/\/www.noticiasradioreflejos.com.ar\/2021\/cuatro-millones-de-personas-viajaron-por-el-pais-durante-las-vacaciones-de-invierno\/#primaryimage"},"thumbnailUrl":"https:\/\/www.noticiasradioreflejos.com.ar\/2021\/wp-content\/uploads\/2021\/07\/Turismo-Domingo-18-14.jpg","datePublished":"2021-08-02T10:26:18+00:00","author":{"@id":"https:\/\/www.noticiasradioreflejos.com.ar\/2021\/#\/schema\/person\/ad82545263dcc5ec0996818884fd5fb1"},"breadcrumb":{"@id":"https:\/\/www.noticiasradioreflejos.com.ar\/2021\/cuatro-millones-de-personas-viajaron-por-el-pais-durante-las-vacaciones-de-invierno\/#breadcrumb"},"inLanguage":"es","potentialAction":[{"@type":"ReadAction","target":["https:\/\/www.noticiasradioreflejos.com.ar\/2021\/cuatro-millones-de-personas-viajaron-por-el-pais-durante-las-vacaciones-de-invierno\/"]}]},{"@type":"ImageObject","inLanguage":"es","@id":"https:\/\/www.noticiasradioreflejos.com.ar\/2021\/cuatro-millones-de-personas-viajaron-por-el-pais-durante-las-vacaciones-de-invierno\/#primaryimage","url":"https:\/\/www.noticiasradioreflejos.com.ar\/2021\/wp-content\/uploads\/2021\/07\/Turismo-Domingo-18-14.jpg","contentUrl":"https:\/\/www.noticiasradioreflejos.com.ar\/2021\/wp-content\/uploads\/2021\/07\/Turismo-Domingo-18-14.jpg","width":2304,"height":1296},{"@type":"BreadcrumbList","@id":"https:\/\/www.noticiasradioreflejos.com.ar\/2021\/cuatro-millones-de-personas-viajaron-por-el-pais-durante-las-vacaciones-de-invierno\/#breadcrumb","itemListElement":[{"@type":"ListItem","position":1,"name":"Portada","item":"https:\/\/www.noticiasradioreflejos.com.ar\/2021\/"},{"@type":"ListItem","position":2,"name":"Cuatro millones de personas viajaron por el pa\u00eds durante las vacaciones de invierno"}]},{"@type":"WebSite","@id":"https:\/\/www.noticiasradioreflejos.com.ar\/2021\/#website","url":"https:\/\/www.noticiasradioreflejos.com.ar\/2021\/","name":"Noticias Radio Reflejos","description":"Las noticias de mi comarca","potentialAction":[{"@type":"SearchAction","target":{"@type":"EntryPoint","urlTemplate":"https:\/\/www.noticiasradioreflejos.com.ar\/2021\/?s={search_term_string}"},"query-input":{"@type":"PropertyValueSpecification","valueRequired":true,"valueName":"search_term_string"}}],"inLanguage":"es"},{"@type":"Person","@id":"https:\/\/www.noticiasradioreflejos.com.ar\/2021\/#\/schema\/person\/ad82545263dcc5ec0996818884fd5fb1","name":"Arnaldo Botto","image":{"@type":"ImageObject","inLanguage":"es","@id":"https:\/\/www.noticiasradioreflejos.com.ar\/2021\/#\/schema\/person\/image\/","url":"https:\/\/secure.gravatar.com\/avatar\/55cb5e37c1efa326397366e6974cb338056df65cb50e7d64d1cf314e87504837?s=96&d=mm&r=g","contentUrl":"https:\/\/secure.gravatar.com\/avatar\/55cb5e37c1efa326397366e6974cb338056df65cb50e7d64d1cf314e87504837?s=96&d=mm&r=g","caption":"Arnaldo Botto"},"url":"https:\/\/www.noticiasradioreflejos.com.ar\/2021\/author\/arnaldo\/"}]}},"_links":{"self":[{"href":"https:\/\/www.noticiasradioreflejos.com.ar\/2021\/wp-json\/wp\/v2\/posts\/60919","targetHints":{"allow":["GET"]}}],"collection":[{"href":"https:\/\/www.noticiasradioreflejos.com.ar\/2021\/wp-json\/wp\/v2\/posts"}],"about":[{"href":"https:\/\/www.noticiasradioreflejos.com.ar\/2021\/wp-json\/wp\/v2\/types\/post"}],"author":[{"embeddable":true,"href":"https:\/\/www.noticiasradioreflejos.com.ar\/2021\/wp-json\/wp\/v2\/users\/3"}],"replies":[{"embeddable":true,"href":"https:\/\/www.noticiasradioreflejos.com.ar\/2021\/wp-json\/wp\/v2\/comments?post=60919"}],"version-history":[{"count":1,"href":"https:\/\/www.noticiasradioreflejos.com.ar\/2021\/wp-json\/wp\/v2\/posts\/60919\/revisions"}],"predecessor-version":[{"id":60920,"href":"https:\/\/www.noticiasradioreflejos.com.ar\/2021\/wp-json\/wp\/v2\/posts\/60919\/revisions\/60920"}],"wp:featuredmedia":[{"embeddable":true,"href":"https:\/\/www.noticiasradioreflejos.com.ar\/2021\/wp-json\/wp\/v2\/media\/60391"}],"wp:attachment":[{"href":"https:\/\/www.noticiasradioreflejos.com.ar\/2021\/wp-json\/wp\/v2\/media?parent=60919"}],"wp:term":[{"taxonomy":"category","embeddable":true,"href":"https:\/\/www.noticiasradioreflejos.com.ar\/2021\/wp-json\/wp\/v2\/categories?post=60919"},{"taxonomy":"post_tag","embeddable":true,"href":"https:\/\/www.noticiasradioreflejos.com.ar\/2021\/wp-json\/wp\/v2\/tags?post=60919"}],"curies":[{"name":"wp","href":"https:\/\/api.w.org\/{rel}","templated":true}]}}