{"id":60780,"date":"2021-07-28T23:50:31","date_gmt":"2021-07-28T23:50:31","guid":{"rendered":"http:\/\/www.noticiasradioreflejos.com.ar\/2021\/?p=60780"},"modified":"2021-07-28T23:50:31","modified_gmt":"2021-07-28T23:50:31","slug":"carta-de-lectores-yo-senor-no-senor-pues-entonces-quien","status":"publish","type":"post","link":"https:\/\/www.noticiasradioreflejos.com.ar\/2021\/carta-de-lectores-yo-senor-no-senor-pues-entonces-quien\/","title":{"rendered":"Carta de lectores: YO SE\u00d1OR, NO SE\u00d1OR, PUES ENTONCES&#8230; \u00bfQUI\u00c9N?"},"content":{"rendered":"<p style=\"font-weight: 400;\">El fuerte viento de las \u00faltimas jornadas, irrespetuoso y vand\u00e1lico, azot\u00f3 con toda su fuerza\u00a0\u00a0un cable que cruza de vereda a vereda la calle Mahuida a unos metros de la esquina con Pringles bajando hacia la ruta.<!--more--><\/p>\n<p style=\"font-weight: 400;\">A sabiendas de que un cable ca\u00eddo puede \u00a0entra\u00f1ar\u00a0un riesgo potencial de cualquier orden,\u00a0llam\u00e9 a la guardia el\u00e9ctrica que acudi\u00f3 inmediatamente para constatar que no le pertenec\u00eda a\u00a0COOPERSIVE. Lo mismo ocurri\u00f3 con Sierra Visi\u00f3n que no reconoci\u00f3 al cable como propio. Envi\u00e9 una mensaje de WsApp al Delegado de Sierra de la Ventana pero no obtuve ninguna respuesta.<\/p>\n<p style=\"font-weight: 400;\">Entonces me pregunt\u00e9 \u00bfa qui\u00e9n podemos acudir lxs vecinxs cada vez que nos aqueja alguna situaci\u00f3n de car\u00e1cter p\u00fablico? \u00bfAl Intendente, a lxs funcionarixs del \u00e1rea, a les concejales?<\/p>\n<p style=\"font-weight: 400;\">Me gustar\u00eda saber&#8230; NORMA BLANCA FERNANDEZ &#8211; VECINA DE SIERRA DE LA VENTANA<\/p>\n<p style=\"font-weight: 400;\">He aqu\u00ed el cable:<\/p>\n<p><a href=\"http:\/\/www.noticiasradioreflejos.com.ar\/2021\/wp-content\/uploads\/2021\/07\/Nueva-imagen-8.bmp\"><img loading=\"lazy\" decoding=\"async\" class=\"aligncenter size-full wp-image-60782\" src=\"http:\/\/www.noticiasradioreflejos.com.ar\/2021\/wp-content\/uploads\/2021\/07\/Nueva-imagen-8.bmp\" alt=\"\" width=\"1280\" height=\"960\" \/><\/a><\/p>\n","protected":false},"excerpt":{"rendered":"<p>El fuerte viento de las \u00faltimas jornadas, irrespetuoso y vand\u00e1lico, azot\u00f3 con toda su fuerza\u00a0\u00a0un cable que cruza de vereda a vereda la calle Mahuida a unos metros de la esquina con Pringles bajando hacia la ruta.<\/p>\n","protected":false},"author":3,"featured_media":0,"comment_status":"closed","ping_status":"closed","sticky":false,"template":"","format":"standard","meta":{"footnotes":""},"categories":[26],"tags":[],"class_list":["post-60780","post","type-post","status-publish","format-standard","hentry","category-sociedad"],"yoast_head":"<!-- This site is optimized with the Yoast SEO plugin v25.9 - https:\/\/yoast.com\/wordpress\/plugins\/seo\/ -->\n<title>Carta de lectores: YO SE\u00d1OR, NO SE\u00d1OR, PUES ENTONCES... \u00bfQUI\u00c9N? - Noticias Radio Reflejos<\/title>\n<meta name=\"robots\" content=\"index, follow, max-snippet:-1, max-image-preview:large, max-video-preview:-1\" \/>\n<link rel=\"canonical\" href=\"https:\/\/www.noticiasradioreflejos.com.ar\/2021\/carta-de-lectores-yo-senor-no-senor-pues-entonces-quien\/\" \/>\n<meta property=\"og:locale\" content=\"es_ES\" \/>\n<meta property=\"og:type\" content=\"article\" \/>\n<meta property=\"og:title\" content=\"Carta de lectores: YO SE\u00d1OR, NO SE\u00d1OR, PUES ENTONCES... \u00bfQUI\u00c9N? - Noticias Radio Reflejos\" \/>\n<meta property=\"og:description\" content=\"El fuerte viento de las \u00faltimas jornadas, irrespetuoso y vand\u00e1lico, azot\u00f3 con toda su fuerza\u00a0\u00a0un cable que cruza de vereda a vereda la calle Mahuida a unos metros de la esquina con Pringles bajando hacia la ruta.\" \/>\n<meta property=\"og:url\" content=\"https:\/\/www.noticiasradioreflejos.com.ar\/2021\/carta-de-lectores-yo-senor-no-senor-pues-entonces-quien\/\" \/>\n<meta property=\"og:site_name\" content=\"Noticias Radio Reflejos\" \/>\n<meta property=\"article:published_time\" content=\"2021-07-28T23:50:31+00:00\" \/>\n<meta property=\"og:image\" content=\"http:\/\/www.noticiasradioreflejos.com.ar\/2021\/wp-content\/uploads\/2021\/07\/Nueva-imagen-8.bmp\" \/>\n<meta name=\"author\" content=\"Arnaldo Botto\" \/>\n<meta name=\"twitter:card\" content=\"summary_large_image\" \/>\n<script type=\"application\/ld+json\" class=\"yoast-schema-graph\">{\"@context\":\"https:\/\/schema.org\",\"@graph\":[{\"@type\":\"WebPage\",\"@id\":\"https:\/\/www.noticiasradioreflejos.com.ar\/2021\/carta-de-lectores-yo-senor-no-senor-pues-entonces-quien\/\",\"url\":\"https:\/\/www.noticiasradioreflejos.com.ar\/2021\/carta-de-lectores-yo-senor-no-senor-pues-entonces-quien\/\",\"name\":\"Carta de lectores: YO SE\u00d1OR, NO SE\u00d1OR, PUES ENTONCES... \u00bfQUI\u00c9N? - Noticias Radio Reflejos\",\"isPartOf\":{\"@id\":\"https:\/\/www.noticiasradioreflejos.com.ar\/2021\/#website\"},\"primaryImageOfPage\":{\"@id\":\"https:\/\/www.noticiasradioreflejos.com.ar\/2021\/carta-de-lectores-yo-senor-no-senor-pues-entonces-quien\/#primaryimage\"},\"image\":{\"@id\":\"https:\/\/www.noticiasradioreflejos.com.ar\/2021\/carta-de-lectores-yo-senor-no-senor-pues-entonces-quien\/#primaryimage\"},\"thumbnailUrl\":\"http:\/\/www.noticiasradioreflejos.com.ar\/2021\/wp-content\/uploads\/2021\/07\/Nueva-imagen-8.bmp\",\"datePublished\":\"2021-07-28T23:50:31+00:00\",\"author\":{\"@id\":\"https:\/\/www.noticiasradioreflejos.com.ar\/2021\/#\/schema\/person\/ad82545263dcc5ec0996818884fd5fb1\"},\"breadcrumb\":{\"@id\":\"https:\/\/www.noticiasradioreflejos.com.ar\/2021\/carta-de-lectores-yo-senor-no-senor-pues-entonces-quien\/#breadcrumb\"},\"inLanguage\":\"es\",\"potentialAction\":[{\"@type\":\"ReadAction\",\"target\":[\"https:\/\/www.noticiasradioreflejos.com.ar\/2021\/carta-de-lectores-yo-senor-no-senor-pues-entonces-quien\/\"]}]},{\"@type\":\"ImageObject\",\"inLanguage\":\"es\",\"@id\":\"https:\/\/www.noticiasradioreflejos.com.ar\/2021\/carta-de-lectores-yo-senor-no-senor-pues-entonces-quien\/#primaryimage\",\"url\":\"\",\"contentUrl\":\"\"},{\"@type\":\"BreadcrumbList\",\"@id\":\"https:\/\/www.noticiasradioreflejos.com.ar\/2021\/carta-de-lectores-yo-senor-no-senor-pues-entonces-quien\/#breadcrumb\",\"itemListElement\":[{\"@type\":\"ListItem\",\"position\":1,\"name\":\"Portada\",\"item\":\"https:\/\/www.noticiasradioreflejos.com.ar\/2021\/\"},{\"@type\":\"ListItem\",\"position\":2,\"name\":\"Carta de lectores: YO SE\u00d1OR, NO SE\u00d1OR, PUES ENTONCES&#8230; \u00bfQUI\u00c9N?\"}]},{\"@type\":\"WebSite\",\"@id\":\"https:\/\/www.noticiasradioreflejos.com.ar\/2021\/#website\",\"url\":\"https:\/\/www.noticiasradioreflejos.com.ar\/2021\/\",\"name\":\"Noticias Radio Reflejos\",\"description\":\"Las noticias de mi comarca\",\"potentialAction\":[{\"@type\":\"SearchAction\",\"target\":{\"@type\":\"EntryPoint\",\"urlTemplate\":\"https:\/\/www.noticiasradioreflejos.com.ar\/2021\/?s={search_term_string}\"},\"query-input\":{\"@type\":\"PropertyValueSpecification\",\"valueRequired\":true,\"valueName\":\"search_term_string\"}}],\"inLanguage\":\"es\"},{\"@type\":\"Person\",\"@id\":\"https:\/\/www.noticiasradioreflejos.com.ar\/2021\/#\/schema\/person\/ad82545263dcc5ec0996818884fd5fb1\",\"name\":\"Arnaldo Botto\",\"image\":{\"@type\":\"ImageObject\",\"inLanguage\":\"es\",\"@id\":\"https:\/\/www.noticiasradioreflejos.com.ar\/2021\/#\/schema\/person\/image\/\",\"url\":\"https:\/\/secure.gravatar.com\/avatar\/55cb5e37c1efa326397366e6974cb338056df65cb50e7d64d1cf314e87504837?s=96&d=mm&r=g\",\"contentUrl\":\"https:\/\/secure.gravatar.com\/avatar\/55cb5e37c1efa326397366e6974cb338056df65cb50e7d64d1cf314e87504837?s=96&d=mm&r=g\",\"caption\":\"Arnaldo Botto\"},\"url\":\"https:\/\/www.noticiasradioreflejos.com.ar\/2021\/author\/arnaldo\/\"}]}<\/script>\n<!-- \/ Yoast SEO plugin. -->","yoast_head_json":{"title":"Carta de lectores: YO SE\u00d1OR, NO SE\u00d1OR, PUES ENTONCES... \u00bfQUI\u00c9N? - Noticias Radio Reflejos","robots":{"index":"index","follow":"follow","max-snippet":"max-snippet:-1","max-image-preview":"max-image-preview:large","max-video-preview":"max-video-preview:-1"},"canonical":"https:\/\/www.noticiasradioreflejos.com.ar\/2021\/carta-de-lectores-yo-senor-no-senor-pues-entonces-quien\/","og_locale":"es_ES","og_type":"article","og_title":"Carta de lectores: YO SE\u00d1OR, NO SE\u00d1OR, PUES ENTONCES... \u00bfQUI\u00c9N? - Noticias Radio Reflejos","og_description":"El fuerte viento de las \u00faltimas jornadas, irrespetuoso y vand\u00e1lico, azot\u00f3 con toda su fuerza\u00a0\u00a0un cable que cruza de vereda a vereda la calle Mahuida a unos metros de la esquina con Pringles bajando hacia la ruta.","og_url":"https:\/\/www.noticiasradioreflejos.com.ar\/2021\/carta-de-lectores-yo-senor-no-senor-pues-entonces-quien\/","og_site_name":"Noticias Radio Reflejos","article_published_time":"2021-07-28T23:50:31+00:00","og_image":[{"url":"http:\/\/www.noticiasradioreflejos.com.ar\/2021\/wp-content\/uploads\/2021\/07\/Nueva-imagen-8.bmp","type":"","width":"","height":""}],"author":"Arnaldo Botto","twitter_card":"summary_large_image","schema":{"@context":"https:\/\/schema.org","@graph":[{"@type":"WebPage","@id":"https:\/\/www.noticiasradioreflejos.com.ar\/2021\/carta-de-lectores-yo-senor-no-senor-pues-entonces-quien\/","url":"https:\/\/www.noticiasradioreflejos.com.ar\/2021\/carta-de-lectores-yo-senor-no-senor-pues-entonces-quien\/","name":"Carta de lectores: YO SE\u00d1OR, NO SE\u00d1OR, PUES ENTONCES... \u00bfQUI\u00c9N? - Noticias Radio Reflejos","isPartOf":{"@id":"https:\/\/www.noticiasradioreflejos.com.ar\/2021\/#website"},"primaryImageOfPage":{"@id":"https:\/\/www.noticiasradioreflejos.com.ar\/2021\/carta-de-lectores-yo-senor-no-senor-pues-entonces-quien\/#primaryimage"},"image":{"@id":"https:\/\/www.noticiasradioreflejos.com.ar\/2021\/carta-de-lectores-yo-senor-no-senor-pues-entonces-quien\/#primaryimage"},"thumbnailUrl":"http:\/\/www.noticiasradioreflejos.com.ar\/2021\/wp-content\/uploads\/2021\/07\/Nueva-imagen-8.bmp","datePublished":"2021-07-28T23:50:31+00:00","author":{"@id":"https:\/\/www.noticiasradioreflejos.com.ar\/2021\/#\/schema\/person\/ad82545263dcc5ec0996818884fd5fb1"},"breadcrumb":{"@id":"https:\/\/www.noticiasradioreflejos.com.ar\/2021\/carta-de-lectores-yo-senor-no-senor-pues-entonces-quien\/#breadcrumb"},"inLanguage":"es","potentialAction":[{"@type":"ReadAction","target":["https:\/\/www.noticiasradioreflejos.com.ar\/2021\/carta-de-lectores-yo-senor-no-senor-pues-entonces-quien\/"]}]},{"@type":"ImageObject","inLanguage":"es","@id":"https:\/\/www.noticiasradioreflejos.com.ar\/2021\/carta-de-lectores-yo-senor-no-senor-pues-entonces-quien\/#primaryimage","url":"","contentUrl":""},{"@type":"BreadcrumbList","@id":"https:\/\/www.noticiasradioreflejos.com.ar\/2021\/carta-de-lectores-yo-senor-no-senor-pues-entonces-quien\/#breadcrumb","itemListElement":[{"@type":"ListItem","position":1,"name":"Portada","item":"https:\/\/www.noticiasradioreflejos.com.ar\/2021\/"},{"@type":"ListItem","position":2,"name":"Carta de lectores: YO SE\u00d1OR, NO SE\u00d1OR, PUES ENTONCES&#8230; \u00bfQUI\u00c9N?"}]},{"@type":"WebSite","@id":"https:\/\/www.noticiasradioreflejos.com.ar\/2021\/#website","url":"https:\/\/www.noticiasradioreflejos.com.ar\/2021\/","name":"Noticias Radio Reflejos","description":"Las noticias de mi comarca","potentialAction":[{"@type":"SearchAction","target":{"@type":"EntryPoint","urlTemplate":"https:\/\/www.noticiasradioreflejos.com.ar\/2021\/?s={search_term_string}"},"query-input":{"@type":"PropertyValueSpecification","valueRequired":true,"valueName":"search_term_string"}}],"inLanguage":"es"},{"@type":"Person","@id":"https:\/\/www.noticiasradioreflejos.com.ar\/2021\/#\/schema\/person\/ad82545263dcc5ec0996818884fd5fb1","name":"Arnaldo Botto","image":{"@type":"ImageObject","inLanguage":"es","@id":"https:\/\/www.noticiasradioreflejos.com.ar\/2021\/#\/schema\/person\/image\/","url":"https:\/\/secure.gravatar.com\/avatar\/55cb5e37c1efa326397366e6974cb338056df65cb50e7d64d1cf314e87504837?s=96&d=mm&r=g","contentUrl":"https:\/\/secure.gravatar.com\/avatar\/55cb5e37c1efa326397366e6974cb338056df65cb50e7d64d1cf314e87504837?s=96&d=mm&r=g","caption":"Arnaldo Botto"},"url":"https:\/\/www.noticiasradioreflejos.com.ar\/2021\/author\/arnaldo\/"}]}},"_links":{"self":[{"href":"https:\/\/www.noticiasradioreflejos.com.ar\/2021\/wp-json\/wp\/v2\/posts\/60780","targetHints":{"allow":["GET"]}}],"collection":[{"href":"https:\/\/www.noticiasradioreflejos.com.ar\/2021\/wp-json\/wp\/v2\/posts"}],"about":[{"href":"https:\/\/www.noticiasradioreflejos.com.ar\/2021\/wp-json\/wp\/v2\/types\/post"}],"author":[{"embeddable":true,"href":"https:\/\/www.noticiasradioreflejos.com.ar\/2021\/wp-json\/wp\/v2\/users\/3"}],"replies":[{"embeddable":true,"href":"https:\/\/www.noticiasradioreflejos.com.ar\/2021\/wp-json\/wp\/v2\/comments?post=60780"}],"version-history":[{"count":1,"href":"https:\/\/www.noticiasradioreflejos.com.ar\/2021\/wp-json\/wp\/v2\/posts\/60780\/revisions"}],"predecessor-version":[{"id":60785,"href":"https:\/\/www.noticiasradioreflejos.com.ar\/2021\/wp-json\/wp\/v2\/posts\/60780\/revisions\/60785"}],"wp:attachment":[{"href":"https:\/\/www.noticiasradioreflejos.com.ar\/2021\/wp-json\/wp\/v2\/media?parent=60780"}],"wp:term":[{"taxonomy":"category","embeddable":true,"href":"https:\/\/www.noticiasradioreflejos.com.ar\/2021\/wp-json\/wp\/v2\/categories?post=60780"},{"taxonomy":"post_tag","embeddable":true,"href":"https:\/\/www.noticiasradioreflejos.com.ar\/2021\/wp-json\/wp\/v2\/tags?post=60780"}],"curies":[{"name":"wp","href":"https:\/\/api.w.org\/{rel}","templated":true}]}}