{"id":60775,"date":"2021-07-28T19:09:07","date_gmt":"2021-07-28T19:09:07","guid":{"rendered":"http:\/\/www.noticiasradioreflejos.com.ar\/2021\/?p=60775"},"modified":"2021-07-28T19:09:07","modified_gmt":"2021-07-28T19:09:07","slug":"imputaron-de-hecho-al-policia-que-le-disparo-a-chano","status":"publish","type":"post","link":"https:\/\/www.noticiasradioreflejos.com.ar\/2021\/imputaron-de-hecho-al-policia-que-le-disparo-a-chano\/","title":{"rendered":"Imputaron \u00abde hecho\u00bb al polic\u00eda que le dispar\u00f3 a \u00abChano\u00bb"},"content":{"rendered":"<div class=\"head-content\">\n<p>El fiscal general de Z\u00e1rate-Campana confirm\u00f3 este mi\u00e9rcoles que el polic\u00eda que est\u00e1 siendo investigado por haberle disparado a Santiago \u00abChano\u00bb Moreno Charpentier <strong>qued\u00f3 imputado<\/strong>\u00a0en la causa en la que se investigan las circunstancias en las cuales el m\u00fasico fue baleado.<\/p>\n<\/div>\n<p><!--more--><\/p>\n<div class=\"main-content-block\">\n<div class=\"main-box clearfix\">\n<div class=\"wrapper-main-section clearfix\">\n<div class=\"wrapper-editable-content\">\n<div class=\"editable-content clearfix\">Jos\u00e9 Luis Casta\u00f1o dijo a T\u00e9lam que el oficial subayudante Facundo Nahuel Amendolara (27) qued\u00f3 \u00abimputado de hecho\u00bb en la causa en que se investiga su accionar ante un presunto brote psic\u00f3tico de \u00abChano\u00bb (39).<\/p>\n<p>El titular del Ministerio P\u00fablico del Departamento Judicial de Z\u00e1rate-Campana asegur\u00f3 que el polic\u00eda bonaerense \u00abfue formalmente notificado sobre la pericia bal\u00edstica para que eventualmente pueda nombrar al perito (de parte), tal como dispone el c\u00f3digo para los imputados\u00bb.<\/p>\n<p><strong>Si bien para el fiscal general \u201cla imputaci\u00f3n se efect\u00faa cuando se cometi\u00f3 un delito\u201d, la causa en la que se investiga su accionar al dispararle en el abdomen al exl\u00edder de Tan Bi\u00f3nica, cambi\u00f3 la car\u00e1tula a \u00abaveriguaci\u00f3n de il\u00edcito\u00bb.<\/strong><\/p>\n<p>Se estableci\u00f3 que la pericia bal\u00edstica se realizar\u00e1 el pr\u00f3ximo martes 3 de agosto y estar\u00e1 a cargo de la Divisi\u00f3n Bal\u00edstica de la Polic\u00eda Federal Argentina (PFA).<\/p><\/div>\n<\/div>\n<\/div>\n<\/div>\n<\/div>\n","protected":false},"excerpt":{"rendered":"<p>El fiscal general de Z\u00e1rate-Campana confirm\u00f3 este mi\u00e9rcoles que el polic\u00eda que est\u00e1 siendo investigado por haberle disparado a Santiago \u00abChano\u00bb Moreno Charpentier qued\u00f3 imputado\u00a0en la causa en la que se investigan las circunstancias en las cuales el m\u00fasico fue baleado.<\/p>\n","protected":false},"author":3,"featured_media":0,"comment_status":"closed","ping_status":"closed","sticky":false,"template":"","format":"standard","meta":{"footnotes":""},"categories":[29],"tags":[],"class_list":["post-60775","post","type-post","status-publish","format-standard","hentry","category-policiales"],"yoast_head":"<!-- This site is optimized with the Yoast SEO plugin v25.9 - https:\/\/yoast.com\/wordpress\/plugins\/seo\/ -->\n<title>Imputaron &quot;de hecho&quot; al polic\u00eda que le dispar\u00f3 a &quot;Chano&quot; - Noticias Radio Reflejos<\/title>\n<meta name=\"robots\" content=\"index, follow, max-snippet:-1, max-image-preview:large, max-video-preview:-1\" \/>\n<link rel=\"canonical\" href=\"https:\/\/www.noticiasradioreflejos.com.ar\/2021\/imputaron-de-hecho-al-policia-que-le-disparo-a-chano\/\" \/>\n<meta property=\"og:locale\" content=\"es_ES\" \/>\n<meta property=\"og:type\" content=\"article\" \/>\n<meta property=\"og:title\" content=\"Imputaron &quot;de hecho&quot; al polic\u00eda que le dispar\u00f3 a &quot;Chano&quot; - Noticias Radio Reflejos\" \/>\n<meta property=\"og:description\" content=\"El fiscal general de Z\u00e1rate-Campana confirm\u00f3 este mi\u00e9rcoles que el polic\u00eda que est\u00e1 siendo investigado por haberle disparado a Santiago \u00abChano\u00bb Moreno Charpentier qued\u00f3 imputado\u00a0en la causa en la que se investigan las circunstancias en las cuales el m\u00fasico fue baleado.\" \/>\n<meta property=\"og:url\" content=\"https:\/\/www.noticiasradioreflejos.com.ar\/2021\/imputaron-de-hecho-al-policia-que-le-disparo-a-chano\/\" \/>\n<meta property=\"og:site_name\" content=\"Noticias Radio Reflejos\" \/>\n<meta property=\"article:published_time\" content=\"2021-07-28T19:09:07+00:00\" \/>\n<meta property=\"og:image\" content=\"https:\/\/www.noticiasradioreflejos.com.ar\/2021\/wp-content\/uploads\/2021\/07\/logosol300x200.png\" \/>\n\t<meta property=\"og:image:width\" content=\"300\" \/>\n\t<meta property=\"og:image:height\" content=\"200\" \/>\n\t<meta property=\"og:image:type\" content=\"image\/png\" \/>\n<meta name=\"author\" content=\"Arnaldo Botto\" \/>\n<meta name=\"twitter:card\" content=\"summary_large_image\" \/>\n<script type=\"application\/ld+json\" class=\"yoast-schema-graph\">{\"@context\":\"https:\/\/schema.org\",\"@graph\":[{\"@type\":\"WebPage\",\"@id\":\"https:\/\/www.noticiasradioreflejos.com.ar\/2021\/imputaron-de-hecho-al-policia-que-le-disparo-a-chano\/\",\"url\":\"https:\/\/www.noticiasradioreflejos.com.ar\/2021\/imputaron-de-hecho-al-policia-que-le-disparo-a-chano\/\",\"name\":\"Imputaron \\\"de hecho\\\" al polic\u00eda que le dispar\u00f3 a \\\"Chano\\\" - Noticias Radio Reflejos\",\"isPartOf\":{\"@id\":\"https:\/\/www.noticiasradioreflejos.com.ar\/2021\/#website\"},\"datePublished\":\"2021-07-28T19:09:07+00:00\",\"author\":{\"@id\":\"https:\/\/www.noticiasradioreflejos.com.ar\/2021\/#\/schema\/person\/ad82545263dcc5ec0996818884fd5fb1\"},\"breadcrumb\":{\"@id\":\"https:\/\/www.noticiasradioreflejos.com.ar\/2021\/imputaron-de-hecho-al-policia-que-le-disparo-a-chano\/#breadcrumb\"},\"inLanguage\":\"es\",\"potentialAction\":[{\"@type\":\"ReadAction\",\"target\":[\"https:\/\/www.noticiasradioreflejos.com.ar\/2021\/imputaron-de-hecho-al-policia-que-le-disparo-a-chano\/\"]}]},{\"@type\":\"BreadcrumbList\",\"@id\":\"https:\/\/www.noticiasradioreflejos.com.ar\/2021\/imputaron-de-hecho-al-policia-que-le-disparo-a-chano\/#breadcrumb\",\"itemListElement\":[{\"@type\":\"ListItem\",\"position\":1,\"name\":\"Portada\",\"item\":\"https:\/\/www.noticiasradioreflejos.com.ar\/2021\/\"},{\"@type\":\"ListItem\",\"position\":2,\"name\":\"Imputaron \u00abde hecho\u00bb al polic\u00eda que le dispar\u00f3 a \u00abChano\u00bb\"}]},{\"@type\":\"WebSite\",\"@id\":\"https:\/\/www.noticiasradioreflejos.com.ar\/2021\/#website\",\"url\":\"https:\/\/www.noticiasradioreflejos.com.ar\/2021\/\",\"name\":\"Noticias Radio Reflejos\",\"description\":\"Las noticias de mi comarca\",\"potentialAction\":[{\"@type\":\"SearchAction\",\"target\":{\"@type\":\"EntryPoint\",\"urlTemplate\":\"https:\/\/www.noticiasradioreflejos.com.ar\/2021\/?s={search_term_string}\"},\"query-input\":{\"@type\":\"PropertyValueSpecification\",\"valueRequired\":true,\"valueName\":\"search_term_string\"}}],\"inLanguage\":\"es\"},{\"@type\":\"Person\",\"@id\":\"https:\/\/www.noticiasradioreflejos.com.ar\/2021\/#\/schema\/person\/ad82545263dcc5ec0996818884fd5fb1\",\"name\":\"Arnaldo Botto\",\"image\":{\"@type\":\"ImageObject\",\"inLanguage\":\"es\",\"@id\":\"https:\/\/www.noticiasradioreflejos.com.ar\/2021\/#\/schema\/person\/image\/\",\"url\":\"https:\/\/secure.gravatar.com\/avatar\/55cb5e37c1efa326397366e6974cb338056df65cb50e7d64d1cf314e87504837?s=96&d=mm&r=g\",\"contentUrl\":\"https:\/\/secure.gravatar.com\/avatar\/55cb5e37c1efa326397366e6974cb338056df65cb50e7d64d1cf314e87504837?s=96&d=mm&r=g\",\"caption\":\"Arnaldo Botto\"},\"url\":\"https:\/\/www.noticiasradioreflejos.com.ar\/2021\/author\/arnaldo\/\"}]}<\/script>\n<!-- \/ Yoast SEO plugin. -->","yoast_head_json":{"title":"Imputaron \"de hecho\" al polic\u00eda que le dispar\u00f3 a \"Chano\" - Noticias Radio Reflejos","robots":{"index":"index","follow":"follow","max-snippet":"max-snippet:-1","max-image-preview":"max-image-preview:large","max-video-preview":"max-video-preview:-1"},"canonical":"https:\/\/www.noticiasradioreflejos.com.ar\/2021\/imputaron-de-hecho-al-policia-que-le-disparo-a-chano\/","og_locale":"es_ES","og_type":"article","og_title":"Imputaron \"de hecho\" al polic\u00eda que le dispar\u00f3 a \"Chano\" - Noticias Radio Reflejos","og_description":"El fiscal general de Z\u00e1rate-Campana confirm\u00f3 este mi\u00e9rcoles que el polic\u00eda que est\u00e1 siendo investigado por haberle disparado a Santiago \u00abChano\u00bb Moreno Charpentier qued\u00f3 imputado\u00a0en la causa en la que se investigan las circunstancias en las cuales el m\u00fasico fue baleado.","og_url":"https:\/\/www.noticiasradioreflejos.com.ar\/2021\/imputaron-de-hecho-al-policia-que-le-disparo-a-chano\/","og_site_name":"Noticias Radio Reflejos","article_published_time":"2021-07-28T19:09:07+00:00","og_image":[{"width":300,"height":200,"url":"https:\/\/www.noticiasradioreflejos.com.ar\/2021\/wp-content\/uploads\/2021\/07\/logosol300x200.png","type":"image\/png"}],"author":"Arnaldo Botto","twitter_card":"summary_large_image","schema":{"@context":"https:\/\/schema.org","@graph":[{"@type":"WebPage","@id":"https:\/\/www.noticiasradioreflejos.com.ar\/2021\/imputaron-de-hecho-al-policia-que-le-disparo-a-chano\/","url":"https:\/\/www.noticiasradioreflejos.com.ar\/2021\/imputaron-de-hecho-al-policia-que-le-disparo-a-chano\/","name":"Imputaron \"de hecho\" al polic\u00eda que le dispar\u00f3 a \"Chano\" - Noticias Radio Reflejos","isPartOf":{"@id":"https:\/\/www.noticiasradioreflejos.com.ar\/2021\/#website"},"datePublished":"2021-07-28T19:09:07+00:00","author":{"@id":"https:\/\/www.noticiasradioreflejos.com.ar\/2021\/#\/schema\/person\/ad82545263dcc5ec0996818884fd5fb1"},"breadcrumb":{"@id":"https:\/\/www.noticiasradioreflejos.com.ar\/2021\/imputaron-de-hecho-al-policia-que-le-disparo-a-chano\/#breadcrumb"},"inLanguage":"es","potentialAction":[{"@type":"ReadAction","target":["https:\/\/www.noticiasradioreflejos.com.ar\/2021\/imputaron-de-hecho-al-policia-que-le-disparo-a-chano\/"]}]},{"@type":"BreadcrumbList","@id":"https:\/\/www.noticiasradioreflejos.com.ar\/2021\/imputaron-de-hecho-al-policia-que-le-disparo-a-chano\/#breadcrumb","itemListElement":[{"@type":"ListItem","position":1,"name":"Portada","item":"https:\/\/www.noticiasradioreflejos.com.ar\/2021\/"},{"@type":"ListItem","position":2,"name":"Imputaron \u00abde hecho\u00bb al polic\u00eda que le dispar\u00f3 a \u00abChano\u00bb"}]},{"@type":"WebSite","@id":"https:\/\/www.noticiasradioreflejos.com.ar\/2021\/#website","url":"https:\/\/www.noticiasradioreflejos.com.ar\/2021\/","name":"Noticias Radio Reflejos","description":"Las noticias de mi comarca","potentialAction":[{"@type":"SearchAction","target":{"@type":"EntryPoint","urlTemplate":"https:\/\/www.noticiasradioreflejos.com.ar\/2021\/?s={search_term_string}"},"query-input":{"@type":"PropertyValueSpecification","valueRequired":true,"valueName":"search_term_string"}}],"inLanguage":"es"},{"@type":"Person","@id":"https:\/\/www.noticiasradioreflejos.com.ar\/2021\/#\/schema\/person\/ad82545263dcc5ec0996818884fd5fb1","name":"Arnaldo Botto","image":{"@type":"ImageObject","inLanguage":"es","@id":"https:\/\/www.noticiasradioreflejos.com.ar\/2021\/#\/schema\/person\/image\/","url":"https:\/\/secure.gravatar.com\/avatar\/55cb5e37c1efa326397366e6974cb338056df65cb50e7d64d1cf314e87504837?s=96&d=mm&r=g","contentUrl":"https:\/\/secure.gravatar.com\/avatar\/55cb5e37c1efa326397366e6974cb338056df65cb50e7d64d1cf314e87504837?s=96&d=mm&r=g","caption":"Arnaldo Botto"},"url":"https:\/\/www.noticiasradioreflejos.com.ar\/2021\/author\/arnaldo\/"}]}},"_links":{"self":[{"href":"https:\/\/www.noticiasradioreflejos.com.ar\/2021\/wp-json\/wp\/v2\/posts\/60775","targetHints":{"allow":["GET"]}}],"collection":[{"href":"https:\/\/www.noticiasradioreflejos.com.ar\/2021\/wp-json\/wp\/v2\/posts"}],"about":[{"href":"https:\/\/www.noticiasradioreflejos.com.ar\/2021\/wp-json\/wp\/v2\/types\/post"}],"author":[{"embeddable":true,"href":"https:\/\/www.noticiasradioreflejos.com.ar\/2021\/wp-json\/wp\/v2\/users\/3"}],"replies":[{"embeddable":true,"href":"https:\/\/www.noticiasradioreflejos.com.ar\/2021\/wp-json\/wp\/v2\/comments?post=60775"}],"version-history":[{"count":1,"href":"https:\/\/www.noticiasradioreflejos.com.ar\/2021\/wp-json\/wp\/v2\/posts\/60775\/revisions"}],"predecessor-version":[{"id":60777,"href":"https:\/\/www.noticiasradioreflejos.com.ar\/2021\/wp-json\/wp\/v2\/posts\/60775\/revisions\/60777"}],"wp:attachment":[{"href":"https:\/\/www.noticiasradioreflejos.com.ar\/2021\/wp-json\/wp\/v2\/media?parent=60775"}],"wp:term":[{"taxonomy":"category","embeddable":true,"href":"https:\/\/www.noticiasradioreflejos.com.ar\/2021\/wp-json\/wp\/v2\/categories?post=60775"},{"taxonomy":"post_tag","embeddable":true,"href":"https:\/\/www.noticiasradioreflejos.com.ar\/2021\/wp-json\/wp\/v2\/tags?post=60775"}],"curies":[{"name":"wp","href":"https:\/\/api.w.org\/{rel}","templated":true}]}}