{"id":60773,"date":"2021-07-28T19:05:31","date_gmt":"2021-07-28T19:05:31","guid":{"rendered":"http:\/\/www.noticiasradioreflejos.com.ar\/2021\/?p=60773"},"modified":"2021-07-28T19:05:31","modified_gmt":"2021-07-28T19:05:31","slug":"reabren-la-linea-creditos-casa-propia-para-la-construccion-de-viviendas","status":"publish","type":"post","link":"https:\/\/www.noticiasradioreflejos.com.ar\/2021\/reabren-la-linea-creditos-casa-propia-para-la-construccion-de-viviendas\/","title":{"rendered":"Reabren la l\u00ednea \u00abCr\u00e9ditos Casa Propia\u00bb para la construcci\u00f3n de viviendas"},"content":{"rendered":"<div class=\"head-content\">\n<p>Este nuevo segmento contemplar\u00e1 a quienes perciban un Salario M\u00ednimo Vital y M\u00f3vil. Las personas beneficiarias podr\u00e1n construir viviendas en lote propio, con un monto de cr\u00e9dito de hasta $4,3 millones.<\/p>\n<div class=\"addthis_custom_sharing\" data-url=\"https:\/\/www.telam.com.ar\/notas\/202107\/562983-el-gobierno-reabrio-la-linea-creditos-casa-propia-para-la-construccion-de-viviendas.html\" data-title=\"Reabren la l\u00ednea &quot;Cr\u00e9ditos Casa Propia&quot; para la construcci\u00f3n de viviendas\" data-description=\"Este nuevo segmento contemplar\u00e1 a quienes perciban un Salario M\u00ednimo Vital y M\u00f3vil. Las personas beneficiarias podr\u00e1n construir viviendas en lote propio, con un monto de cr\u00e9dito de hasta $4,3 millones.\">\n<div id=\"atstbx\" class=\"at-resp-share-element at-style-responsive addthis-smartlayers addthis-animated at4-show\" role=\"region\" aria-labelledby=\"at-42f0aeb1-e63f-4c7c-8213-2c99513642c6\"><\/div>\n<\/div>\n<\/div>\n<p><!--more--><\/p>\n<div class=\"main-content-block\">\n<div class=\"main-box clearfix\">\n<div class=\"wrapper-main-section clearfix\">\n<div class=\"wrapper-editable-content\">\n<div class=\"editable-content clearfix\">\n<div id=\"image\" class=\"image\"><img decoding=\"async\" title=\" El Gobierno reabri\u00f3 la l\u00ednea &quot;Cr\u00e9ditos Casa Propia&quot; para la construcci\u00f3n de viviendas.\" src=\"https:\/\/www.telam.com.ar\/advf\/imagenes\/2018\/05\/5af1b2799acf1_1004x564.jpg\" alt=\" El Gobierno reabri\u00f3 la l\u00ednea &quot;Cr\u00e9ditos Casa Propia&quot; para la construcci\u00f3n de viviendas.\" \/><\/p>\n<div class=\"epigrafe\">El Gobierno reabri\u00f3 la l\u00ednea \u00abCr\u00e9ditos Casa Propia\u00bb para la construcci\u00f3n de viviendas.<\/div>\n<\/div>\n<p>El Ministerio de Desarrollo Territorial y H\u00e1bitat de la Naci\u00f3n reabri\u00f3 la inscripci\u00f3n para que familias de todo el pa\u00eds que perciban un salario m\u00ednimo puedan acceder a un cr\u00e9dito hipotecario a trav\u00e9s de la l\u00ednea\u00a0<strong>Cr\u00e9ditos Casa Propia<\/strong>\u00a0y comenzar a\u00a0<strong>construir sus viviendas<\/strong>.<\/p>\n<p>Este nuevo segmento contemplar\u00e1 a aquellos y aquellas que perciban un\u00a0<strong>Salario M\u00ednimo Vital y M\u00f3vil<\/strong>, y quienes resulten beneficiarios o beneficiarias podr\u00e1n construir viviendas en lote propio, con un monto de cr\u00e9dito de hasta\u00a0<strong>$4,3 millones<\/strong>\u00a0y un plazo m\u00e1ximo de devoluci\u00f3n de\u00a0<strong>30 a\u00f1os<\/strong>, indic\u00f3 el Ministerio en un comunicado.<\/p>\n<p>Sobre esta nueva instancia de inscripciones, el ministro\u00a0<strong>Jorge Ferraresi<\/strong>\u00a0se\u00f1al\u00f3 que \u00ablas pol\u00edticas p\u00fablicas tienen que llegar para quedarse y esa es la idea de estas iniciativas que llevamos adelante junto a todo el Gabinete nacional, y a los gobiernos provinciales y municipales\u201d.<\/p>\n<blockquote><p>Quienes resulten beneficiarios o beneficiarias podr\u00e1n construir viviendas en lote propio, con un monto de cr\u00e9dito de hasta $4,3 millones y un plazo m\u00e1ximo de devoluci\u00f3n de 30 a\u00f1os<\/p><\/blockquote>\n<p>\u201cSeguimos ampliando derechos como nos pide el presidente Alberto Fern\u00e1ndez para que m\u00e1s argentinos puedan acceder a su casa propia\u201d, afirm\u00f3.<\/p>\n<p>Al igual que los cr\u00e9ditos ya sorteados previamente, esta nueva entrega estar\u00e1 ajustada por la nueva f\u00f3rmula Hog.Ar de actualizaci\u00f3n de capital basada en la evoluci\u00f3n del Coeficiente de Variaci\u00f3n Salarial (CVS).<\/p>\n<p>No requerir\u00e1 ahorros previos y podr\u00e1n inscribirse quienes cumplan los requisitos detallados en las bases y condiciones que est\u00e1n disponible en la\u00a0<a href=\"https:\/\/www.argentina.gob.ar\/habitat\/casapropia\/construccion\" target=\"_blank\" rel=\"noopener\">p\u00e1gina web del programa<\/a>.<\/div>\n<\/div>\n<\/div>\n<\/div>\n<\/div>\n","protected":false},"excerpt":{"rendered":"<p>Este nuevo segmento contemplar\u00e1 a quienes perciban un Salario M\u00ednimo Vital y M\u00f3vil. Las personas beneficiarias podr\u00e1n construir viviendas en lote propio, con un monto de cr\u00e9dito de hasta $4,3 millones.<\/p>\n","protected":false},"author":3,"featured_media":0,"comment_status":"closed","ping_status":"closed","sticky":false,"template":"","format":"standard","meta":{"footnotes":""},"categories":[24],"tags":[],"class_list":["post-60773","post","type-post","status-publish","format-standard","hentry","category-politica"],"yoast_head":"<!-- This site is optimized with the Yoast SEO plugin v25.9 - https:\/\/yoast.com\/wordpress\/plugins\/seo\/ -->\n<title>Reabren la l\u00ednea &quot;Cr\u00e9ditos Casa Propia&quot; para la construcci\u00f3n de viviendas - Noticias Radio Reflejos<\/title>\n<meta name=\"robots\" content=\"index, follow, max-snippet:-1, max-image-preview:large, max-video-preview:-1\" \/>\n<link rel=\"canonical\" href=\"https:\/\/www.noticiasradioreflejos.com.ar\/2021\/reabren-la-linea-creditos-casa-propia-para-la-construccion-de-viviendas\/\" \/>\n<meta property=\"og:locale\" content=\"es_ES\" \/>\n<meta property=\"og:type\" content=\"article\" \/>\n<meta property=\"og:title\" content=\"Reabren la l\u00ednea &quot;Cr\u00e9ditos Casa Propia&quot; para la construcci\u00f3n de viviendas - Noticias Radio Reflejos\" \/>\n<meta property=\"og:description\" content=\"Este nuevo segmento contemplar\u00e1 a quienes perciban un Salario M\u00ednimo Vital y M\u00f3vil. Las personas beneficiarias podr\u00e1n construir viviendas en lote propio, con un monto de cr\u00e9dito de hasta $4,3 millones.\" \/>\n<meta property=\"og:url\" content=\"https:\/\/www.noticiasradioreflejos.com.ar\/2021\/reabren-la-linea-creditos-casa-propia-para-la-construccion-de-viviendas\/\" \/>\n<meta property=\"og:site_name\" content=\"Noticias Radio Reflejos\" \/>\n<meta property=\"article:published_time\" content=\"2021-07-28T19:05:31+00:00\" \/>\n<meta property=\"og:image\" content=\"https:\/\/www.telam.com.ar\/advf\/imagenes\/2018\/05\/5af1b2799acf1_1004x564.jpg\" \/>\n<meta name=\"author\" content=\"Arnaldo Botto\" \/>\n<meta name=\"twitter:card\" content=\"summary_large_image\" \/>\n<script type=\"application\/ld+json\" class=\"yoast-schema-graph\">{\"@context\":\"https:\/\/schema.org\",\"@graph\":[{\"@type\":\"WebPage\",\"@id\":\"https:\/\/www.noticiasradioreflejos.com.ar\/2021\/reabren-la-linea-creditos-casa-propia-para-la-construccion-de-viviendas\/\",\"url\":\"https:\/\/www.noticiasradioreflejos.com.ar\/2021\/reabren-la-linea-creditos-casa-propia-para-la-construccion-de-viviendas\/\",\"name\":\"Reabren la l\u00ednea \\\"Cr\u00e9ditos Casa Propia\\\" para la construcci\u00f3n de viviendas - Noticias Radio Reflejos\",\"isPartOf\":{\"@id\":\"https:\/\/www.noticiasradioreflejos.com.ar\/2021\/#website\"},\"primaryImageOfPage\":{\"@id\":\"https:\/\/www.noticiasradioreflejos.com.ar\/2021\/reabren-la-linea-creditos-casa-propia-para-la-construccion-de-viviendas\/#primaryimage\"},\"image\":{\"@id\":\"https:\/\/www.noticiasradioreflejos.com.ar\/2021\/reabren-la-linea-creditos-casa-propia-para-la-construccion-de-viviendas\/#primaryimage\"},\"thumbnailUrl\":\"https:\/\/www.telam.com.ar\/advf\/imagenes\/2018\/05\/5af1b2799acf1_1004x564.jpg\",\"datePublished\":\"2021-07-28T19:05:31+00:00\",\"author\":{\"@id\":\"https:\/\/www.noticiasradioreflejos.com.ar\/2021\/#\/schema\/person\/ad82545263dcc5ec0996818884fd5fb1\"},\"breadcrumb\":{\"@id\":\"https:\/\/www.noticiasradioreflejos.com.ar\/2021\/reabren-la-linea-creditos-casa-propia-para-la-construccion-de-viviendas\/#breadcrumb\"},\"inLanguage\":\"es\",\"potentialAction\":[{\"@type\":\"ReadAction\",\"target\":[\"https:\/\/www.noticiasradioreflejos.com.ar\/2021\/reabren-la-linea-creditos-casa-propia-para-la-construccion-de-viviendas\/\"]}]},{\"@type\":\"ImageObject\",\"inLanguage\":\"es\",\"@id\":\"https:\/\/www.noticiasradioreflejos.com.ar\/2021\/reabren-la-linea-creditos-casa-propia-para-la-construccion-de-viviendas\/#primaryimage\",\"url\":\"https:\/\/www.telam.com.ar\/advf\/imagenes\/2018\/05\/5af1b2799acf1_1004x564.jpg\",\"contentUrl\":\"https:\/\/www.telam.com.ar\/advf\/imagenes\/2018\/05\/5af1b2799acf1_1004x564.jpg\"},{\"@type\":\"BreadcrumbList\",\"@id\":\"https:\/\/www.noticiasradioreflejos.com.ar\/2021\/reabren-la-linea-creditos-casa-propia-para-la-construccion-de-viviendas\/#breadcrumb\",\"itemListElement\":[{\"@type\":\"ListItem\",\"position\":1,\"name\":\"Portada\",\"item\":\"https:\/\/www.noticiasradioreflejos.com.ar\/2021\/\"},{\"@type\":\"ListItem\",\"position\":2,\"name\":\"Reabren la l\u00ednea \u00abCr\u00e9ditos Casa Propia\u00bb para la construcci\u00f3n de viviendas\"}]},{\"@type\":\"WebSite\",\"@id\":\"https:\/\/www.noticiasradioreflejos.com.ar\/2021\/#website\",\"url\":\"https:\/\/www.noticiasradioreflejos.com.ar\/2021\/\",\"name\":\"Noticias Radio Reflejos\",\"description\":\"Las noticias de mi comarca\",\"potentialAction\":[{\"@type\":\"SearchAction\",\"target\":{\"@type\":\"EntryPoint\",\"urlTemplate\":\"https:\/\/www.noticiasradioreflejos.com.ar\/2021\/?s={search_term_string}\"},\"query-input\":{\"@type\":\"PropertyValueSpecification\",\"valueRequired\":true,\"valueName\":\"search_term_string\"}}],\"inLanguage\":\"es\"},{\"@type\":\"Person\",\"@id\":\"https:\/\/www.noticiasradioreflejos.com.ar\/2021\/#\/schema\/person\/ad82545263dcc5ec0996818884fd5fb1\",\"name\":\"Arnaldo Botto\",\"image\":{\"@type\":\"ImageObject\",\"inLanguage\":\"es\",\"@id\":\"https:\/\/www.noticiasradioreflejos.com.ar\/2021\/#\/schema\/person\/image\/\",\"url\":\"https:\/\/secure.gravatar.com\/avatar\/55cb5e37c1efa326397366e6974cb338056df65cb50e7d64d1cf314e87504837?s=96&d=mm&r=g\",\"contentUrl\":\"https:\/\/secure.gravatar.com\/avatar\/55cb5e37c1efa326397366e6974cb338056df65cb50e7d64d1cf314e87504837?s=96&d=mm&r=g\",\"caption\":\"Arnaldo Botto\"},\"url\":\"https:\/\/www.noticiasradioreflejos.com.ar\/2021\/author\/arnaldo\/\"}]}<\/script>\n<!-- \/ Yoast SEO plugin. -->","yoast_head_json":{"title":"Reabren la l\u00ednea \"Cr\u00e9ditos Casa Propia\" para la construcci\u00f3n de viviendas - Noticias Radio Reflejos","robots":{"index":"index","follow":"follow","max-snippet":"max-snippet:-1","max-image-preview":"max-image-preview:large","max-video-preview":"max-video-preview:-1"},"canonical":"https:\/\/www.noticiasradioreflejos.com.ar\/2021\/reabren-la-linea-creditos-casa-propia-para-la-construccion-de-viviendas\/","og_locale":"es_ES","og_type":"article","og_title":"Reabren la l\u00ednea \"Cr\u00e9ditos Casa Propia\" para la construcci\u00f3n de viviendas - Noticias Radio Reflejos","og_description":"Este nuevo segmento contemplar\u00e1 a quienes perciban un Salario M\u00ednimo Vital y M\u00f3vil. Las personas beneficiarias podr\u00e1n construir viviendas en lote propio, con un monto de cr\u00e9dito de hasta $4,3 millones.","og_url":"https:\/\/www.noticiasradioreflejos.com.ar\/2021\/reabren-la-linea-creditos-casa-propia-para-la-construccion-de-viviendas\/","og_site_name":"Noticias Radio Reflejos","article_published_time":"2021-07-28T19:05:31+00:00","og_image":[{"url":"https:\/\/www.telam.com.ar\/advf\/imagenes\/2018\/05\/5af1b2799acf1_1004x564.jpg","type":"","width":"","height":""}],"author":"Arnaldo Botto","twitter_card":"summary_large_image","schema":{"@context":"https:\/\/schema.org","@graph":[{"@type":"WebPage","@id":"https:\/\/www.noticiasradioreflejos.com.ar\/2021\/reabren-la-linea-creditos-casa-propia-para-la-construccion-de-viviendas\/","url":"https:\/\/www.noticiasradioreflejos.com.ar\/2021\/reabren-la-linea-creditos-casa-propia-para-la-construccion-de-viviendas\/","name":"Reabren la l\u00ednea \"Cr\u00e9ditos Casa Propia\" para la construcci\u00f3n de viviendas - Noticias Radio Reflejos","isPartOf":{"@id":"https:\/\/www.noticiasradioreflejos.com.ar\/2021\/#website"},"primaryImageOfPage":{"@id":"https:\/\/www.noticiasradioreflejos.com.ar\/2021\/reabren-la-linea-creditos-casa-propia-para-la-construccion-de-viviendas\/#primaryimage"},"image":{"@id":"https:\/\/www.noticiasradioreflejos.com.ar\/2021\/reabren-la-linea-creditos-casa-propia-para-la-construccion-de-viviendas\/#primaryimage"},"thumbnailUrl":"https:\/\/www.telam.com.ar\/advf\/imagenes\/2018\/05\/5af1b2799acf1_1004x564.jpg","datePublished":"2021-07-28T19:05:31+00:00","author":{"@id":"https:\/\/www.noticiasradioreflejos.com.ar\/2021\/#\/schema\/person\/ad82545263dcc5ec0996818884fd5fb1"},"breadcrumb":{"@id":"https:\/\/www.noticiasradioreflejos.com.ar\/2021\/reabren-la-linea-creditos-casa-propia-para-la-construccion-de-viviendas\/#breadcrumb"},"inLanguage":"es","potentialAction":[{"@type":"ReadAction","target":["https:\/\/www.noticiasradioreflejos.com.ar\/2021\/reabren-la-linea-creditos-casa-propia-para-la-construccion-de-viviendas\/"]}]},{"@type":"ImageObject","inLanguage":"es","@id":"https:\/\/www.noticiasradioreflejos.com.ar\/2021\/reabren-la-linea-creditos-casa-propia-para-la-construccion-de-viviendas\/#primaryimage","url":"https:\/\/www.telam.com.ar\/advf\/imagenes\/2018\/05\/5af1b2799acf1_1004x564.jpg","contentUrl":"https:\/\/www.telam.com.ar\/advf\/imagenes\/2018\/05\/5af1b2799acf1_1004x564.jpg"},{"@type":"BreadcrumbList","@id":"https:\/\/www.noticiasradioreflejos.com.ar\/2021\/reabren-la-linea-creditos-casa-propia-para-la-construccion-de-viviendas\/#breadcrumb","itemListElement":[{"@type":"ListItem","position":1,"name":"Portada","item":"https:\/\/www.noticiasradioreflejos.com.ar\/2021\/"},{"@type":"ListItem","position":2,"name":"Reabren la l\u00ednea \u00abCr\u00e9ditos Casa Propia\u00bb para la construcci\u00f3n de viviendas"}]},{"@type":"WebSite","@id":"https:\/\/www.noticiasradioreflejos.com.ar\/2021\/#website","url":"https:\/\/www.noticiasradioreflejos.com.ar\/2021\/","name":"Noticias Radio Reflejos","description":"Las noticias de mi comarca","potentialAction":[{"@type":"SearchAction","target":{"@type":"EntryPoint","urlTemplate":"https:\/\/www.noticiasradioreflejos.com.ar\/2021\/?s={search_term_string}"},"query-input":{"@type":"PropertyValueSpecification","valueRequired":true,"valueName":"search_term_string"}}],"inLanguage":"es"},{"@type":"Person","@id":"https:\/\/www.noticiasradioreflejos.com.ar\/2021\/#\/schema\/person\/ad82545263dcc5ec0996818884fd5fb1","name":"Arnaldo Botto","image":{"@type":"ImageObject","inLanguage":"es","@id":"https:\/\/www.noticiasradioreflejos.com.ar\/2021\/#\/schema\/person\/image\/","url":"https:\/\/secure.gravatar.com\/avatar\/55cb5e37c1efa326397366e6974cb338056df65cb50e7d64d1cf314e87504837?s=96&d=mm&r=g","contentUrl":"https:\/\/secure.gravatar.com\/avatar\/55cb5e37c1efa326397366e6974cb338056df65cb50e7d64d1cf314e87504837?s=96&d=mm&r=g","caption":"Arnaldo Botto"},"url":"https:\/\/www.noticiasradioreflejos.com.ar\/2021\/author\/arnaldo\/"}]}},"_links":{"self":[{"href":"https:\/\/www.noticiasradioreflejos.com.ar\/2021\/wp-json\/wp\/v2\/posts\/60773","targetHints":{"allow":["GET"]}}],"collection":[{"href":"https:\/\/www.noticiasradioreflejos.com.ar\/2021\/wp-json\/wp\/v2\/posts"}],"about":[{"href":"https:\/\/www.noticiasradioreflejos.com.ar\/2021\/wp-json\/wp\/v2\/types\/post"}],"author":[{"embeddable":true,"href":"https:\/\/www.noticiasradioreflejos.com.ar\/2021\/wp-json\/wp\/v2\/users\/3"}],"replies":[{"embeddable":true,"href":"https:\/\/www.noticiasradioreflejos.com.ar\/2021\/wp-json\/wp\/v2\/comments?post=60773"}],"version-history":[{"count":1,"href":"https:\/\/www.noticiasradioreflejos.com.ar\/2021\/wp-json\/wp\/v2\/posts\/60773\/revisions"}],"predecessor-version":[{"id":60774,"href":"https:\/\/www.noticiasradioreflejos.com.ar\/2021\/wp-json\/wp\/v2\/posts\/60773\/revisions\/60774"}],"wp:attachment":[{"href":"https:\/\/www.noticiasradioreflejos.com.ar\/2021\/wp-json\/wp\/v2\/media?parent=60773"}],"wp:term":[{"taxonomy":"category","embeddable":true,"href":"https:\/\/www.noticiasradioreflejos.com.ar\/2021\/wp-json\/wp\/v2\/categories?post=60773"},{"taxonomy":"post_tag","embeddable":true,"href":"https:\/\/www.noticiasradioreflejos.com.ar\/2021\/wp-json\/wp\/v2\/tags?post=60773"}],"curies":[{"name":"wp","href":"https:\/\/api.w.org\/{rel}","templated":true}]}}