{"id":60704,"date":"2021-07-27T21:20:57","date_gmt":"2021-07-27T21:20:57","guid":{"rendered":"http:\/\/www.noticiasradioreflejos.com.ar\/2021\/?p=60704"},"modified":"2021-07-27T21:20:57","modified_gmt":"2021-07-27T21:20:57","slug":"nuevos-talleres-federales-de-artes-visuales-para-ninas-y-ninos-tienen-cierta-autonomia-y-se-maravillan-con-las-tecnicas-y-los-materiales-de-la-disciplina","status":"publish","type":"post","link":"https:\/\/www.noticiasradioreflejos.com.ar\/2021\/nuevos-talleres-federales-de-artes-visuales-para-ninas-y-ninos-tienen-cierta-autonomia-y-se-maravillan-con-las-tecnicas-y-los-materiales-de-la-disciplina\/","title":{"rendered":"Nuevos Talleres Federales de Artes Visuales para ni\u00f1as y ni\u00f1os: \u00abtienen cierta autonom\u00eda y se maravillan con las t\u00e9cnicas y los materiales de la disciplina\u00bb."},"content":{"rendered":"<p>Andrea Auzmendi, profesora de Educaci\u00f3n F\u00edsica y egresada de la Universidad Nacional de Artes Visuales, lanza un taller federal de Artes Visuales y aprovecha el espacio de la radio para hacerlo conocer.<!--more--><\/p>\n<p><a title=\"Andrea Auzmendi (4)\" href=\"https:\/\/www.flickr.com\/photos\/182279889@N02\/51339876334\/in\/dateposted-public\/\" data-flickr-embed=\"true\" data-footer=\"true\"><img loading=\"lazy\" decoding=\"async\" src=\"https:\/\/live.staticflickr.com\/65535\/51339876334_7c8a36298f_z.jpg\" alt=\"Andrea Auzmendi (4)\" width=\"640\" height=\"640\" \/><\/a><script async src=\"\/\/embedr.flickr.com\/assets\/client-code.js\" charset=\"utf-8\"><\/script><\/p>\n<p>\u00abTuve la suerte de poder formarme en la licenciatura de Artes Visuales en la UNA. Terminados mis materias en la UNA, y siendo profe de Artes Visuales en la escuela, m\u00e1s un post grado que estoy haciendo, decid\u00ed lanzarme con los talleres para los ni\u00f1os de 7 a 12 a\u00f1os\u00bb se present\u00f3 la entrevistada.<\/p>\n<p>Andrea comenta que descubri\u00f3 que los ni\u00f1os de esa franja et\u00e1rea viven una etapa muy l\u00fadica. \u00abMe qued\u00e9 enamorada con las posibilidades que tienen los chicos. Decid\u00ed comenzar con esta franja donde, de alguna manera, est\u00e1n comenzando pero tienen cierta autonom\u00eda y se maravillan con las t\u00e9cnicas y los materiales de la disciplina\u00bb.<\/p>\n<p><a title=\"trabajos de Andrea Auzmendi\" href=\"https:\/\/www.flickr.com\/photos\/182279889@N02\/51340287764\/in\/dateposted-public\/\" data-flickr-embed=\"true\" data-footer=\"true\"><img loading=\"lazy\" decoding=\"async\" src=\"https:\/\/live.staticflickr.com\/65535\/51340287764_ac4d0d9e05_z.jpg\" alt=\"trabajos de Andrea Auzmendi\" width=\"480\" height=\"640\" \/><\/a><script async src=\"\/\/embedr.flickr.com\/assets\/client-code.js\" charset=\"utf-8\"><\/script><\/p>\n<p>\u00abCreo que la Educaci\u00f3n F\u00edsica me dio una base muy importante que tiene que ver con lo l\u00fadico cuando est\u00e1bamos en la presencialidad. Aplicaba bastante esto del movimiento, trabajar en otros tipos de espacios, trabajar desde la observaci\u00f3n\u00bb es lo que respondi\u00f3 Andrea cuando le preguntamos si, a pesar de que sus talleres son de Artes Visuales, aplicaba algo de su formaci\u00f3n anterior.<\/p>\n<p>Los talleres de Andrea est\u00e1n planteados en modalidad virtual porque ha podido lograr cosas \u00abmaravillosas\u00bb con los chicos de primaria. \u00abLos chicos se han adaptado, incorporamos herramienta digitales y se generaron espacios de mucha escucha y respeto, ha sido productivo\u00bb expres\u00f3. Aunque admite que no se compara con la presencialidad, Andrea resalta que las herramientas virtuales bien usadas son muy \u00fatiles y enriquecedoras. Adem\u00e1s, que se generan espacios de encuentro entre ni\u00f1os y ni\u00f1as de distintas partes de la Argentina.<\/p>\n<p><a title=\"Andrea Auzmendi (2)\" href=\"https:\/\/www.flickr.com\/photos\/182279889@N02\/51339364263\/in\/dateposted-public\/\" data-flickr-embed=\"true\" data-footer=\"true\"><img loading=\"lazy\" decoding=\"async\" src=\"https:\/\/live.staticflickr.com\/65535\/51339364263_998b80f72c_z.jpg\" alt=\"Andrea Auzmendi (2)\" width=\"640\" height=\"514\" \/><\/a><script async src=\"\/\/embedr.flickr.com\/assets\/client-code.js\" charset=\"utf-8\"><\/script><\/p>\n<p><strong>Las propuestas de Andrea son las siguientes:<\/strong><br \/>\n&#8211; Clases Virtuales de 1 hs semanal.<br \/>\n&#8211; Clases Virtuales de 2 hs semanales (pueden estar distribuidas en un solo d\u00eda o en d\u00edas diferentes).<\/p>\n<p>Todas las horas de los talleres estar\u00e1n distribuidas los d\u00edas Martes, Viernes y S\u00e1bados. Y el horario en el que los chicos se presenten a las clases virtuales estar\u00e1 pactado previamente con sus respectivas familias.<\/p>\n<p>Contacto: <a href=\"mailto:clasesvirtualesfederales@gmail.com\">clasesvirtualesfederales@gmail.com<\/a><br \/>\n\u00abAh\u00ed me pueden escribir y yo les env\u00edo las propuestas completas con contenidos, carga horaria y valores\u00bb mencion\u00f3 Andrea.<\/p>\n<p>Las clases comenzar\u00e1n el 3 de Agosto, pero se pueden incorporar durante el a\u00f1o. \u00abLa idea es que sea anual porque se trata de proyectos y hay un proceso de trabajo\u00bb.<\/p>\n<p><strong>Nota completa a continuaci\u00f3n:<\/strong><br \/>\n<iframe loading=\"lazy\" src=\"https:\/\/w.soundcloud.com\/player\/?url=https%3A\/\/api.soundcloud.com\/tracks\/1095040165&amp;color=%23ff5500&amp;auto_play=false&amp;hide_related=false&amp;show_comments=true&amp;show_user=true&amp;show_reposts=false&amp;show_teaser=true&amp;visual=true\" width=\"100%\" height=\"300\" frameborder=\"no\" scrolling=\"no\"><\/iframe><\/p>\n<div style=\"font-size: 10px; color: #cccccc; line-break: anywhere; word-break: normal; overflow: hidden; white-space: nowrap; text-overflow: ellipsis; font-family: Interstate,Lucida Grande,Lucida Sans Unicode,Lucida Sans,Garuda,Verdana,Tahoma,sans-serif; font-weight: 100;\"><a style=\"color: #cccccc; text-decoration: none;\" title=\"fmreflejos 103.7\" href=\"https:\/\/soundcloud.com\/fmreflejos-103-7\" target=\"_blank\" rel=\"noopener\">fmreflejos 103.7<\/a> \u00b7 <a style=\"color: #cccccc; text-decoration: none;\" title=\"Nota Andrea Auzmendi\" href=\"https:\/\/soundcloud.com\/fmreflejos-103-7\/nota-andrea-auzmendi\" target=\"_blank\" rel=\"noopener\">Nota Andrea Auzmendi<\/a><\/div>\n","protected":false},"excerpt":{"rendered":"<p>Andrea Auzmendi, profesora de Educaci\u00f3n F\u00edsica y egresada de la Universidad Nacional de Artes Visuales, lanza un taller federal de Artes Visuales y aprovecha el espacio de la radio para hacerlo conocer.<\/p>\n","protected":false},"author":3,"featured_media":0,"comment_status":"closed","ping_status":"closed","sticky":false,"template":"","format":"standard","meta":{"footnotes":""},"categories":[35,34],"tags":[48],"class_list":["post-60704","post","type-post","status-publish","format-standard","hentry","category-cultura","category-educacion","tag-destacada"],"yoast_head":"<!-- This site is optimized with the Yoast SEO plugin v25.9 - https:\/\/yoast.com\/wordpress\/plugins\/seo\/ -->\n<title>Nuevos Talleres Federales de Artes Visuales para ni\u00f1as y ni\u00f1os: &quot;tienen cierta autonom\u00eda y se maravillan con las t\u00e9cnicas y los materiales de la disciplina&quot;. - Noticias Radio Reflejos<\/title>\n<meta name=\"robots\" content=\"index, follow, max-snippet:-1, max-image-preview:large, max-video-preview:-1\" \/>\n<link rel=\"canonical\" href=\"https:\/\/www.noticiasradioreflejos.com.ar\/2021\/nuevos-talleres-federales-de-artes-visuales-para-ninas-y-ninos-tienen-cierta-autonomia-y-se-maravillan-con-las-tecnicas-y-los-materiales-de-la-disciplina\/\" \/>\n<meta property=\"og:locale\" content=\"es_ES\" \/>\n<meta property=\"og:type\" content=\"article\" \/>\n<meta property=\"og:title\" content=\"Nuevos Talleres Federales de Artes Visuales para ni\u00f1as y ni\u00f1os: &quot;tienen cierta autonom\u00eda y se maravillan con las t\u00e9cnicas y los materiales de la disciplina&quot;. - Noticias Radio Reflejos\" \/>\n<meta property=\"og:description\" content=\"Andrea Auzmendi, profesora de Educaci\u00f3n F\u00edsica y egresada de la Universidad Nacional de Artes Visuales, lanza un taller federal de Artes Visuales y aprovecha el espacio de la radio para hacerlo conocer.\" \/>\n<meta property=\"og:url\" content=\"https:\/\/www.noticiasradioreflejos.com.ar\/2021\/nuevos-talleres-federales-de-artes-visuales-para-ninas-y-ninos-tienen-cierta-autonomia-y-se-maravillan-con-las-tecnicas-y-los-materiales-de-la-disciplina\/\" \/>\n<meta property=\"og:site_name\" content=\"Noticias Radio Reflejos\" \/>\n<meta property=\"article:published_time\" content=\"2021-07-27T21:20:57+00:00\" \/>\n<meta property=\"og:image\" content=\"https:\/\/live.staticflickr.com\/65535\/51339876334_7c8a36298f_z.jpg\" \/>\n<meta name=\"author\" content=\"Arnaldo Botto\" \/>\n<meta name=\"twitter:card\" content=\"summary_large_image\" \/>\n<script type=\"application\/ld+json\" class=\"yoast-schema-graph\">{\"@context\":\"https:\/\/schema.org\",\"@graph\":[{\"@type\":\"WebPage\",\"@id\":\"https:\/\/www.noticiasradioreflejos.com.ar\/2021\/nuevos-talleres-federales-de-artes-visuales-para-ninas-y-ninos-tienen-cierta-autonomia-y-se-maravillan-con-las-tecnicas-y-los-materiales-de-la-disciplina\/\",\"url\":\"https:\/\/www.noticiasradioreflejos.com.ar\/2021\/nuevos-talleres-federales-de-artes-visuales-para-ninas-y-ninos-tienen-cierta-autonomia-y-se-maravillan-con-las-tecnicas-y-los-materiales-de-la-disciplina\/\",\"name\":\"Nuevos Talleres Federales de Artes Visuales para ni\u00f1as y ni\u00f1os: \\\"tienen cierta autonom\u00eda y se maravillan con las t\u00e9cnicas y los materiales de la disciplina\\\". - Noticias Radio Reflejos\",\"isPartOf\":{\"@id\":\"https:\/\/www.noticiasradioreflejos.com.ar\/2021\/#website\"},\"primaryImageOfPage\":{\"@id\":\"https:\/\/www.noticiasradioreflejos.com.ar\/2021\/nuevos-talleres-federales-de-artes-visuales-para-ninas-y-ninos-tienen-cierta-autonomia-y-se-maravillan-con-las-tecnicas-y-los-materiales-de-la-disciplina\/#primaryimage\"},\"image\":{\"@id\":\"https:\/\/www.noticiasradioreflejos.com.ar\/2021\/nuevos-talleres-federales-de-artes-visuales-para-ninas-y-ninos-tienen-cierta-autonomia-y-se-maravillan-con-las-tecnicas-y-los-materiales-de-la-disciplina\/#primaryimage\"},\"thumbnailUrl\":\"https:\/\/live.staticflickr.com\/65535\/51339876334_7c8a36298f_z.jpg\",\"datePublished\":\"2021-07-27T21:20:57+00:00\",\"author\":{\"@id\":\"https:\/\/www.noticiasradioreflejos.com.ar\/2021\/#\/schema\/person\/ad82545263dcc5ec0996818884fd5fb1\"},\"breadcrumb\":{\"@id\":\"https:\/\/www.noticiasradioreflejos.com.ar\/2021\/nuevos-talleres-federales-de-artes-visuales-para-ninas-y-ninos-tienen-cierta-autonomia-y-se-maravillan-con-las-tecnicas-y-los-materiales-de-la-disciplina\/#breadcrumb\"},\"inLanguage\":\"es\",\"potentialAction\":[{\"@type\":\"ReadAction\",\"target\":[\"https:\/\/www.noticiasradioreflejos.com.ar\/2021\/nuevos-talleres-federales-de-artes-visuales-para-ninas-y-ninos-tienen-cierta-autonomia-y-se-maravillan-con-las-tecnicas-y-los-materiales-de-la-disciplina\/\"]}]},{\"@type\":\"ImageObject\",\"inLanguage\":\"es\",\"@id\":\"https:\/\/www.noticiasradioreflejos.com.ar\/2021\/nuevos-talleres-federales-de-artes-visuales-para-ninas-y-ninos-tienen-cierta-autonomia-y-se-maravillan-con-las-tecnicas-y-los-materiales-de-la-disciplina\/#primaryimage\",\"url\":\"https:\/\/live.staticflickr.com\/65535\/51339876334_7c8a36298f_z.jpg\",\"contentUrl\":\"https:\/\/live.staticflickr.com\/65535\/51339876334_7c8a36298f_z.jpg\"},{\"@type\":\"BreadcrumbList\",\"@id\":\"https:\/\/www.noticiasradioreflejos.com.ar\/2021\/nuevos-talleres-federales-de-artes-visuales-para-ninas-y-ninos-tienen-cierta-autonomia-y-se-maravillan-con-las-tecnicas-y-los-materiales-de-la-disciplina\/#breadcrumb\",\"itemListElement\":[{\"@type\":\"ListItem\",\"position\":1,\"name\":\"Portada\",\"item\":\"https:\/\/www.noticiasradioreflejos.com.ar\/2021\/\"},{\"@type\":\"ListItem\",\"position\":2,\"name\":\"Nuevos Talleres Federales de Artes Visuales para ni\u00f1as y ni\u00f1os: \u00abtienen cierta autonom\u00eda y se maravillan con las t\u00e9cnicas y los materiales de la disciplina\u00bb.\"}]},{\"@type\":\"WebSite\",\"@id\":\"https:\/\/www.noticiasradioreflejos.com.ar\/2021\/#website\",\"url\":\"https:\/\/www.noticiasradioreflejos.com.ar\/2021\/\",\"name\":\"Noticias Radio Reflejos\",\"description\":\"Las noticias de mi comarca\",\"potentialAction\":[{\"@type\":\"SearchAction\",\"target\":{\"@type\":\"EntryPoint\",\"urlTemplate\":\"https:\/\/www.noticiasradioreflejos.com.ar\/2021\/?s={search_term_string}\"},\"query-input\":{\"@type\":\"PropertyValueSpecification\",\"valueRequired\":true,\"valueName\":\"search_term_string\"}}],\"inLanguage\":\"es\"},{\"@type\":\"Person\",\"@id\":\"https:\/\/www.noticiasradioreflejos.com.ar\/2021\/#\/schema\/person\/ad82545263dcc5ec0996818884fd5fb1\",\"name\":\"Arnaldo Botto\",\"image\":{\"@type\":\"ImageObject\",\"inLanguage\":\"es\",\"@id\":\"https:\/\/www.noticiasradioreflejos.com.ar\/2021\/#\/schema\/person\/image\/\",\"url\":\"https:\/\/secure.gravatar.com\/avatar\/55cb5e37c1efa326397366e6974cb338056df65cb50e7d64d1cf314e87504837?s=96&d=mm&r=g\",\"contentUrl\":\"https:\/\/secure.gravatar.com\/avatar\/55cb5e37c1efa326397366e6974cb338056df65cb50e7d64d1cf314e87504837?s=96&d=mm&r=g\",\"caption\":\"Arnaldo Botto\"},\"url\":\"https:\/\/www.noticiasradioreflejos.com.ar\/2021\/author\/arnaldo\/\"}]}<\/script>\n<!-- \/ Yoast SEO plugin. -->","yoast_head_json":{"title":"Nuevos Talleres Federales de Artes Visuales para ni\u00f1as y ni\u00f1os: \"tienen cierta autonom\u00eda y se maravillan con las t\u00e9cnicas y los materiales de la disciplina\". - Noticias Radio Reflejos","robots":{"index":"index","follow":"follow","max-snippet":"max-snippet:-1","max-image-preview":"max-image-preview:large","max-video-preview":"max-video-preview:-1"},"canonical":"https:\/\/www.noticiasradioreflejos.com.ar\/2021\/nuevos-talleres-federales-de-artes-visuales-para-ninas-y-ninos-tienen-cierta-autonomia-y-se-maravillan-con-las-tecnicas-y-los-materiales-de-la-disciplina\/","og_locale":"es_ES","og_type":"article","og_title":"Nuevos Talleres Federales de Artes Visuales para ni\u00f1as y ni\u00f1os: \"tienen cierta autonom\u00eda y se maravillan con las t\u00e9cnicas y los materiales de la disciplina\". - Noticias Radio Reflejos","og_description":"Andrea Auzmendi, profesora de Educaci\u00f3n F\u00edsica y egresada de la Universidad Nacional de Artes Visuales, lanza un taller federal de Artes Visuales y aprovecha el espacio de la radio para hacerlo conocer.","og_url":"https:\/\/www.noticiasradioreflejos.com.ar\/2021\/nuevos-talleres-federales-de-artes-visuales-para-ninas-y-ninos-tienen-cierta-autonomia-y-se-maravillan-con-las-tecnicas-y-los-materiales-de-la-disciplina\/","og_site_name":"Noticias Radio Reflejos","article_published_time":"2021-07-27T21:20:57+00:00","og_image":[{"url":"https:\/\/live.staticflickr.com\/65535\/51339876334_7c8a36298f_z.jpg","type":"","width":"","height":""}],"author":"Arnaldo Botto","twitter_card":"summary_large_image","schema":{"@context":"https:\/\/schema.org","@graph":[{"@type":"WebPage","@id":"https:\/\/www.noticiasradioreflejos.com.ar\/2021\/nuevos-talleres-federales-de-artes-visuales-para-ninas-y-ninos-tienen-cierta-autonomia-y-se-maravillan-con-las-tecnicas-y-los-materiales-de-la-disciplina\/","url":"https:\/\/www.noticiasradioreflejos.com.ar\/2021\/nuevos-talleres-federales-de-artes-visuales-para-ninas-y-ninos-tienen-cierta-autonomia-y-se-maravillan-con-las-tecnicas-y-los-materiales-de-la-disciplina\/","name":"Nuevos Talleres Federales de Artes Visuales para ni\u00f1as y ni\u00f1os: \"tienen cierta autonom\u00eda y se maravillan con las t\u00e9cnicas y los materiales de la disciplina\". - Noticias Radio Reflejos","isPartOf":{"@id":"https:\/\/www.noticiasradioreflejos.com.ar\/2021\/#website"},"primaryImageOfPage":{"@id":"https:\/\/www.noticiasradioreflejos.com.ar\/2021\/nuevos-talleres-federales-de-artes-visuales-para-ninas-y-ninos-tienen-cierta-autonomia-y-se-maravillan-con-las-tecnicas-y-los-materiales-de-la-disciplina\/#primaryimage"},"image":{"@id":"https:\/\/www.noticiasradioreflejos.com.ar\/2021\/nuevos-talleres-federales-de-artes-visuales-para-ninas-y-ninos-tienen-cierta-autonomia-y-se-maravillan-con-las-tecnicas-y-los-materiales-de-la-disciplina\/#primaryimage"},"thumbnailUrl":"https:\/\/live.staticflickr.com\/65535\/51339876334_7c8a36298f_z.jpg","datePublished":"2021-07-27T21:20:57+00:00","author":{"@id":"https:\/\/www.noticiasradioreflejos.com.ar\/2021\/#\/schema\/person\/ad82545263dcc5ec0996818884fd5fb1"},"breadcrumb":{"@id":"https:\/\/www.noticiasradioreflejos.com.ar\/2021\/nuevos-talleres-federales-de-artes-visuales-para-ninas-y-ninos-tienen-cierta-autonomia-y-se-maravillan-con-las-tecnicas-y-los-materiales-de-la-disciplina\/#breadcrumb"},"inLanguage":"es","potentialAction":[{"@type":"ReadAction","target":["https:\/\/www.noticiasradioreflejos.com.ar\/2021\/nuevos-talleres-federales-de-artes-visuales-para-ninas-y-ninos-tienen-cierta-autonomia-y-se-maravillan-con-las-tecnicas-y-los-materiales-de-la-disciplina\/"]}]},{"@type":"ImageObject","inLanguage":"es","@id":"https:\/\/www.noticiasradioreflejos.com.ar\/2021\/nuevos-talleres-federales-de-artes-visuales-para-ninas-y-ninos-tienen-cierta-autonomia-y-se-maravillan-con-las-tecnicas-y-los-materiales-de-la-disciplina\/#primaryimage","url":"https:\/\/live.staticflickr.com\/65535\/51339876334_7c8a36298f_z.jpg","contentUrl":"https:\/\/live.staticflickr.com\/65535\/51339876334_7c8a36298f_z.jpg"},{"@type":"BreadcrumbList","@id":"https:\/\/www.noticiasradioreflejos.com.ar\/2021\/nuevos-talleres-federales-de-artes-visuales-para-ninas-y-ninos-tienen-cierta-autonomia-y-se-maravillan-con-las-tecnicas-y-los-materiales-de-la-disciplina\/#breadcrumb","itemListElement":[{"@type":"ListItem","position":1,"name":"Portada","item":"https:\/\/www.noticiasradioreflejos.com.ar\/2021\/"},{"@type":"ListItem","position":2,"name":"Nuevos Talleres Federales de Artes Visuales para ni\u00f1as y ni\u00f1os: \u00abtienen cierta autonom\u00eda y se maravillan con las t\u00e9cnicas y los materiales de la disciplina\u00bb."}]},{"@type":"WebSite","@id":"https:\/\/www.noticiasradioreflejos.com.ar\/2021\/#website","url":"https:\/\/www.noticiasradioreflejos.com.ar\/2021\/","name":"Noticias Radio Reflejos","description":"Las noticias de mi comarca","potentialAction":[{"@type":"SearchAction","target":{"@type":"EntryPoint","urlTemplate":"https:\/\/www.noticiasradioreflejos.com.ar\/2021\/?s={search_term_string}"},"query-input":{"@type":"PropertyValueSpecification","valueRequired":true,"valueName":"search_term_string"}}],"inLanguage":"es"},{"@type":"Person","@id":"https:\/\/www.noticiasradioreflejos.com.ar\/2021\/#\/schema\/person\/ad82545263dcc5ec0996818884fd5fb1","name":"Arnaldo Botto","image":{"@type":"ImageObject","inLanguage":"es","@id":"https:\/\/www.noticiasradioreflejos.com.ar\/2021\/#\/schema\/person\/image\/","url":"https:\/\/secure.gravatar.com\/avatar\/55cb5e37c1efa326397366e6974cb338056df65cb50e7d64d1cf314e87504837?s=96&d=mm&r=g","contentUrl":"https:\/\/secure.gravatar.com\/avatar\/55cb5e37c1efa326397366e6974cb338056df65cb50e7d64d1cf314e87504837?s=96&d=mm&r=g","caption":"Arnaldo Botto"},"url":"https:\/\/www.noticiasradioreflejos.com.ar\/2021\/author\/arnaldo\/"}]}},"_links":{"self":[{"href":"https:\/\/www.noticiasradioreflejos.com.ar\/2021\/wp-json\/wp\/v2\/posts\/60704","targetHints":{"allow":["GET"]}}],"collection":[{"href":"https:\/\/www.noticiasradioreflejos.com.ar\/2021\/wp-json\/wp\/v2\/posts"}],"about":[{"href":"https:\/\/www.noticiasradioreflejos.com.ar\/2021\/wp-json\/wp\/v2\/types\/post"}],"author":[{"embeddable":true,"href":"https:\/\/www.noticiasradioreflejos.com.ar\/2021\/wp-json\/wp\/v2\/users\/3"}],"replies":[{"embeddable":true,"href":"https:\/\/www.noticiasradioreflejos.com.ar\/2021\/wp-json\/wp\/v2\/comments?post=60704"}],"version-history":[{"count":2,"href":"https:\/\/www.noticiasradioreflejos.com.ar\/2021\/wp-json\/wp\/v2\/posts\/60704\/revisions"}],"predecessor-version":[{"id":60710,"href":"https:\/\/www.noticiasradioreflejos.com.ar\/2021\/wp-json\/wp\/v2\/posts\/60704\/revisions\/60710"}],"wp:attachment":[{"href":"https:\/\/www.noticiasradioreflejos.com.ar\/2021\/wp-json\/wp\/v2\/media?parent=60704"}],"wp:term":[{"taxonomy":"category","embeddable":true,"href":"https:\/\/www.noticiasradioreflejos.com.ar\/2021\/wp-json\/wp\/v2\/categories?post=60704"},{"taxonomy":"post_tag","embeddable":true,"href":"https:\/\/www.noticiasradioreflejos.com.ar\/2021\/wp-json\/wp\/v2\/tags?post=60704"}],"curies":[{"name":"wp","href":"https:\/\/api.w.org\/{rel}","templated":true}]}}