{"id":60702,"date":"2021-07-27T21:07:24","date_gmt":"2021-07-27T21:07:24","guid":{"rendered":"http:\/\/www.noticiasradioreflejos.com.ar\/2021\/?p=60702"},"modified":"2021-07-27T21:09:20","modified_gmt":"2021-07-27T21:09:20","slug":"villa-ventana-en-el-analisis-veo-muchas-cosas-positivas-se-ha-avanzado-con-muchos-frentes-a-la-vez","status":"publish","type":"post","link":"https:\/\/www.noticiasradioreflejos.com.ar\/2021\/villa-ventana-en-el-analisis-veo-muchas-cosas-positivas-se-ha-avanzado-con-muchos-frentes-a-la-vez\/","title":{"rendered":"Villa Ventana: \u201cEn el an\u00e1lisis veo muchas cosas positivas, se ha avanzado con muchos frentes a la vez\u00bb."},"content":{"rendered":"<p>Remodelaci\u00f3n edilicia, reacondicionamiento del parque automotor, nuevo cami\u00f3n compactador y mas incorporaciones a la maquinaria municipal son algunos de los temas abordados hoy con Florencia Testa, delegada de Villa Ventana. Nos cuenta c\u00f3mo vivencia su experiencia en el cargo. Hablamos sobre las tareas que desarrolla y los proyectos que tiene para la Villa.<!--more--><\/p>\n<p><a title=\"74 aniversario de villa Ventana (2)\" href=\"https:\/\/www.flickr.com\/photos\/182279889@N02\/51335328648\/in\/dateposted-public\/\" data-flickr-embed=\"true\" data-footer=\"true\"><img loading=\"lazy\" decoding=\"async\" src=\"https:\/\/live.staticflickr.com\/65535\/51335328648_e077b6ccdd_z.jpg\" alt=\"74 aniversario de villa Ventana (2)\" width=\"640\" height=\"480\" \/><\/a><script async src=\"\/\/embedr.flickr.com\/assets\/client-code.js\" charset=\"utf-8\"><\/script><\/p>\n<p><span style=\"color: #ff9900;\"><em>Junto al Intendente Sergio Bordoni, Florencia recibe el nuevo cami\u00f3n compactador en el aniversario de Villa Ventana<\/em><\/span><\/p>\n<p>Comenzamos hablando acerca de la cantidad de turistas que han visitado la Villa desde que comenzaron las vacaciones de invierno. \u201cHemos recibido muchas personas de La Pampa, por ejemplo\u201d coment\u00f3.<\/p>\n<p>Le pedimos a Florencia que compare sus expectativas antes de asumir a su experiencia como delegada de la localidad hace ya 5 meses. \u201cEn el an\u00e1lisis veo muchas cosas positivas, se ha avanzado con muchos frentes a la vez. En cuanto a las piedras que me top\u00e9, me top\u00e9 con la piedra de los tiempos. Uno entra super embalado con ganas de hacer de todo y cuesta acostumbrarse a que cada cosa lleva su tiempo, sus pasos a seguir\u201d.<\/p>\n<p>\u201cLo que hicimos fue gestionar para cambiar el accesorio. Se le quit\u00f3 la barredora y se le coloc\u00f3 un compactador\u201d hizo referencia al cami\u00f3n que se les entreg\u00f3 a la localidad. \u201cLa recolecci\u00f3n se estaba realizando con dos camiones volcadores y esto viene a facilitarnos mucho la tarea\u201d.<\/p>\n<p><img loading=\"lazy\" decoding=\"async\" class=\"aligncenter size-full wp-image-52022\" src=\"http:\/\/www.noticiasradioreflejos.com.ar\/2021\/wp-content\/uploads\/2021\/02\/Florencia-Testa.jpg\" alt=\"\" width=\"1280\" height=\"621\" srcset=\"https:\/\/www.noticiasradioreflejos.com.ar\/2021\/wp-content\/uploads\/2021\/02\/Florencia-Testa.jpg 1280w, https:\/\/www.noticiasradioreflejos.com.ar\/2021\/wp-content\/uploads\/2021\/02\/Florencia-Testa-300x146.jpg 300w, https:\/\/www.noticiasradioreflejos.com.ar\/2021\/wp-content\/uploads\/2021\/02\/Florencia-Testa-1024x497.jpg 1024w, https:\/\/www.noticiasradioreflejos.com.ar\/2021\/wp-content\/uploads\/2021\/02\/Florencia-Testa-768x373.jpg 768w, https:\/\/www.noticiasradioreflejos.com.ar\/2021\/wp-content\/uploads\/2021\/02\/Florencia-Testa-750x364.jpg 750w, https:\/\/www.noticiasradioreflejos.com.ar\/2021\/wp-content\/uploads\/2021\/02\/Florencia-Testa-1140x553.jpg 1140w\" sizes=\"auto, (max-width: 1280px) 100vw, 1280px\" \/><\/p>\n<p>Florencia explic\u00f3 que la Delegaci\u00f3n est\u00e1 trabajando en la Asociaci\u00f3n de Fomento de Villa Ventana. \u201cLo que estamos haciendo en la Delegaci\u00f3n es refaccionar el techo y hacer que el edificio sea un poco m\u00e1s funcional. De las que ten\u00eda la Delegaci\u00f3n, quedar\u00e1 una oficina funcional. Y en lo que era una especie de galponcito se reacomod\u00f3 para poder prestarlo a las instituciones cuando se necesite hacer una reuni\u00f3n\u201d. La obra estar\u00e1 finalizada aproximadamente en 15 d\u00edas, contando, tambi\u00e9n, la instalaci\u00f3n de gas.<\/p>\n<p>La delegada tambi\u00e9n habl\u00f3 sobre la puesta a punto del Parque Automotor. \u201cPoco a poco fuimos poniendo a punto los camiones volcadores, por ejemplo. Hay un cambio desde Febrero a hoy\u201d. Mencion\u00f3 que lo que m\u00e1s se necesita hoy en d\u00eda ser\u00eda una Motoniveladora para Villa Ventana, aunque el problema principal de la Villa es contar con el material necesario para hacer el relleno de las calles.<\/p>\n<p><strong>Nota completa a continuaci\u00f3n:<\/strong><br \/>\n<iframe loading=\"lazy\" src=\"https:\/\/w.soundcloud.com\/player\/?url=https%3A\/\/api.soundcloud.com\/tracks\/1094981692&amp;color=%23ff5500&amp;auto_play=false&amp;hide_related=false&amp;show_comments=true&amp;show_user=true&amp;show_reposts=false&amp;show_teaser=true&amp;visual=true\" width=\"100%\" height=\"300\" frameborder=\"no\" scrolling=\"no\"><\/iframe><\/p>\n<div style=\"font-size: 10px; color: #cccccc; line-break: anywhere; word-break: normal; overflow: hidden; white-space: nowrap; text-overflow: ellipsis; font-family: Interstate,Lucida Grande,Lucida Sans Unicode,Lucida Sans,Garuda,Verdana,Tahoma,sans-serif; font-weight: 100;\"><a style=\"color: #cccccc; text-decoration: none;\" title=\"fmreflejos 103.7\" href=\"https:\/\/soundcloud.com\/fmreflejos-103-7\" target=\"_blank\" rel=\"noopener\">fmreflejos 103.7<\/a> \u00b7 <a style=\"color: #cccccc; text-decoration: none;\" title=\"Nota Florencia Testa\" href=\"https:\/\/soundcloud.com\/fmreflejos-103-7\/nota-florencia-testa-1\" target=\"_blank\" rel=\"noopener\">Nota Florencia Testa<\/a><\/div>\n","protected":false},"excerpt":{"rendered":"<p>Remodelaci\u00f3n edilicia, reacondicionamiento del parque automotor, nuevo cami\u00f3n compactador y mas incorporaciones a la maquinaria municipal son algunos de los temas abordados hoy con Florencia Testa, delegada de Villa Ventana. Nos cuenta c\u00f3mo vivencia su experiencia en el cargo. Hablamos sobre las tareas que desarrolla y los proyectos que tiene para la Villa.<\/p>\n","protected":false},"author":3,"featured_media":0,"comment_status":"closed","ping_status":"closed","sticky":false,"template":"","format":"standard","meta":{"footnotes":""},"categories":[28,24,26],"tags":[48],"class_list":["post-60702","post","type-post","status-publish","format-standard","hentry","category-municipales","category-politica","category-sociedad","tag-destacada"],"yoast_head":"<!-- This site is optimized with the Yoast SEO plugin v25.9 - https:\/\/yoast.com\/wordpress\/plugins\/seo\/ -->\n<title>Villa Ventana: \u201cEn el an\u00e1lisis veo muchas cosas positivas, se ha avanzado con muchos frentes a la vez&quot;. - Noticias Radio Reflejos<\/title>\n<meta name=\"robots\" content=\"index, follow, max-snippet:-1, max-image-preview:large, max-video-preview:-1\" \/>\n<link rel=\"canonical\" href=\"https:\/\/www.noticiasradioreflejos.com.ar\/2021\/villa-ventana-en-el-analisis-veo-muchas-cosas-positivas-se-ha-avanzado-con-muchos-frentes-a-la-vez\/\" \/>\n<meta property=\"og:locale\" content=\"es_ES\" \/>\n<meta property=\"og:type\" content=\"article\" \/>\n<meta property=\"og:title\" content=\"Villa Ventana: \u201cEn el an\u00e1lisis veo muchas cosas positivas, se ha avanzado con muchos frentes a la vez&quot;. - Noticias Radio Reflejos\" \/>\n<meta property=\"og:description\" content=\"Remodelaci\u00f3n edilicia, reacondicionamiento del parque automotor, nuevo cami\u00f3n compactador y mas incorporaciones a la maquinaria municipal son algunos de los temas abordados hoy con Florencia Testa, delegada de Villa Ventana. Nos cuenta c\u00f3mo vivencia su experiencia en el cargo. Hablamos sobre las tareas que desarrolla y los proyectos que tiene para la Villa.\" \/>\n<meta property=\"og:url\" content=\"https:\/\/www.noticiasradioreflejos.com.ar\/2021\/villa-ventana-en-el-analisis-veo-muchas-cosas-positivas-se-ha-avanzado-con-muchos-frentes-a-la-vez\/\" \/>\n<meta property=\"og:site_name\" content=\"Noticias Radio Reflejos\" \/>\n<meta property=\"article:published_time\" content=\"2021-07-27T21:07:24+00:00\" \/>\n<meta property=\"article:modified_time\" content=\"2021-07-27T21:09:20+00:00\" \/>\n<meta property=\"og:image\" content=\"https:\/\/live.staticflickr.com\/65535\/51335328648_e077b6ccdd_z.jpg\" \/>\n<meta name=\"author\" content=\"Arnaldo Botto\" \/>\n<meta name=\"twitter:card\" content=\"summary_large_image\" \/>\n<script type=\"application\/ld+json\" class=\"yoast-schema-graph\">{\"@context\":\"https:\/\/schema.org\",\"@graph\":[{\"@type\":\"WebPage\",\"@id\":\"https:\/\/www.noticiasradioreflejos.com.ar\/2021\/villa-ventana-en-el-analisis-veo-muchas-cosas-positivas-se-ha-avanzado-con-muchos-frentes-a-la-vez\/\",\"url\":\"https:\/\/www.noticiasradioreflejos.com.ar\/2021\/villa-ventana-en-el-analisis-veo-muchas-cosas-positivas-se-ha-avanzado-con-muchos-frentes-a-la-vez\/\",\"name\":\"Villa Ventana: \u201cEn el an\u00e1lisis veo muchas cosas positivas, se ha avanzado con muchos frentes a la vez\\\". - Noticias Radio Reflejos\",\"isPartOf\":{\"@id\":\"https:\/\/www.noticiasradioreflejos.com.ar\/2021\/#website\"},\"primaryImageOfPage\":{\"@id\":\"https:\/\/www.noticiasradioreflejos.com.ar\/2021\/villa-ventana-en-el-analisis-veo-muchas-cosas-positivas-se-ha-avanzado-con-muchos-frentes-a-la-vez\/#primaryimage\"},\"image\":{\"@id\":\"https:\/\/www.noticiasradioreflejos.com.ar\/2021\/villa-ventana-en-el-analisis-veo-muchas-cosas-positivas-se-ha-avanzado-con-muchos-frentes-a-la-vez\/#primaryimage\"},\"thumbnailUrl\":\"https:\/\/live.staticflickr.com\/65535\/51335328648_e077b6ccdd_z.jpg\",\"datePublished\":\"2021-07-27T21:07:24+00:00\",\"dateModified\":\"2021-07-27T21:09:20+00:00\",\"author\":{\"@id\":\"https:\/\/www.noticiasradioreflejos.com.ar\/2021\/#\/schema\/person\/ad82545263dcc5ec0996818884fd5fb1\"},\"breadcrumb\":{\"@id\":\"https:\/\/www.noticiasradioreflejos.com.ar\/2021\/villa-ventana-en-el-analisis-veo-muchas-cosas-positivas-se-ha-avanzado-con-muchos-frentes-a-la-vez\/#breadcrumb\"},\"inLanguage\":\"es\",\"potentialAction\":[{\"@type\":\"ReadAction\",\"target\":[\"https:\/\/www.noticiasradioreflejos.com.ar\/2021\/villa-ventana-en-el-analisis-veo-muchas-cosas-positivas-se-ha-avanzado-con-muchos-frentes-a-la-vez\/\"]}]},{\"@type\":\"ImageObject\",\"inLanguage\":\"es\",\"@id\":\"https:\/\/www.noticiasradioreflejos.com.ar\/2021\/villa-ventana-en-el-analisis-veo-muchas-cosas-positivas-se-ha-avanzado-con-muchos-frentes-a-la-vez\/#primaryimage\",\"url\":\"https:\/\/live.staticflickr.com\/65535\/51335328648_e077b6ccdd_z.jpg\",\"contentUrl\":\"https:\/\/live.staticflickr.com\/65535\/51335328648_e077b6ccdd_z.jpg\"},{\"@type\":\"BreadcrumbList\",\"@id\":\"https:\/\/www.noticiasradioreflejos.com.ar\/2021\/villa-ventana-en-el-analisis-veo-muchas-cosas-positivas-se-ha-avanzado-con-muchos-frentes-a-la-vez\/#breadcrumb\",\"itemListElement\":[{\"@type\":\"ListItem\",\"position\":1,\"name\":\"Portada\",\"item\":\"https:\/\/www.noticiasradioreflejos.com.ar\/2021\/\"},{\"@type\":\"ListItem\",\"position\":2,\"name\":\"Villa Ventana: \u201cEn el an\u00e1lisis veo muchas cosas positivas, se ha avanzado con muchos frentes a la vez\u00bb.\"}]},{\"@type\":\"WebSite\",\"@id\":\"https:\/\/www.noticiasradioreflejos.com.ar\/2021\/#website\",\"url\":\"https:\/\/www.noticiasradioreflejos.com.ar\/2021\/\",\"name\":\"Noticias Radio Reflejos\",\"description\":\"Las noticias de mi comarca\",\"potentialAction\":[{\"@type\":\"SearchAction\",\"target\":{\"@type\":\"EntryPoint\",\"urlTemplate\":\"https:\/\/www.noticiasradioreflejos.com.ar\/2021\/?s={search_term_string}\"},\"query-input\":{\"@type\":\"PropertyValueSpecification\",\"valueRequired\":true,\"valueName\":\"search_term_string\"}}],\"inLanguage\":\"es\"},{\"@type\":\"Person\",\"@id\":\"https:\/\/www.noticiasradioreflejos.com.ar\/2021\/#\/schema\/person\/ad82545263dcc5ec0996818884fd5fb1\",\"name\":\"Arnaldo Botto\",\"image\":{\"@type\":\"ImageObject\",\"inLanguage\":\"es\",\"@id\":\"https:\/\/www.noticiasradioreflejos.com.ar\/2021\/#\/schema\/person\/image\/\",\"url\":\"https:\/\/secure.gravatar.com\/avatar\/55cb5e37c1efa326397366e6974cb338056df65cb50e7d64d1cf314e87504837?s=96&d=mm&r=g\",\"contentUrl\":\"https:\/\/secure.gravatar.com\/avatar\/55cb5e37c1efa326397366e6974cb338056df65cb50e7d64d1cf314e87504837?s=96&d=mm&r=g\",\"caption\":\"Arnaldo Botto\"},\"url\":\"https:\/\/www.noticiasradioreflejos.com.ar\/2021\/author\/arnaldo\/\"}]}<\/script>\n<!-- \/ Yoast SEO plugin. -->","yoast_head_json":{"title":"Villa Ventana: \u201cEn el an\u00e1lisis veo muchas cosas positivas, se ha avanzado con muchos frentes a la vez\". - Noticias Radio Reflejos","robots":{"index":"index","follow":"follow","max-snippet":"max-snippet:-1","max-image-preview":"max-image-preview:large","max-video-preview":"max-video-preview:-1"},"canonical":"https:\/\/www.noticiasradioreflejos.com.ar\/2021\/villa-ventana-en-el-analisis-veo-muchas-cosas-positivas-se-ha-avanzado-con-muchos-frentes-a-la-vez\/","og_locale":"es_ES","og_type":"article","og_title":"Villa Ventana: \u201cEn el an\u00e1lisis veo muchas cosas positivas, se ha avanzado con muchos frentes a la vez\". - Noticias Radio Reflejos","og_description":"Remodelaci\u00f3n edilicia, reacondicionamiento del parque automotor, nuevo cami\u00f3n compactador y mas incorporaciones a la maquinaria municipal son algunos de los temas abordados hoy con Florencia Testa, delegada de Villa Ventana. Nos cuenta c\u00f3mo vivencia su experiencia en el cargo. Hablamos sobre las tareas que desarrolla y los proyectos que tiene para la Villa.","og_url":"https:\/\/www.noticiasradioreflejos.com.ar\/2021\/villa-ventana-en-el-analisis-veo-muchas-cosas-positivas-se-ha-avanzado-con-muchos-frentes-a-la-vez\/","og_site_name":"Noticias Radio Reflejos","article_published_time":"2021-07-27T21:07:24+00:00","article_modified_time":"2021-07-27T21:09:20+00:00","og_image":[{"url":"https:\/\/live.staticflickr.com\/65535\/51335328648_e077b6ccdd_z.jpg","type":"","width":"","height":""}],"author":"Arnaldo Botto","twitter_card":"summary_large_image","schema":{"@context":"https:\/\/schema.org","@graph":[{"@type":"WebPage","@id":"https:\/\/www.noticiasradioreflejos.com.ar\/2021\/villa-ventana-en-el-analisis-veo-muchas-cosas-positivas-se-ha-avanzado-con-muchos-frentes-a-la-vez\/","url":"https:\/\/www.noticiasradioreflejos.com.ar\/2021\/villa-ventana-en-el-analisis-veo-muchas-cosas-positivas-se-ha-avanzado-con-muchos-frentes-a-la-vez\/","name":"Villa Ventana: \u201cEn el an\u00e1lisis veo muchas cosas positivas, se ha avanzado con muchos frentes a la vez\". - Noticias Radio Reflejos","isPartOf":{"@id":"https:\/\/www.noticiasradioreflejos.com.ar\/2021\/#website"},"primaryImageOfPage":{"@id":"https:\/\/www.noticiasradioreflejos.com.ar\/2021\/villa-ventana-en-el-analisis-veo-muchas-cosas-positivas-se-ha-avanzado-con-muchos-frentes-a-la-vez\/#primaryimage"},"image":{"@id":"https:\/\/www.noticiasradioreflejos.com.ar\/2021\/villa-ventana-en-el-analisis-veo-muchas-cosas-positivas-se-ha-avanzado-con-muchos-frentes-a-la-vez\/#primaryimage"},"thumbnailUrl":"https:\/\/live.staticflickr.com\/65535\/51335328648_e077b6ccdd_z.jpg","datePublished":"2021-07-27T21:07:24+00:00","dateModified":"2021-07-27T21:09:20+00:00","author":{"@id":"https:\/\/www.noticiasradioreflejos.com.ar\/2021\/#\/schema\/person\/ad82545263dcc5ec0996818884fd5fb1"},"breadcrumb":{"@id":"https:\/\/www.noticiasradioreflejos.com.ar\/2021\/villa-ventana-en-el-analisis-veo-muchas-cosas-positivas-se-ha-avanzado-con-muchos-frentes-a-la-vez\/#breadcrumb"},"inLanguage":"es","potentialAction":[{"@type":"ReadAction","target":["https:\/\/www.noticiasradioreflejos.com.ar\/2021\/villa-ventana-en-el-analisis-veo-muchas-cosas-positivas-se-ha-avanzado-con-muchos-frentes-a-la-vez\/"]}]},{"@type":"ImageObject","inLanguage":"es","@id":"https:\/\/www.noticiasradioreflejos.com.ar\/2021\/villa-ventana-en-el-analisis-veo-muchas-cosas-positivas-se-ha-avanzado-con-muchos-frentes-a-la-vez\/#primaryimage","url":"https:\/\/live.staticflickr.com\/65535\/51335328648_e077b6ccdd_z.jpg","contentUrl":"https:\/\/live.staticflickr.com\/65535\/51335328648_e077b6ccdd_z.jpg"},{"@type":"BreadcrumbList","@id":"https:\/\/www.noticiasradioreflejos.com.ar\/2021\/villa-ventana-en-el-analisis-veo-muchas-cosas-positivas-se-ha-avanzado-con-muchos-frentes-a-la-vez\/#breadcrumb","itemListElement":[{"@type":"ListItem","position":1,"name":"Portada","item":"https:\/\/www.noticiasradioreflejos.com.ar\/2021\/"},{"@type":"ListItem","position":2,"name":"Villa Ventana: \u201cEn el an\u00e1lisis veo muchas cosas positivas, se ha avanzado con muchos frentes a la vez\u00bb."}]},{"@type":"WebSite","@id":"https:\/\/www.noticiasradioreflejos.com.ar\/2021\/#website","url":"https:\/\/www.noticiasradioreflejos.com.ar\/2021\/","name":"Noticias Radio Reflejos","description":"Las noticias de mi comarca","potentialAction":[{"@type":"SearchAction","target":{"@type":"EntryPoint","urlTemplate":"https:\/\/www.noticiasradioreflejos.com.ar\/2021\/?s={search_term_string}"},"query-input":{"@type":"PropertyValueSpecification","valueRequired":true,"valueName":"search_term_string"}}],"inLanguage":"es"},{"@type":"Person","@id":"https:\/\/www.noticiasradioreflejos.com.ar\/2021\/#\/schema\/person\/ad82545263dcc5ec0996818884fd5fb1","name":"Arnaldo Botto","image":{"@type":"ImageObject","inLanguage":"es","@id":"https:\/\/www.noticiasradioreflejos.com.ar\/2021\/#\/schema\/person\/image\/","url":"https:\/\/secure.gravatar.com\/avatar\/55cb5e37c1efa326397366e6974cb338056df65cb50e7d64d1cf314e87504837?s=96&d=mm&r=g","contentUrl":"https:\/\/secure.gravatar.com\/avatar\/55cb5e37c1efa326397366e6974cb338056df65cb50e7d64d1cf314e87504837?s=96&d=mm&r=g","caption":"Arnaldo Botto"},"url":"https:\/\/www.noticiasradioreflejos.com.ar\/2021\/author\/arnaldo\/"}]}},"_links":{"self":[{"href":"https:\/\/www.noticiasradioreflejos.com.ar\/2021\/wp-json\/wp\/v2\/posts\/60702","targetHints":{"allow":["GET"]}}],"collection":[{"href":"https:\/\/www.noticiasradioreflejos.com.ar\/2021\/wp-json\/wp\/v2\/posts"}],"about":[{"href":"https:\/\/www.noticiasradioreflejos.com.ar\/2021\/wp-json\/wp\/v2\/types\/post"}],"author":[{"embeddable":true,"href":"https:\/\/www.noticiasradioreflejos.com.ar\/2021\/wp-json\/wp\/v2\/users\/3"}],"replies":[{"embeddable":true,"href":"https:\/\/www.noticiasradioreflejos.com.ar\/2021\/wp-json\/wp\/v2\/comments?post=60702"}],"version-history":[{"count":3,"href":"https:\/\/www.noticiasradioreflejos.com.ar\/2021\/wp-json\/wp\/v2\/posts\/60702\/revisions"}],"predecessor-version":[{"id":60708,"href":"https:\/\/www.noticiasradioreflejos.com.ar\/2021\/wp-json\/wp\/v2\/posts\/60702\/revisions\/60708"}],"wp:attachment":[{"href":"https:\/\/www.noticiasradioreflejos.com.ar\/2021\/wp-json\/wp\/v2\/media?parent=60702"}],"wp:term":[{"taxonomy":"category","embeddable":true,"href":"https:\/\/www.noticiasradioreflejos.com.ar\/2021\/wp-json\/wp\/v2\/categories?post=60702"},{"taxonomy":"post_tag","embeddable":true,"href":"https:\/\/www.noticiasradioreflejos.com.ar\/2021\/wp-json\/wp\/v2\/tags?post=60702"}],"curies":[{"name":"wp","href":"https:\/\/api.w.org\/{rel}","templated":true}]}}