{"id":60699,"date":"2021-07-27T17:52:29","date_gmt":"2021-07-27T17:52:29","guid":{"rendered":"http:\/\/www.noticiasradioreflejos.com.ar\/2021\/?p=60699"},"modified":"2021-07-27T17:52:29","modified_gmt":"2021-07-27T17:52:29","slug":"cordoba-los-medicos-piden-sanciones-y-medidas-restrictivas-para-los-sectores-antivacunas","status":"publish","type":"post","link":"https:\/\/www.noticiasradioreflejos.com.ar\/2021\/cordoba-los-medicos-piden-sanciones-y-medidas-restrictivas-para-los-sectores-antivacunas\/","title":{"rendered":"C\u00f3rdoba: los m\u00e9dicos piden sanciones y medidas restrictivas para los sectores antivacunas"},"content":{"rendered":"<div class=\"head-content\">\n<p>El colegio que nuclea a los m\u00e9dicos de la provincia, asever\u00f3 en un comunicado que \u201clos colegas que promuevan la no vacunaci\u00f3n ser\u00e1n denunciados ante el Tribunal de \u00c9tica de la Instituci\u00f3n, por poner en riesgo la salud p\u00fablica\u201d.<\/p>\n<\/div>\n<p><!--more--><\/p>\n<div class=\"main-content-block\">\n<div class=\"main-box clearfix\">\n<div class=\"wrapper-main-section clearfix\">\n<div class=\"wrapper-editable-content\">\n<div class=\"editable-content clearfix\">\n<div id=\"image\" class=\"image\"><\/div>\n<p>La <strong>Junta Directiva del Consejo de M\u00e9dicos de la Provincia de C\u00f3rdoba\u00a0<\/strong>(CMPC) decidi\u00f3 que ser\u00e1n denunciados ante el Tribunal de \u00c9tica de esa instituci\u00f3n los<strong>\u00a0profesionales asociados que promuevan la no vacunaci\u00f3n contra el coronavirus<\/strong>\u00a0y adelant\u00f3 que va a proponer a las autoridades del Gobierno que se tomen medidas \u00abpara limitar la circulaci\u00f3n y el acceso a diferentes actividades\u00bb sobre las personas que no est\u00e1n inmunizadas.<\/p>\n<p>El CMPC, mediante un comunicado, destac\u00f3 que desde hace tiempo la instituci\u00f3n \u201cmantiene una sostenida y dura batalla contra los movimientos anti vacunas\u201d.<\/p>\n<p>En ese sentido, record\u00f3 que \u201chace dos a\u00f1os, impuls\u00f3 la campa\u00f1a #laVacunaSalvaVidas y logr\u00f3 un importante resultado en cuanto a concientizar a la sociedad de denunciar a los profesionales que promov\u00edan el no vacunarse y vulneraban los derechos del ni\u00f1o\u201d.<\/p>\n<p>Actualmente y \u201cfrente a la tragedia de la pandemia generada por el COVID-19, resulta inexplicable que subsistan movimientos antivacunas, con argumentos infundados y sin ning\u00fan otro prop\u00f3sito m\u00e1s que intoxicar a la sociedad\u201d, resalt\u00f3 el comunicado.<\/p>\n<div class=\"js-code\"><iframe loading=\"lazy\" src=\"https:\/\/www.facebook.com\/plugins\/post.php?href=https%3A%2F%2Fwww.facebook.com%2Fpermalink.php%3Fstory_fbid%3D3322223181337875%26id%3D2185367231690148&amp;show_text=true&amp;width=500\" width=\"500\" height=\"712\" frameborder=\"0\" scrolling=\"no\" allowfullscreen=\"allowfullscreen\" data-mce-fragment=\"1\"><\/iframe><\/div>\n<p>La\u00a0<strong>Junta Directiva en pleno del CMPC,<\/strong>\u00a0encabezada por el presidente Andr\u00e9s de Le\u00f3n, propone \u201cneutralizar socialmente y \u00e9ticamente estas posiciones\u201d, resalt\u00f3.<\/p>\n<p>\u201cLos\u00a0<strong>colegas que promuevan la no vacunaci\u00f3n ser\u00e1n denunciados ante el Tribunal de \u00c9tica de la Instituci\u00f3n, por poner en riesgo la salud p\u00fablica<\/strong>\u201d, asevera el colegio que nuclea a los m\u00e9dicos de la provincia de C\u00f3rdoba.<\/p>\n<p>En esa l\u00ednea, propone tambi\u00e9n que se implementen \u201cacciones para limitar la circulaci\u00f3n y el acceso a diferentes actividades, de aquellas personas que no est\u00e9n vacunadas, excepto por indicaci\u00f3n m\u00e9dica\u201d.<\/p>\n<p><strong>Ana Ceballos, integrante del Comit\u00e9 de Contralor de Infectolog\u00eda Pedi\u00e1trica del CMPC<\/strong>, manifest\u00f3 a T\u00e9lam que el pronunciamiento \u201cno promueve la obligatoriedad de vacunarse, sino que lo que se plantea es la necesidad de<strong>\u00a0incentivar y concientizar a la gente sobre la importancia de aplicarse la vacuna, porque es segura y necesitamos estar inmunizados<\/strong>\u201d.<\/div>\n<\/div>\n<\/div>\n<\/div>\n<\/div>\n","protected":false},"excerpt":{"rendered":"<p>El colegio que nuclea a los m\u00e9dicos de la provincia, asever\u00f3 en un comunicado que \u201clos colegas que promuevan la no vacunaci\u00f3n ser\u00e1n denunciados ante el Tribunal de \u00c9tica de la Instituci\u00f3n, por poner en riesgo la salud p\u00fablica\u201d.<\/p>\n","protected":false},"author":3,"featured_media":0,"comment_status":"closed","ping_status":"closed","sticky":false,"template":"","format":"standard","meta":{"footnotes":""},"categories":[46,24,30],"tags":[],"class_list":["post-60699","post","type-post","status-publish","format-standard","hentry","category-ciencia-y-tecnologia","category-politica","category-salud"],"yoast_head":"<!-- This site is optimized with the Yoast SEO plugin v25.9 - https:\/\/yoast.com\/wordpress\/plugins\/seo\/ -->\n<title>C\u00f3rdoba: los m\u00e9dicos piden sanciones y medidas restrictivas para los sectores antivacunas - Noticias Radio Reflejos<\/title>\n<meta name=\"robots\" content=\"index, follow, max-snippet:-1, max-image-preview:large, max-video-preview:-1\" \/>\n<link rel=\"canonical\" href=\"https:\/\/www.noticiasradioreflejos.com.ar\/2021\/cordoba-los-medicos-piden-sanciones-y-medidas-restrictivas-para-los-sectores-antivacunas\/\" \/>\n<meta property=\"og:locale\" content=\"es_ES\" \/>\n<meta property=\"og:type\" content=\"article\" \/>\n<meta property=\"og:title\" content=\"C\u00f3rdoba: los m\u00e9dicos piden sanciones y medidas restrictivas para los sectores antivacunas - Noticias Radio Reflejos\" \/>\n<meta property=\"og:description\" content=\"El colegio que nuclea a los m\u00e9dicos de la provincia, asever\u00f3 en un comunicado que \u201clos colegas que promuevan la no vacunaci\u00f3n ser\u00e1n denunciados ante el Tribunal de \u00c9tica de la Instituci\u00f3n, por poner en riesgo la salud p\u00fablica\u201d.\" \/>\n<meta property=\"og:url\" content=\"https:\/\/www.noticiasradioreflejos.com.ar\/2021\/cordoba-los-medicos-piden-sanciones-y-medidas-restrictivas-para-los-sectores-antivacunas\/\" \/>\n<meta property=\"og:site_name\" content=\"Noticias Radio Reflejos\" \/>\n<meta property=\"article:published_time\" content=\"2021-07-27T17:52:29+00:00\" \/>\n<meta property=\"og:image\" content=\"https:\/\/www.noticiasradioreflejos.com.ar\/2021\/wp-content\/uploads\/2021\/07\/logosol300x200.png\" \/>\n\t<meta property=\"og:image:width\" content=\"300\" \/>\n\t<meta property=\"og:image:height\" content=\"200\" \/>\n\t<meta property=\"og:image:type\" content=\"image\/png\" \/>\n<meta name=\"author\" content=\"Arnaldo Botto\" \/>\n<meta name=\"twitter:card\" content=\"summary_large_image\" \/>\n<script type=\"application\/ld+json\" class=\"yoast-schema-graph\">{\"@context\":\"https:\/\/schema.org\",\"@graph\":[{\"@type\":\"WebPage\",\"@id\":\"https:\/\/www.noticiasradioreflejos.com.ar\/2021\/cordoba-los-medicos-piden-sanciones-y-medidas-restrictivas-para-los-sectores-antivacunas\/\",\"url\":\"https:\/\/www.noticiasradioreflejos.com.ar\/2021\/cordoba-los-medicos-piden-sanciones-y-medidas-restrictivas-para-los-sectores-antivacunas\/\",\"name\":\"C\u00f3rdoba: los m\u00e9dicos piden sanciones y medidas restrictivas para los sectores antivacunas - Noticias Radio Reflejos\",\"isPartOf\":{\"@id\":\"https:\/\/www.noticiasradioreflejos.com.ar\/2021\/#website\"},\"datePublished\":\"2021-07-27T17:52:29+00:00\",\"author\":{\"@id\":\"https:\/\/www.noticiasradioreflejos.com.ar\/2021\/#\/schema\/person\/ad82545263dcc5ec0996818884fd5fb1\"},\"breadcrumb\":{\"@id\":\"https:\/\/www.noticiasradioreflejos.com.ar\/2021\/cordoba-los-medicos-piden-sanciones-y-medidas-restrictivas-para-los-sectores-antivacunas\/#breadcrumb\"},\"inLanguage\":\"es\",\"potentialAction\":[{\"@type\":\"ReadAction\",\"target\":[\"https:\/\/www.noticiasradioreflejos.com.ar\/2021\/cordoba-los-medicos-piden-sanciones-y-medidas-restrictivas-para-los-sectores-antivacunas\/\"]}]},{\"@type\":\"BreadcrumbList\",\"@id\":\"https:\/\/www.noticiasradioreflejos.com.ar\/2021\/cordoba-los-medicos-piden-sanciones-y-medidas-restrictivas-para-los-sectores-antivacunas\/#breadcrumb\",\"itemListElement\":[{\"@type\":\"ListItem\",\"position\":1,\"name\":\"Portada\",\"item\":\"https:\/\/www.noticiasradioreflejos.com.ar\/2021\/\"},{\"@type\":\"ListItem\",\"position\":2,\"name\":\"C\u00f3rdoba: los m\u00e9dicos piden sanciones y medidas restrictivas para los sectores antivacunas\"}]},{\"@type\":\"WebSite\",\"@id\":\"https:\/\/www.noticiasradioreflejos.com.ar\/2021\/#website\",\"url\":\"https:\/\/www.noticiasradioreflejos.com.ar\/2021\/\",\"name\":\"Noticias Radio Reflejos\",\"description\":\"Las noticias de mi comarca\",\"potentialAction\":[{\"@type\":\"SearchAction\",\"target\":{\"@type\":\"EntryPoint\",\"urlTemplate\":\"https:\/\/www.noticiasradioreflejos.com.ar\/2021\/?s={search_term_string}\"},\"query-input\":{\"@type\":\"PropertyValueSpecification\",\"valueRequired\":true,\"valueName\":\"search_term_string\"}}],\"inLanguage\":\"es\"},{\"@type\":\"Person\",\"@id\":\"https:\/\/www.noticiasradioreflejos.com.ar\/2021\/#\/schema\/person\/ad82545263dcc5ec0996818884fd5fb1\",\"name\":\"Arnaldo Botto\",\"image\":{\"@type\":\"ImageObject\",\"inLanguage\":\"es\",\"@id\":\"https:\/\/www.noticiasradioreflejos.com.ar\/2021\/#\/schema\/person\/image\/\",\"url\":\"https:\/\/secure.gravatar.com\/avatar\/55cb5e37c1efa326397366e6974cb338056df65cb50e7d64d1cf314e87504837?s=96&d=mm&r=g\",\"contentUrl\":\"https:\/\/secure.gravatar.com\/avatar\/55cb5e37c1efa326397366e6974cb338056df65cb50e7d64d1cf314e87504837?s=96&d=mm&r=g\",\"caption\":\"Arnaldo Botto\"},\"url\":\"https:\/\/www.noticiasradioreflejos.com.ar\/2021\/author\/arnaldo\/\"}]}<\/script>\n<!-- \/ Yoast SEO plugin. -->","yoast_head_json":{"title":"C\u00f3rdoba: los m\u00e9dicos piden sanciones y medidas restrictivas para los sectores antivacunas - Noticias Radio Reflejos","robots":{"index":"index","follow":"follow","max-snippet":"max-snippet:-1","max-image-preview":"max-image-preview:large","max-video-preview":"max-video-preview:-1"},"canonical":"https:\/\/www.noticiasradioreflejos.com.ar\/2021\/cordoba-los-medicos-piden-sanciones-y-medidas-restrictivas-para-los-sectores-antivacunas\/","og_locale":"es_ES","og_type":"article","og_title":"C\u00f3rdoba: los m\u00e9dicos piden sanciones y medidas restrictivas para los sectores antivacunas - Noticias Radio Reflejos","og_description":"El colegio que nuclea a los m\u00e9dicos de la provincia, asever\u00f3 en un comunicado que \u201clos colegas que promuevan la no vacunaci\u00f3n ser\u00e1n denunciados ante el Tribunal de \u00c9tica de la Instituci\u00f3n, por poner en riesgo la salud p\u00fablica\u201d.","og_url":"https:\/\/www.noticiasradioreflejos.com.ar\/2021\/cordoba-los-medicos-piden-sanciones-y-medidas-restrictivas-para-los-sectores-antivacunas\/","og_site_name":"Noticias Radio Reflejos","article_published_time":"2021-07-27T17:52:29+00:00","og_image":[{"width":300,"height":200,"url":"https:\/\/www.noticiasradioreflejos.com.ar\/2021\/wp-content\/uploads\/2021\/07\/logosol300x200.png","type":"image\/png"}],"author":"Arnaldo Botto","twitter_card":"summary_large_image","schema":{"@context":"https:\/\/schema.org","@graph":[{"@type":"WebPage","@id":"https:\/\/www.noticiasradioreflejos.com.ar\/2021\/cordoba-los-medicos-piden-sanciones-y-medidas-restrictivas-para-los-sectores-antivacunas\/","url":"https:\/\/www.noticiasradioreflejos.com.ar\/2021\/cordoba-los-medicos-piden-sanciones-y-medidas-restrictivas-para-los-sectores-antivacunas\/","name":"C\u00f3rdoba: los m\u00e9dicos piden sanciones y medidas restrictivas para los sectores antivacunas - Noticias Radio Reflejos","isPartOf":{"@id":"https:\/\/www.noticiasradioreflejos.com.ar\/2021\/#website"},"datePublished":"2021-07-27T17:52:29+00:00","author":{"@id":"https:\/\/www.noticiasradioreflejos.com.ar\/2021\/#\/schema\/person\/ad82545263dcc5ec0996818884fd5fb1"},"breadcrumb":{"@id":"https:\/\/www.noticiasradioreflejos.com.ar\/2021\/cordoba-los-medicos-piden-sanciones-y-medidas-restrictivas-para-los-sectores-antivacunas\/#breadcrumb"},"inLanguage":"es","potentialAction":[{"@type":"ReadAction","target":["https:\/\/www.noticiasradioreflejos.com.ar\/2021\/cordoba-los-medicos-piden-sanciones-y-medidas-restrictivas-para-los-sectores-antivacunas\/"]}]},{"@type":"BreadcrumbList","@id":"https:\/\/www.noticiasradioreflejos.com.ar\/2021\/cordoba-los-medicos-piden-sanciones-y-medidas-restrictivas-para-los-sectores-antivacunas\/#breadcrumb","itemListElement":[{"@type":"ListItem","position":1,"name":"Portada","item":"https:\/\/www.noticiasradioreflejos.com.ar\/2021\/"},{"@type":"ListItem","position":2,"name":"C\u00f3rdoba: los m\u00e9dicos piden sanciones y medidas restrictivas para los sectores antivacunas"}]},{"@type":"WebSite","@id":"https:\/\/www.noticiasradioreflejos.com.ar\/2021\/#website","url":"https:\/\/www.noticiasradioreflejos.com.ar\/2021\/","name":"Noticias Radio Reflejos","description":"Las noticias de mi comarca","potentialAction":[{"@type":"SearchAction","target":{"@type":"EntryPoint","urlTemplate":"https:\/\/www.noticiasradioreflejos.com.ar\/2021\/?s={search_term_string}"},"query-input":{"@type":"PropertyValueSpecification","valueRequired":true,"valueName":"search_term_string"}}],"inLanguage":"es"},{"@type":"Person","@id":"https:\/\/www.noticiasradioreflejos.com.ar\/2021\/#\/schema\/person\/ad82545263dcc5ec0996818884fd5fb1","name":"Arnaldo Botto","image":{"@type":"ImageObject","inLanguage":"es","@id":"https:\/\/www.noticiasradioreflejos.com.ar\/2021\/#\/schema\/person\/image\/","url":"https:\/\/secure.gravatar.com\/avatar\/55cb5e37c1efa326397366e6974cb338056df65cb50e7d64d1cf314e87504837?s=96&d=mm&r=g","contentUrl":"https:\/\/secure.gravatar.com\/avatar\/55cb5e37c1efa326397366e6974cb338056df65cb50e7d64d1cf314e87504837?s=96&d=mm&r=g","caption":"Arnaldo Botto"},"url":"https:\/\/www.noticiasradioreflejos.com.ar\/2021\/author\/arnaldo\/"}]}},"_links":{"self":[{"href":"https:\/\/www.noticiasradioreflejos.com.ar\/2021\/wp-json\/wp\/v2\/posts\/60699","targetHints":{"allow":["GET"]}}],"collection":[{"href":"https:\/\/www.noticiasradioreflejos.com.ar\/2021\/wp-json\/wp\/v2\/posts"}],"about":[{"href":"https:\/\/www.noticiasradioreflejos.com.ar\/2021\/wp-json\/wp\/v2\/types\/post"}],"author":[{"embeddable":true,"href":"https:\/\/www.noticiasradioreflejos.com.ar\/2021\/wp-json\/wp\/v2\/users\/3"}],"replies":[{"embeddable":true,"href":"https:\/\/www.noticiasradioreflejos.com.ar\/2021\/wp-json\/wp\/v2\/comments?post=60699"}],"version-history":[{"count":1,"href":"https:\/\/www.noticiasradioreflejos.com.ar\/2021\/wp-json\/wp\/v2\/posts\/60699\/revisions"}],"predecessor-version":[{"id":60701,"href":"https:\/\/www.noticiasradioreflejos.com.ar\/2021\/wp-json\/wp\/v2\/posts\/60699\/revisions\/60701"}],"wp:attachment":[{"href":"https:\/\/www.noticiasradioreflejos.com.ar\/2021\/wp-json\/wp\/v2\/media?parent=60699"}],"wp:term":[{"taxonomy":"category","embeddable":true,"href":"https:\/\/www.noticiasradioreflejos.com.ar\/2021\/wp-json\/wp\/v2\/categories?post=60699"},{"taxonomy":"post_tag","embeddable":true,"href":"https:\/\/www.noticiasradioreflejos.com.ar\/2021\/wp-json\/wp\/v2\/tags?post=60699"}],"curies":[{"name":"wp","href":"https:\/\/api.w.org\/{rel}","templated":true}]}}