{"id":60697,"date":"2021-07-27T17:49:36","date_gmt":"2021-07-27T17:49:36","guid":{"rendered":"http:\/\/www.noticiasradioreflejos.com.ar\/2021\/?p=60697"},"modified":"2021-07-27T17:49:36","modified_gmt":"2021-07-27T17:49:36","slug":"el-fmi-estima-que-la-argentina-crecera-64-mas-que-la-media-regional-y-mundial","status":"publish","type":"post","link":"https:\/\/www.noticiasradioreflejos.com.ar\/2021\/el-fmi-estima-que-la-argentina-crecera-64-mas-que-la-media-regional-y-mundial\/","title":{"rendered":"El FMI estima que la Argentina crecer\u00e1 6,4%: m\u00e1s que la media regional y mundial"},"content":{"rendered":"<div class=\"head-content\">\n<p>El organismo difundi\u00f3 este martes su an\u00e1lisis Perspectivas de la Econom\u00eda Mundial (informe WEO, por sus siglas en ingl\u00e9s), donde advirti\u00f3 que \u00abse ahondan las brechas en la recuperaci\u00f3n mundial\u00bb.<\/p>\n<\/div>\n<p><!--more--><\/p>\n<div class=\"main-content-block\">\n<div class=\"main-box clearfix\">\n<div class=\"wrapper-main-section clearfix\">\n<div class=\"wrapper-editable-content\">\n<div class=\"editable-content clearfix\">\n<div id=\"image\" class=\"image\">\n<div class=\"epigrafe\">El Fondo Monetario Internacional (FMI) mejor\u00f3 la perspectiva de crecimiento econ\u00f3mico de la Argentina en 2021, del 5,8% estimado en abril de este a\u00f1o al 6,4% reflejado en su nuevo an\u00e1lisis sobre la econom\u00eda mundial, donde las proyecciones a nivel mundial son de 6% para este a\u00f1o y de 4,9% para el pr\u00f3ximo.<\/div>\n<\/div>\n<p><strong>\u00abArgentina se ha beneficiado de un inesperado aumento en los precios de sus exportaciones, con un incremento de los precios de los alimentos a nivel internacional.<\/strong>Ese efecto positivo a trav\u00e9s de los precios de las exportaciones est\u00e1 ayudando a la recuperaci\u00f3n de Argentina\u00bb, se\u00f1al\u00f3 esta ma\u00f1ana la economista jefa del FMI, Gita Gopinath, en una conferencia de prensa.<\/p>\n<div class=\"js-code\">\n<div class=\"twitter-tweet twitter-tweet-rendered\"><iframe id=\"twitter-widget-0\" class=\"\" title=\"Twitter Tweet\" src=\"https:\/\/platform.twitter.com\/embed\/Tweet.html?creatorScreenName=agenciatelam&amp;dnt=false&amp;embedId=twitter-widget-0&amp;features=eyJ0ZndfZXhwZXJpbWVudHNfY29va2llX2V4cGlyYXRpb24iOnsiYnVja2V0IjoxMjA5NjAwLCJ2ZXJzaW9uIjpudWxsfSwidGZ3X2hvcml6b25fdHdlZXRfZW1iZWRfOTU1NSI6eyJidWNrZXQiOiJodGUiLCJ2ZXJzaW9uIjpudWxsfSwidGZ3X3NwYWNlX2NhcmQiOnsiYnVja2V0Ijoib2ZmIiwidmVyc2lvbiI6bnVsbH19&amp;frame=false&amp;hideCard=false&amp;hideThread=false&amp;id=1420007488896700422&amp;lang=en&amp;origin=https%3A%2F%2Fwww.telam.com.ar%2Fnotas%2F202107%2F562807-fmi-proyecciones-fondo-monetario-internacional.html&amp;sessionId=320a1e988f88317c817eb3d7cfd13aa48fc92cf9&amp;siteScreenName=agenciatelam&amp;theme=light&amp;widgetsVersion=82e1070%3A1619632193066&amp;width=550px\" frameborder=\"0\" scrolling=\"no\" allowfullscreen=\"allowfullscreen\" data-tweet-id=\"1420007488896700422\" data-mce-fragment=\"1\"><\/iframe><\/div>\n<\/div>\n<p>Por su parte, la subdirectora del Departamento de Investigaci\u00f3n del Fondo, Petya Koeva Brooks, puntualiz\u00f3 que la revisi\u00f3n al alza de las previsiones para Argentina se debe tambi\u00e9n a una vacunaci\u00f3n \u00abm\u00e1s r\u00e1pida de lo que hab\u00edamos previsto\u00bb, y \u00abal crecimiento de los intercambios comerciales, especialmente con Brasil\u00bb.<\/p>\n<p>La estimaci\u00f3n del FMI consider\u00f3 adem\u00e1s que la econom\u00eda argentina crecer\u00e1 el a\u00f1o pr\u00f3ximo 2,4%, con un leve descenso de 0,1 puntos porcentuales respecto de abril.<\/p>\n<div id=\"image\" class=\"image\">\n<p><img decoding=\"async\" title=\"Mejor\u00f3 la perspectiva de crecimiento econ\u00f3mico de la Argentina en 2021, del 5,8% estimado en abril de este a\u00f1o al 6,4% actual.\" src=\"https:\/\/www.telam.com.ar\/advf\/imagenes\/2021\/07\/60ea2f17c9c62_1004x565.jpg\" alt=\"Mejor\u00f3 la perspectiva de crecimiento econ\u00f3mico de la Argentina en 2021, del 5,8% estimado en abril de este a\u00f1o al 6,4% actual.\" \/><\/p>\n<div class=\"epigrafe\">Mejor\u00f3 la perspectiva de crecimiento econ\u00f3mico de la Argentina en 2021, del 5,8% estimado en abril de este a\u00f1o al 6,4% actual.<\/div>\n<\/div>\n<p>El organismo difundi\u00f3 este martes su an\u00e1lisis Perspectivas de la Econom\u00eda Mundial (informe WEO, por sus siglas en ingl\u00e9s), donde advirti\u00f3 que \u00abse ahondan las brechas en la recuperaci\u00f3n mundial\u00bb.<\/p>\n<p>Asimismo, puntualiz\u00f3 que \u00ablas perspectivas econ\u00f3micas han divergido a\u00fan m\u00e1s entre los pa\u00edses desde las proyecciones publicadas en abril de este a\u00f1o\u00bb, y remarc\u00f3 que \u00abel acceso a las vacunas se ha convertido en la principal brecha a lo largo de la cual la recuperaci\u00f3n mundial se divide en dos bloques\u00bb.<\/p>\n<p>Al respecto, se\u00f1al\u00f3 que est\u00e1n \u00ablos pa\u00edses que pueden esperar una mayor normalizaci\u00f3n de la actividad a finales de este a\u00f1o (casi todas las econom\u00edas avanzadas)\u00bb, y distingui\u00f3 que est\u00e1n \u00abaquellos que todav\u00eda se enfrentan a un rebrote de contagios y un aumento del n\u00famero de v\u00edctimas de coronavirus\u00bb.<\/p>\n<p>Sin embargo, indic\u00f3 que<strong>\u00abla recuperaci\u00f3n no est\u00e1 asegurada incluso en aquellos pa\u00edses con niveles de infecci\u00f3n muy bajos mientras el virus circule en otros pa\u00edses\u00bb,<\/strong>y proyect\u00f3 que \u00abla econom\u00eda mundial crecer\u00e1 6% en 2021 y 4,9% en 2022\u00bb.<\/p>\n<div id=\"image\" class=\"image\">\n<p><img decoding=\"async\" title=\"Argentina, seg\u00fan el FMI, se ha beneficiado del aumento en los precios de sus exportaciones.\" src=\"https:\/\/www.telam.com.ar\/advf\/imagenes\/2020\/09\/5f5a108d87fab_1004x565.jpg\" alt=\"Argentina, seg\u00fan el FMI, se ha beneficiado del aumento en los precios de sus exportaciones.\" \/><\/p>\n<div class=\"epigrafe\">Argentina, seg\u00fan el FMI, se ha beneficiado del aumento en los precios de sus exportaciones.<\/div>\n<\/div>\n<p>\u00abEl pron\u00f3stico mundial para 2021 no ha variado con respecto al del informe WEO de abril de 2021, porque las revisiones se ven neutralizadas. Las perspectivas de las econom\u00edas de mercados emergentes y en desarrollo para 2021 se han revisado a la baja, especialmente para las econom\u00edas emergentes de Asia\u00bb, precis\u00f3 el Fondo.<\/p>\n<p>En el caso de Asia, las perspectivas son de 6,3% para este a\u00f1o con una baja de 0,4 puntos porcentuales respecto de las proyecciones de abril \u00faltimo, y 5,2% para el pr\u00f3ximo con una suba de 0,2 puntos.<\/p>\n<div class=\"js-code\">\n<div class=\"twitter-tweet twitter-tweet-rendered\"><iframe id=\"twitter-widget-1\" class=\"\" title=\"Twitter Tweet\" src=\"https:\/\/platform.twitter.com\/embed\/Tweet.html?creatorScreenName=agenciatelam&amp;dnt=false&amp;embedId=twitter-widget-1&amp;features=eyJ0ZndfZXhwZXJpbWVudHNfY29va2llX2V4cGlyYXRpb24iOnsiYnVja2V0IjoxMjA5NjAwLCJ2ZXJzaW9uIjpudWxsfSwidGZ3X2hvcml6b25fdHdlZXRfZW1iZWRfOTU1NSI6eyJidWNrZXQiOiJodGUiLCJ2ZXJzaW9uIjpudWxsfSwidGZ3X3NwYWNlX2NhcmQiOnsiYnVja2V0Ijoib2ZmIiwidmVyc2lvbiI6bnVsbH19&amp;frame=false&amp;hideCard=false&amp;hideThread=false&amp;id=1420032477578596363&amp;lang=en&amp;origin=https%3A%2F%2Fwww.telam.com.ar%2Fnotas%2F202107%2F562807-fmi-proyecciones-fondo-monetario-internacional.html&amp;sessionId=320a1e988f88317c817eb3d7cfd13aa48fc92cf9&amp;siteScreenName=agenciatelam&amp;theme=light&amp;widgetsVersion=82e1070%3A1619632193066&amp;width=550px\" frameborder=\"0\" scrolling=\"no\" allowfullscreen=\"allowfullscreen\" data-tweet-id=\"1420032477578596363\" data-mce-fragment=\"1\"><\/iframe><\/div>\n<\/div>\n<p>Para China la estimaci\u00f3n es de 8,1% este a\u00f1o (0,3 puntos menos que en abril), y 5,7% (+0,1) el pr\u00f3ximo; Rusia, 4,4% (+0,6) y 3,1% (-0,7); Latinoam\u00e9rica y el Caribe, 5,8% (+1,2) y 3,2% (+0,1); y dentro de la regi\u00f3n, Brasil, 5,3% (+1,6) y 1,9% (-0,7); y M\u00e9xico, 6,3% (+1,3) y 4,2% (+1,2).<\/p>\n<p>En cambio, el informe destac\u00f3 que \u00ablas proyecciones para las econom\u00edas avanzadas se han revisado al alza\u00bb, y afirm\u00f3 que \u00abestas revisiones reflejan la evoluci\u00f3n de la pandemia y los cambios en las pol\u00edticas de apoyo\u00bb.<\/p>\n<p>Para las econom\u00edas avanzadas el Fondo proyect\u00f3 un crecimiento de 5,6% este a\u00f1o y de 4,4% el pr\u00f3ximo, con una diferencia hacia arriba de 0,5 y 0,8 respectivamente, en comparaci\u00f3n con las estimaciones de abril.<\/p>\n<div id=\"image\" class=\"image\">\n<p><img decoding=\"async\" title=\"El incremento de los precios de los alimentos a nivel internacional genera mayores divisas. \" src=\"https:\/\/www.telam.com.ar\/advf\/imagenes\/2021\/06\/60d3436bcc6aa_1004x565.jpg\" alt=\"El incremento de los precios de los alimentos a nivel internacional genera mayores divisas. \" \/><\/p>\n<div class=\"epigrafe\">El incremento de los precios de los alimentos a nivel internacional genera mayores divisas.<\/div>\n<\/div>\n<p>El informe explic\u00f3 que \u00abel aumento de 0,5 puntos porcentuales (a nivel mundial) para 2022 se deriva principalmente de la revisi\u00f3n al alza del pron\u00f3stico de las econom\u00edas avanzadas, particularmente Estados Unidos\u00bb.<\/p>\n<p>El Fondo pronostic\u00f3 que Estados Unidos crecer\u00e1 7% en 2021 (0,6 puntos porcentuales m\u00e1s que las estimaciones de abril) y 4,9% (+1,4) en 2022; la denominada Zona Euro, 4,6% (+0,2) y 4,3% (+0,5); Jap\u00f3n, 2,8% (-0,5) y 3% (+0,5); el Reino Unido, 7% (+1,7) y 4,8% (-0,3); y Canad\u00e1, 6,3% (+1,3) y 4,5% (-0,2).<\/p>\n<p>Al respecto el an\u00e1lisis se\u00f1al\u00f3 que la proyecci\u00f3n para las econom\u00edas avanzadas \u00abrefleja la adopci\u00f3n prevista de legislaci\u00f3n para proporcionar apoyo fiscal adicional en el segundo semestre de 2021 y una mejora de los indicadores sanitarios, en general, en todo el grupo\u00bb.<\/p>\n<blockquote class=\"twitter-tweet\" data-width=\"500\" data-dnt=\"true\">\n<p lang=\"en\" dir=\"ltr\">IMF Growth Projections: 2021<\/p>\n<p>USA\ud83c\uddfa\ud83c\uddf8: 7%<br \/>Germany\ud83c\udde9\ud83c\uddea: 3.6%<br \/>France\ud83c\uddeb\ud83c\uddf7: 5.8%<br \/>Italy\ud83c\uddee\ud83c\uddf9: 4.9%<br \/>Japan\ud83c\uddef\ud83c\uddf5: 2.8% <br \/>UK\ud83c\uddec\ud83c\udde7: 7%<br \/>Canada \ud83c\udde8\ud83c\udde6: 6.3%<br \/>China\ud83c\udde8\ud83c\uddf3: 8.1%<br \/>India\ud83c\uddee\ud83c\uddf3: 9.5%<br \/>Russia\ud83c\uddf7\ud83c\uddfa: 4.4%<br \/>Brazil\ud83c\udde7\ud83c\uddf7: 5.3%<br \/>Mexico\ud83c\uddf2\ud83c\uddfd: 6.3%<br \/>KSA\ud83c\uddf8\ud83c\udde6: 2.4%<br \/>Nigeria\ud83c\uddf3\ud83c\uddec: 2.5%<br \/>South Africa\ud83c\uddff\ud83c\udde6: 4%<a href=\"https:\/\/t.co\/yxs2PsGbgB\">https:\/\/t.co\/yxs2PsGbgB<\/a> <a href=\"https:\/\/twitter.com\/hashtag\/WEO?src=hash&amp;ref_src=twsrc%5Etfw\">#WEO<\/a> <a href=\"https:\/\/t.co\/GpKoLpAPxO\">pic.twitter.com\/GpKoLpAPxO<\/a><\/p>\n<p>&mdash; IMF (@IMFNews) <a href=\"https:\/\/twitter.com\/IMFNews\/status\/1420024125469470723?ref_src=twsrc%5Etfw\">July 27, 2021<\/a><\/p><\/blockquote>\n<p><script async src=\"https:\/\/platform.twitter.com\/widgets.js\" charset=\"utf-8\"><\/script><\/p>\n<p>Para el Fondo, \u00abla acci\u00f3n multilateral es esencial para reducir las divergencias y fortalecer las perspectivas mundiales\u00bb, y afirm\u00f3 que \u00abla prioridad inmediata es distribuir las vacunas equitativamente en todo el mundo\u00bb.<\/p>\n<p>Por eso destac\u00f3 que \u00abla propuesta del personal t\u00e9cnico del FMI por un monto de US$ 50.000 millones, avalada conjuntamente por la organizaciones mundiales de la Salud (OMS) y del Comercio (OMC), y el Banco Mundial, establece metas claras y medidas pragm\u00e1ticas a un costo asequible para poner fin a la pandemia\u00bb.<\/p>\n<p>El organismo asegur\u00f3 que \u00ablas econom\u00edas con limitaciones financieras tambi\u00e9n necesitan un acceso irrestricto a la liquidez internacional\u00bb, y remarc\u00f3 que<strong>\u00abla propuesta del FMI de una asignaci\u00f3n general de Derechos Especiales de Giro (DEG) equivalente a US$ 650.000 millones tiene por objetivo aumentar los activos de reserva de todas las econom\u00edas y ayudar a atenuar las restricciones de liquidez\u00bb.<\/strong><\/p>\n<\/div>\n<\/div>\n<\/div>\n<\/div>\n<\/div>\n","protected":false},"excerpt":{"rendered":"<p>El Fondo Monetario Internacional (FMI) mejor\u00f3 la perspectiva de crecimiento econ\u00f3mico de la Argentina en 2021, del 5,8% estimado en abril de este a\u00f1o al 6,4% reflejado en su nuevo an\u00e1lisis sobre la econom\u00eda mundial, donde las proyecciones a nivel mundial son de 6% para este a\u00f1o y de 4,9% para el pr\u00f3ximo.<\/p>\n","protected":false},"author":3,"featured_media":0,"comment_status":"closed","ping_status":"closed","sticky":false,"template":"","format":"standard","meta":{"footnotes":""},"categories":[36],"tags":[],"class_list":["post-60697","post","type-post","status-publish","format-standard","hentry","category-economia"],"yoast_head":"<!-- This site is optimized with the Yoast SEO plugin v25.9 - https:\/\/yoast.com\/wordpress\/plugins\/seo\/ -->\n<title>El FMI estima que la Argentina crecer\u00e1 6,4%: m\u00e1s que la media regional y mundial - Noticias Radio Reflejos<\/title>\n<meta name=\"robots\" content=\"index, follow, max-snippet:-1, max-image-preview:large, max-video-preview:-1\" \/>\n<link rel=\"canonical\" href=\"https:\/\/www.noticiasradioreflejos.com.ar\/2021\/el-fmi-estima-que-la-argentina-crecera-64-mas-que-la-media-regional-y-mundial\/\" \/>\n<meta property=\"og:locale\" content=\"es_ES\" \/>\n<meta property=\"og:type\" content=\"article\" \/>\n<meta property=\"og:title\" content=\"El FMI estima que la Argentina crecer\u00e1 6,4%: m\u00e1s que la media regional y mundial - Noticias Radio Reflejos\" \/>\n<meta property=\"og:description\" content=\"El Fondo Monetario Internacional (FMI) mejor\u00f3 la perspectiva de crecimiento econ\u00f3mico de la Argentina en 2021, del 5,8% estimado en abril de este a\u00f1o al 6,4% reflejado en su nuevo an\u00e1lisis sobre la econom\u00eda mundial, donde las proyecciones a nivel mundial son de 6% para este a\u00f1o y de 4,9% para el pr\u00f3ximo.\" \/>\n<meta property=\"og:url\" content=\"https:\/\/www.noticiasradioreflejos.com.ar\/2021\/el-fmi-estima-que-la-argentina-crecera-64-mas-que-la-media-regional-y-mundial\/\" \/>\n<meta property=\"og:site_name\" content=\"Noticias Radio Reflejos\" \/>\n<meta property=\"article:published_time\" content=\"2021-07-27T17:49:36+00:00\" \/>\n<meta property=\"og:image\" content=\"https:\/\/www.telam.com.ar\/advf\/imagenes\/2021\/07\/60ea2f17c9c62_1004x565.jpg\" \/>\n<meta name=\"author\" content=\"Arnaldo Botto\" \/>\n<meta name=\"twitter:card\" content=\"summary_large_image\" \/>\n<script type=\"application\/ld+json\" class=\"yoast-schema-graph\">{\"@context\":\"https:\/\/schema.org\",\"@graph\":[{\"@type\":\"WebPage\",\"@id\":\"https:\/\/www.noticiasradioreflejos.com.ar\/2021\/el-fmi-estima-que-la-argentina-crecera-64-mas-que-la-media-regional-y-mundial\/\",\"url\":\"https:\/\/www.noticiasradioreflejos.com.ar\/2021\/el-fmi-estima-que-la-argentina-crecera-64-mas-que-la-media-regional-y-mundial\/\",\"name\":\"El FMI estima que la Argentina crecer\u00e1 6,4%: m\u00e1s que la media regional y mundial - Noticias Radio Reflejos\",\"isPartOf\":{\"@id\":\"https:\/\/www.noticiasradioreflejos.com.ar\/2021\/#website\"},\"primaryImageOfPage\":{\"@id\":\"https:\/\/www.noticiasradioreflejos.com.ar\/2021\/el-fmi-estima-que-la-argentina-crecera-64-mas-que-la-media-regional-y-mundial\/#primaryimage\"},\"image\":{\"@id\":\"https:\/\/www.noticiasradioreflejos.com.ar\/2021\/el-fmi-estima-que-la-argentina-crecera-64-mas-que-la-media-regional-y-mundial\/#primaryimage\"},\"thumbnailUrl\":\"https:\/\/www.telam.com.ar\/advf\/imagenes\/2021\/07\/60ea2f17c9c62_1004x565.jpg\",\"datePublished\":\"2021-07-27T17:49:36+00:00\",\"author\":{\"@id\":\"https:\/\/www.noticiasradioreflejos.com.ar\/2021\/#\/schema\/person\/ad82545263dcc5ec0996818884fd5fb1\"},\"breadcrumb\":{\"@id\":\"https:\/\/www.noticiasradioreflejos.com.ar\/2021\/el-fmi-estima-que-la-argentina-crecera-64-mas-que-la-media-regional-y-mundial\/#breadcrumb\"},\"inLanguage\":\"es\",\"potentialAction\":[{\"@type\":\"ReadAction\",\"target\":[\"https:\/\/www.noticiasradioreflejos.com.ar\/2021\/el-fmi-estima-que-la-argentina-crecera-64-mas-que-la-media-regional-y-mundial\/\"]}]},{\"@type\":\"ImageObject\",\"inLanguage\":\"es\",\"@id\":\"https:\/\/www.noticiasradioreflejos.com.ar\/2021\/el-fmi-estima-que-la-argentina-crecera-64-mas-que-la-media-regional-y-mundial\/#primaryimage\",\"url\":\"https:\/\/www.telam.com.ar\/advf\/imagenes\/2021\/07\/60ea2f17c9c62_1004x565.jpg\",\"contentUrl\":\"https:\/\/www.telam.com.ar\/advf\/imagenes\/2021\/07\/60ea2f17c9c62_1004x565.jpg\"},{\"@type\":\"BreadcrumbList\",\"@id\":\"https:\/\/www.noticiasradioreflejos.com.ar\/2021\/el-fmi-estima-que-la-argentina-crecera-64-mas-que-la-media-regional-y-mundial\/#breadcrumb\",\"itemListElement\":[{\"@type\":\"ListItem\",\"position\":1,\"name\":\"Portada\",\"item\":\"https:\/\/www.noticiasradioreflejos.com.ar\/2021\/\"},{\"@type\":\"ListItem\",\"position\":2,\"name\":\"El FMI estima que la Argentina crecer\u00e1 6,4%: m\u00e1s que la media regional y mundial\"}]},{\"@type\":\"WebSite\",\"@id\":\"https:\/\/www.noticiasradioreflejos.com.ar\/2021\/#website\",\"url\":\"https:\/\/www.noticiasradioreflejos.com.ar\/2021\/\",\"name\":\"Noticias Radio Reflejos\",\"description\":\"Las noticias de mi comarca\",\"potentialAction\":[{\"@type\":\"SearchAction\",\"target\":{\"@type\":\"EntryPoint\",\"urlTemplate\":\"https:\/\/www.noticiasradioreflejos.com.ar\/2021\/?s={search_term_string}\"},\"query-input\":{\"@type\":\"PropertyValueSpecification\",\"valueRequired\":true,\"valueName\":\"search_term_string\"}}],\"inLanguage\":\"es\"},{\"@type\":\"Person\",\"@id\":\"https:\/\/www.noticiasradioreflejos.com.ar\/2021\/#\/schema\/person\/ad82545263dcc5ec0996818884fd5fb1\",\"name\":\"Arnaldo Botto\",\"image\":{\"@type\":\"ImageObject\",\"inLanguage\":\"es\",\"@id\":\"https:\/\/www.noticiasradioreflejos.com.ar\/2021\/#\/schema\/person\/image\/\",\"url\":\"https:\/\/secure.gravatar.com\/avatar\/55cb5e37c1efa326397366e6974cb338056df65cb50e7d64d1cf314e87504837?s=96&d=mm&r=g\",\"contentUrl\":\"https:\/\/secure.gravatar.com\/avatar\/55cb5e37c1efa326397366e6974cb338056df65cb50e7d64d1cf314e87504837?s=96&d=mm&r=g\",\"caption\":\"Arnaldo Botto\"},\"url\":\"https:\/\/www.noticiasradioreflejos.com.ar\/2021\/author\/arnaldo\/\"}]}<\/script>\n<!-- \/ Yoast SEO plugin. -->","yoast_head_json":{"title":"El FMI estima que la Argentina crecer\u00e1 6,4%: m\u00e1s que la media regional y mundial - Noticias Radio Reflejos","robots":{"index":"index","follow":"follow","max-snippet":"max-snippet:-1","max-image-preview":"max-image-preview:large","max-video-preview":"max-video-preview:-1"},"canonical":"https:\/\/www.noticiasradioreflejos.com.ar\/2021\/el-fmi-estima-que-la-argentina-crecera-64-mas-que-la-media-regional-y-mundial\/","og_locale":"es_ES","og_type":"article","og_title":"El FMI estima que la Argentina crecer\u00e1 6,4%: m\u00e1s que la media regional y mundial - Noticias Radio Reflejos","og_description":"El Fondo Monetario Internacional (FMI) mejor\u00f3 la perspectiva de crecimiento econ\u00f3mico de la Argentina en 2021, del 5,8% estimado en abril de este a\u00f1o al 6,4% reflejado en su nuevo an\u00e1lisis sobre la econom\u00eda mundial, donde las proyecciones a nivel mundial son de 6% para este a\u00f1o y de 4,9% para el pr\u00f3ximo.","og_url":"https:\/\/www.noticiasradioreflejos.com.ar\/2021\/el-fmi-estima-que-la-argentina-crecera-64-mas-que-la-media-regional-y-mundial\/","og_site_name":"Noticias Radio Reflejos","article_published_time":"2021-07-27T17:49:36+00:00","og_image":[{"url":"https:\/\/www.telam.com.ar\/advf\/imagenes\/2021\/07\/60ea2f17c9c62_1004x565.jpg","type":"","width":"","height":""}],"author":"Arnaldo Botto","twitter_card":"summary_large_image","schema":{"@context":"https:\/\/schema.org","@graph":[{"@type":"WebPage","@id":"https:\/\/www.noticiasradioreflejos.com.ar\/2021\/el-fmi-estima-que-la-argentina-crecera-64-mas-que-la-media-regional-y-mundial\/","url":"https:\/\/www.noticiasradioreflejos.com.ar\/2021\/el-fmi-estima-que-la-argentina-crecera-64-mas-que-la-media-regional-y-mundial\/","name":"El FMI estima que la Argentina crecer\u00e1 6,4%: m\u00e1s que la media regional y mundial - Noticias Radio Reflejos","isPartOf":{"@id":"https:\/\/www.noticiasradioreflejos.com.ar\/2021\/#website"},"primaryImageOfPage":{"@id":"https:\/\/www.noticiasradioreflejos.com.ar\/2021\/el-fmi-estima-que-la-argentina-crecera-64-mas-que-la-media-regional-y-mundial\/#primaryimage"},"image":{"@id":"https:\/\/www.noticiasradioreflejos.com.ar\/2021\/el-fmi-estima-que-la-argentina-crecera-64-mas-que-la-media-regional-y-mundial\/#primaryimage"},"thumbnailUrl":"https:\/\/www.telam.com.ar\/advf\/imagenes\/2021\/07\/60ea2f17c9c62_1004x565.jpg","datePublished":"2021-07-27T17:49:36+00:00","author":{"@id":"https:\/\/www.noticiasradioreflejos.com.ar\/2021\/#\/schema\/person\/ad82545263dcc5ec0996818884fd5fb1"},"breadcrumb":{"@id":"https:\/\/www.noticiasradioreflejos.com.ar\/2021\/el-fmi-estima-que-la-argentina-crecera-64-mas-que-la-media-regional-y-mundial\/#breadcrumb"},"inLanguage":"es","potentialAction":[{"@type":"ReadAction","target":["https:\/\/www.noticiasradioreflejos.com.ar\/2021\/el-fmi-estima-que-la-argentina-crecera-64-mas-que-la-media-regional-y-mundial\/"]}]},{"@type":"ImageObject","inLanguage":"es","@id":"https:\/\/www.noticiasradioreflejos.com.ar\/2021\/el-fmi-estima-que-la-argentina-crecera-64-mas-que-la-media-regional-y-mundial\/#primaryimage","url":"https:\/\/www.telam.com.ar\/advf\/imagenes\/2021\/07\/60ea2f17c9c62_1004x565.jpg","contentUrl":"https:\/\/www.telam.com.ar\/advf\/imagenes\/2021\/07\/60ea2f17c9c62_1004x565.jpg"},{"@type":"BreadcrumbList","@id":"https:\/\/www.noticiasradioreflejos.com.ar\/2021\/el-fmi-estima-que-la-argentina-crecera-64-mas-que-la-media-regional-y-mundial\/#breadcrumb","itemListElement":[{"@type":"ListItem","position":1,"name":"Portada","item":"https:\/\/www.noticiasradioreflejos.com.ar\/2021\/"},{"@type":"ListItem","position":2,"name":"El FMI estima que la Argentina crecer\u00e1 6,4%: m\u00e1s que la media regional y mundial"}]},{"@type":"WebSite","@id":"https:\/\/www.noticiasradioreflejos.com.ar\/2021\/#website","url":"https:\/\/www.noticiasradioreflejos.com.ar\/2021\/","name":"Noticias Radio Reflejos","description":"Las noticias de mi comarca","potentialAction":[{"@type":"SearchAction","target":{"@type":"EntryPoint","urlTemplate":"https:\/\/www.noticiasradioreflejos.com.ar\/2021\/?s={search_term_string}"},"query-input":{"@type":"PropertyValueSpecification","valueRequired":true,"valueName":"search_term_string"}}],"inLanguage":"es"},{"@type":"Person","@id":"https:\/\/www.noticiasradioreflejos.com.ar\/2021\/#\/schema\/person\/ad82545263dcc5ec0996818884fd5fb1","name":"Arnaldo Botto","image":{"@type":"ImageObject","inLanguage":"es","@id":"https:\/\/www.noticiasradioreflejos.com.ar\/2021\/#\/schema\/person\/image\/","url":"https:\/\/secure.gravatar.com\/avatar\/55cb5e37c1efa326397366e6974cb338056df65cb50e7d64d1cf314e87504837?s=96&d=mm&r=g","contentUrl":"https:\/\/secure.gravatar.com\/avatar\/55cb5e37c1efa326397366e6974cb338056df65cb50e7d64d1cf314e87504837?s=96&d=mm&r=g","caption":"Arnaldo Botto"},"url":"https:\/\/www.noticiasradioreflejos.com.ar\/2021\/author\/arnaldo\/"}]}},"_links":{"self":[{"href":"https:\/\/www.noticiasradioreflejos.com.ar\/2021\/wp-json\/wp\/v2\/posts\/60697","targetHints":{"allow":["GET"]}}],"collection":[{"href":"https:\/\/www.noticiasradioreflejos.com.ar\/2021\/wp-json\/wp\/v2\/posts"}],"about":[{"href":"https:\/\/www.noticiasradioreflejos.com.ar\/2021\/wp-json\/wp\/v2\/types\/post"}],"author":[{"embeddable":true,"href":"https:\/\/www.noticiasradioreflejos.com.ar\/2021\/wp-json\/wp\/v2\/users\/3"}],"replies":[{"embeddable":true,"href":"https:\/\/www.noticiasradioreflejos.com.ar\/2021\/wp-json\/wp\/v2\/comments?post=60697"}],"version-history":[{"count":1,"href":"https:\/\/www.noticiasradioreflejos.com.ar\/2021\/wp-json\/wp\/v2\/posts\/60697\/revisions"}],"predecessor-version":[{"id":60698,"href":"https:\/\/www.noticiasradioreflejos.com.ar\/2021\/wp-json\/wp\/v2\/posts\/60697\/revisions\/60698"}],"wp:attachment":[{"href":"https:\/\/www.noticiasradioreflejos.com.ar\/2021\/wp-json\/wp\/v2\/media?parent=60697"}],"wp:term":[{"taxonomy":"category","embeddable":true,"href":"https:\/\/www.noticiasradioreflejos.com.ar\/2021\/wp-json\/wp\/v2\/categories?post=60697"},{"taxonomy":"post_tag","embeddable":true,"href":"https:\/\/www.noticiasradioreflejos.com.ar\/2021\/wp-json\/wp\/v2\/tags?post=60697"}],"curies":[{"name":"wp","href":"https:\/\/api.w.org\/{rel}","templated":true}]}}