{"id":60694,"date":"2021-07-27T16:56:55","date_gmt":"2021-07-27T16:56:55","guid":{"rendered":"http:\/\/www.noticiasradioreflejos.com.ar\/2021\/?p=60694"},"modified":"2021-07-27T16:56:55","modified_gmt":"2021-07-27T16:56:55","slug":"el-viejo-mercado-de-saldungaray-continua-incorporando-equipamiento-industrial","status":"publish","type":"post","link":"https:\/\/www.noticiasradioreflejos.com.ar\/2021\/el-viejo-mercado-de-saldungaray-continua-incorporando-equipamiento-industrial\/","title":{"rendered":"El Viejo Mercado de Saldungaray contin\u00faa incorporando equipamiento industrial"},"content":{"rendered":"<p>Con el objetivo de continuar mejorando y aumentado la productividad, el Viejo Mercado de Saldungaray, perteneciente a la Secretar\u00eda de Producci\u00f3n, Comercio e Industria, incorpor\u00f3 equipamiento por una inversi\u00f3n de m\u00e1s de un mill\u00f3n de pesos.<!--more--><br \/>\n<a title=\"Nuevo equipamiento vms (1)\" href=\"https:\/\/www.flickr.com\/photos\/182279889@N02\/51340053810\/in\/dateposted-public\/\" data-flickr-embed=\"true\" data-footer=\"true\"><img loading=\"lazy\" decoding=\"async\" src=\"https:\/\/live.staticflickr.com\/65535\/51340053810_9dd3d1f3d1_z.jpg\" alt=\"Nuevo equipamiento vms (1)\" width=\"439\" height=\"640\" \/><\/a><script async src=\"\/\/embedr.flickr.com\/assets\/client-code.js\" charset=\"utf-8\"><\/script><\/p>\n<p>Una de las nuevas adquisiciones es un autoclave, un equipo para esterilizaci\u00f3n por agua con sobrepresi\u00f3n, que en la industria alimenticia permite producir con mayor calidad y seguridad a escala, conservando los alimentos libres de bacterias.<\/p>\n<p>Las otras herramientas sumadas son una batidora y una procesadora, ambas industriales, adem\u00e1s de un equipo de c\u00e1maras de vigilancia.<\/p>\n<p>El flamante equipamiento posibilitar\u00e1 seguir perfeccionando las condiciones y procesos de producci\u00f3n, lograr mejores resultados y ofrecer nuevos productos, cuya elaboraci\u00f3n est\u00e1 a cargo de los trabajadores del lugar, quienes conforman la Cooperativa 4 Picos.<\/p>\n<p><a title=\"Nuevo equipamiento vms 1\" href=\"https:\/\/www.flickr.com\/photos\/182279889@N02\/51340053775\/in\/dateposted-public\/\" data-flickr-embed=\"true\" data-footer=\"true\"><img loading=\"lazy\" decoding=\"async\" src=\"https:\/\/live.staticflickr.com\/65535\/51340053775_175863f363_z.jpg\" alt=\"Nuevo equipamiento vms 1\" width=\"480\" height=\"640\" \/><\/a><script async src=\"\/\/embedr.flickr.com\/assets\/client-code.js\" charset=\"utf-8\"><\/script><\/p>\n","protected":false},"excerpt":{"rendered":"<p>Con el objetivo de continuar mejorando y aumentado la productividad, el Viejo Mercado de Saldungaray, perteneciente a la Secretar\u00eda de Producci\u00f3n, Comercio e Industria, incorpor\u00f3 equipamiento por una inversi\u00f3n de m\u00e1s de un mill\u00f3n de pesos.<\/p>\n","protected":false},"author":3,"featured_media":60695,"comment_status":"closed","ping_status":"closed","sticky":false,"template":"","format":"standard","meta":{"footnotes":""},"categories":[1],"tags":[],"class_list":["post-60694","post","type-post","status-publish","format-standard","has-post-thumbnail","hentry","category-sin-categoria"],"yoast_head":"<!-- This site is optimized with the Yoast SEO plugin v25.9 - https:\/\/yoast.com\/wordpress\/plugins\/seo\/ -->\n<title>El Viejo Mercado de Saldungaray contin\u00faa incorporando equipamiento industrial - Noticias Radio Reflejos<\/title>\n<meta name=\"robots\" content=\"index, follow, max-snippet:-1, max-image-preview:large, max-video-preview:-1\" \/>\n<link rel=\"canonical\" href=\"https:\/\/www.noticiasradioreflejos.com.ar\/2021\/el-viejo-mercado-de-saldungaray-continua-incorporando-equipamiento-industrial\/\" \/>\n<meta property=\"og:locale\" content=\"es_ES\" \/>\n<meta property=\"og:type\" content=\"article\" \/>\n<meta property=\"og:title\" content=\"El Viejo Mercado de Saldungaray contin\u00faa incorporando equipamiento industrial - Noticias Radio Reflejos\" \/>\n<meta property=\"og:description\" content=\"Con el objetivo de continuar mejorando y aumentado la productividad, el Viejo Mercado de Saldungaray, perteneciente a la Secretar\u00eda de Producci\u00f3n, Comercio e Industria, incorpor\u00f3 equipamiento por una inversi\u00f3n de m\u00e1s de un mill\u00f3n de pesos.\" \/>\n<meta property=\"og:url\" content=\"https:\/\/www.noticiasradioreflejos.com.ar\/2021\/el-viejo-mercado-de-saldungaray-continua-incorporando-equipamiento-industrial\/\" \/>\n<meta property=\"og:site_name\" content=\"Noticias Radio Reflejos\" \/>\n<meta property=\"article:published_time\" content=\"2021-07-27T16:56:55+00:00\" \/>\n<meta property=\"og:image\" content=\"https:\/\/www.noticiasradioreflejos.com.ar\/2021\/wp-content\/uploads\/2021\/07\/78169460_102101587953747_8994756906283171840_n.jpg\" \/>\n\t<meta property=\"og:image:width\" content=\"720\" \/>\n\t<meta property=\"og:image:height\" content=\"711\" \/>\n\t<meta property=\"og:image:type\" content=\"image\/jpeg\" \/>\n<meta name=\"author\" content=\"Arnaldo Botto\" \/>\n<meta name=\"twitter:card\" content=\"summary_large_image\" \/>\n<script type=\"application\/ld+json\" class=\"yoast-schema-graph\">{\"@context\":\"https:\/\/schema.org\",\"@graph\":[{\"@type\":\"WebPage\",\"@id\":\"https:\/\/www.noticiasradioreflejos.com.ar\/2021\/el-viejo-mercado-de-saldungaray-continua-incorporando-equipamiento-industrial\/\",\"url\":\"https:\/\/www.noticiasradioreflejos.com.ar\/2021\/el-viejo-mercado-de-saldungaray-continua-incorporando-equipamiento-industrial\/\",\"name\":\"El Viejo Mercado de Saldungaray contin\u00faa incorporando equipamiento industrial - Noticias Radio Reflejos\",\"isPartOf\":{\"@id\":\"https:\/\/www.noticiasradioreflejos.com.ar\/2021\/#website\"},\"primaryImageOfPage\":{\"@id\":\"https:\/\/www.noticiasradioreflejos.com.ar\/2021\/el-viejo-mercado-de-saldungaray-continua-incorporando-equipamiento-industrial\/#primaryimage\"},\"image\":{\"@id\":\"https:\/\/www.noticiasradioreflejos.com.ar\/2021\/el-viejo-mercado-de-saldungaray-continua-incorporando-equipamiento-industrial\/#primaryimage\"},\"thumbnailUrl\":\"https:\/\/www.noticiasradioreflejos.com.ar\/2021\/wp-content\/uploads\/2021\/07\/78169460_102101587953747_8994756906283171840_n.jpg\",\"datePublished\":\"2021-07-27T16:56:55+00:00\",\"author\":{\"@id\":\"https:\/\/www.noticiasradioreflejos.com.ar\/2021\/#\/schema\/person\/ad82545263dcc5ec0996818884fd5fb1\"},\"breadcrumb\":{\"@id\":\"https:\/\/www.noticiasradioreflejos.com.ar\/2021\/el-viejo-mercado-de-saldungaray-continua-incorporando-equipamiento-industrial\/#breadcrumb\"},\"inLanguage\":\"es\",\"potentialAction\":[{\"@type\":\"ReadAction\",\"target\":[\"https:\/\/www.noticiasradioreflejos.com.ar\/2021\/el-viejo-mercado-de-saldungaray-continua-incorporando-equipamiento-industrial\/\"]}]},{\"@type\":\"ImageObject\",\"inLanguage\":\"es\",\"@id\":\"https:\/\/www.noticiasradioreflejos.com.ar\/2021\/el-viejo-mercado-de-saldungaray-continua-incorporando-equipamiento-industrial\/#primaryimage\",\"url\":\"https:\/\/www.noticiasradioreflejos.com.ar\/2021\/wp-content\/uploads\/2021\/07\/78169460_102101587953747_8994756906283171840_n.jpg\",\"contentUrl\":\"https:\/\/www.noticiasradioreflejos.com.ar\/2021\/wp-content\/uploads\/2021\/07\/78169460_102101587953747_8994756906283171840_n.jpg\",\"width\":720,\"height\":711},{\"@type\":\"BreadcrumbList\",\"@id\":\"https:\/\/www.noticiasradioreflejos.com.ar\/2021\/el-viejo-mercado-de-saldungaray-continua-incorporando-equipamiento-industrial\/#breadcrumb\",\"itemListElement\":[{\"@type\":\"ListItem\",\"position\":1,\"name\":\"Portada\",\"item\":\"https:\/\/www.noticiasradioreflejos.com.ar\/2021\/\"},{\"@type\":\"ListItem\",\"position\":2,\"name\":\"El Viejo Mercado de Saldungaray contin\u00faa incorporando equipamiento industrial\"}]},{\"@type\":\"WebSite\",\"@id\":\"https:\/\/www.noticiasradioreflejos.com.ar\/2021\/#website\",\"url\":\"https:\/\/www.noticiasradioreflejos.com.ar\/2021\/\",\"name\":\"Noticias Radio Reflejos\",\"description\":\"Las noticias de mi comarca\",\"potentialAction\":[{\"@type\":\"SearchAction\",\"target\":{\"@type\":\"EntryPoint\",\"urlTemplate\":\"https:\/\/www.noticiasradioreflejos.com.ar\/2021\/?s={search_term_string}\"},\"query-input\":{\"@type\":\"PropertyValueSpecification\",\"valueRequired\":true,\"valueName\":\"search_term_string\"}}],\"inLanguage\":\"es\"},{\"@type\":\"Person\",\"@id\":\"https:\/\/www.noticiasradioreflejos.com.ar\/2021\/#\/schema\/person\/ad82545263dcc5ec0996818884fd5fb1\",\"name\":\"Arnaldo Botto\",\"image\":{\"@type\":\"ImageObject\",\"inLanguage\":\"es\",\"@id\":\"https:\/\/www.noticiasradioreflejos.com.ar\/2021\/#\/schema\/person\/image\/\",\"url\":\"https:\/\/secure.gravatar.com\/avatar\/55cb5e37c1efa326397366e6974cb338056df65cb50e7d64d1cf314e87504837?s=96&d=mm&r=g\",\"contentUrl\":\"https:\/\/secure.gravatar.com\/avatar\/55cb5e37c1efa326397366e6974cb338056df65cb50e7d64d1cf314e87504837?s=96&d=mm&r=g\",\"caption\":\"Arnaldo Botto\"},\"url\":\"https:\/\/www.noticiasradioreflejos.com.ar\/2021\/author\/arnaldo\/\"}]}<\/script>\n<!-- \/ Yoast SEO plugin. -->","yoast_head_json":{"title":"El Viejo Mercado de Saldungaray contin\u00faa incorporando equipamiento industrial - Noticias Radio Reflejos","robots":{"index":"index","follow":"follow","max-snippet":"max-snippet:-1","max-image-preview":"max-image-preview:large","max-video-preview":"max-video-preview:-1"},"canonical":"https:\/\/www.noticiasradioreflejos.com.ar\/2021\/el-viejo-mercado-de-saldungaray-continua-incorporando-equipamiento-industrial\/","og_locale":"es_ES","og_type":"article","og_title":"El Viejo Mercado de Saldungaray contin\u00faa incorporando equipamiento industrial - Noticias Radio Reflejos","og_description":"Con el objetivo de continuar mejorando y aumentado la productividad, el Viejo Mercado de Saldungaray, perteneciente a la Secretar\u00eda de Producci\u00f3n, Comercio e Industria, incorpor\u00f3 equipamiento por una inversi\u00f3n de m\u00e1s de un mill\u00f3n de pesos.","og_url":"https:\/\/www.noticiasradioreflejos.com.ar\/2021\/el-viejo-mercado-de-saldungaray-continua-incorporando-equipamiento-industrial\/","og_site_name":"Noticias Radio Reflejos","article_published_time":"2021-07-27T16:56:55+00:00","og_image":[{"width":720,"height":711,"url":"https:\/\/www.noticiasradioreflejos.com.ar\/2021\/wp-content\/uploads\/2021\/07\/78169460_102101587953747_8994756906283171840_n.jpg","type":"image\/jpeg"}],"author":"Arnaldo Botto","twitter_card":"summary_large_image","schema":{"@context":"https:\/\/schema.org","@graph":[{"@type":"WebPage","@id":"https:\/\/www.noticiasradioreflejos.com.ar\/2021\/el-viejo-mercado-de-saldungaray-continua-incorporando-equipamiento-industrial\/","url":"https:\/\/www.noticiasradioreflejos.com.ar\/2021\/el-viejo-mercado-de-saldungaray-continua-incorporando-equipamiento-industrial\/","name":"El Viejo Mercado de Saldungaray contin\u00faa incorporando equipamiento industrial - Noticias Radio Reflejos","isPartOf":{"@id":"https:\/\/www.noticiasradioreflejos.com.ar\/2021\/#website"},"primaryImageOfPage":{"@id":"https:\/\/www.noticiasradioreflejos.com.ar\/2021\/el-viejo-mercado-de-saldungaray-continua-incorporando-equipamiento-industrial\/#primaryimage"},"image":{"@id":"https:\/\/www.noticiasradioreflejos.com.ar\/2021\/el-viejo-mercado-de-saldungaray-continua-incorporando-equipamiento-industrial\/#primaryimage"},"thumbnailUrl":"https:\/\/www.noticiasradioreflejos.com.ar\/2021\/wp-content\/uploads\/2021\/07\/78169460_102101587953747_8994756906283171840_n.jpg","datePublished":"2021-07-27T16:56:55+00:00","author":{"@id":"https:\/\/www.noticiasradioreflejos.com.ar\/2021\/#\/schema\/person\/ad82545263dcc5ec0996818884fd5fb1"},"breadcrumb":{"@id":"https:\/\/www.noticiasradioreflejos.com.ar\/2021\/el-viejo-mercado-de-saldungaray-continua-incorporando-equipamiento-industrial\/#breadcrumb"},"inLanguage":"es","potentialAction":[{"@type":"ReadAction","target":["https:\/\/www.noticiasradioreflejos.com.ar\/2021\/el-viejo-mercado-de-saldungaray-continua-incorporando-equipamiento-industrial\/"]}]},{"@type":"ImageObject","inLanguage":"es","@id":"https:\/\/www.noticiasradioreflejos.com.ar\/2021\/el-viejo-mercado-de-saldungaray-continua-incorporando-equipamiento-industrial\/#primaryimage","url":"https:\/\/www.noticiasradioreflejos.com.ar\/2021\/wp-content\/uploads\/2021\/07\/78169460_102101587953747_8994756906283171840_n.jpg","contentUrl":"https:\/\/www.noticiasradioreflejos.com.ar\/2021\/wp-content\/uploads\/2021\/07\/78169460_102101587953747_8994756906283171840_n.jpg","width":720,"height":711},{"@type":"BreadcrumbList","@id":"https:\/\/www.noticiasradioreflejos.com.ar\/2021\/el-viejo-mercado-de-saldungaray-continua-incorporando-equipamiento-industrial\/#breadcrumb","itemListElement":[{"@type":"ListItem","position":1,"name":"Portada","item":"https:\/\/www.noticiasradioreflejos.com.ar\/2021\/"},{"@type":"ListItem","position":2,"name":"El Viejo Mercado de Saldungaray contin\u00faa incorporando equipamiento industrial"}]},{"@type":"WebSite","@id":"https:\/\/www.noticiasradioreflejos.com.ar\/2021\/#website","url":"https:\/\/www.noticiasradioreflejos.com.ar\/2021\/","name":"Noticias Radio Reflejos","description":"Las noticias de mi comarca","potentialAction":[{"@type":"SearchAction","target":{"@type":"EntryPoint","urlTemplate":"https:\/\/www.noticiasradioreflejos.com.ar\/2021\/?s={search_term_string}"},"query-input":{"@type":"PropertyValueSpecification","valueRequired":true,"valueName":"search_term_string"}}],"inLanguage":"es"},{"@type":"Person","@id":"https:\/\/www.noticiasradioreflejos.com.ar\/2021\/#\/schema\/person\/ad82545263dcc5ec0996818884fd5fb1","name":"Arnaldo Botto","image":{"@type":"ImageObject","inLanguage":"es","@id":"https:\/\/www.noticiasradioreflejos.com.ar\/2021\/#\/schema\/person\/image\/","url":"https:\/\/secure.gravatar.com\/avatar\/55cb5e37c1efa326397366e6974cb338056df65cb50e7d64d1cf314e87504837?s=96&d=mm&r=g","contentUrl":"https:\/\/secure.gravatar.com\/avatar\/55cb5e37c1efa326397366e6974cb338056df65cb50e7d64d1cf314e87504837?s=96&d=mm&r=g","caption":"Arnaldo Botto"},"url":"https:\/\/www.noticiasradioreflejos.com.ar\/2021\/author\/arnaldo\/"}]}},"_links":{"self":[{"href":"https:\/\/www.noticiasradioreflejos.com.ar\/2021\/wp-json\/wp\/v2\/posts\/60694","targetHints":{"allow":["GET"]}}],"collection":[{"href":"https:\/\/www.noticiasradioreflejos.com.ar\/2021\/wp-json\/wp\/v2\/posts"}],"about":[{"href":"https:\/\/www.noticiasradioreflejos.com.ar\/2021\/wp-json\/wp\/v2\/types\/post"}],"author":[{"embeddable":true,"href":"https:\/\/www.noticiasradioreflejos.com.ar\/2021\/wp-json\/wp\/v2\/users\/3"}],"replies":[{"embeddable":true,"href":"https:\/\/www.noticiasradioreflejos.com.ar\/2021\/wp-json\/wp\/v2\/comments?post=60694"}],"version-history":[{"count":1,"href":"https:\/\/www.noticiasradioreflejos.com.ar\/2021\/wp-json\/wp\/v2\/posts\/60694\/revisions"}],"predecessor-version":[{"id":60696,"href":"https:\/\/www.noticiasradioreflejos.com.ar\/2021\/wp-json\/wp\/v2\/posts\/60694\/revisions\/60696"}],"wp:featuredmedia":[{"embeddable":true,"href":"https:\/\/www.noticiasradioreflejos.com.ar\/2021\/wp-json\/wp\/v2\/media\/60695"}],"wp:attachment":[{"href":"https:\/\/www.noticiasradioreflejos.com.ar\/2021\/wp-json\/wp\/v2\/media?parent=60694"}],"wp:term":[{"taxonomy":"category","embeddable":true,"href":"https:\/\/www.noticiasradioreflejos.com.ar\/2021\/wp-json\/wp\/v2\/categories?post=60694"},{"taxonomy":"post_tag","embeddable":true,"href":"https:\/\/www.noticiasradioreflejos.com.ar\/2021\/wp-json\/wp\/v2\/tags?post=60694"}],"curies":[{"name":"wp","href":"https:\/\/api.w.org\/{rel}","templated":true}]}}