{"id":60691,"date":"2021-07-27T16:51:05","date_gmt":"2021-07-27T16:51:05","guid":{"rendered":"http:\/\/www.noticiasradioreflejos.com.ar\/2021\/?p=60691"},"modified":"2021-07-27T16:51:05","modified_gmt":"2021-07-27T16:51:05","slug":"cronograma-de-pago-para-el-bono-de-5-mil-pesos","status":"publish","type":"post","link":"https:\/\/www.noticiasradioreflejos.com.ar\/2021\/cronograma-de-pago-para-el-bono-de-5-mil-pesos\/","title":{"rendered":"Cronograma de pago para el bono de 5 mil pesos."},"content":{"rendered":"<p style=\"font-weight: 400;\">En el marco del Decreto 481\/2021 publicado ayer en el Bolet\u00edn Oficial, la ANSES informa el cronograma de pago del bono de 5000 pesos junto a los haberes de agosto para jubilados, jubiladas, pensionados y pensionadas que perciban hasta dos haberes m\u00ednimos.<\/p>\n<p style=\"font-weight: 400;\">Seg\u00fan terminaci\u00f3n de documento, las Pensiones No Contributivas (PNC) cobrar\u00e1n el bono del 2 al 6 de agosto; los y las titulares de jubilaciones y pensiones que no superen la suma de 25.923 pesos, del 9 al 23, y quienes la superen, del 24 al 30.<\/p>\n<p style=\"font-weight: 400;\">Para las personas que tengan ingresos de hasta dos haberes m\u00ednimos (46.129,40 pesos), el bono ser\u00e1 de 5000 pesos; para las que perciben entre 46.129,41 y 51.129,39 pesos, ser\u00e1 el equivalente hasta alcanzar este \u00faltimo monto.<\/p>\n<p style=\"font-weight: 400;\">El cronograma queda definido de la siguiente manera:<\/p>\n<p><a title=\"Jubilaciones y pensiones que NO SUPERAN\" href=\"https:\/\/www.flickr.com\/photos\/182279889@N02\/51339265893\/in\/dateposted-public\/\" data-flickr-embed=\"true\" data-footer=\"true\"><img loading=\"lazy\" decoding=\"async\" src=\"https:\/\/live.staticflickr.com\/65535\/51339265893_3792df8e59.jpg\" alt=\"Jubilaciones y pensiones que NO SUPERAN\" width=\"500\" height=\"112\" \/><\/a><script async src=\"\/\/embedr.flickr.com\/assets\/client-code.js\" charset=\"utf-8\"><\/script><\/p>\n<p><a title=\"Jubilaciones y pensiones que SUPERAN\" href=\"https:\/\/www.flickr.com\/photos\/182279889@N02\/51339046931\/in\/dateposted-public\/\" data-flickr-embed=\"true\" data-footer=\"true\"><img loading=\"lazy\" decoding=\"async\" src=\"https:\/\/live.staticflickr.com\/65535\/51339046931_9ba95430e3.jpg\" alt=\"Jubilaciones y pensiones que SUPERAN\" width=\"500\" height=\"112\" \/><\/a><script async src=\"\/\/embedr.flickr.com\/assets\/client-code.js\" charset=\"utf-8\"><\/script><\/p>\n<p><a title=\"Pensiones No Contributivas\" href=\"https:\/\/www.flickr.com\/photos\/182279889@N02\/51339777614\/in\/dateposted-public\/\" data-flickr-embed=\"true\" data-footer=\"true\"><img loading=\"lazy\" decoding=\"async\" src=\"https:\/\/live.staticflickr.com\/65535\/51339777614_eabf77d44e.jpg\" alt=\"Pensiones No Contributivas\" width=\"500\" height=\"112\" \/><\/a><script async src=\"\/\/embedr.flickr.com\/assets\/client-code.js\" charset=\"utf-8\"><\/script><\/p>\n","protected":false},"excerpt":{"rendered":"<p>En el marco del Decreto 481\/2021 publicado ayer en el Bolet\u00edn Oficial, la ANSES informa el cronograma de pago del bono de 5000 pesos junto a los haberes de agosto para jubilados, jubiladas, pensionados y pensionadas que perciban hasta dos haberes m\u00ednimos. Seg\u00fan terminaci\u00f3n de documento, las Pensiones No Contributivas (PNC) cobrar\u00e1n el bono del [&hellip;]<\/p>\n","protected":false},"author":3,"featured_media":0,"comment_status":"closed","ping_status":"closed","sticky":false,"template":"","format":"standard","meta":{"footnotes":""},"categories":[26],"tags":[],"class_list":["post-60691","post","type-post","status-publish","format-standard","hentry","category-sociedad"],"yoast_head":"<!-- This site is optimized with the Yoast SEO plugin v25.9 - https:\/\/yoast.com\/wordpress\/plugins\/seo\/ -->\n<title>Cronograma de pago para el bono de 5 mil pesos. - Noticias Radio Reflejos<\/title>\n<meta name=\"robots\" content=\"index, follow, max-snippet:-1, max-image-preview:large, max-video-preview:-1\" \/>\n<link rel=\"canonical\" href=\"https:\/\/www.noticiasradioreflejos.com.ar\/2021\/cronograma-de-pago-para-el-bono-de-5-mil-pesos\/\" \/>\n<meta property=\"og:locale\" content=\"es_ES\" \/>\n<meta property=\"og:type\" content=\"article\" \/>\n<meta property=\"og:title\" content=\"Cronograma de pago para el bono de 5 mil pesos. - Noticias Radio Reflejos\" \/>\n<meta property=\"og:description\" content=\"En el marco del Decreto 481\/2021 publicado ayer en el Bolet\u00edn Oficial, la ANSES informa el cronograma de pago del bono de 5000 pesos junto a los haberes de agosto para jubilados, jubiladas, pensionados y pensionadas que perciban hasta dos haberes m\u00ednimos. Seg\u00fan terminaci\u00f3n de documento, las Pensiones No Contributivas (PNC) cobrar\u00e1n el bono del [&hellip;]\" \/>\n<meta property=\"og:url\" content=\"https:\/\/www.noticiasradioreflejos.com.ar\/2021\/cronograma-de-pago-para-el-bono-de-5-mil-pesos\/\" \/>\n<meta property=\"og:site_name\" content=\"Noticias Radio Reflejos\" \/>\n<meta property=\"article:published_time\" content=\"2021-07-27T16:51:05+00:00\" \/>\n<meta property=\"og:image\" content=\"https:\/\/live.staticflickr.com\/65535\/51339265893_3792df8e59.jpg\" \/>\n<meta name=\"author\" content=\"Arnaldo Botto\" \/>\n<meta name=\"twitter:card\" content=\"summary_large_image\" \/>\n<script type=\"application\/ld+json\" class=\"yoast-schema-graph\">{\"@context\":\"https:\/\/schema.org\",\"@graph\":[{\"@type\":\"WebPage\",\"@id\":\"https:\/\/www.noticiasradioreflejos.com.ar\/2021\/cronograma-de-pago-para-el-bono-de-5-mil-pesos\/\",\"url\":\"https:\/\/www.noticiasradioreflejos.com.ar\/2021\/cronograma-de-pago-para-el-bono-de-5-mil-pesos\/\",\"name\":\"Cronograma de pago para el bono de 5 mil pesos. - Noticias Radio Reflejos\",\"isPartOf\":{\"@id\":\"https:\/\/www.noticiasradioreflejos.com.ar\/2021\/#website\"},\"primaryImageOfPage\":{\"@id\":\"https:\/\/www.noticiasradioreflejos.com.ar\/2021\/cronograma-de-pago-para-el-bono-de-5-mil-pesos\/#primaryimage\"},\"image\":{\"@id\":\"https:\/\/www.noticiasradioreflejos.com.ar\/2021\/cronograma-de-pago-para-el-bono-de-5-mil-pesos\/#primaryimage\"},\"thumbnailUrl\":\"https:\/\/live.staticflickr.com\/65535\/51339265893_3792df8e59.jpg\",\"datePublished\":\"2021-07-27T16:51:05+00:00\",\"author\":{\"@id\":\"https:\/\/www.noticiasradioreflejos.com.ar\/2021\/#\/schema\/person\/ad82545263dcc5ec0996818884fd5fb1\"},\"breadcrumb\":{\"@id\":\"https:\/\/www.noticiasradioreflejos.com.ar\/2021\/cronograma-de-pago-para-el-bono-de-5-mil-pesos\/#breadcrumb\"},\"inLanguage\":\"es\",\"potentialAction\":[{\"@type\":\"ReadAction\",\"target\":[\"https:\/\/www.noticiasradioreflejos.com.ar\/2021\/cronograma-de-pago-para-el-bono-de-5-mil-pesos\/\"]}]},{\"@type\":\"ImageObject\",\"inLanguage\":\"es\",\"@id\":\"https:\/\/www.noticiasradioreflejos.com.ar\/2021\/cronograma-de-pago-para-el-bono-de-5-mil-pesos\/#primaryimage\",\"url\":\"https:\/\/live.staticflickr.com\/65535\/51339265893_3792df8e59.jpg\",\"contentUrl\":\"https:\/\/live.staticflickr.com\/65535\/51339265893_3792df8e59.jpg\"},{\"@type\":\"BreadcrumbList\",\"@id\":\"https:\/\/www.noticiasradioreflejos.com.ar\/2021\/cronograma-de-pago-para-el-bono-de-5-mil-pesos\/#breadcrumb\",\"itemListElement\":[{\"@type\":\"ListItem\",\"position\":1,\"name\":\"Portada\",\"item\":\"https:\/\/www.noticiasradioreflejos.com.ar\/2021\/\"},{\"@type\":\"ListItem\",\"position\":2,\"name\":\"Cronograma de pago para el bono de 5 mil pesos.\"}]},{\"@type\":\"WebSite\",\"@id\":\"https:\/\/www.noticiasradioreflejos.com.ar\/2021\/#website\",\"url\":\"https:\/\/www.noticiasradioreflejos.com.ar\/2021\/\",\"name\":\"Noticias Radio Reflejos\",\"description\":\"Las noticias de mi comarca\",\"potentialAction\":[{\"@type\":\"SearchAction\",\"target\":{\"@type\":\"EntryPoint\",\"urlTemplate\":\"https:\/\/www.noticiasradioreflejos.com.ar\/2021\/?s={search_term_string}\"},\"query-input\":{\"@type\":\"PropertyValueSpecification\",\"valueRequired\":true,\"valueName\":\"search_term_string\"}}],\"inLanguage\":\"es\"},{\"@type\":\"Person\",\"@id\":\"https:\/\/www.noticiasradioreflejos.com.ar\/2021\/#\/schema\/person\/ad82545263dcc5ec0996818884fd5fb1\",\"name\":\"Arnaldo Botto\",\"image\":{\"@type\":\"ImageObject\",\"inLanguage\":\"es\",\"@id\":\"https:\/\/www.noticiasradioreflejos.com.ar\/2021\/#\/schema\/person\/image\/\",\"url\":\"https:\/\/secure.gravatar.com\/avatar\/55cb5e37c1efa326397366e6974cb338056df65cb50e7d64d1cf314e87504837?s=96&d=mm&r=g\",\"contentUrl\":\"https:\/\/secure.gravatar.com\/avatar\/55cb5e37c1efa326397366e6974cb338056df65cb50e7d64d1cf314e87504837?s=96&d=mm&r=g\",\"caption\":\"Arnaldo Botto\"},\"url\":\"https:\/\/www.noticiasradioreflejos.com.ar\/2021\/author\/arnaldo\/\"}]}<\/script>\n<!-- \/ Yoast SEO plugin. -->","yoast_head_json":{"title":"Cronograma de pago para el bono de 5 mil pesos. - Noticias Radio Reflejos","robots":{"index":"index","follow":"follow","max-snippet":"max-snippet:-1","max-image-preview":"max-image-preview:large","max-video-preview":"max-video-preview:-1"},"canonical":"https:\/\/www.noticiasradioreflejos.com.ar\/2021\/cronograma-de-pago-para-el-bono-de-5-mil-pesos\/","og_locale":"es_ES","og_type":"article","og_title":"Cronograma de pago para el bono de 5 mil pesos. - Noticias Radio Reflejos","og_description":"En el marco del Decreto 481\/2021 publicado ayer en el Bolet\u00edn Oficial, la ANSES informa el cronograma de pago del bono de 5000 pesos junto a los haberes de agosto para jubilados, jubiladas, pensionados y pensionadas que perciban hasta dos haberes m\u00ednimos. Seg\u00fan terminaci\u00f3n de documento, las Pensiones No Contributivas (PNC) cobrar\u00e1n el bono del [&hellip;]","og_url":"https:\/\/www.noticiasradioreflejos.com.ar\/2021\/cronograma-de-pago-para-el-bono-de-5-mil-pesos\/","og_site_name":"Noticias Radio Reflejos","article_published_time":"2021-07-27T16:51:05+00:00","og_image":[{"url":"https:\/\/live.staticflickr.com\/65535\/51339265893_3792df8e59.jpg","type":"","width":"","height":""}],"author":"Arnaldo Botto","twitter_card":"summary_large_image","schema":{"@context":"https:\/\/schema.org","@graph":[{"@type":"WebPage","@id":"https:\/\/www.noticiasradioreflejos.com.ar\/2021\/cronograma-de-pago-para-el-bono-de-5-mil-pesos\/","url":"https:\/\/www.noticiasradioreflejos.com.ar\/2021\/cronograma-de-pago-para-el-bono-de-5-mil-pesos\/","name":"Cronograma de pago para el bono de 5 mil pesos. - Noticias Radio Reflejos","isPartOf":{"@id":"https:\/\/www.noticiasradioreflejos.com.ar\/2021\/#website"},"primaryImageOfPage":{"@id":"https:\/\/www.noticiasradioreflejos.com.ar\/2021\/cronograma-de-pago-para-el-bono-de-5-mil-pesos\/#primaryimage"},"image":{"@id":"https:\/\/www.noticiasradioreflejos.com.ar\/2021\/cronograma-de-pago-para-el-bono-de-5-mil-pesos\/#primaryimage"},"thumbnailUrl":"https:\/\/live.staticflickr.com\/65535\/51339265893_3792df8e59.jpg","datePublished":"2021-07-27T16:51:05+00:00","author":{"@id":"https:\/\/www.noticiasradioreflejos.com.ar\/2021\/#\/schema\/person\/ad82545263dcc5ec0996818884fd5fb1"},"breadcrumb":{"@id":"https:\/\/www.noticiasradioreflejos.com.ar\/2021\/cronograma-de-pago-para-el-bono-de-5-mil-pesos\/#breadcrumb"},"inLanguage":"es","potentialAction":[{"@type":"ReadAction","target":["https:\/\/www.noticiasradioreflejos.com.ar\/2021\/cronograma-de-pago-para-el-bono-de-5-mil-pesos\/"]}]},{"@type":"ImageObject","inLanguage":"es","@id":"https:\/\/www.noticiasradioreflejos.com.ar\/2021\/cronograma-de-pago-para-el-bono-de-5-mil-pesos\/#primaryimage","url":"https:\/\/live.staticflickr.com\/65535\/51339265893_3792df8e59.jpg","contentUrl":"https:\/\/live.staticflickr.com\/65535\/51339265893_3792df8e59.jpg"},{"@type":"BreadcrumbList","@id":"https:\/\/www.noticiasradioreflejos.com.ar\/2021\/cronograma-de-pago-para-el-bono-de-5-mil-pesos\/#breadcrumb","itemListElement":[{"@type":"ListItem","position":1,"name":"Portada","item":"https:\/\/www.noticiasradioreflejos.com.ar\/2021\/"},{"@type":"ListItem","position":2,"name":"Cronograma de pago para el bono de 5 mil pesos."}]},{"@type":"WebSite","@id":"https:\/\/www.noticiasradioreflejos.com.ar\/2021\/#website","url":"https:\/\/www.noticiasradioreflejos.com.ar\/2021\/","name":"Noticias Radio Reflejos","description":"Las noticias de mi comarca","potentialAction":[{"@type":"SearchAction","target":{"@type":"EntryPoint","urlTemplate":"https:\/\/www.noticiasradioreflejos.com.ar\/2021\/?s={search_term_string}"},"query-input":{"@type":"PropertyValueSpecification","valueRequired":true,"valueName":"search_term_string"}}],"inLanguage":"es"},{"@type":"Person","@id":"https:\/\/www.noticiasradioreflejos.com.ar\/2021\/#\/schema\/person\/ad82545263dcc5ec0996818884fd5fb1","name":"Arnaldo Botto","image":{"@type":"ImageObject","inLanguage":"es","@id":"https:\/\/www.noticiasradioreflejos.com.ar\/2021\/#\/schema\/person\/image\/","url":"https:\/\/secure.gravatar.com\/avatar\/55cb5e37c1efa326397366e6974cb338056df65cb50e7d64d1cf314e87504837?s=96&d=mm&r=g","contentUrl":"https:\/\/secure.gravatar.com\/avatar\/55cb5e37c1efa326397366e6974cb338056df65cb50e7d64d1cf314e87504837?s=96&d=mm&r=g","caption":"Arnaldo Botto"},"url":"https:\/\/www.noticiasradioreflejos.com.ar\/2021\/author\/arnaldo\/"}]}},"_links":{"self":[{"href":"https:\/\/www.noticiasradioreflejos.com.ar\/2021\/wp-json\/wp\/v2\/posts\/60691","targetHints":{"allow":["GET"]}}],"collection":[{"href":"https:\/\/www.noticiasradioreflejos.com.ar\/2021\/wp-json\/wp\/v2\/posts"}],"about":[{"href":"https:\/\/www.noticiasradioreflejos.com.ar\/2021\/wp-json\/wp\/v2\/types\/post"}],"author":[{"embeddable":true,"href":"https:\/\/www.noticiasradioreflejos.com.ar\/2021\/wp-json\/wp\/v2\/users\/3"}],"replies":[{"embeddable":true,"href":"https:\/\/www.noticiasradioreflejos.com.ar\/2021\/wp-json\/wp\/v2\/comments?post=60691"}],"version-history":[{"count":1,"href":"https:\/\/www.noticiasradioreflejos.com.ar\/2021\/wp-json\/wp\/v2\/posts\/60691\/revisions"}],"predecessor-version":[{"id":60693,"href":"https:\/\/www.noticiasradioreflejos.com.ar\/2021\/wp-json\/wp\/v2\/posts\/60691\/revisions\/60693"}],"wp:attachment":[{"href":"https:\/\/www.noticiasradioreflejos.com.ar\/2021\/wp-json\/wp\/v2\/media?parent=60691"}],"wp:term":[{"taxonomy":"category","embeddable":true,"href":"https:\/\/www.noticiasradioreflejos.com.ar\/2021\/wp-json\/wp\/v2\/categories?post=60691"},{"taxonomy":"post_tag","embeddable":true,"href":"https:\/\/www.noticiasradioreflejos.com.ar\/2021\/wp-json\/wp\/v2\/tags?post=60691"}],"curies":[{"name":"wp","href":"https:\/\/api.w.org\/{rel}","templated":true}]}}