{"id":60641,"date":"2021-07-27T00:50:56","date_gmt":"2021-07-27T00:50:56","guid":{"rendered":"http:\/\/www.noticiasradioreflejos.com.ar\/2021\/?p=60641"},"modified":"2021-07-27T00:50:56","modified_gmt":"2021-07-27T00:50:56","slug":"el-vacunatorio-movil-vacunara-en-villa-la-arcadia-1-dosis-libre-para-mayores-de-18-anos","status":"publish","type":"post","link":"https:\/\/www.noticiasradioreflejos.com.ar\/2021\/el-vacunatorio-movil-vacunara-en-villa-la-arcadia-1-dosis-libre-para-mayores-de-18-anos\/","title":{"rendered":"El Vacunatorio M\u00f3vil vacunar\u00e1 en Villa La Arcadia 1\u00b0 dosis \u201clibre\u201d para mayores de 18 a\u00f1os"},"content":{"rendered":"<p>El s\u00e1bado 31 de julio de 10 a 13 y de 14 a 17 en el club Ventana (Jos\u00e9 Hern\u00e1ndez 582) solo para vecinos y vecinas de Villa La Arcadia que deber\u00e1n estar inscriptos en la p\u00e1gina<a href=\"http:\/\/www.vacunatepba.gba.gob.ar\"><strong> www.vacunatepba.gba.gob.ar<\/strong><\/a> <!--more--><\/p>\n<p>El Vacunatorio M\u00f3vil contin\u00faa recorriendo las diversas localidades del distrito, con el prop\u00f3sito de que m\u00e1s vecinos y vecinas puedan recibir la 1\u00b0 dosis de la vacuna contra Covid-19 en el marco de la Campa\u00f1a de Vacunaci\u00f3n Provincial, P\u00fablica, Gratuita y Optativa.<br \/>\nEn tal sentido, el equipo de vacunaci\u00f3n coordinado por el licenciado Luciano Creded\u00edo en un trabajo en conjunto con el \u00e1rea de Salud de Tornquist, vacunar\u00e1 el s\u00e1bado 31 de julio en el club Ventana (Jos\u00e9 Hern\u00e1ndez 582) a los vecinos y vecinas de Villa La Arcadia de 10 a 13 y de 14 a 17 donde, adem\u00e1s, se entregar\u00e1 folleter\u00eda informativa acerca de c\u00f3mo inscribirse en la campa\u00f1a VACUNATEPBA.<br \/>\nRecordar que el grupo poblacional que puede acercarse \u201csin turno\u201d deber\u00e1n estar previamente inscriptos en la p\u00e1gina web: www.vacunatepba.gba.gob.ar y ser mayores de 18 a\u00f1os LIBRE es decir, con o sin patolog\u00edas, embarazadas, docentes y auxiliares de educaci\u00f3n, personal de salud, seguridad y todos aquellos vecinos y vecinas que hayan perdido el turno de vacunaci\u00f3n enviado desde el ministerio de Salud bonaerense en los \u00faltimos quince d\u00edas por cuestiones personales o de salud, quienes deber\u00e1n presentar constancia de turno y DNI.<\/p>\n<p>&nbsp;<\/p>\n<p><strong>Por consultas de turnos: 291-5388843 #LaVacunaEsLibertad.<\/strong><\/p>\n","protected":false},"excerpt":{"rendered":"<p>El s\u00e1bado 31 de julio de 10 a 13 y de 14 a 17 en el club Ventana (Jos\u00e9 Hern\u00e1ndez 582) solo para vecinos y vecinas de Villa La Arcadia que deber\u00e1n estar inscriptos en la p\u00e1gina www.vacunatepba.gba.gob.ar<\/p>\n","protected":false},"author":3,"featured_media":0,"comment_status":"closed","ping_status":"closed","sticky":false,"template":"","format":"standard","meta":{"footnotes":""},"categories":[30],"tags":[],"class_list":["post-60641","post","type-post","status-publish","format-standard","hentry","category-salud"],"yoast_head":"<!-- This site is optimized with the Yoast SEO plugin v25.9 - https:\/\/yoast.com\/wordpress\/plugins\/seo\/ -->\n<title>El Vacunatorio M\u00f3vil vacunar\u00e1 en Villa La Arcadia 1\u00b0 dosis \u201clibre\u201d para mayores de 18 a\u00f1os - Noticias Radio Reflejos<\/title>\n<meta name=\"robots\" content=\"index, follow, max-snippet:-1, max-image-preview:large, max-video-preview:-1\" \/>\n<link rel=\"canonical\" href=\"https:\/\/www.noticiasradioreflejos.com.ar\/2021\/el-vacunatorio-movil-vacunara-en-villa-la-arcadia-1-dosis-libre-para-mayores-de-18-anos\/\" \/>\n<meta property=\"og:locale\" content=\"es_ES\" \/>\n<meta property=\"og:type\" content=\"article\" \/>\n<meta property=\"og:title\" content=\"El Vacunatorio M\u00f3vil vacunar\u00e1 en Villa La Arcadia 1\u00b0 dosis \u201clibre\u201d para mayores de 18 a\u00f1os - Noticias Radio Reflejos\" \/>\n<meta property=\"og:description\" content=\"El s\u00e1bado 31 de julio de 10 a 13 y de 14 a 17 en el club Ventana (Jos\u00e9 Hern\u00e1ndez 582) solo para vecinos y vecinas de Villa La Arcadia que deber\u00e1n estar inscriptos en la p\u00e1gina www.vacunatepba.gba.gob.ar\" \/>\n<meta property=\"og:url\" content=\"https:\/\/www.noticiasradioreflejos.com.ar\/2021\/el-vacunatorio-movil-vacunara-en-villa-la-arcadia-1-dosis-libre-para-mayores-de-18-anos\/\" \/>\n<meta property=\"og:site_name\" content=\"Noticias Radio Reflejos\" \/>\n<meta property=\"article:published_time\" content=\"2021-07-27T00:50:56+00:00\" \/>\n<meta property=\"og:image\" content=\"https:\/\/www.noticiasradioreflejos.com.ar\/2021\/wp-content\/uploads\/2021\/07\/logosol300x200.png\" \/>\n\t<meta property=\"og:image:width\" content=\"300\" \/>\n\t<meta property=\"og:image:height\" content=\"200\" \/>\n\t<meta property=\"og:image:type\" content=\"image\/png\" \/>\n<meta name=\"author\" content=\"Arnaldo Botto\" \/>\n<meta name=\"twitter:card\" content=\"summary_large_image\" \/>\n<script type=\"application\/ld+json\" class=\"yoast-schema-graph\">{\"@context\":\"https:\/\/schema.org\",\"@graph\":[{\"@type\":\"WebPage\",\"@id\":\"https:\/\/www.noticiasradioreflejos.com.ar\/2021\/el-vacunatorio-movil-vacunara-en-villa-la-arcadia-1-dosis-libre-para-mayores-de-18-anos\/\",\"url\":\"https:\/\/www.noticiasradioreflejos.com.ar\/2021\/el-vacunatorio-movil-vacunara-en-villa-la-arcadia-1-dosis-libre-para-mayores-de-18-anos\/\",\"name\":\"El Vacunatorio M\u00f3vil vacunar\u00e1 en Villa La Arcadia 1\u00b0 dosis \u201clibre\u201d para mayores de 18 a\u00f1os - Noticias Radio Reflejos\",\"isPartOf\":{\"@id\":\"https:\/\/www.noticiasradioreflejos.com.ar\/2021\/#website\"},\"datePublished\":\"2021-07-27T00:50:56+00:00\",\"author\":{\"@id\":\"https:\/\/www.noticiasradioreflejos.com.ar\/2021\/#\/schema\/person\/ad82545263dcc5ec0996818884fd5fb1\"},\"breadcrumb\":{\"@id\":\"https:\/\/www.noticiasradioreflejos.com.ar\/2021\/el-vacunatorio-movil-vacunara-en-villa-la-arcadia-1-dosis-libre-para-mayores-de-18-anos\/#breadcrumb\"},\"inLanguage\":\"es\",\"potentialAction\":[{\"@type\":\"ReadAction\",\"target\":[\"https:\/\/www.noticiasradioreflejos.com.ar\/2021\/el-vacunatorio-movil-vacunara-en-villa-la-arcadia-1-dosis-libre-para-mayores-de-18-anos\/\"]}]},{\"@type\":\"BreadcrumbList\",\"@id\":\"https:\/\/www.noticiasradioreflejos.com.ar\/2021\/el-vacunatorio-movil-vacunara-en-villa-la-arcadia-1-dosis-libre-para-mayores-de-18-anos\/#breadcrumb\",\"itemListElement\":[{\"@type\":\"ListItem\",\"position\":1,\"name\":\"Portada\",\"item\":\"https:\/\/www.noticiasradioreflejos.com.ar\/2021\/\"},{\"@type\":\"ListItem\",\"position\":2,\"name\":\"El Vacunatorio M\u00f3vil vacunar\u00e1 en Villa La Arcadia 1\u00b0 dosis \u201clibre\u201d para mayores de 18 a\u00f1os\"}]},{\"@type\":\"WebSite\",\"@id\":\"https:\/\/www.noticiasradioreflejos.com.ar\/2021\/#website\",\"url\":\"https:\/\/www.noticiasradioreflejos.com.ar\/2021\/\",\"name\":\"Noticias Radio Reflejos\",\"description\":\"Las noticias de mi comarca\",\"potentialAction\":[{\"@type\":\"SearchAction\",\"target\":{\"@type\":\"EntryPoint\",\"urlTemplate\":\"https:\/\/www.noticiasradioreflejos.com.ar\/2021\/?s={search_term_string}\"},\"query-input\":{\"@type\":\"PropertyValueSpecification\",\"valueRequired\":true,\"valueName\":\"search_term_string\"}}],\"inLanguage\":\"es\"},{\"@type\":\"Person\",\"@id\":\"https:\/\/www.noticiasradioreflejos.com.ar\/2021\/#\/schema\/person\/ad82545263dcc5ec0996818884fd5fb1\",\"name\":\"Arnaldo Botto\",\"image\":{\"@type\":\"ImageObject\",\"inLanguage\":\"es\",\"@id\":\"https:\/\/www.noticiasradioreflejos.com.ar\/2021\/#\/schema\/person\/image\/\",\"url\":\"https:\/\/secure.gravatar.com\/avatar\/55cb5e37c1efa326397366e6974cb338056df65cb50e7d64d1cf314e87504837?s=96&d=mm&r=g\",\"contentUrl\":\"https:\/\/secure.gravatar.com\/avatar\/55cb5e37c1efa326397366e6974cb338056df65cb50e7d64d1cf314e87504837?s=96&d=mm&r=g\",\"caption\":\"Arnaldo Botto\"},\"url\":\"https:\/\/www.noticiasradioreflejos.com.ar\/2021\/author\/arnaldo\/\"}]}<\/script>\n<!-- \/ Yoast SEO plugin. -->","yoast_head_json":{"title":"El Vacunatorio M\u00f3vil vacunar\u00e1 en Villa La Arcadia 1\u00b0 dosis \u201clibre\u201d para mayores de 18 a\u00f1os - Noticias Radio Reflejos","robots":{"index":"index","follow":"follow","max-snippet":"max-snippet:-1","max-image-preview":"max-image-preview:large","max-video-preview":"max-video-preview:-1"},"canonical":"https:\/\/www.noticiasradioreflejos.com.ar\/2021\/el-vacunatorio-movil-vacunara-en-villa-la-arcadia-1-dosis-libre-para-mayores-de-18-anos\/","og_locale":"es_ES","og_type":"article","og_title":"El Vacunatorio M\u00f3vil vacunar\u00e1 en Villa La Arcadia 1\u00b0 dosis \u201clibre\u201d para mayores de 18 a\u00f1os - Noticias Radio Reflejos","og_description":"El s\u00e1bado 31 de julio de 10 a 13 y de 14 a 17 en el club Ventana (Jos\u00e9 Hern\u00e1ndez 582) solo para vecinos y vecinas de Villa La Arcadia que deber\u00e1n estar inscriptos en la p\u00e1gina www.vacunatepba.gba.gob.ar","og_url":"https:\/\/www.noticiasradioreflejos.com.ar\/2021\/el-vacunatorio-movil-vacunara-en-villa-la-arcadia-1-dosis-libre-para-mayores-de-18-anos\/","og_site_name":"Noticias Radio Reflejos","article_published_time":"2021-07-27T00:50:56+00:00","og_image":[{"width":300,"height":200,"url":"https:\/\/www.noticiasradioreflejos.com.ar\/2021\/wp-content\/uploads\/2021\/07\/logosol300x200.png","type":"image\/png"}],"author":"Arnaldo Botto","twitter_card":"summary_large_image","schema":{"@context":"https:\/\/schema.org","@graph":[{"@type":"WebPage","@id":"https:\/\/www.noticiasradioreflejos.com.ar\/2021\/el-vacunatorio-movil-vacunara-en-villa-la-arcadia-1-dosis-libre-para-mayores-de-18-anos\/","url":"https:\/\/www.noticiasradioreflejos.com.ar\/2021\/el-vacunatorio-movil-vacunara-en-villa-la-arcadia-1-dosis-libre-para-mayores-de-18-anos\/","name":"El Vacunatorio M\u00f3vil vacunar\u00e1 en Villa La Arcadia 1\u00b0 dosis \u201clibre\u201d para mayores de 18 a\u00f1os - Noticias Radio Reflejos","isPartOf":{"@id":"https:\/\/www.noticiasradioreflejos.com.ar\/2021\/#website"},"datePublished":"2021-07-27T00:50:56+00:00","author":{"@id":"https:\/\/www.noticiasradioreflejos.com.ar\/2021\/#\/schema\/person\/ad82545263dcc5ec0996818884fd5fb1"},"breadcrumb":{"@id":"https:\/\/www.noticiasradioreflejos.com.ar\/2021\/el-vacunatorio-movil-vacunara-en-villa-la-arcadia-1-dosis-libre-para-mayores-de-18-anos\/#breadcrumb"},"inLanguage":"es","potentialAction":[{"@type":"ReadAction","target":["https:\/\/www.noticiasradioreflejos.com.ar\/2021\/el-vacunatorio-movil-vacunara-en-villa-la-arcadia-1-dosis-libre-para-mayores-de-18-anos\/"]}]},{"@type":"BreadcrumbList","@id":"https:\/\/www.noticiasradioreflejos.com.ar\/2021\/el-vacunatorio-movil-vacunara-en-villa-la-arcadia-1-dosis-libre-para-mayores-de-18-anos\/#breadcrumb","itemListElement":[{"@type":"ListItem","position":1,"name":"Portada","item":"https:\/\/www.noticiasradioreflejos.com.ar\/2021\/"},{"@type":"ListItem","position":2,"name":"El Vacunatorio M\u00f3vil vacunar\u00e1 en Villa La Arcadia 1\u00b0 dosis \u201clibre\u201d para mayores de 18 a\u00f1os"}]},{"@type":"WebSite","@id":"https:\/\/www.noticiasradioreflejos.com.ar\/2021\/#website","url":"https:\/\/www.noticiasradioreflejos.com.ar\/2021\/","name":"Noticias Radio Reflejos","description":"Las noticias de mi comarca","potentialAction":[{"@type":"SearchAction","target":{"@type":"EntryPoint","urlTemplate":"https:\/\/www.noticiasradioreflejos.com.ar\/2021\/?s={search_term_string}"},"query-input":{"@type":"PropertyValueSpecification","valueRequired":true,"valueName":"search_term_string"}}],"inLanguage":"es"},{"@type":"Person","@id":"https:\/\/www.noticiasradioreflejos.com.ar\/2021\/#\/schema\/person\/ad82545263dcc5ec0996818884fd5fb1","name":"Arnaldo Botto","image":{"@type":"ImageObject","inLanguage":"es","@id":"https:\/\/www.noticiasradioreflejos.com.ar\/2021\/#\/schema\/person\/image\/","url":"https:\/\/secure.gravatar.com\/avatar\/55cb5e37c1efa326397366e6974cb338056df65cb50e7d64d1cf314e87504837?s=96&d=mm&r=g","contentUrl":"https:\/\/secure.gravatar.com\/avatar\/55cb5e37c1efa326397366e6974cb338056df65cb50e7d64d1cf314e87504837?s=96&d=mm&r=g","caption":"Arnaldo Botto"},"url":"https:\/\/www.noticiasradioreflejos.com.ar\/2021\/author\/arnaldo\/"}]}},"_links":{"self":[{"href":"https:\/\/www.noticiasradioreflejos.com.ar\/2021\/wp-json\/wp\/v2\/posts\/60641","targetHints":{"allow":["GET"]}}],"collection":[{"href":"https:\/\/www.noticiasradioreflejos.com.ar\/2021\/wp-json\/wp\/v2\/posts"}],"about":[{"href":"https:\/\/www.noticiasradioreflejos.com.ar\/2021\/wp-json\/wp\/v2\/types\/post"}],"author":[{"embeddable":true,"href":"https:\/\/www.noticiasradioreflejos.com.ar\/2021\/wp-json\/wp\/v2\/users\/3"}],"replies":[{"embeddable":true,"href":"https:\/\/www.noticiasradioreflejos.com.ar\/2021\/wp-json\/wp\/v2\/comments?post=60641"}],"version-history":[{"count":1,"href":"https:\/\/www.noticiasradioreflejos.com.ar\/2021\/wp-json\/wp\/v2\/posts\/60641\/revisions"}],"predecessor-version":[{"id":60643,"href":"https:\/\/www.noticiasradioreflejos.com.ar\/2021\/wp-json\/wp\/v2\/posts\/60641\/revisions\/60643"}],"wp:attachment":[{"href":"https:\/\/www.noticiasradioreflejos.com.ar\/2021\/wp-json\/wp\/v2\/media?parent=60641"}],"wp:term":[{"taxonomy":"category","embeddable":true,"href":"https:\/\/www.noticiasradioreflejos.com.ar\/2021\/wp-json\/wp\/v2\/categories?post=60641"},{"taxonomy":"post_tag","embeddable":true,"href":"https:\/\/www.noticiasradioreflejos.com.ar\/2021\/wp-json\/wp\/v2\/tags?post=60641"}],"curies":[{"name":"wp","href":"https:\/\/api.w.org\/{rel}","templated":true}]}}