{"id":60632,"date":"2021-07-27T00:10:41","date_gmt":"2021-07-27T00:10:41","guid":{"rendered":"http:\/\/www.noticiasradioreflejos.com.ar\/2021\/?p=60632"},"modified":"2021-07-27T01:41:52","modified_gmt":"2021-07-27T01:41:52","slug":"con-frio-nieve-y-sol-homenajearon-a-evita-a-69-anos-de-su-fallecimiento-en-sierra-de-la-ventana","status":"publish","type":"post","link":"https:\/\/www.noticiasradioreflejos.com.ar\/2021\/con-frio-nieve-y-sol-homenajearon-a-evita-a-69-anos-de-su-fallecimiento-en-sierra-de-la-ventana\/","title":{"rendered":"Con fr\u00edo, nieve y sol: Homenajearon a EVITA en Sierra de la Ventana a 69 a\u00f1os de su fallecimiento."},"content":{"rendered":"<p>La fecha convoca cada a\u00f1o, desde 1992, los 26 de julio en la plaza Eva Per\u00f3n de Sierra de la Ventana. Un nutrido n\u00famero de fervorosos justicialistas se da cita para el homenaje, el recuerdo y el encuentro detr\u00e1s de la figura y la doctrina de su gu\u00eda espiritual \u00abEVITA\u00bb. Este a\u00f1o, con las reservas que la situaci\u00f3n sanitaria impone, se produjo una vez m\u00e1s. El horario previsto para el comienzo eran las 15,00 hs.; empez\u00f3 casi puntual, 5 minutos m\u00e1s tarde, con un entorno invernal como la fecha impone: viento, nubes grises amenazantes. Y justamente en el mismo momento que la conductora empezaba con el acto, el cielo se manifest\u00f3 sobre los presentes: copos de nieve, peque\u00f1os granizos o graupel.<!--more--><\/p>\n<p><a title=\"69 Aniv. a Evita (20)\" href=\"https:\/\/www.flickr.com\/photos\/182279889@N02\/51336487337\/in\/dateposted-public\/\" data-flickr-embed=\"true\"><img loading=\"lazy\" decoding=\"async\" src=\"https:\/\/live.staticflickr.com\/65535\/51336487337_8a58184620_c.jpg\" alt=\"69 Aniv. a Evita (20)\" width=\"800\" height=\"450\" \/><\/a><script async src=\"\/\/embedr.flickr.com\/assets\/client-code.js\" charset=\"utf-8\"><\/script><\/p>\n<p><strong>Natalia Molina<\/strong> tuvo a cargo el legado de llamar y conducir el acto, que desde 1992 (fecha en que se restituy\u00f3 el busto de EVITA a la plaza) las tuvo a las hermanas Adriana y Marta Mulvihill, las que a su vez, hab\u00edan heredado de su madre y su abuela, quienes fueron testigos de aquel 26 de julio de 1953 cuando se fund\u00f3 la plaza.<\/p>\n<p>Hubo muchos presentes, concejales, candidatos, consejeros del partido, vecinos de todo el distrito y de Villa la Arcadia y tambi\u00e9n turistas, que cada a\u00f1o al pasar y ver a sus \u00abCompa\u00f1eros\u00bb reunidos, no escatiman en acercarse y sumar su homenaje.<\/p>\n<p><a title=\"69 Aniv. a Evita (28)\" href=\"https:\/\/www.flickr.com\/photos\/182279889@N02\/51337946619\/in\/dateposted-public\/\" data-flickr-embed=\"true\"><img loading=\"lazy\" decoding=\"async\" src=\"https:\/\/live.staticflickr.com\/65535\/51337946619_670d4003b6_c.jpg\" alt=\"69 Aniv. a Evita (28)\" width=\"800\" height=\"450\" \/><\/a><script async src=\"\/\/embedr.flickr.com\/assets\/client-code.js\" charset=\"utf-8\"><\/script><\/p>\n<p>Hubo oradoras, oradores, poemas dedicados, mensajes de autoridades y militantes y tambi\u00e9n el cierre con la Marcha Peronista a capella. En suma, un encuentro que traspasa el tiempo, que en la pr\u00f3xima cumplir\u00e1 30 a\u00f1os de evocaci\u00f3n a su ser inolvidable, su personalidad \u00fanica que vive eterna en la memoria de todo un pueblo.<\/p>\n<p><a title=\"69 Aniv. a Evita (38)\" href=\"https:\/\/www.flickr.com\/photos\/182279889@N02\/51337945984\/in\/dateposted-public\/\" data-flickr-embed=\"true\"><img loading=\"lazy\" decoding=\"async\" src=\"https:\/\/live.staticflickr.com\/65535\/51337945984_a61216db73_c.jpg\" alt=\"69 Aniv. a Evita (38)\" width=\"800\" height=\"450\" \/><\/a><script async src=\"\/\/embedr.flickr.com\/assets\/client-code.js\" charset=\"utf-8\"><\/script><\/p>\n<p><a title=\"69 Aniv. a Evita (5)\" href=\"https:\/\/www.flickr.com\/photos\/182279889@N02\/51337432413\/in\/dateposted-public\/\" data-flickr-embed=\"true\"><img loading=\"lazy\" decoding=\"async\" src=\"https:\/\/live.staticflickr.com\/65535\/51337432413_381d024544_c.jpg\" alt=\"69 Aniv. a Evita (5)\" width=\"800\" height=\"450\" \/><\/a><script async src=\"\/\/embedr.flickr.com\/assets\/client-code.js\" charset=\"utf-8\"><\/script><\/p>\n<p><strong>Nota a Natalia Molina:<\/strong><br \/>\n<iframe loading=\"lazy\" src=\"https:\/\/w.soundcloud.com\/player\/?url=https%3A\/\/api.soundcloud.com\/tracks\/1094537980&amp;color=%23ff5500&amp;auto_play=false&amp;hide_related=false&amp;show_comments=true&amp;show_user=true&amp;show_reposts=false&amp;show_teaser=true&amp;visual=true\" width=\"100%\" height=\"300\" frameborder=\"no\" scrolling=\"no\"><\/iframe><\/p>\n<div style=\"font-size: 10px; color: #cccccc; line-break: anywhere; word-break: normal; overflow: hidden; white-space: nowrap; text-overflow: ellipsis; font-family: Interstate,Lucida Grande,Lucida Sans Unicode,Lucida Sans,Garuda,Verdana,Tahoma,sans-serif; font-weight: 100;\"><a style=\"color: #cccccc; text-decoration: none;\" title=\"fmreflejos 103.7\" href=\"https:\/\/soundcloud.com\/fmreflejos-103-7\" target=\"_blank\" rel=\"noopener\">fmreflejos 103.7<\/a> \u00b7 <a style=\"color: #cccccc; text-decoration: none;\" title=\"Natalia Molina\" href=\"https:\/\/soundcloud.com\/fmreflejos-103-7\/natalia-molina-2\" target=\"_blank\" rel=\"noopener\">Natalia Molina<\/a><\/div>\n<p>\u00abEs un d\u00eda muy entra\u00f1able, muy emotivo\u00bb, expres\u00f3 al comenzar la entrevista. Destac\u00f3 que entre los presentes en el acto se comparte el amor por Evita y por el pueblo. \u00abEn el coraz\u00f3n de esta plaza quiero que recordemos no s\u00f3lo a Evita, sino a todas las compa\u00f1eras y compa\u00f1eros\u00bb.<\/p>\n<p>&nbsp;<\/p>\n<p><strong>Nota a Marcela Gim\u00e9nez:<\/strong><br \/>\n<iframe loading=\"lazy\" src=\"https:\/\/w.soundcloud.com\/player\/?url=https%3A\/\/api.soundcloud.com\/tracks\/1094538592&amp;color=%23ff5500&amp;auto_play=false&amp;hide_related=false&amp;show_comments=true&amp;show_user=true&amp;show_reposts=false&amp;show_teaser=true&amp;visual=true\" width=\"100%\" height=\"300\" frameborder=\"no\" scrolling=\"no\"><\/iframe><\/p>\n<div style=\"font-size: 10px; color: #cccccc; line-break: anywhere; word-break: normal; overflow: hidden; white-space: nowrap; text-overflow: ellipsis; font-family: Interstate,Lucida Grande,Lucida Sans Unicode,Lucida Sans,Garuda,Verdana,Tahoma,sans-serif; font-weight: 100;\"><a style=\"color: #cccccc; text-decoration: none;\" title=\"fmreflejos 103.7\" href=\"https:\/\/soundcloud.com\/fmreflejos-103-7\" target=\"_blank\" rel=\"noopener\">fmreflejos 103.7<\/a> \u00b7 <a style=\"color: #cccccc; text-decoration: none;\" title=\"Marcela Gimenez\" href=\"https:\/\/soundcloud.com\/fmreflejos-103-7\/marcela-gimenez-1\" target=\"_blank\" rel=\"noopener\">Marcela Gimenez<\/a><\/div>\n<p>\u00abEstamos con los compa\u00f1eros y compa\u00f1eras honrando a Eva Per\u00f3n, una mujer humilde y con mucha grandeza que tanto ha hecho por los trabajadores, las trabajadoras y por la inclusi\u00f3n de la mujer\u00bb, fueron las palabras que utiliz\u00f3 Marcela para recordar a Evita.<\/p>\n<p>Marcela es candidata a concejal por el Frente de Todos. \u00abSiempre con la bandera del oficialismo en alto y con escuchar a cada vecino y a cada vecina del distrito para que sus demandas se puedan transformar en proyectos\u00bb expres\u00f3.<\/p>\n<p>&nbsp;<\/p>\n<p><strong>Nota a Leandro Guerrero:<\/strong><br \/>\n<iframe loading=\"lazy\" src=\"https:\/\/w.soundcloud.com\/player\/?url=https%3A\/\/api.soundcloud.com\/tracks\/1094540755&amp;color=%23ff5500&amp;auto_play=false&amp;hide_related=false&amp;show_comments=true&amp;show_user=true&amp;show_reposts=false&amp;show_teaser=true&amp;visual=true\" width=\"100%\" height=\"300\" frameborder=\"no\" scrolling=\"no\"><\/iframe><\/p>\n<div style=\"font-size: 10px; color: #cccccc; line-break: anywhere; word-break: normal; overflow: hidden; white-space: nowrap; text-overflow: ellipsis; font-family: Interstate,Lucida Grande,Lucida Sans Unicode,Lucida Sans,Garuda,Verdana,Tahoma,sans-serif; font-weight: 100;\"><a style=\"color: #cccccc; text-decoration: none;\" title=\"fmreflejos 103.7\" href=\"https:\/\/soundcloud.com\/fmreflejos-103-7\" target=\"_blank\" rel=\"noopener\">fmreflejos 103.7<\/a> \u00b7 <a style=\"color: #cccccc; text-decoration: none;\" title=\"Leandro Guerrero\" href=\"https:\/\/soundcloud.com\/fmreflejos-103-7\/leandro-guerrero-1\" target=\"_blank\" rel=\"noopener\">Leandro Guerrero<\/a><\/div>\n<p>\u00abComo todos los 26 de Julio, tratamos de estar. A todos los peronistas es una fecha que nos junta y que nos hace emocionar. Est\u00e1 bueno estar ac\u00e1 y volver a Sierra de la Ventana a encontrarme un mont\u00f3n de compa\u00f1eros, se ve que el sentimiento por Evita sigue vivo adentro de todos nosotros\u00bb expres\u00f3 Leandro.<\/p>\n<p>Leandro, otro candidato a concejal por el Frente de Todos, tambi\u00e9n habl\u00f3 acerca de las elecciones. \u00abLa lista es muy joven, con muchos chicos que tienen muchas ganas, con propuestas nuevas y frescura. Y ni hablar, siempre apoyando al gobierno, tanto a Axel como a Alberto. Tambi\u00e9n entendiendo a los vecinos y a hacer por los vecinos, eso es lo importante, siempre tuvimos la militancia de la calle\u00bb.<\/p>\n<p>Todas las fotos<a href=\"http:\/\/&lt;iframe src=&quot;https:\/\/www.facebook.com\/plugins\/post.php?href=https%3A%2F%2Fwww.facebook.com%2FNoticiasRadioReflejos%2Fposts%2F1433298863704684&amp;show_text=true&amp;width=500&quot; width=&quot;500&quot; height=&quot;664&quot; style=&quot;border:none;overflow:hidden&quot; scrolling=&quot;no&quot; frameborder=&quot;0&quot; allowfullscreen=&quot;true&quot; allow=&quot;autoplay; clipboard-write; encrypted-media; picture-in-picture; web-share&quot;&gt;&lt;\/iframe&gt;\"><span style=\"color: #000080;\"><strong> AQU\u00cd<\/strong><\/span><\/a><br \/>\n<a title=\"69 Aniv. a Evita (11)\" href=\"https:\/\/www.flickr.com\/photos\/182279889@N02\/51337851158\/in\/dateposted-public\/\" data-flickr-embed=\"true\"><img loading=\"lazy\" decoding=\"async\" src=\"https:\/\/live.staticflickr.com\/65535\/51337851158_694620f58b_c.jpg\" alt=\"69 Aniv. a Evita (11)\" width=\"800\" height=\"450\" \/><\/a><script async src=\"\/\/embedr.flickr.com\/assets\/client-code.js\" charset=\"utf-8\"><\/script><\/p>\n<p><a title=\"69 Aniv. a Evita (29)\" href=\"https:\/\/www.flickr.com\/photos\/182279889@N02\/51338365589\/in\/dateposted-public\/\" data-flickr-embed=\"true\"><img loading=\"lazy\" decoding=\"async\" src=\"https:\/\/live.staticflickr.com\/65535\/51338365589_b0a85f05fb_c.jpg\" alt=\"69 Aniv. a Evita (29)\" width=\"800\" height=\"450\" \/><\/a><script async src=\"\/\/embedr.flickr.com\/assets\/client-code.js\" charset=\"utf-8\"><\/script><\/p>\n<p><iframe loading=\"lazy\" title=\"YouTube video player\" src=\"https:\/\/www.youtube.com\/embed\/CeLlPAh-rtU\" width=\"640\" height=\"360\" frameborder=\"0\" allowfullscreen=\"allowfullscreen\"><\/iframe><\/p>\n","protected":false},"excerpt":{"rendered":"<p>La fecha convoca cada a\u00f1o, desde 1992, los 26 de julio en la plaza Eva Per\u00f3n de Sierra de la Ventana. Un nutrido n\u00famero de fervorosos justicialistas se da cita para el homenaje, el recuerdo y el encuentro detr\u00e1s de la figura y la doctrina de su gu\u00eda espiritual \u00abEVITA\u00bb. Este a\u00f1o, con las reservas que la situaci\u00f3n sanitaria impone, se produjo una vez m\u00e1s. El horario previsto para el comienzo eran las 15,00 hs.; empez\u00f3 casi puntual, 5 minutos m\u00e1s tarde, con un entorno invernal como la fecha impone: viento, nubes grises amenazantes. Y justamente en el mismo momento que la conductora empezaba con el acto, el cielo se manifest\u00f3 sobre los presentes: copos de nieve, peque\u00f1os granizos o graupel.<\/p>\n","protected":false},"author":3,"featured_media":0,"comment_status":"closed","ping_status":"closed","sticky":false,"template":"","format":"standard","meta":{"footnotes":""},"categories":[24,1],"tags":[48],"class_list":["post-60632","post","type-post","status-publish","format-standard","hentry","category-politica","category-sin-categoria","tag-destacada"],"yoast_head":"<!-- This site is optimized with the Yoast SEO plugin v25.9 - https:\/\/yoast.com\/wordpress\/plugins\/seo\/ -->\n<title>Con fr\u00edo, nieve y sol: Homenajearon a EVITA en Sierra de la Ventana a 69 a\u00f1os de su fallecimiento. - Noticias Radio Reflejos<\/title>\n<meta name=\"robots\" content=\"index, follow, max-snippet:-1, max-image-preview:large, max-video-preview:-1\" \/>\n<link rel=\"canonical\" href=\"https:\/\/www.noticiasradioreflejos.com.ar\/2021\/con-frio-nieve-y-sol-homenajearon-a-evita-a-69-anos-de-su-fallecimiento-en-sierra-de-la-ventana\/\" \/>\n<meta property=\"og:locale\" content=\"es_ES\" \/>\n<meta property=\"og:type\" content=\"article\" \/>\n<meta property=\"og:title\" content=\"Con fr\u00edo, nieve y sol: Homenajearon a EVITA en Sierra de la Ventana a 69 a\u00f1os de su fallecimiento. - Noticias Radio Reflejos\" \/>\n<meta property=\"og:description\" content=\"La fecha convoca cada a\u00f1o, desde 1992, los 26 de julio en la plaza Eva Per\u00f3n de Sierra de la Ventana. Un nutrido n\u00famero de fervorosos justicialistas se da cita para el homenaje, el recuerdo y el encuentro detr\u00e1s de la figura y la doctrina de su gu\u00eda espiritual &quot;EVITA&quot;. Este a\u00f1o, con las reservas que la situaci\u00f3n sanitaria impone, se produjo una vez m\u00e1s. El horario previsto para el comienzo eran las 15,00 hs.; empez\u00f3 casi puntual, 5 minutos m\u00e1s tarde, con un entorno invernal como la fecha impone: viento, nubes grises amenazantes. Y justamente en el mismo momento que la conductora empezaba con el acto, el cielo se manifest\u00f3 sobre los presentes: copos de nieve, peque\u00f1os granizos o graupel.\" \/>\n<meta property=\"og:url\" content=\"https:\/\/www.noticiasradioreflejos.com.ar\/2021\/con-frio-nieve-y-sol-homenajearon-a-evita-a-69-anos-de-su-fallecimiento-en-sierra-de-la-ventana\/\" \/>\n<meta property=\"og:site_name\" content=\"Noticias Radio Reflejos\" \/>\n<meta property=\"article:published_time\" content=\"2021-07-27T00:10:41+00:00\" \/>\n<meta property=\"article:modified_time\" content=\"2021-07-27T01:41:52+00:00\" \/>\n<meta property=\"og:image\" content=\"https:\/\/live.staticflickr.com\/65535\/51336487337_8a58184620_c.jpg\" \/>\n<meta name=\"author\" content=\"Arnaldo Botto\" \/>\n<meta name=\"twitter:card\" content=\"summary_large_image\" \/>\n<script type=\"application\/ld+json\" class=\"yoast-schema-graph\">{\"@context\":\"https:\/\/schema.org\",\"@graph\":[{\"@type\":\"WebPage\",\"@id\":\"https:\/\/www.noticiasradioreflejos.com.ar\/2021\/con-frio-nieve-y-sol-homenajearon-a-evita-a-69-anos-de-su-fallecimiento-en-sierra-de-la-ventana\/\",\"url\":\"https:\/\/www.noticiasradioreflejos.com.ar\/2021\/con-frio-nieve-y-sol-homenajearon-a-evita-a-69-anos-de-su-fallecimiento-en-sierra-de-la-ventana\/\",\"name\":\"Con fr\u00edo, nieve y sol: Homenajearon a EVITA en Sierra de la Ventana a 69 a\u00f1os de su fallecimiento. - Noticias Radio Reflejos\",\"isPartOf\":{\"@id\":\"https:\/\/www.noticiasradioreflejos.com.ar\/2021\/#website\"},\"primaryImageOfPage\":{\"@id\":\"https:\/\/www.noticiasradioreflejos.com.ar\/2021\/con-frio-nieve-y-sol-homenajearon-a-evita-a-69-anos-de-su-fallecimiento-en-sierra-de-la-ventana\/#primaryimage\"},\"image\":{\"@id\":\"https:\/\/www.noticiasradioreflejos.com.ar\/2021\/con-frio-nieve-y-sol-homenajearon-a-evita-a-69-anos-de-su-fallecimiento-en-sierra-de-la-ventana\/#primaryimage\"},\"thumbnailUrl\":\"https:\/\/live.staticflickr.com\/65535\/51336487337_8a58184620_c.jpg\",\"datePublished\":\"2021-07-27T00:10:41+00:00\",\"dateModified\":\"2021-07-27T01:41:52+00:00\",\"author\":{\"@id\":\"https:\/\/www.noticiasradioreflejos.com.ar\/2021\/#\/schema\/person\/ad82545263dcc5ec0996818884fd5fb1\"},\"breadcrumb\":{\"@id\":\"https:\/\/www.noticiasradioreflejos.com.ar\/2021\/con-frio-nieve-y-sol-homenajearon-a-evita-a-69-anos-de-su-fallecimiento-en-sierra-de-la-ventana\/#breadcrumb\"},\"inLanguage\":\"es\",\"potentialAction\":[{\"@type\":\"ReadAction\",\"target\":[\"https:\/\/www.noticiasradioreflejos.com.ar\/2021\/con-frio-nieve-y-sol-homenajearon-a-evita-a-69-anos-de-su-fallecimiento-en-sierra-de-la-ventana\/\"]}]},{\"@type\":\"ImageObject\",\"inLanguage\":\"es\",\"@id\":\"https:\/\/www.noticiasradioreflejos.com.ar\/2021\/con-frio-nieve-y-sol-homenajearon-a-evita-a-69-anos-de-su-fallecimiento-en-sierra-de-la-ventana\/#primaryimage\",\"url\":\"https:\/\/live.staticflickr.com\/65535\/51336487337_8a58184620_c.jpg\",\"contentUrl\":\"https:\/\/live.staticflickr.com\/65535\/51336487337_8a58184620_c.jpg\"},{\"@type\":\"BreadcrumbList\",\"@id\":\"https:\/\/www.noticiasradioreflejos.com.ar\/2021\/con-frio-nieve-y-sol-homenajearon-a-evita-a-69-anos-de-su-fallecimiento-en-sierra-de-la-ventana\/#breadcrumb\",\"itemListElement\":[{\"@type\":\"ListItem\",\"position\":1,\"name\":\"Portada\",\"item\":\"https:\/\/www.noticiasradioreflejos.com.ar\/2021\/\"},{\"@type\":\"ListItem\",\"position\":2,\"name\":\"Con fr\u00edo, nieve y sol: Homenajearon a EVITA en Sierra de la Ventana a 69 a\u00f1os de su fallecimiento.\"}]},{\"@type\":\"WebSite\",\"@id\":\"https:\/\/www.noticiasradioreflejos.com.ar\/2021\/#website\",\"url\":\"https:\/\/www.noticiasradioreflejos.com.ar\/2021\/\",\"name\":\"Noticias Radio Reflejos\",\"description\":\"Las noticias de mi comarca\",\"potentialAction\":[{\"@type\":\"SearchAction\",\"target\":{\"@type\":\"EntryPoint\",\"urlTemplate\":\"https:\/\/www.noticiasradioreflejos.com.ar\/2021\/?s={search_term_string}\"},\"query-input\":{\"@type\":\"PropertyValueSpecification\",\"valueRequired\":true,\"valueName\":\"search_term_string\"}}],\"inLanguage\":\"es\"},{\"@type\":\"Person\",\"@id\":\"https:\/\/www.noticiasradioreflejos.com.ar\/2021\/#\/schema\/person\/ad82545263dcc5ec0996818884fd5fb1\",\"name\":\"Arnaldo Botto\",\"image\":{\"@type\":\"ImageObject\",\"inLanguage\":\"es\",\"@id\":\"https:\/\/www.noticiasradioreflejos.com.ar\/2021\/#\/schema\/person\/image\/\",\"url\":\"https:\/\/secure.gravatar.com\/avatar\/55cb5e37c1efa326397366e6974cb338056df65cb50e7d64d1cf314e87504837?s=96&d=mm&r=g\",\"contentUrl\":\"https:\/\/secure.gravatar.com\/avatar\/55cb5e37c1efa326397366e6974cb338056df65cb50e7d64d1cf314e87504837?s=96&d=mm&r=g\",\"caption\":\"Arnaldo Botto\"},\"url\":\"https:\/\/www.noticiasradioreflejos.com.ar\/2021\/author\/arnaldo\/\"}]}<\/script>\n<!-- \/ Yoast SEO plugin. -->","yoast_head_json":{"title":"Con fr\u00edo, nieve y sol: Homenajearon a EVITA en Sierra de la Ventana a 69 a\u00f1os de su fallecimiento. - Noticias Radio Reflejos","robots":{"index":"index","follow":"follow","max-snippet":"max-snippet:-1","max-image-preview":"max-image-preview:large","max-video-preview":"max-video-preview:-1"},"canonical":"https:\/\/www.noticiasradioreflejos.com.ar\/2021\/con-frio-nieve-y-sol-homenajearon-a-evita-a-69-anos-de-su-fallecimiento-en-sierra-de-la-ventana\/","og_locale":"es_ES","og_type":"article","og_title":"Con fr\u00edo, nieve y sol: Homenajearon a EVITA en Sierra de la Ventana a 69 a\u00f1os de su fallecimiento. - Noticias Radio Reflejos","og_description":"La fecha convoca cada a\u00f1o, desde 1992, los 26 de julio en la plaza Eva Per\u00f3n de Sierra de la Ventana. Un nutrido n\u00famero de fervorosos justicialistas se da cita para el homenaje, el recuerdo y el encuentro detr\u00e1s de la figura y la doctrina de su gu\u00eda espiritual \"EVITA\". Este a\u00f1o, con las reservas que la situaci\u00f3n sanitaria impone, se produjo una vez m\u00e1s. El horario previsto para el comienzo eran las 15,00 hs.; empez\u00f3 casi puntual, 5 minutos m\u00e1s tarde, con un entorno invernal como la fecha impone: viento, nubes grises amenazantes. Y justamente en el mismo momento que la conductora empezaba con el acto, el cielo se manifest\u00f3 sobre los presentes: copos de nieve, peque\u00f1os granizos o graupel.","og_url":"https:\/\/www.noticiasradioreflejos.com.ar\/2021\/con-frio-nieve-y-sol-homenajearon-a-evita-a-69-anos-de-su-fallecimiento-en-sierra-de-la-ventana\/","og_site_name":"Noticias Radio Reflejos","article_published_time":"2021-07-27T00:10:41+00:00","article_modified_time":"2021-07-27T01:41:52+00:00","og_image":[{"url":"https:\/\/live.staticflickr.com\/65535\/51336487337_8a58184620_c.jpg","type":"","width":"","height":""}],"author":"Arnaldo Botto","twitter_card":"summary_large_image","schema":{"@context":"https:\/\/schema.org","@graph":[{"@type":"WebPage","@id":"https:\/\/www.noticiasradioreflejos.com.ar\/2021\/con-frio-nieve-y-sol-homenajearon-a-evita-a-69-anos-de-su-fallecimiento-en-sierra-de-la-ventana\/","url":"https:\/\/www.noticiasradioreflejos.com.ar\/2021\/con-frio-nieve-y-sol-homenajearon-a-evita-a-69-anos-de-su-fallecimiento-en-sierra-de-la-ventana\/","name":"Con fr\u00edo, nieve y sol: Homenajearon a EVITA en Sierra de la Ventana a 69 a\u00f1os de su fallecimiento. - Noticias Radio Reflejos","isPartOf":{"@id":"https:\/\/www.noticiasradioreflejos.com.ar\/2021\/#website"},"primaryImageOfPage":{"@id":"https:\/\/www.noticiasradioreflejos.com.ar\/2021\/con-frio-nieve-y-sol-homenajearon-a-evita-a-69-anos-de-su-fallecimiento-en-sierra-de-la-ventana\/#primaryimage"},"image":{"@id":"https:\/\/www.noticiasradioreflejos.com.ar\/2021\/con-frio-nieve-y-sol-homenajearon-a-evita-a-69-anos-de-su-fallecimiento-en-sierra-de-la-ventana\/#primaryimage"},"thumbnailUrl":"https:\/\/live.staticflickr.com\/65535\/51336487337_8a58184620_c.jpg","datePublished":"2021-07-27T00:10:41+00:00","dateModified":"2021-07-27T01:41:52+00:00","author":{"@id":"https:\/\/www.noticiasradioreflejos.com.ar\/2021\/#\/schema\/person\/ad82545263dcc5ec0996818884fd5fb1"},"breadcrumb":{"@id":"https:\/\/www.noticiasradioreflejos.com.ar\/2021\/con-frio-nieve-y-sol-homenajearon-a-evita-a-69-anos-de-su-fallecimiento-en-sierra-de-la-ventana\/#breadcrumb"},"inLanguage":"es","potentialAction":[{"@type":"ReadAction","target":["https:\/\/www.noticiasradioreflejos.com.ar\/2021\/con-frio-nieve-y-sol-homenajearon-a-evita-a-69-anos-de-su-fallecimiento-en-sierra-de-la-ventana\/"]}]},{"@type":"ImageObject","inLanguage":"es","@id":"https:\/\/www.noticiasradioreflejos.com.ar\/2021\/con-frio-nieve-y-sol-homenajearon-a-evita-a-69-anos-de-su-fallecimiento-en-sierra-de-la-ventana\/#primaryimage","url":"https:\/\/live.staticflickr.com\/65535\/51336487337_8a58184620_c.jpg","contentUrl":"https:\/\/live.staticflickr.com\/65535\/51336487337_8a58184620_c.jpg"},{"@type":"BreadcrumbList","@id":"https:\/\/www.noticiasradioreflejos.com.ar\/2021\/con-frio-nieve-y-sol-homenajearon-a-evita-a-69-anos-de-su-fallecimiento-en-sierra-de-la-ventana\/#breadcrumb","itemListElement":[{"@type":"ListItem","position":1,"name":"Portada","item":"https:\/\/www.noticiasradioreflejos.com.ar\/2021\/"},{"@type":"ListItem","position":2,"name":"Con fr\u00edo, nieve y sol: Homenajearon a EVITA en Sierra de la Ventana a 69 a\u00f1os de su fallecimiento."}]},{"@type":"WebSite","@id":"https:\/\/www.noticiasradioreflejos.com.ar\/2021\/#website","url":"https:\/\/www.noticiasradioreflejos.com.ar\/2021\/","name":"Noticias Radio Reflejos","description":"Las noticias de mi comarca","potentialAction":[{"@type":"SearchAction","target":{"@type":"EntryPoint","urlTemplate":"https:\/\/www.noticiasradioreflejos.com.ar\/2021\/?s={search_term_string}"},"query-input":{"@type":"PropertyValueSpecification","valueRequired":true,"valueName":"search_term_string"}}],"inLanguage":"es"},{"@type":"Person","@id":"https:\/\/www.noticiasradioreflejos.com.ar\/2021\/#\/schema\/person\/ad82545263dcc5ec0996818884fd5fb1","name":"Arnaldo Botto","image":{"@type":"ImageObject","inLanguage":"es","@id":"https:\/\/www.noticiasradioreflejos.com.ar\/2021\/#\/schema\/person\/image\/","url":"https:\/\/secure.gravatar.com\/avatar\/55cb5e37c1efa326397366e6974cb338056df65cb50e7d64d1cf314e87504837?s=96&d=mm&r=g","contentUrl":"https:\/\/secure.gravatar.com\/avatar\/55cb5e37c1efa326397366e6974cb338056df65cb50e7d64d1cf314e87504837?s=96&d=mm&r=g","caption":"Arnaldo Botto"},"url":"https:\/\/www.noticiasradioreflejos.com.ar\/2021\/author\/arnaldo\/"}]}},"_links":{"self":[{"href":"https:\/\/www.noticiasradioreflejos.com.ar\/2021\/wp-json\/wp\/v2\/posts\/60632","targetHints":{"allow":["GET"]}}],"collection":[{"href":"https:\/\/www.noticiasradioreflejos.com.ar\/2021\/wp-json\/wp\/v2\/posts"}],"about":[{"href":"https:\/\/www.noticiasradioreflejos.com.ar\/2021\/wp-json\/wp\/v2\/types\/post"}],"author":[{"embeddable":true,"href":"https:\/\/www.noticiasradioreflejos.com.ar\/2021\/wp-json\/wp\/v2\/users\/3"}],"replies":[{"embeddable":true,"href":"https:\/\/www.noticiasradioreflejos.com.ar\/2021\/wp-json\/wp\/v2\/comments?post=60632"}],"version-history":[{"count":6,"href":"https:\/\/www.noticiasradioreflejos.com.ar\/2021\/wp-json\/wp\/v2\/posts\/60632\/revisions"}],"predecessor-version":[{"id":60644,"href":"https:\/\/www.noticiasradioreflejos.com.ar\/2021\/wp-json\/wp\/v2\/posts\/60632\/revisions\/60644"}],"wp:attachment":[{"href":"https:\/\/www.noticiasradioreflejos.com.ar\/2021\/wp-json\/wp\/v2\/media?parent=60632"}],"wp:term":[{"taxonomy":"category","embeddable":true,"href":"https:\/\/www.noticiasradioreflejos.com.ar\/2021\/wp-json\/wp\/v2\/categories?post=60632"},{"taxonomy":"post_tag","embeddable":true,"href":"https:\/\/www.noticiasradioreflejos.com.ar\/2021\/wp-json\/wp\/v2\/tags?post=60632"}],"curies":[{"name":"wp","href":"https:\/\/api.w.org\/{rel}","templated":true}]}}