{"id":60630,"date":"2021-07-27T00:32:42","date_gmt":"2021-07-27T00:32:42","guid":{"rendered":"http:\/\/www.noticiasradioreflejos.com.ar\/2021\/?p=60630"},"modified":"2021-07-27T00:32:42","modified_gmt":"2021-07-27T00:32:42","slug":"contento-con-la-lista-que-se-formo-y-el-privilegio-de-haber-sido-convocado-en-la-lista-de-diputados-provinciales-en-un-cargo-titular","status":"publish","type":"post","link":"https:\/\/www.noticiasradioreflejos.com.ar\/2021\/contento-con-la-lista-que-se-formo-y-el-privilegio-de-haber-sido-convocado-en-la-lista-de-diputados-provinciales-en-un-cargo-titular\/","title":{"rendered":"\u00abContento con la lista que se form\u00f3 y el privilegio de haber sido convocado en la lista de Diputados Provinciales, en un cargo titular\u201d."},"content":{"rendered":"<p><strong>Gustavo Trankels,<\/strong> ex intendente, jefe distrital de la regi\u00f3n 19 de Vialidad Nacional y pre candidato a Diputado Provincial por el Frente de Todos, convers\u00f3 con nosotros esta ma\u00f1ana acerca de su convocatoria como candidato a Diputado Provincial, opin\u00f3 sobre las listas locales y coment\u00f3 la situaci\u00f3n de las obras de vialidad.<!--more--><\/p>\n<p>Gustavo comenz\u00f3 la nota coment\u00e1ndonos acerca de las obras de vialidad que \u00e9l dirige. Se encontraba trabajando en el tramo de la ruta entre Pigu\u00e9 y Espartillar, donde se est\u00e1 realizando el ensanchamiento de la misma. \u201cNosotros estimamos que en el transcurso de esta semana todo lo que va a ser la tarea de hormigonado va a quedar terminada. En unos 40 d\u00edas ya va a estar totalmente transitable\u201d agreg\u00f3 sobre la rotonda de Pigu\u00e9.<\/p>\n<p>Resaltamos los trabajos que se est\u00e1n realizando sobre la ruta 3, todo hecho con hormig\u00f3n. \u201cTiene que ver con una confluencia de distintos factores. Parte de ellos, es la caracter\u00edstica de la obra por el servicio que va a prestar. Una rotonda de hormig\u00f3n armado tiende a aguantar m\u00e1s el tr\u00e1nsito pesado\u201d explic\u00f3 la raz\u00f3n de la elecci\u00f3n de aquel material.<\/p>\n<p>Por otro lado, estuvimos hablando de las elecciones. \u201cHubo mucha actividad. En lo local, contento porque hay muchos j\u00f3venes que dan sus primeros pasos en la pol\u00edtica y eso siempre es alentador. Contento con la lista que se form\u00f3. Por otro lado, esta oportunidad y el privilegio de haber sido convocado en la lista de Diputados Provinciales, en un cargo titular\u201d.<\/p>\n<p>\u201cNosotros tenemos un concepto de equipo que excede a los 14 de la lista\u201d mencion\u00f3 Gustavo cuando le preguntamos acerca de aquellos partidarios de hace a\u00f1os que quedaron fuera de los convocados a participar de las listas.<\/p>\n<p>\u201cLo tomo como un honor que me hayan elegido. Hay muchos dirigentes y militantes que quieren estar en este lugar, entonces yo me lo tomo como un privilegio y una gran responsabilidad. Me toque o no me toque ocupar ese lugar, ya es un lujo poder estar\u201d fueron las palabras que us\u00f3 Trankels para agradecerles a sus compa\u00f1eros su apoyo.<\/p>\n<p>Finalmente, explic\u00f3 que la ruta 76 entre el tramo desde Tornquist hasta Sierra de la Ventana ser\u00e1 bacheada y arreglada, pero no se construir\u00e1 todo el tramo desde cero.<\/p>\n<p>&nbsp;<\/p>\n<p><strong>Nota completa a continuaci\u00f3n:<\/strong><br \/>\n<iframe loading=\"lazy\" src=\"https:\/\/w.soundcloud.com\/player\/?url=https%3A\/\/api.soundcloud.com\/tracks\/1094411521&amp;color=%23ff5500&amp;auto_play=false&amp;hide_related=false&amp;show_comments=true&amp;show_user=true&amp;show_reposts=false&amp;show_teaser=true&amp;visual=true\" width=\"100%\" height=\"300\" frameborder=\"no\" scrolling=\"no\"><\/iframe><\/p>\n<div style=\"font-size: 10px; color: #cccccc; line-break: anywhere; word-break: normal; overflow: hidden; white-space: nowrap; text-overflow: ellipsis; font-family: Interstate,Lucida Grande,Lucida Sans Unicode,Lucida Sans,Garuda,Verdana,Tahoma,sans-serif; font-weight: 100;\"><a style=\"color: #cccccc; text-decoration: none;\" title=\"fmreflejos 103.7\" href=\"https:\/\/soundcloud.com\/fmreflejos-103-7\" target=\"_blank\" rel=\"noopener\">fmreflejos 103.7<\/a> \u00b7 <a style=\"color: #cccccc; text-decoration: none;\" title=\"Nota Gustavo Trankels\" href=\"https:\/\/soundcloud.com\/fmreflejos-103-7\/nota-gustavo-trankels-5\" target=\"_blank\" rel=\"noopener\">Nota Gustavo Trankels<\/a><\/div>\n","protected":false},"excerpt":{"rendered":"<p>Gustavo Trankels, ex intendente, jefe distrital de la regi\u00f3n 19 de Vialidad Nacional y pre candidato a Diputado Provincial por el Frente de Todos, convers\u00f3 con nosotros esta ma\u00f1ana acerca de su convocatoria como candidato a Diputado Provincial, opin\u00f3 sobre las listas locales y coment\u00f3 la situaci\u00f3n de las obras de vialidad.<\/p>\n","protected":false},"author":3,"featured_media":0,"comment_status":"closed","ping_status":"closed","sticky":false,"template":"","format":"standard","meta":{"footnotes":""},"categories":[24],"tags":[48],"class_list":["post-60630","post","type-post","status-publish","format-standard","hentry","category-politica","tag-destacada"],"yoast_head":"<!-- This site is optimized with the Yoast SEO plugin v25.9 - https:\/\/yoast.com\/wordpress\/plugins\/seo\/ -->\n<title>&quot;Contento con la lista que se form\u00f3 y el privilegio de haber sido convocado en la lista de Diputados Provinciales, en un cargo titular\u201d. - Noticias Radio Reflejos<\/title>\n<meta name=\"robots\" content=\"index, follow, max-snippet:-1, max-image-preview:large, max-video-preview:-1\" \/>\n<link rel=\"canonical\" href=\"https:\/\/www.noticiasradioreflejos.com.ar\/2021\/contento-con-la-lista-que-se-formo-y-el-privilegio-de-haber-sido-convocado-en-la-lista-de-diputados-provinciales-en-un-cargo-titular\/\" \/>\n<meta property=\"og:locale\" content=\"es_ES\" \/>\n<meta property=\"og:type\" content=\"article\" \/>\n<meta property=\"og:title\" content=\"&quot;Contento con la lista que se form\u00f3 y el privilegio de haber sido convocado en la lista de Diputados Provinciales, en un cargo titular\u201d. - Noticias Radio Reflejos\" \/>\n<meta property=\"og:description\" content=\"Gustavo Trankels, ex intendente, jefe distrital de la regi\u00f3n 19 de Vialidad Nacional y pre candidato a Diputado Provincial por el Frente de Todos, convers\u00f3 con nosotros esta ma\u00f1ana acerca de su convocatoria como candidato a Diputado Provincial, opin\u00f3 sobre las listas locales y coment\u00f3 la situaci\u00f3n de las obras de vialidad.\" \/>\n<meta property=\"og:url\" content=\"https:\/\/www.noticiasradioreflejos.com.ar\/2021\/contento-con-la-lista-que-se-formo-y-el-privilegio-de-haber-sido-convocado-en-la-lista-de-diputados-provinciales-en-un-cargo-titular\/\" \/>\n<meta property=\"og:site_name\" content=\"Noticias Radio Reflejos\" \/>\n<meta property=\"article:published_time\" content=\"2021-07-27T00:32:42+00:00\" \/>\n<meta property=\"og:image\" content=\"https:\/\/www.noticiasradioreflejos.com.ar\/2021\/wp-content\/uploads\/2021\/07\/logosol300x200.png\" \/>\n\t<meta property=\"og:image:width\" content=\"300\" \/>\n\t<meta property=\"og:image:height\" content=\"200\" \/>\n\t<meta property=\"og:image:type\" content=\"image\/png\" \/>\n<meta name=\"author\" content=\"Arnaldo Botto\" \/>\n<meta name=\"twitter:card\" content=\"summary_large_image\" \/>\n<script type=\"application\/ld+json\" class=\"yoast-schema-graph\">{\"@context\":\"https:\/\/schema.org\",\"@graph\":[{\"@type\":\"WebPage\",\"@id\":\"https:\/\/www.noticiasradioreflejos.com.ar\/2021\/contento-con-la-lista-que-se-formo-y-el-privilegio-de-haber-sido-convocado-en-la-lista-de-diputados-provinciales-en-un-cargo-titular\/\",\"url\":\"https:\/\/www.noticiasradioreflejos.com.ar\/2021\/contento-con-la-lista-que-se-formo-y-el-privilegio-de-haber-sido-convocado-en-la-lista-de-diputados-provinciales-en-un-cargo-titular\/\",\"name\":\"\\\"Contento con la lista que se form\u00f3 y el privilegio de haber sido convocado en la lista de Diputados Provinciales, en un cargo titular\u201d. - Noticias Radio Reflejos\",\"isPartOf\":{\"@id\":\"https:\/\/www.noticiasradioreflejos.com.ar\/2021\/#website\"},\"datePublished\":\"2021-07-27T00:32:42+00:00\",\"author\":{\"@id\":\"https:\/\/www.noticiasradioreflejos.com.ar\/2021\/#\/schema\/person\/ad82545263dcc5ec0996818884fd5fb1\"},\"breadcrumb\":{\"@id\":\"https:\/\/www.noticiasradioreflejos.com.ar\/2021\/contento-con-la-lista-que-se-formo-y-el-privilegio-de-haber-sido-convocado-en-la-lista-de-diputados-provinciales-en-un-cargo-titular\/#breadcrumb\"},\"inLanguage\":\"es\",\"potentialAction\":[{\"@type\":\"ReadAction\",\"target\":[\"https:\/\/www.noticiasradioreflejos.com.ar\/2021\/contento-con-la-lista-que-se-formo-y-el-privilegio-de-haber-sido-convocado-en-la-lista-de-diputados-provinciales-en-un-cargo-titular\/\"]}]},{\"@type\":\"BreadcrumbList\",\"@id\":\"https:\/\/www.noticiasradioreflejos.com.ar\/2021\/contento-con-la-lista-que-se-formo-y-el-privilegio-de-haber-sido-convocado-en-la-lista-de-diputados-provinciales-en-un-cargo-titular\/#breadcrumb\",\"itemListElement\":[{\"@type\":\"ListItem\",\"position\":1,\"name\":\"Portada\",\"item\":\"https:\/\/www.noticiasradioreflejos.com.ar\/2021\/\"},{\"@type\":\"ListItem\",\"position\":2,\"name\":\"\u00abContento con la lista que se form\u00f3 y el privilegio de haber sido convocado en la lista de Diputados Provinciales, en un cargo titular\u201d.\"}]},{\"@type\":\"WebSite\",\"@id\":\"https:\/\/www.noticiasradioreflejos.com.ar\/2021\/#website\",\"url\":\"https:\/\/www.noticiasradioreflejos.com.ar\/2021\/\",\"name\":\"Noticias Radio Reflejos\",\"description\":\"Las noticias de mi comarca\",\"potentialAction\":[{\"@type\":\"SearchAction\",\"target\":{\"@type\":\"EntryPoint\",\"urlTemplate\":\"https:\/\/www.noticiasradioreflejos.com.ar\/2021\/?s={search_term_string}\"},\"query-input\":{\"@type\":\"PropertyValueSpecification\",\"valueRequired\":true,\"valueName\":\"search_term_string\"}}],\"inLanguage\":\"es\"},{\"@type\":\"Person\",\"@id\":\"https:\/\/www.noticiasradioreflejos.com.ar\/2021\/#\/schema\/person\/ad82545263dcc5ec0996818884fd5fb1\",\"name\":\"Arnaldo Botto\",\"image\":{\"@type\":\"ImageObject\",\"inLanguage\":\"es\",\"@id\":\"https:\/\/www.noticiasradioreflejos.com.ar\/2021\/#\/schema\/person\/image\/\",\"url\":\"https:\/\/secure.gravatar.com\/avatar\/55cb5e37c1efa326397366e6974cb338056df65cb50e7d64d1cf314e87504837?s=96&d=mm&r=g\",\"contentUrl\":\"https:\/\/secure.gravatar.com\/avatar\/55cb5e37c1efa326397366e6974cb338056df65cb50e7d64d1cf314e87504837?s=96&d=mm&r=g\",\"caption\":\"Arnaldo Botto\"},\"url\":\"https:\/\/www.noticiasradioreflejos.com.ar\/2021\/author\/arnaldo\/\"}]}<\/script>\n<!-- \/ Yoast SEO plugin. -->","yoast_head_json":{"title":"\"Contento con la lista que se form\u00f3 y el privilegio de haber sido convocado en la lista de Diputados Provinciales, en un cargo titular\u201d. - Noticias Radio Reflejos","robots":{"index":"index","follow":"follow","max-snippet":"max-snippet:-1","max-image-preview":"max-image-preview:large","max-video-preview":"max-video-preview:-1"},"canonical":"https:\/\/www.noticiasradioreflejos.com.ar\/2021\/contento-con-la-lista-que-se-formo-y-el-privilegio-de-haber-sido-convocado-en-la-lista-de-diputados-provinciales-en-un-cargo-titular\/","og_locale":"es_ES","og_type":"article","og_title":"\"Contento con la lista que se form\u00f3 y el privilegio de haber sido convocado en la lista de Diputados Provinciales, en un cargo titular\u201d. - Noticias Radio Reflejos","og_description":"Gustavo Trankels, ex intendente, jefe distrital de la regi\u00f3n 19 de Vialidad Nacional y pre candidato a Diputado Provincial por el Frente de Todos, convers\u00f3 con nosotros esta ma\u00f1ana acerca de su convocatoria como candidato a Diputado Provincial, opin\u00f3 sobre las listas locales y coment\u00f3 la situaci\u00f3n de las obras de vialidad.","og_url":"https:\/\/www.noticiasradioreflejos.com.ar\/2021\/contento-con-la-lista-que-se-formo-y-el-privilegio-de-haber-sido-convocado-en-la-lista-de-diputados-provinciales-en-un-cargo-titular\/","og_site_name":"Noticias Radio Reflejos","article_published_time":"2021-07-27T00:32:42+00:00","og_image":[{"width":300,"height":200,"url":"https:\/\/www.noticiasradioreflejos.com.ar\/2021\/wp-content\/uploads\/2021\/07\/logosol300x200.png","type":"image\/png"}],"author":"Arnaldo Botto","twitter_card":"summary_large_image","schema":{"@context":"https:\/\/schema.org","@graph":[{"@type":"WebPage","@id":"https:\/\/www.noticiasradioreflejos.com.ar\/2021\/contento-con-la-lista-que-se-formo-y-el-privilegio-de-haber-sido-convocado-en-la-lista-de-diputados-provinciales-en-un-cargo-titular\/","url":"https:\/\/www.noticiasradioreflejos.com.ar\/2021\/contento-con-la-lista-que-se-formo-y-el-privilegio-de-haber-sido-convocado-en-la-lista-de-diputados-provinciales-en-un-cargo-titular\/","name":"\"Contento con la lista que se form\u00f3 y el privilegio de haber sido convocado en la lista de Diputados Provinciales, en un cargo titular\u201d. - Noticias Radio Reflejos","isPartOf":{"@id":"https:\/\/www.noticiasradioreflejos.com.ar\/2021\/#website"},"datePublished":"2021-07-27T00:32:42+00:00","author":{"@id":"https:\/\/www.noticiasradioreflejos.com.ar\/2021\/#\/schema\/person\/ad82545263dcc5ec0996818884fd5fb1"},"breadcrumb":{"@id":"https:\/\/www.noticiasradioreflejos.com.ar\/2021\/contento-con-la-lista-que-se-formo-y-el-privilegio-de-haber-sido-convocado-en-la-lista-de-diputados-provinciales-en-un-cargo-titular\/#breadcrumb"},"inLanguage":"es","potentialAction":[{"@type":"ReadAction","target":["https:\/\/www.noticiasradioreflejos.com.ar\/2021\/contento-con-la-lista-que-se-formo-y-el-privilegio-de-haber-sido-convocado-en-la-lista-de-diputados-provinciales-en-un-cargo-titular\/"]}]},{"@type":"BreadcrumbList","@id":"https:\/\/www.noticiasradioreflejos.com.ar\/2021\/contento-con-la-lista-que-se-formo-y-el-privilegio-de-haber-sido-convocado-en-la-lista-de-diputados-provinciales-en-un-cargo-titular\/#breadcrumb","itemListElement":[{"@type":"ListItem","position":1,"name":"Portada","item":"https:\/\/www.noticiasradioreflejos.com.ar\/2021\/"},{"@type":"ListItem","position":2,"name":"\u00abContento con la lista que se form\u00f3 y el privilegio de haber sido convocado en la lista de Diputados Provinciales, en un cargo titular\u201d."}]},{"@type":"WebSite","@id":"https:\/\/www.noticiasradioreflejos.com.ar\/2021\/#website","url":"https:\/\/www.noticiasradioreflejos.com.ar\/2021\/","name":"Noticias Radio Reflejos","description":"Las noticias de mi comarca","potentialAction":[{"@type":"SearchAction","target":{"@type":"EntryPoint","urlTemplate":"https:\/\/www.noticiasradioreflejos.com.ar\/2021\/?s={search_term_string}"},"query-input":{"@type":"PropertyValueSpecification","valueRequired":true,"valueName":"search_term_string"}}],"inLanguage":"es"},{"@type":"Person","@id":"https:\/\/www.noticiasradioreflejos.com.ar\/2021\/#\/schema\/person\/ad82545263dcc5ec0996818884fd5fb1","name":"Arnaldo Botto","image":{"@type":"ImageObject","inLanguage":"es","@id":"https:\/\/www.noticiasradioreflejos.com.ar\/2021\/#\/schema\/person\/image\/","url":"https:\/\/secure.gravatar.com\/avatar\/55cb5e37c1efa326397366e6974cb338056df65cb50e7d64d1cf314e87504837?s=96&d=mm&r=g","contentUrl":"https:\/\/secure.gravatar.com\/avatar\/55cb5e37c1efa326397366e6974cb338056df65cb50e7d64d1cf314e87504837?s=96&d=mm&r=g","caption":"Arnaldo Botto"},"url":"https:\/\/www.noticiasradioreflejos.com.ar\/2021\/author\/arnaldo\/"}]}},"_links":{"self":[{"href":"https:\/\/www.noticiasradioreflejos.com.ar\/2021\/wp-json\/wp\/v2\/posts\/60630","targetHints":{"allow":["GET"]}}],"collection":[{"href":"https:\/\/www.noticiasradioreflejos.com.ar\/2021\/wp-json\/wp\/v2\/posts"}],"about":[{"href":"https:\/\/www.noticiasradioreflejos.com.ar\/2021\/wp-json\/wp\/v2\/types\/post"}],"author":[{"embeddable":true,"href":"https:\/\/www.noticiasradioreflejos.com.ar\/2021\/wp-json\/wp\/v2\/users\/3"}],"replies":[{"embeddable":true,"href":"https:\/\/www.noticiasradioreflejos.com.ar\/2021\/wp-json\/wp\/v2\/comments?post=60630"}],"version-history":[{"count":2,"href":"https:\/\/www.noticiasradioreflejos.com.ar\/2021\/wp-json\/wp\/v2\/posts\/60630\/revisions"}],"predecessor-version":[{"id":60640,"href":"https:\/\/www.noticiasradioreflejos.com.ar\/2021\/wp-json\/wp\/v2\/posts\/60630\/revisions\/60640"}],"wp:attachment":[{"href":"https:\/\/www.noticiasradioreflejos.com.ar\/2021\/wp-json\/wp\/v2\/media?parent=60630"}],"wp:term":[{"taxonomy":"category","embeddable":true,"href":"https:\/\/www.noticiasradioreflejos.com.ar\/2021\/wp-json\/wp\/v2\/categories?post=60630"},{"taxonomy":"post_tag","embeddable":true,"href":"https:\/\/www.noticiasradioreflejos.com.ar\/2021\/wp-json\/wp\/v2\/tags?post=60630"}],"curies":[{"name":"wp","href":"https:\/\/api.w.org\/{rel}","templated":true}]}}