{"id":60610,"date":"2021-07-26T17:19:53","date_gmt":"2021-07-26T17:19:53","guid":{"rendered":"http:\/\/www.noticiasradioreflejos.com.ar\/2021\/?p=60610"},"modified":"2021-07-26T17:19:53","modified_gmt":"2021-07-26T17:19:53","slug":"2-aprehendidos-en-operativos-policiales-en-la-comarca","status":"publish","type":"post","link":"https:\/\/www.noticiasradioreflejos.com.ar\/2021\/2-aprehendidos-en-operativos-policiales-en-la-comarca\/","title":{"rendered":"2 aprehendidos en Operativos Policiales en la Comarca."},"content":{"rendered":"<p>La Secretaria de Seguridad del Municipio de Tornquist inform\u00f3 que mediante operativos realizados en varios putos del distrito se logr\u00f3 la aprehensi\u00f3n de ciudadanos que infring\u00edan las leyes vigentes.<!--more--><\/p>\n<p>PARTE DE PRENSA:<\/p>\n<p>Se informa desde la Secretaria de Seguridad del Municipio de Tornquist, diferentes hechos policiales acaecidos en el transcurso del \u00faltimo fin de semana, en relaci\u00f3n al Operativo Invierno 2021 desarrollado en la comarca serrana, continuando con las tareas de prevenci\u00f3n delitos en general, \u00a0con fecha, 23 del corriente mes y a\u00f1o uniformados de la <b>Sub- Estaci\u00f3n de Polic\u00eda Comunal de Saldungaray<\/b>, observan dos sujetos sexo masculino transitando sobre un camino vecinal aleda\u00f1o al casco urbano de dicha localidad y al realizarse la requisa preventiva entre las prendas se constat\u00f3 la existencia de nueve cigarrillos armados en textura y aroma simil a la marihuana y una sustancia \u00a0verdosa tipo yerba, conocida como cogollo de marihuana arrojando un pesaje total de 9,3 gramos labrando actuaciones por <strong>INFRACCION A LA LEY 23737 DE ESTUPEFACIENTES<\/strong>, con intervenci\u00f3n de la UFIJ N\u00ba 19 de Estupefacientes del Departamento Judicial Bah\u00eda Blanca.<\/p>\n<p><a title=\"parte de prensa julio (2)\" href=\"https:\/\/www.flickr.com\/photos\/182279889@N02\/51337569214\/in\/dateposted-public\/\" data-flickr-embed=\"true\"><img loading=\"lazy\" decoding=\"async\" src=\"https:\/\/live.staticflickr.com\/65535\/51337569214_b0aa848594_c.jpg\" alt=\"parte de prensa julio (2)\" width=\"800\" height=\"600\" \/><\/a><script async src=\"\/\/embedr.flickr.com\/assets\/client-code.js\" charset=\"utf-8\"><\/script><\/p>\n<p>Asimismo con fecha, 24 del cte, personal policial perteneciente a la <b>Sub Estaci\u00f3n de Polic\u00eda Comunal de Sierra de la Ventana<\/b> en virtud de los operativos fijos de interceptaci\u00f3n veh\u00edculos e identificaci\u00f3n de personas que se realizan con el apoyo de la Polic\u00eda de Seguridad Vial Tornquist procedi\u00f3 a la aprehensi\u00f3n del ciudadano Maldonado Abel Alejandro mayor de edad por hall\u00e1rselo incurso en el delito caratulado <strong>INFRACCION AL ARTICULO 189 BIS. CODIGO PENAL<\/strong> mismo que circulaba a bordo rodado particular tipo Pick-up y tras requisa del mismo se constata una carabina marca Batan calibre 22 y 453 proyectiles intactos, careciendo de la documentaci\u00f3n respectiva para la tenencia para este tipo de arma de fuego, permaneciendo el aprehendido en los calabozos de la Estaci\u00f3n de Polic\u00eda Comunal Local, a disposici\u00f3n UFIJ N\u00ba 15 (flagrancia delito) del Departamento Judicial Bah\u00eda Blanca, asimismo tambi\u00e9n con fecha 24 del corriente siguiendo el marco de los operativos fijos personal de Sierra de la Ventana procede a interceptar un veh\u00edculo Renault Cl\u00edo por lo que al llevarse a cabo la requisa en el interior del habit\u00e1culo se procedi\u00f3 al secuestro de sustancia tipo yerba denominada cogollo de marihuana arrojando un pesaje de 1,73 gramos, \u00a0procediendo a \u00a0la Detenci\u00f3n del chofer del rodado por Infracci\u00f3n a la Ley de Estupefacientes 23737.-<\/p>\n<p><a title=\"parte de prensa julio (3)\" href=\"https:\/\/www.flickr.com\/photos\/182279889@N02\/51337569164\/in\/dateposted-public\/\" data-flickr-embed=\"true\"><img loading=\"lazy\" decoding=\"async\" src=\"https:\/\/live.staticflickr.com\/65535\/51337569164_54eaec73e0_c.jpg\" alt=\"parte de prensa julio (3)\" width=\"600\" height=\"800\" \/><\/a><script async src=\"\/\/embedr.flickr.com\/assets\/client-code.js\" charset=\"utf-8\"><\/script><\/p>\n<p>SECRETARIA DE SEGURIDAD-MUNICIPIO DE TORNQUIST, 26 DE Julio de 2021.-<\/p>\n","protected":false},"excerpt":{"rendered":"<p>La Secretaria de Seguridad del Municipio de Tornquist inform\u00f3 que mediante operativos realizados en varios putos del distrito se logr\u00f3 la aprehensi\u00f3n de ciudadanos que infring\u00edan las leyes vigentes.<\/p>\n","protected":false},"author":3,"featured_media":0,"comment_status":"closed","ping_status":"closed","sticky":false,"template":"","format":"standard","meta":{"footnotes":""},"categories":[29],"tags":[],"class_list":["post-60610","post","type-post","status-publish","format-standard","hentry","category-policiales"],"yoast_head":"<!-- This site is optimized with the Yoast SEO plugin v25.9 - https:\/\/yoast.com\/wordpress\/plugins\/seo\/ -->\n<title>2 aprehendidos en Operativos Policiales en la Comarca. - Noticias Radio Reflejos<\/title>\n<meta name=\"robots\" content=\"index, follow, max-snippet:-1, max-image-preview:large, max-video-preview:-1\" \/>\n<link rel=\"canonical\" href=\"https:\/\/www.noticiasradioreflejos.com.ar\/2021\/2-aprehendidos-en-operativos-policiales-en-la-comarca\/\" \/>\n<meta property=\"og:locale\" content=\"es_ES\" \/>\n<meta property=\"og:type\" content=\"article\" \/>\n<meta property=\"og:title\" content=\"2 aprehendidos en Operativos Policiales en la Comarca. - Noticias Radio Reflejos\" \/>\n<meta property=\"og:description\" content=\"La Secretaria de Seguridad del Municipio de Tornquist inform\u00f3 que mediante operativos realizados en varios putos del distrito se logr\u00f3 la aprehensi\u00f3n de ciudadanos que infring\u00edan las leyes vigentes.\" \/>\n<meta property=\"og:url\" content=\"https:\/\/www.noticiasradioreflejos.com.ar\/2021\/2-aprehendidos-en-operativos-policiales-en-la-comarca\/\" \/>\n<meta property=\"og:site_name\" content=\"Noticias Radio Reflejos\" \/>\n<meta property=\"article:published_time\" content=\"2021-07-26T17:19:53+00:00\" \/>\n<meta property=\"og:image\" content=\"https:\/\/live.staticflickr.com\/65535\/51337569214_b0aa848594_c.jpg\" \/>\n<meta name=\"author\" content=\"Arnaldo Botto\" \/>\n<meta name=\"twitter:card\" content=\"summary_large_image\" \/>\n<script type=\"application\/ld+json\" class=\"yoast-schema-graph\">{\"@context\":\"https:\/\/schema.org\",\"@graph\":[{\"@type\":\"WebPage\",\"@id\":\"https:\/\/www.noticiasradioreflejos.com.ar\/2021\/2-aprehendidos-en-operativos-policiales-en-la-comarca\/\",\"url\":\"https:\/\/www.noticiasradioreflejos.com.ar\/2021\/2-aprehendidos-en-operativos-policiales-en-la-comarca\/\",\"name\":\"2 aprehendidos en Operativos Policiales en la Comarca. - Noticias Radio Reflejos\",\"isPartOf\":{\"@id\":\"https:\/\/www.noticiasradioreflejos.com.ar\/2021\/#website\"},\"primaryImageOfPage\":{\"@id\":\"https:\/\/www.noticiasradioreflejos.com.ar\/2021\/2-aprehendidos-en-operativos-policiales-en-la-comarca\/#primaryimage\"},\"image\":{\"@id\":\"https:\/\/www.noticiasradioreflejos.com.ar\/2021\/2-aprehendidos-en-operativos-policiales-en-la-comarca\/#primaryimage\"},\"thumbnailUrl\":\"https:\/\/live.staticflickr.com\/65535\/51337569214_b0aa848594_c.jpg\",\"datePublished\":\"2021-07-26T17:19:53+00:00\",\"author\":{\"@id\":\"https:\/\/www.noticiasradioreflejos.com.ar\/2021\/#\/schema\/person\/ad82545263dcc5ec0996818884fd5fb1\"},\"breadcrumb\":{\"@id\":\"https:\/\/www.noticiasradioreflejos.com.ar\/2021\/2-aprehendidos-en-operativos-policiales-en-la-comarca\/#breadcrumb\"},\"inLanguage\":\"es\",\"potentialAction\":[{\"@type\":\"ReadAction\",\"target\":[\"https:\/\/www.noticiasradioreflejos.com.ar\/2021\/2-aprehendidos-en-operativos-policiales-en-la-comarca\/\"]}]},{\"@type\":\"ImageObject\",\"inLanguage\":\"es\",\"@id\":\"https:\/\/www.noticiasradioreflejos.com.ar\/2021\/2-aprehendidos-en-operativos-policiales-en-la-comarca\/#primaryimage\",\"url\":\"https:\/\/live.staticflickr.com\/65535\/51337569214_b0aa848594_c.jpg\",\"contentUrl\":\"https:\/\/live.staticflickr.com\/65535\/51337569214_b0aa848594_c.jpg\"},{\"@type\":\"BreadcrumbList\",\"@id\":\"https:\/\/www.noticiasradioreflejos.com.ar\/2021\/2-aprehendidos-en-operativos-policiales-en-la-comarca\/#breadcrumb\",\"itemListElement\":[{\"@type\":\"ListItem\",\"position\":1,\"name\":\"Portada\",\"item\":\"https:\/\/www.noticiasradioreflejos.com.ar\/2021\/\"},{\"@type\":\"ListItem\",\"position\":2,\"name\":\"2 aprehendidos en Operativos Policiales en la Comarca.\"}]},{\"@type\":\"WebSite\",\"@id\":\"https:\/\/www.noticiasradioreflejos.com.ar\/2021\/#website\",\"url\":\"https:\/\/www.noticiasradioreflejos.com.ar\/2021\/\",\"name\":\"Noticias Radio Reflejos\",\"description\":\"Las noticias de mi comarca\",\"potentialAction\":[{\"@type\":\"SearchAction\",\"target\":{\"@type\":\"EntryPoint\",\"urlTemplate\":\"https:\/\/www.noticiasradioreflejos.com.ar\/2021\/?s={search_term_string}\"},\"query-input\":{\"@type\":\"PropertyValueSpecification\",\"valueRequired\":true,\"valueName\":\"search_term_string\"}}],\"inLanguage\":\"es\"},{\"@type\":\"Person\",\"@id\":\"https:\/\/www.noticiasradioreflejos.com.ar\/2021\/#\/schema\/person\/ad82545263dcc5ec0996818884fd5fb1\",\"name\":\"Arnaldo Botto\",\"image\":{\"@type\":\"ImageObject\",\"inLanguage\":\"es\",\"@id\":\"https:\/\/www.noticiasradioreflejos.com.ar\/2021\/#\/schema\/person\/image\/\",\"url\":\"https:\/\/secure.gravatar.com\/avatar\/55cb5e37c1efa326397366e6974cb338056df65cb50e7d64d1cf314e87504837?s=96&d=mm&r=g\",\"contentUrl\":\"https:\/\/secure.gravatar.com\/avatar\/55cb5e37c1efa326397366e6974cb338056df65cb50e7d64d1cf314e87504837?s=96&d=mm&r=g\",\"caption\":\"Arnaldo Botto\"},\"url\":\"https:\/\/www.noticiasradioreflejos.com.ar\/2021\/author\/arnaldo\/\"}]}<\/script>\n<!-- \/ Yoast SEO plugin. -->","yoast_head_json":{"title":"2 aprehendidos en Operativos Policiales en la Comarca. - Noticias Radio Reflejos","robots":{"index":"index","follow":"follow","max-snippet":"max-snippet:-1","max-image-preview":"max-image-preview:large","max-video-preview":"max-video-preview:-1"},"canonical":"https:\/\/www.noticiasradioreflejos.com.ar\/2021\/2-aprehendidos-en-operativos-policiales-en-la-comarca\/","og_locale":"es_ES","og_type":"article","og_title":"2 aprehendidos en Operativos Policiales en la Comarca. - Noticias Radio Reflejos","og_description":"La Secretaria de Seguridad del Municipio de Tornquist inform\u00f3 que mediante operativos realizados en varios putos del distrito se logr\u00f3 la aprehensi\u00f3n de ciudadanos que infring\u00edan las leyes vigentes.","og_url":"https:\/\/www.noticiasradioreflejos.com.ar\/2021\/2-aprehendidos-en-operativos-policiales-en-la-comarca\/","og_site_name":"Noticias Radio Reflejos","article_published_time":"2021-07-26T17:19:53+00:00","og_image":[{"url":"https:\/\/live.staticflickr.com\/65535\/51337569214_b0aa848594_c.jpg","type":"","width":"","height":""}],"author":"Arnaldo Botto","twitter_card":"summary_large_image","schema":{"@context":"https:\/\/schema.org","@graph":[{"@type":"WebPage","@id":"https:\/\/www.noticiasradioreflejos.com.ar\/2021\/2-aprehendidos-en-operativos-policiales-en-la-comarca\/","url":"https:\/\/www.noticiasradioreflejos.com.ar\/2021\/2-aprehendidos-en-operativos-policiales-en-la-comarca\/","name":"2 aprehendidos en Operativos Policiales en la Comarca. - Noticias Radio Reflejos","isPartOf":{"@id":"https:\/\/www.noticiasradioreflejos.com.ar\/2021\/#website"},"primaryImageOfPage":{"@id":"https:\/\/www.noticiasradioreflejos.com.ar\/2021\/2-aprehendidos-en-operativos-policiales-en-la-comarca\/#primaryimage"},"image":{"@id":"https:\/\/www.noticiasradioreflejos.com.ar\/2021\/2-aprehendidos-en-operativos-policiales-en-la-comarca\/#primaryimage"},"thumbnailUrl":"https:\/\/live.staticflickr.com\/65535\/51337569214_b0aa848594_c.jpg","datePublished":"2021-07-26T17:19:53+00:00","author":{"@id":"https:\/\/www.noticiasradioreflejos.com.ar\/2021\/#\/schema\/person\/ad82545263dcc5ec0996818884fd5fb1"},"breadcrumb":{"@id":"https:\/\/www.noticiasradioreflejos.com.ar\/2021\/2-aprehendidos-en-operativos-policiales-en-la-comarca\/#breadcrumb"},"inLanguage":"es","potentialAction":[{"@type":"ReadAction","target":["https:\/\/www.noticiasradioreflejos.com.ar\/2021\/2-aprehendidos-en-operativos-policiales-en-la-comarca\/"]}]},{"@type":"ImageObject","inLanguage":"es","@id":"https:\/\/www.noticiasradioreflejos.com.ar\/2021\/2-aprehendidos-en-operativos-policiales-en-la-comarca\/#primaryimage","url":"https:\/\/live.staticflickr.com\/65535\/51337569214_b0aa848594_c.jpg","contentUrl":"https:\/\/live.staticflickr.com\/65535\/51337569214_b0aa848594_c.jpg"},{"@type":"BreadcrumbList","@id":"https:\/\/www.noticiasradioreflejos.com.ar\/2021\/2-aprehendidos-en-operativos-policiales-en-la-comarca\/#breadcrumb","itemListElement":[{"@type":"ListItem","position":1,"name":"Portada","item":"https:\/\/www.noticiasradioreflejos.com.ar\/2021\/"},{"@type":"ListItem","position":2,"name":"2 aprehendidos en Operativos Policiales en la Comarca."}]},{"@type":"WebSite","@id":"https:\/\/www.noticiasradioreflejos.com.ar\/2021\/#website","url":"https:\/\/www.noticiasradioreflejos.com.ar\/2021\/","name":"Noticias Radio Reflejos","description":"Las noticias de mi comarca","potentialAction":[{"@type":"SearchAction","target":{"@type":"EntryPoint","urlTemplate":"https:\/\/www.noticiasradioreflejos.com.ar\/2021\/?s={search_term_string}"},"query-input":{"@type":"PropertyValueSpecification","valueRequired":true,"valueName":"search_term_string"}}],"inLanguage":"es"},{"@type":"Person","@id":"https:\/\/www.noticiasradioreflejos.com.ar\/2021\/#\/schema\/person\/ad82545263dcc5ec0996818884fd5fb1","name":"Arnaldo Botto","image":{"@type":"ImageObject","inLanguage":"es","@id":"https:\/\/www.noticiasradioreflejos.com.ar\/2021\/#\/schema\/person\/image\/","url":"https:\/\/secure.gravatar.com\/avatar\/55cb5e37c1efa326397366e6974cb338056df65cb50e7d64d1cf314e87504837?s=96&d=mm&r=g","contentUrl":"https:\/\/secure.gravatar.com\/avatar\/55cb5e37c1efa326397366e6974cb338056df65cb50e7d64d1cf314e87504837?s=96&d=mm&r=g","caption":"Arnaldo Botto"},"url":"https:\/\/www.noticiasradioreflejos.com.ar\/2021\/author\/arnaldo\/"}]}},"_links":{"self":[{"href":"https:\/\/www.noticiasradioreflejos.com.ar\/2021\/wp-json\/wp\/v2\/posts\/60610","targetHints":{"allow":["GET"]}}],"collection":[{"href":"https:\/\/www.noticiasradioreflejos.com.ar\/2021\/wp-json\/wp\/v2\/posts"}],"about":[{"href":"https:\/\/www.noticiasradioreflejos.com.ar\/2021\/wp-json\/wp\/v2\/types\/post"}],"author":[{"embeddable":true,"href":"https:\/\/www.noticiasradioreflejos.com.ar\/2021\/wp-json\/wp\/v2\/users\/3"}],"replies":[{"embeddable":true,"href":"https:\/\/www.noticiasradioreflejos.com.ar\/2021\/wp-json\/wp\/v2\/comments?post=60610"}],"version-history":[{"count":1,"href":"https:\/\/www.noticiasradioreflejos.com.ar\/2021\/wp-json\/wp\/v2\/posts\/60610\/revisions"}],"predecessor-version":[{"id":60612,"href":"https:\/\/www.noticiasradioreflejos.com.ar\/2021\/wp-json\/wp\/v2\/posts\/60610\/revisions\/60612"}],"wp:attachment":[{"href":"https:\/\/www.noticiasradioreflejos.com.ar\/2021\/wp-json\/wp\/v2\/media?parent=60610"}],"wp:term":[{"taxonomy":"category","embeddable":true,"href":"https:\/\/www.noticiasradioreflejos.com.ar\/2021\/wp-json\/wp\/v2\/categories?post=60610"},{"taxonomy":"post_tag","embeddable":true,"href":"https:\/\/www.noticiasradioreflejos.com.ar\/2021\/wp-json\/wp\/v2\/tags?post=60610"}],"curies":[{"name":"wp","href":"https:\/\/api.w.org\/{rel}","templated":true}]}}