{"id":60536,"date":"2021-07-23T20:51:06","date_gmt":"2021-07-23T20:51:06","guid":{"rendered":"http:\/\/www.noticiasradioreflejos.com.ar\/2021\/?p=60536"},"modified":"2021-07-23T20:51:06","modified_gmt":"2021-07-23T20:51:06","slug":"argentinos-realizo-su-jornada-de-captacion-en-automoto","status":"publish","type":"post","link":"https:\/\/www.noticiasradioreflejos.com.ar\/2021\/argentinos-realizo-su-jornada-de-captacion-en-automoto\/","title":{"rendered":"Argentinos realiz\u00f3 su jornada de captaci\u00f3n en Automoto"},"content":{"rendered":"<p>El lazo generado en el \u00faltimo tiempo con\u00a0 Argentinos Juniors, una de las instituciones m\u00e1s prestigiosas de nuestro pa\u00eds, sum\u00f3 un nuevo pelda\u00f1o con la jornada de captaci\u00f3n desarrollada en nuestro predio deportivo.<!--more--><\/p>\n<p><a title=\"05\" href=\"https:\/\/www.flickr.com\/photos\/182279889@N02\/51330814573\/in\/dateposted-public\/\" data-flickr-embed=\"true\"><img loading=\"lazy\" decoding=\"async\" src=\"https:\/\/live.staticflickr.com\/65535\/51330814573_e4ab3aa9f9_c.jpg\" alt=\"05\" width=\"800\" height=\"600\" \/><\/a><script async src=\"\/\/embedr.flickr.com\/assets\/client-code.js\" charset=\"utf-8\"><\/script><\/p>\n<p>A la participaci\u00f3n de jugadores de nuestras inferiores y escuelita (desde las categor\u00edas 2004 a 2011), se sumaron los chicos de Tiro Federal de Puan y algunos provenientes de Uni\u00f3n, At\u00e9tico Ventana y Porte\u00f1o de Saldungaray.<\/p>\n<p>La evaluaci\u00f3n estuvo a cargo del captador oficial Fernando Delgado y el referente zonal del \u201cBicho\u201d, Marcelo Katz. Ambos estuvieron acompa\u00f1ados por Juan Salazar (coordinador de inferiores azulgrana) y el resto del staff t\u00e9cnico local.<\/p>\n<p>Delgado se mostr\u00f3 conforme con el nivel exhibido y seleccion\u00f3 a varios chicos que en el futuro inmediato vivir\u00e1n la experiencia de viajar a Buenos Aires para entrenar con las divisiones menores de Argentinos. Sin dudas, una oportunidad \u00fanica.<\/p>\n<p>La relaci\u00f3n entre Automoto y Argentinos Juniors se va afianzando con la posibilidad de generar algunas acciones en conjunto en los pr\u00f3ximos meses.<\/p>\n<p><a data-flickr-embed=\"true\" href=\"https:\/\/www.flickr.com\/photos\/182279889@N02\/51329870347\/in\/dateposted-public\/\" title=\"06\"><img loading=\"lazy\" decoding=\"async\" src=\"https:\/\/live.staticflickr.com\/65535\/51329870347_61f59a2e58_c.jpg\" width=\"800\" height=\"600\" alt=\"06\"><\/a><script async src=\"\/\/embedr.flickr.com\/assets\/client-code.js\" charset=\"utf-8\"><\/script><\/p>\n<p>Departamento de Prensa \u2013 Automoto Club Deportivo<\/p>\n<p>www.clubautomotopasion.com.ar<\/p>\n<p>Facebook: \/automototornquist<\/p>\n<p>Twitter: @ClubAutomoto<\/p>\n<p>YouTube: acdtvideos<\/p>\n<p>&nbsp;<\/p>\n","protected":false},"excerpt":{"rendered":"<p>El lazo generado en el \u00faltimo tiempo con\u00a0 Argentinos Juniors, una de las instituciones m\u00e1s prestigiosas de nuestro pa\u00eds, sum\u00f3 un nuevo pelda\u00f1o con la jornada de captaci\u00f3n desarrollada en nuestro predio deportivo.<\/p>\n","protected":false},"author":3,"featured_media":0,"comment_status":"closed","ping_status":"closed","sticky":false,"template":"","format":"standard","meta":{"footnotes":""},"categories":[27],"tags":[],"class_list":["post-60536","post","type-post","status-publish","format-standard","hentry","category-deportes"],"yoast_head":"<!-- This site is optimized with the Yoast SEO plugin v25.9 - https:\/\/yoast.com\/wordpress\/plugins\/seo\/ -->\n<title>Argentinos realiz\u00f3 su jornada de captaci\u00f3n en Automoto - Noticias Radio Reflejos<\/title>\n<meta name=\"robots\" content=\"index, follow, max-snippet:-1, max-image-preview:large, max-video-preview:-1\" \/>\n<link rel=\"canonical\" href=\"https:\/\/www.noticiasradioreflejos.com.ar\/2021\/argentinos-realizo-su-jornada-de-captacion-en-automoto\/\" \/>\n<meta property=\"og:locale\" content=\"es_ES\" \/>\n<meta property=\"og:type\" content=\"article\" \/>\n<meta property=\"og:title\" content=\"Argentinos realiz\u00f3 su jornada de captaci\u00f3n en Automoto - Noticias Radio Reflejos\" \/>\n<meta property=\"og:description\" content=\"El lazo generado en el \u00faltimo tiempo con\u00a0 Argentinos Juniors, una de las instituciones m\u00e1s prestigiosas de nuestro pa\u00eds, sum\u00f3 un nuevo pelda\u00f1o con la jornada de captaci\u00f3n desarrollada en nuestro predio deportivo.\" \/>\n<meta property=\"og:url\" content=\"https:\/\/www.noticiasradioreflejos.com.ar\/2021\/argentinos-realizo-su-jornada-de-captacion-en-automoto\/\" \/>\n<meta property=\"og:site_name\" content=\"Noticias Radio Reflejos\" \/>\n<meta property=\"article:published_time\" content=\"2021-07-23T20:51:06+00:00\" \/>\n<meta property=\"og:image\" content=\"https:\/\/live.staticflickr.com\/65535\/51330814573_e4ab3aa9f9_c.jpg\" \/>\n<meta name=\"author\" content=\"Arnaldo Botto\" \/>\n<meta name=\"twitter:card\" content=\"summary_large_image\" \/>\n<script type=\"application\/ld+json\" class=\"yoast-schema-graph\">{\"@context\":\"https:\/\/schema.org\",\"@graph\":[{\"@type\":\"WebPage\",\"@id\":\"https:\/\/www.noticiasradioreflejos.com.ar\/2021\/argentinos-realizo-su-jornada-de-captacion-en-automoto\/\",\"url\":\"https:\/\/www.noticiasradioreflejos.com.ar\/2021\/argentinos-realizo-su-jornada-de-captacion-en-automoto\/\",\"name\":\"Argentinos realiz\u00f3 su jornada de captaci\u00f3n en Automoto - Noticias Radio Reflejos\",\"isPartOf\":{\"@id\":\"https:\/\/www.noticiasradioreflejos.com.ar\/2021\/#website\"},\"primaryImageOfPage\":{\"@id\":\"https:\/\/www.noticiasradioreflejos.com.ar\/2021\/argentinos-realizo-su-jornada-de-captacion-en-automoto\/#primaryimage\"},\"image\":{\"@id\":\"https:\/\/www.noticiasradioreflejos.com.ar\/2021\/argentinos-realizo-su-jornada-de-captacion-en-automoto\/#primaryimage\"},\"thumbnailUrl\":\"https:\/\/live.staticflickr.com\/65535\/51330814573_e4ab3aa9f9_c.jpg\",\"datePublished\":\"2021-07-23T20:51:06+00:00\",\"author\":{\"@id\":\"https:\/\/www.noticiasradioreflejos.com.ar\/2021\/#\/schema\/person\/ad82545263dcc5ec0996818884fd5fb1\"},\"breadcrumb\":{\"@id\":\"https:\/\/www.noticiasradioreflejos.com.ar\/2021\/argentinos-realizo-su-jornada-de-captacion-en-automoto\/#breadcrumb\"},\"inLanguage\":\"es\",\"potentialAction\":[{\"@type\":\"ReadAction\",\"target\":[\"https:\/\/www.noticiasradioreflejos.com.ar\/2021\/argentinos-realizo-su-jornada-de-captacion-en-automoto\/\"]}]},{\"@type\":\"ImageObject\",\"inLanguage\":\"es\",\"@id\":\"https:\/\/www.noticiasradioreflejos.com.ar\/2021\/argentinos-realizo-su-jornada-de-captacion-en-automoto\/#primaryimage\",\"url\":\"https:\/\/live.staticflickr.com\/65535\/51330814573_e4ab3aa9f9_c.jpg\",\"contentUrl\":\"https:\/\/live.staticflickr.com\/65535\/51330814573_e4ab3aa9f9_c.jpg\"},{\"@type\":\"BreadcrumbList\",\"@id\":\"https:\/\/www.noticiasradioreflejos.com.ar\/2021\/argentinos-realizo-su-jornada-de-captacion-en-automoto\/#breadcrumb\",\"itemListElement\":[{\"@type\":\"ListItem\",\"position\":1,\"name\":\"Portada\",\"item\":\"https:\/\/www.noticiasradioreflejos.com.ar\/2021\/\"},{\"@type\":\"ListItem\",\"position\":2,\"name\":\"Argentinos realiz\u00f3 su jornada de captaci\u00f3n en Automoto\"}]},{\"@type\":\"WebSite\",\"@id\":\"https:\/\/www.noticiasradioreflejos.com.ar\/2021\/#website\",\"url\":\"https:\/\/www.noticiasradioreflejos.com.ar\/2021\/\",\"name\":\"Noticias Radio Reflejos\",\"description\":\"Las noticias de mi comarca\",\"potentialAction\":[{\"@type\":\"SearchAction\",\"target\":{\"@type\":\"EntryPoint\",\"urlTemplate\":\"https:\/\/www.noticiasradioreflejos.com.ar\/2021\/?s={search_term_string}\"},\"query-input\":{\"@type\":\"PropertyValueSpecification\",\"valueRequired\":true,\"valueName\":\"search_term_string\"}}],\"inLanguage\":\"es\"},{\"@type\":\"Person\",\"@id\":\"https:\/\/www.noticiasradioreflejos.com.ar\/2021\/#\/schema\/person\/ad82545263dcc5ec0996818884fd5fb1\",\"name\":\"Arnaldo Botto\",\"image\":{\"@type\":\"ImageObject\",\"inLanguage\":\"es\",\"@id\":\"https:\/\/www.noticiasradioreflejos.com.ar\/2021\/#\/schema\/person\/image\/\",\"url\":\"https:\/\/secure.gravatar.com\/avatar\/55cb5e37c1efa326397366e6974cb338056df65cb50e7d64d1cf314e87504837?s=96&d=mm&r=g\",\"contentUrl\":\"https:\/\/secure.gravatar.com\/avatar\/55cb5e37c1efa326397366e6974cb338056df65cb50e7d64d1cf314e87504837?s=96&d=mm&r=g\",\"caption\":\"Arnaldo Botto\"},\"url\":\"https:\/\/www.noticiasradioreflejos.com.ar\/2021\/author\/arnaldo\/\"}]}<\/script>\n<!-- \/ Yoast SEO plugin. -->","yoast_head_json":{"title":"Argentinos realiz\u00f3 su jornada de captaci\u00f3n en Automoto - Noticias Radio Reflejos","robots":{"index":"index","follow":"follow","max-snippet":"max-snippet:-1","max-image-preview":"max-image-preview:large","max-video-preview":"max-video-preview:-1"},"canonical":"https:\/\/www.noticiasradioreflejos.com.ar\/2021\/argentinos-realizo-su-jornada-de-captacion-en-automoto\/","og_locale":"es_ES","og_type":"article","og_title":"Argentinos realiz\u00f3 su jornada de captaci\u00f3n en Automoto - Noticias Radio Reflejos","og_description":"El lazo generado en el \u00faltimo tiempo con\u00a0 Argentinos Juniors, una de las instituciones m\u00e1s prestigiosas de nuestro pa\u00eds, sum\u00f3 un nuevo pelda\u00f1o con la jornada de captaci\u00f3n desarrollada en nuestro predio deportivo.","og_url":"https:\/\/www.noticiasradioreflejos.com.ar\/2021\/argentinos-realizo-su-jornada-de-captacion-en-automoto\/","og_site_name":"Noticias Radio Reflejos","article_published_time":"2021-07-23T20:51:06+00:00","og_image":[{"url":"https:\/\/live.staticflickr.com\/65535\/51330814573_e4ab3aa9f9_c.jpg","type":"","width":"","height":""}],"author":"Arnaldo Botto","twitter_card":"summary_large_image","schema":{"@context":"https:\/\/schema.org","@graph":[{"@type":"WebPage","@id":"https:\/\/www.noticiasradioreflejos.com.ar\/2021\/argentinos-realizo-su-jornada-de-captacion-en-automoto\/","url":"https:\/\/www.noticiasradioreflejos.com.ar\/2021\/argentinos-realizo-su-jornada-de-captacion-en-automoto\/","name":"Argentinos realiz\u00f3 su jornada de captaci\u00f3n en Automoto - Noticias Radio Reflejos","isPartOf":{"@id":"https:\/\/www.noticiasradioreflejos.com.ar\/2021\/#website"},"primaryImageOfPage":{"@id":"https:\/\/www.noticiasradioreflejos.com.ar\/2021\/argentinos-realizo-su-jornada-de-captacion-en-automoto\/#primaryimage"},"image":{"@id":"https:\/\/www.noticiasradioreflejos.com.ar\/2021\/argentinos-realizo-su-jornada-de-captacion-en-automoto\/#primaryimage"},"thumbnailUrl":"https:\/\/live.staticflickr.com\/65535\/51330814573_e4ab3aa9f9_c.jpg","datePublished":"2021-07-23T20:51:06+00:00","author":{"@id":"https:\/\/www.noticiasradioreflejos.com.ar\/2021\/#\/schema\/person\/ad82545263dcc5ec0996818884fd5fb1"},"breadcrumb":{"@id":"https:\/\/www.noticiasradioreflejos.com.ar\/2021\/argentinos-realizo-su-jornada-de-captacion-en-automoto\/#breadcrumb"},"inLanguage":"es","potentialAction":[{"@type":"ReadAction","target":["https:\/\/www.noticiasradioreflejos.com.ar\/2021\/argentinos-realizo-su-jornada-de-captacion-en-automoto\/"]}]},{"@type":"ImageObject","inLanguage":"es","@id":"https:\/\/www.noticiasradioreflejos.com.ar\/2021\/argentinos-realizo-su-jornada-de-captacion-en-automoto\/#primaryimage","url":"https:\/\/live.staticflickr.com\/65535\/51330814573_e4ab3aa9f9_c.jpg","contentUrl":"https:\/\/live.staticflickr.com\/65535\/51330814573_e4ab3aa9f9_c.jpg"},{"@type":"BreadcrumbList","@id":"https:\/\/www.noticiasradioreflejos.com.ar\/2021\/argentinos-realizo-su-jornada-de-captacion-en-automoto\/#breadcrumb","itemListElement":[{"@type":"ListItem","position":1,"name":"Portada","item":"https:\/\/www.noticiasradioreflejos.com.ar\/2021\/"},{"@type":"ListItem","position":2,"name":"Argentinos realiz\u00f3 su jornada de captaci\u00f3n en Automoto"}]},{"@type":"WebSite","@id":"https:\/\/www.noticiasradioreflejos.com.ar\/2021\/#website","url":"https:\/\/www.noticiasradioreflejos.com.ar\/2021\/","name":"Noticias Radio Reflejos","description":"Las noticias de mi comarca","potentialAction":[{"@type":"SearchAction","target":{"@type":"EntryPoint","urlTemplate":"https:\/\/www.noticiasradioreflejos.com.ar\/2021\/?s={search_term_string}"},"query-input":{"@type":"PropertyValueSpecification","valueRequired":true,"valueName":"search_term_string"}}],"inLanguage":"es"},{"@type":"Person","@id":"https:\/\/www.noticiasradioreflejos.com.ar\/2021\/#\/schema\/person\/ad82545263dcc5ec0996818884fd5fb1","name":"Arnaldo Botto","image":{"@type":"ImageObject","inLanguage":"es","@id":"https:\/\/www.noticiasradioreflejos.com.ar\/2021\/#\/schema\/person\/image\/","url":"https:\/\/secure.gravatar.com\/avatar\/55cb5e37c1efa326397366e6974cb338056df65cb50e7d64d1cf314e87504837?s=96&d=mm&r=g","contentUrl":"https:\/\/secure.gravatar.com\/avatar\/55cb5e37c1efa326397366e6974cb338056df65cb50e7d64d1cf314e87504837?s=96&d=mm&r=g","caption":"Arnaldo Botto"},"url":"https:\/\/www.noticiasradioreflejos.com.ar\/2021\/author\/arnaldo\/"}]}},"_links":{"self":[{"href":"https:\/\/www.noticiasradioreflejos.com.ar\/2021\/wp-json\/wp\/v2\/posts\/60536","targetHints":{"allow":["GET"]}}],"collection":[{"href":"https:\/\/www.noticiasradioreflejos.com.ar\/2021\/wp-json\/wp\/v2\/posts"}],"about":[{"href":"https:\/\/www.noticiasradioreflejos.com.ar\/2021\/wp-json\/wp\/v2\/types\/post"}],"author":[{"embeddable":true,"href":"https:\/\/www.noticiasradioreflejos.com.ar\/2021\/wp-json\/wp\/v2\/users\/3"}],"replies":[{"embeddable":true,"href":"https:\/\/www.noticiasradioreflejos.com.ar\/2021\/wp-json\/wp\/v2\/comments?post=60536"}],"version-history":[{"count":1,"href":"https:\/\/www.noticiasradioreflejos.com.ar\/2021\/wp-json\/wp\/v2\/posts\/60536\/revisions"}],"predecessor-version":[{"id":60538,"href":"https:\/\/www.noticiasradioreflejos.com.ar\/2021\/wp-json\/wp\/v2\/posts\/60536\/revisions\/60538"}],"wp:attachment":[{"href":"https:\/\/www.noticiasradioreflejos.com.ar\/2021\/wp-json\/wp\/v2\/media?parent=60536"}],"wp:term":[{"taxonomy":"category","embeddable":true,"href":"https:\/\/www.noticiasradioreflejos.com.ar\/2021\/wp-json\/wp\/v2\/categories?post=60536"},{"taxonomy":"post_tag","embeddable":true,"href":"https:\/\/www.noticiasradioreflejos.com.ar\/2021\/wp-json\/wp\/v2\/tags?post=60536"}],"curies":[{"name":"wp","href":"https:\/\/api.w.org\/{rel}","templated":true}]}}