{"id":60522,"date":"2021-07-23T19:27:34","date_gmt":"2021-07-23T19:27:34","guid":{"rendered":"http:\/\/www.noticiasradioreflejos.com.ar\/2021\/?p=60522"},"modified":"2021-07-23T19:29:52","modified_gmt":"2021-07-23T19:29:52","slug":"alimentacion-saludable-todos-tenemos-derecho-al-conocimiento-y-a-la-capacidad-de-elegir-de-forma-libre","status":"publish","type":"post","link":"https:\/\/www.noticiasradioreflejos.com.ar\/2021\/alimentacion-saludable-todos-tenemos-derecho-al-conocimiento-y-a-la-capacidad-de-elegir-de-forma-libre\/","title":{"rendered":"Alimentaci\u00f3n saludable: \u00abTodos tenemos derecho al conocimiento y a la capacidad de elegir de forma libre\u00bb"},"content":{"rendered":"<p>Durante nuestro programa \u00abTiempo Educativo\u00bb, estuvimos en contacto con la Licenciada<strong> Marcela Rey<\/strong>, Nutricionista de Sierra de la Ventana. En esta nota, Marcela desarrolla el proyecto de Ley de Etiquetado Frontal y Alimentaci\u00f3n Saludable. Adem\u00e1s, conversa sobre las tendencias de alimentaci\u00f3n que tenemos al momento de encontrarnos de vacaciones.<!--more--><\/p>\n<p>\u00abEs verdad que nuestra cabeza en los momentos de descanso funciona diferente, nos permitimos cosas, y como nos sentimos cansados del trabajo, creemos que nos hace bien recompensarlo con cosas que nos dan placer, y la alimentaci\u00f3n es placentera\u00bb explic\u00f3 Marcela c\u00f3mo tendemos a relajarnos en \u00e9pocas de vacaciones. Adem\u00e1s aclar\u00f3 que el problema no es que busquemos el placer a trav\u00e9s de la comida, sino que lo busquemos a trav\u00e9s de comidas llenas de calor\u00edas, de grasas y de az\u00facares. \u00abEs algo que lo podemos manejar mentalmente con el tema de las porciones y la frecuencia\u00bb aconsej\u00f3.<\/p>\n<p><img loading=\"lazy\" decoding=\"async\" src=\"http:\/\/www.noticiasradioreflejos.com.ar\/2021\/wp-content\/uploads\/2021\/07\/Ley-de-Etiquetado-e1626335997948.jpg\" alt=\"\" width=\"900\" height=\"506\" class=\"aligncenter size-full wp-image-60528\" \/><\/p>\n<p>Marcela se tom\u00f3 el tiempo de explicar el proyecto de Ley de Etiquetado Frontal. \u00abAbarca la alimentaci\u00f3n saludable, tambi\u00e9n. Parte de esta ley habla del etiquetado. Cuando vamos a los alimentos envasados, la informaci\u00f3n nutricional est\u00e1 a la espalda del envase y en una letra peque\u00f1a. Lo que propone la ley, es que estos alimentos procesados tengan la informaci\u00f3n en el frente. Adem\u00e1s deber\u00eda decir si tiene exceso de algo. Entonces, uno a simple vista se da cuenta si el alimento que encuentra en la g\u00f3ndola es el que est\u00e1 buscando\u00bb explic\u00f3 la licenciada.<\/p>\n<p>Aprob\u00e1ndose la ley, no s\u00f3lo que le evita al consumidor tener que leer toda una informaci\u00f3n nutricional para saber lo que contiene un alimento sino que tambi\u00e9n le da la opci\u00f3n al mismo de elegir si quiere consumirlo o no. \u00abTodos tenemos derecho al conocimiento y a la capacidad de elegir de forma libre\u00bb expres\u00f3 la licenciada refiri\u00e9ndose al beneficio que nos traer\u00eda que esta ley sea aprobada. Adem\u00e1s, la ley promover\u00eda una alimentaci\u00f3n saludable ya que los consumidores podr\u00e1n visualizar a simple vista si los alimentos producen exceso de elementos que se tornan no saludables.<\/p>\n<p>Con este etiquetado frontal, se pierde la falsa publicidad. Ya que, aquellos alimentos que no sean saludables y est\u00e9n etiquetados con advertencias, no podr\u00e1n ser vendidos como algo que no es, ni tampoco utilizar figuras p\u00fablicas para promocionarlo.<\/p>\n<p>La referencia que utiliza Marcela para explicar lo que suceder\u00e1 con el etiquetado son las tabacaleras. Todos los paquetes de cigarrillos le advierten al consumidor que lo que est\u00e1n comprando es un producto que atenta contra su salud. A partir de ah\u00ed, es la persona quien elige si consumirlo o no, pero siempre son conscientes de que el producto no es beneficioso para la salud por diferentes razones. Ocurrir\u00e1 lo mismo con los alimentos etiquetados frontalmente.<\/p>\n<p>Finalmente, la licenciada estuvo conversando acerca su vida personal y su carrera. \u00abEsta fue mi segunda elecci\u00f3n, cuando termin\u00e9 el secundario estudi\u00e9 Educaci\u00f3n F\u00edsica. A los 8 a\u00f1os de haber egresado, entr\u00e9 a la Universidad de Buenos Aires a estudiar la Licenciatura en Nutrici\u00f3n. Cuando d\u00ed la \u00faltima materia, me vine a Sierra de la Ventana a trabajar de forma inmediata\u00bb.<\/p>\n<p>&nbsp;<\/p>\n<p><iframe loading=\"lazy\" src=\"https:\/\/w.soundcloud.com\/player\/?url=https%3A\/\/api.soundcloud.com\/tracks\/1092823717&amp;color=%23ff5500&amp;auto_play=false&amp;hide_related=false&amp;show_comments=true&amp;show_user=true&amp;show_reposts=false&amp;show_teaser=true&amp;visual=true\" width=\"100%\" height=\"300\" frameborder=\"no\" scrolling=\"no\"><\/iframe><\/p>\n<div style=\"font-size: 10px; color: #cccccc; line-break: anywhere; word-break: normal; overflow: hidden; white-space: nowrap; text-overflow: ellipsis; font-family: Interstate,Lucida Grande,Lucida Sans Unicode,Lucida Sans,Garuda,Verdana,Tahoma,sans-serif; font-weight: 100;\"><a style=\"color: #cccccc; text-decoration: none;\" title=\"fmreflejos 103.7\" href=\"https:\/\/soundcloud.com\/fmreflejos-103-7\" target=\"_blank\" rel=\"noopener\">fmreflejos 103.7<\/a> \u00b7 <a style=\"color: #cccccc; text-decoration: none;\" title=\"Nota Nutricionista Lic Marcela Rey\" href=\"https:\/\/soundcloud.com\/fmreflejos-103-7\/nota-nutricionista-lic-marcela-rey\" target=\"_blank\" rel=\"noopener\">Nota Nutricionista Lic Marcela Rey<\/a><\/div>\n","protected":false},"excerpt":{"rendered":"<p>Durante nuestro programa \u00abTiempo Educativo\u00bb, estuvimos en contacto con la Licenciada Marcela Rey, Nutricionista de Sierra de la Ventana. En esta nota, Marcela desarrolla el proyecto de Ley de Etiquetado Frontal y Alimentaci\u00f3n Saludable. Adem\u00e1s, conversa sobre las tendencias de alimentaci\u00f3n que tenemos al momento de encontrarnos de vacaciones.<\/p>\n","protected":false},"author":3,"featured_media":0,"comment_status":"closed","ping_status":"closed","sticky":false,"template":"","format":"standard","meta":{"footnotes":""},"categories":[30],"tags":[48],"class_list":["post-60522","post","type-post","status-publish","format-standard","hentry","category-salud","tag-destacada"],"yoast_head":"<!-- This site is optimized with the Yoast SEO plugin v25.9 - https:\/\/yoast.com\/wordpress\/plugins\/seo\/ -->\n<title>Alimentaci\u00f3n saludable: &quot;Todos tenemos derecho al conocimiento y a la capacidad de elegir de forma libre&quot; - Noticias Radio Reflejos<\/title>\n<meta name=\"robots\" content=\"index, follow, max-snippet:-1, max-image-preview:large, max-video-preview:-1\" \/>\n<link rel=\"canonical\" href=\"https:\/\/www.noticiasradioreflejos.com.ar\/2021\/alimentacion-saludable-todos-tenemos-derecho-al-conocimiento-y-a-la-capacidad-de-elegir-de-forma-libre\/\" \/>\n<meta property=\"og:locale\" content=\"es_ES\" \/>\n<meta property=\"og:type\" content=\"article\" \/>\n<meta property=\"og:title\" content=\"Alimentaci\u00f3n saludable: &quot;Todos tenemos derecho al conocimiento y a la capacidad de elegir de forma libre&quot; - Noticias Radio Reflejos\" \/>\n<meta property=\"og:description\" content=\"Durante nuestro programa \u00abTiempo Educativo\u00bb, estuvimos en contacto con la Licenciada Marcela Rey, Nutricionista de Sierra de la Ventana. En esta nota, Marcela desarrolla el proyecto de Ley de Etiquetado Frontal y Alimentaci\u00f3n Saludable. Adem\u00e1s, conversa sobre las tendencias de alimentaci\u00f3n que tenemos al momento de encontrarnos de vacaciones.\" \/>\n<meta property=\"og:url\" content=\"https:\/\/www.noticiasradioreflejos.com.ar\/2021\/alimentacion-saludable-todos-tenemos-derecho-al-conocimiento-y-a-la-capacidad-de-elegir-de-forma-libre\/\" \/>\n<meta property=\"og:site_name\" content=\"Noticias Radio Reflejos\" \/>\n<meta property=\"article:published_time\" content=\"2021-07-23T19:27:34+00:00\" \/>\n<meta property=\"article:modified_time\" content=\"2021-07-23T19:29:52+00:00\" \/>\n<meta property=\"og:image\" content=\"http:\/\/www.noticiasradioreflejos.com.ar\/2021\/wp-content\/uploads\/2021\/07\/Ley-de-Etiquetado-e1626335997948.jpg\" \/>\n<meta name=\"author\" content=\"Arnaldo Botto\" \/>\n<meta name=\"twitter:card\" content=\"summary_large_image\" \/>\n<script type=\"application\/ld+json\" class=\"yoast-schema-graph\">{\"@context\":\"https:\/\/schema.org\",\"@graph\":[{\"@type\":\"WebPage\",\"@id\":\"https:\/\/www.noticiasradioreflejos.com.ar\/2021\/alimentacion-saludable-todos-tenemos-derecho-al-conocimiento-y-a-la-capacidad-de-elegir-de-forma-libre\/\",\"url\":\"https:\/\/www.noticiasradioreflejos.com.ar\/2021\/alimentacion-saludable-todos-tenemos-derecho-al-conocimiento-y-a-la-capacidad-de-elegir-de-forma-libre\/\",\"name\":\"Alimentaci\u00f3n saludable: \\\"Todos tenemos derecho al conocimiento y a la capacidad de elegir de forma libre\\\" - Noticias Radio Reflejos\",\"isPartOf\":{\"@id\":\"https:\/\/www.noticiasradioreflejos.com.ar\/2021\/#website\"},\"primaryImageOfPage\":{\"@id\":\"https:\/\/www.noticiasradioreflejos.com.ar\/2021\/alimentacion-saludable-todos-tenemos-derecho-al-conocimiento-y-a-la-capacidad-de-elegir-de-forma-libre\/#primaryimage\"},\"image\":{\"@id\":\"https:\/\/www.noticiasradioreflejos.com.ar\/2021\/alimentacion-saludable-todos-tenemos-derecho-al-conocimiento-y-a-la-capacidad-de-elegir-de-forma-libre\/#primaryimage\"},\"thumbnailUrl\":\"http:\/\/www.noticiasradioreflejos.com.ar\/2021\/wp-content\/uploads\/2021\/07\/Ley-de-Etiquetado-e1626335997948.jpg\",\"datePublished\":\"2021-07-23T19:27:34+00:00\",\"dateModified\":\"2021-07-23T19:29:52+00:00\",\"author\":{\"@id\":\"https:\/\/www.noticiasradioreflejos.com.ar\/2021\/#\/schema\/person\/ad82545263dcc5ec0996818884fd5fb1\"},\"breadcrumb\":{\"@id\":\"https:\/\/www.noticiasradioreflejos.com.ar\/2021\/alimentacion-saludable-todos-tenemos-derecho-al-conocimiento-y-a-la-capacidad-de-elegir-de-forma-libre\/#breadcrumb\"},\"inLanguage\":\"es\",\"potentialAction\":[{\"@type\":\"ReadAction\",\"target\":[\"https:\/\/www.noticiasradioreflejos.com.ar\/2021\/alimentacion-saludable-todos-tenemos-derecho-al-conocimiento-y-a-la-capacidad-de-elegir-de-forma-libre\/\"]}]},{\"@type\":\"ImageObject\",\"inLanguage\":\"es\",\"@id\":\"https:\/\/www.noticiasradioreflejos.com.ar\/2021\/alimentacion-saludable-todos-tenemos-derecho-al-conocimiento-y-a-la-capacidad-de-elegir-de-forma-libre\/#primaryimage\",\"url\":\"\",\"contentUrl\":\"\"},{\"@type\":\"BreadcrumbList\",\"@id\":\"https:\/\/www.noticiasradioreflejos.com.ar\/2021\/alimentacion-saludable-todos-tenemos-derecho-al-conocimiento-y-a-la-capacidad-de-elegir-de-forma-libre\/#breadcrumb\",\"itemListElement\":[{\"@type\":\"ListItem\",\"position\":1,\"name\":\"Portada\",\"item\":\"https:\/\/www.noticiasradioreflejos.com.ar\/2021\/\"},{\"@type\":\"ListItem\",\"position\":2,\"name\":\"Alimentaci\u00f3n saludable: \u00abTodos tenemos derecho al conocimiento y a la capacidad de elegir de forma libre\u00bb\"}]},{\"@type\":\"WebSite\",\"@id\":\"https:\/\/www.noticiasradioreflejos.com.ar\/2021\/#website\",\"url\":\"https:\/\/www.noticiasradioreflejos.com.ar\/2021\/\",\"name\":\"Noticias Radio Reflejos\",\"description\":\"Las noticias de mi comarca\",\"potentialAction\":[{\"@type\":\"SearchAction\",\"target\":{\"@type\":\"EntryPoint\",\"urlTemplate\":\"https:\/\/www.noticiasradioreflejos.com.ar\/2021\/?s={search_term_string}\"},\"query-input\":{\"@type\":\"PropertyValueSpecification\",\"valueRequired\":true,\"valueName\":\"search_term_string\"}}],\"inLanguage\":\"es\"},{\"@type\":\"Person\",\"@id\":\"https:\/\/www.noticiasradioreflejos.com.ar\/2021\/#\/schema\/person\/ad82545263dcc5ec0996818884fd5fb1\",\"name\":\"Arnaldo Botto\",\"image\":{\"@type\":\"ImageObject\",\"inLanguage\":\"es\",\"@id\":\"https:\/\/www.noticiasradioreflejos.com.ar\/2021\/#\/schema\/person\/image\/\",\"url\":\"https:\/\/secure.gravatar.com\/avatar\/55cb5e37c1efa326397366e6974cb338056df65cb50e7d64d1cf314e87504837?s=96&d=mm&r=g\",\"contentUrl\":\"https:\/\/secure.gravatar.com\/avatar\/55cb5e37c1efa326397366e6974cb338056df65cb50e7d64d1cf314e87504837?s=96&d=mm&r=g\",\"caption\":\"Arnaldo Botto\"},\"url\":\"https:\/\/www.noticiasradioreflejos.com.ar\/2021\/author\/arnaldo\/\"}]}<\/script>\n<!-- \/ Yoast SEO plugin. -->","yoast_head_json":{"title":"Alimentaci\u00f3n saludable: \"Todos tenemos derecho al conocimiento y a la capacidad de elegir de forma libre\" - Noticias Radio Reflejos","robots":{"index":"index","follow":"follow","max-snippet":"max-snippet:-1","max-image-preview":"max-image-preview:large","max-video-preview":"max-video-preview:-1"},"canonical":"https:\/\/www.noticiasradioreflejos.com.ar\/2021\/alimentacion-saludable-todos-tenemos-derecho-al-conocimiento-y-a-la-capacidad-de-elegir-de-forma-libre\/","og_locale":"es_ES","og_type":"article","og_title":"Alimentaci\u00f3n saludable: \"Todos tenemos derecho al conocimiento y a la capacidad de elegir de forma libre\" - Noticias Radio Reflejos","og_description":"Durante nuestro programa \u00abTiempo Educativo\u00bb, estuvimos en contacto con la Licenciada Marcela Rey, Nutricionista de Sierra de la Ventana. En esta nota, Marcela desarrolla el proyecto de Ley de Etiquetado Frontal y Alimentaci\u00f3n Saludable. Adem\u00e1s, conversa sobre las tendencias de alimentaci\u00f3n que tenemos al momento de encontrarnos de vacaciones.","og_url":"https:\/\/www.noticiasradioreflejos.com.ar\/2021\/alimentacion-saludable-todos-tenemos-derecho-al-conocimiento-y-a-la-capacidad-de-elegir-de-forma-libre\/","og_site_name":"Noticias Radio Reflejos","article_published_time":"2021-07-23T19:27:34+00:00","article_modified_time":"2021-07-23T19:29:52+00:00","og_image":[{"url":"http:\/\/www.noticiasradioreflejos.com.ar\/2021\/wp-content\/uploads\/2021\/07\/Ley-de-Etiquetado-e1626335997948.jpg","type":"","width":"","height":""}],"author":"Arnaldo Botto","twitter_card":"summary_large_image","schema":{"@context":"https:\/\/schema.org","@graph":[{"@type":"WebPage","@id":"https:\/\/www.noticiasradioreflejos.com.ar\/2021\/alimentacion-saludable-todos-tenemos-derecho-al-conocimiento-y-a-la-capacidad-de-elegir-de-forma-libre\/","url":"https:\/\/www.noticiasradioreflejos.com.ar\/2021\/alimentacion-saludable-todos-tenemos-derecho-al-conocimiento-y-a-la-capacidad-de-elegir-de-forma-libre\/","name":"Alimentaci\u00f3n saludable: \"Todos tenemos derecho al conocimiento y a la capacidad de elegir de forma libre\" - Noticias Radio Reflejos","isPartOf":{"@id":"https:\/\/www.noticiasradioreflejos.com.ar\/2021\/#website"},"primaryImageOfPage":{"@id":"https:\/\/www.noticiasradioreflejos.com.ar\/2021\/alimentacion-saludable-todos-tenemos-derecho-al-conocimiento-y-a-la-capacidad-de-elegir-de-forma-libre\/#primaryimage"},"image":{"@id":"https:\/\/www.noticiasradioreflejos.com.ar\/2021\/alimentacion-saludable-todos-tenemos-derecho-al-conocimiento-y-a-la-capacidad-de-elegir-de-forma-libre\/#primaryimage"},"thumbnailUrl":"http:\/\/www.noticiasradioreflejos.com.ar\/2021\/wp-content\/uploads\/2021\/07\/Ley-de-Etiquetado-e1626335997948.jpg","datePublished":"2021-07-23T19:27:34+00:00","dateModified":"2021-07-23T19:29:52+00:00","author":{"@id":"https:\/\/www.noticiasradioreflejos.com.ar\/2021\/#\/schema\/person\/ad82545263dcc5ec0996818884fd5fb1"},"breadcrumb":{"@id":"https:\/\/www.noticiasradioreflejos.com.ar\/2021\/alimentacion-saludable-todos-tenemos-derecho-al-conocimiento-y-a-la-capacidad-de-elegir-de-forma-libre\/#breadcrumb"},"inLanguage":"es","potentialAction":[{"@type":"ReadAction","target":["https:\/\/www.noticiasradioreflejos.com.ar\/2021\/alimentacion-saludable-todos-tenemos-derecho-al-conocimiento-y-a-la-capacidad-de-elegir-de-forma-libre\/"]}]},{"@type":"ImageObject","inLanguage":"es","@id":"https:\/\/www.noticiasradioreflejos.com.ar\/2021\/alimentacion-saludable-todos-tenemos-derecho-al-conocimiento-y-a-la-capacidad-de-elegir-de-forma-libre\/#primaryimage","url":"","contentUrl":""},{"@type":"BreadcrumbList","@id":"https:\/\/www.noticiasradioreflejos.com.ar\/2021\/alimentacion-saludable-todos-tenemos-derecho-al-conocimiento-y-a-la-capacidad-de-elegir-de-forma-libre\/#breadcrumb","itemListElement":[{"@type":"ListItem","position":1,"name":"Portada","item":"https:\/\/www.noticiasradioreflejos.com.ar\/2021\/"},{"@type":"ListItem","position":2,"name":"Alimentaci\u00f3n saludable: \u00abTodos tenemos derecho al conocimiento y a la capacidad de elegir de forma libre\u00bb"}]},{"@type":"WebSite","@id":"https:\/\/www.noticiasradioreflejos.com.ar\/2021\/#website","url":"https:\/\/www.noticiasradioreflejos.com.ar\/2021\/","name":"Noticias Radio Reflejos","description":"Las noticias de mi comarca","potentialAction":[{"@type":"SearchAction","target":{"@type":"EntryPoint","urlTemplate":"https:\/\/www.noticiasradioreflejos.com.ar\/2021\/?s={search_term_string}"},"query-input":{"@type":"PropertyValueSpecification","valueRequired":true,"valueName":"search_term_string"}}],"inLanguage":"es"},{"@type":"Person","@id":"https:\/\/www.noticiasradioreflejos.com.ar\/2021\/#\/schema\/person\/ad82545263dcc5ec0996818884fd5fb1","name":"Arnaldo Botto","image":{"@type":"ImageObject","inLanguage":"es","@id":"https:\/\/www.noticiasradioreflejos.com.ar\/2021\/#\/schema\/person\/image\/","url":"https:\/\/secure.gravatar.com\/avatar\/55cb5e37c1efa326397366e6974cb338056df65cb50e7d64d1cf314e87504837?s=96&d=mm&r=g","contentUrl":"https:\/\/secure.gravatar.com\/avatar\/55cb5e37c1efa326397366e6974cb338056df65cb50e7d64d1cf314e87504837?s=96&d=mm&r=g","caption":"Arnaldo Botto"},"url":"https:\/\/www.noticiasradioreflejos.com.ar\/2021\/author\/arnaldo\/"}]}},"_links":{"self":[{"href":"https:\/\/www.noticiasradioreflejos.com.ar\/2021\/wp-json\/wp\/v2\/posts\/60522","targetHints":{"allow":["GET"]}}],"collection":[{"href":"https:\/\/www.noticiasradioreflejos.com.ar\/2021\/wp-json\/wp\/v2\/posts"}],"about":[{"href":"https:\/\/www.noticiasradioreflejos.com.ar\/2021\/wp-json\/wp\/v2\/types\/post"}],"author":[{"embeddable":true,"href":"https:\/\/www.noticiasradioreflejos.com.ar\/2021\/wp-json\/wp\/v2\/users\/3"}],"replies":[{"embeddable":true,"href":"https:\/\/www.noticiasradioreflejos.com.ar\/2021\/wp-json\/wp\/v2\/comments?post=60522"}],"version-history":[{"count":3,"href":"https:\/\/www.noticiasradioreflejos.com.ar\/2021\/wp-json\/wp\/v2\/posts\/60522\/revisions"}],"predecessor-version":[{"id":60529,"href":"https:\/\/www.noticiasradioreflejos.com.ar\/2021\/wp-json\/wp\/v2\/posts\/60522\/revisions\/60529"}],"wp:attachment":[{"href":"https:\/\/www.noticiasradioreflejos.com.ar\/2021\/wp-json\/wp\/v2\/media?parent=60522"}],"wp:term":[{"taxonomy":"category","embeddable":true,"href":"https:\/\/www.noticiasradioreflejos.com.ar\/2021\/wp-json\/wp\/v2\/categories?post=60522"},{"taxonomy":"post_tag","embeddable":true,"href":"https:\/\/www.noticiasradioreflejos.com.ar\/2021\/wp-json\/wp\/v2\/tags?post=60522"}],"curies":[{"name":"wp","href":"https:\/\/api.w.org\/{rel}","templated":true}]}}