{"id":60504,"date":"2021-07-23T14:47:01","date_gmt":"2021-07-23T14:47:01","guid":{"rendered":"http:\/\/www.noticiasradioreflejos.com.ar\/2021\/?p=60504"},"modified":"2021-07-23T14:47:30","modified_gmt":"2021-07-23T14:47:30","slug":"informe-sesion-ordinaria-23-07-21","status":"publish","type":"post","link":"https:\/\/www.noticiasradioreflejos.com.ar\/2021\/informe-sesion-ordinaria-23-07-21\/","title":{"rendered":"Informe sesi\u00f3n ordinaria 23-07-21"},"content":{"rendered":"<p><strong><u>Comunicaciones Oficiales y Dict\u00e1menes de las Comisiones<\/u><\/strong><strong>:<\/strong><!--more--><\/p>\n<p><strong>\u00a0<\/strong><strong><u>Expte. <\/u><\/strong><strong><u>N\u00ba 4114-192\/21:<\/u><\/strong> &#8211; D.E. \u2013 Autoriza la firma del Convenio de Adhesi\u00f3n al Plan Argentina Hace p\/la ejecuci\u00f3n del Proyecto \u201cConstrucci\u00f3n de Cord\u00f3n Cuneta en la Localidad de Tres Picos\u201d Municipalidad de Tornquist, Pcia. de Bs. As. celebrado e\/el Ministerio de Obras P\u00fablicas y el Municipio de Tornquist<\/p>\n<p>Se solicita\u00a0 tratamiento sobre Tablas.<\/p>\n<p>Se aprueba por unanimidad la Ordenanza N\u00ba 3363\/21 por la que \u00a0se adjudica 17 Unidades Habitacionales correspondientes al Programa Bonaerense II \u2013 en la localidad de Chasic\u00f3, Partido de Tornquist a las siguientes personas:<strong>\u00a0\u00a0<\/strong><\/p>\n<p><strong>\u00a0<\/strong><\/p>\n<table width=\"631\">\n<tbody>\n<tr>\n<td width=\"50\"><strong>Circ\u00a0<\/strong><\/td>\n<td width=\"52\"><strong>Sec.\u00a0<\/strong><\/td>\n<td width=\"57\"><strong>Mz\u00a0<\/strong><\/td>\n<td width=\"47\"><strong>Pla\u00a0<\/strong><\/td>\n<td width=\"76\"><strong>Partida\u00a0<\/strong><\/td>\n<td width=\"255\"><strong>Adjudicatario\/s\u00a0<\/strong><\/td>\n<td width=\"95\"><strong>DNI\u00a0<\/strong><\/td>\n<\/tr>\n<tr>\n<td width=\"50\">V<\/td>\n<td width=\"52\">A<\/td>\n<td width=\"57\">16 b<\/td>\n<td width=\"47\">4<\/td>\n<td width=\"76\">15713<\/td>\n<td width=\"255\">FERNANDEZ, Lucas Jes\u00fas<\/p>\n<p>KEES, Guillermina Fabiola<\/td>\n<td width=\"95\">40.831.158<\/p>\n<p>35.334.989<\/td>\n<\/tr>\n<tr>\n<td width=\"50\">V<\/td>\n<td width=\"52\">A<\/td>\n<td width=\"57\">16 b<\/td>\n<td width=\"47\">7<\/td>\n<td width=\"76\">15716<\/td>\n<td width=\"255\">LENCINA, M\u00f3nica Beatriz<\/td>\n<td width=\"95\">17.838.033<\/td>\n<\/tr>\n<tr>\n<td width=\"50\">V<\/td>\n<td width=\"52\">A<\/td>\n<td width=\"57\">16 b<\/td>\n<td width=\"47\">8<\/td>\n<td width=\"76\">15717<\/td>\n<td width=\"255\">FORNERON, Claudio Daniel<\/p>\n<p>MORETTI, Sandra Rita<\/td>\n<td width=\"95\">24.709.915<\/p>\n<p>22.537.200<\/td>\n<\/tr>\n<tr>\n<td width=\"50\">V<\/td>\n<td width=\"52\">A<\/td>\n<td width=\"57\">16 b<\/td>\n<td width=\"47\">9<\/td>\n<td width=\"76\">15718<\/td>\n<td width=\"255\">HABERKORN, Dario Germ\u00e1n<\/p>\n<p>BUFFAGNE, Betiana Analisa<\/td>\n<td width=\"95\">27.829.152<\/p>\n<p>30.858.861<\/td>\n<\/tr>\n<tr>\n<td width=\"50\">V<\/td>\n<td width=\"52\">A<\/td>\n<td width=\"57\">16 b<\/td>\n<td width=\"47\">10<\/td>\n<td width=\"76\">15719<\/td>\n<td width=\"255\">BONETTO, Celina Ver\u00f3nica<\/p>\n<p>RANGONE, Edgardo Adri\u00e1n<\/td>\n<td width=\"95\">21.534.188<\/p>\n<p>16.847.564<\/td>\n<\/tr>\n<tr>\n<td width=\"50\">V<\/td>\n<td width=\"52\">A<\/td>\n<td width=\"57\">16 b<\/td>\n<td width=\"47\">12<\/td>\n<td width=\"76\">15721<\/td>\n<td width=\"255\">ALTAMIRANO, Carlos Enrique<\/p>\n<p>LEZCANO, Laura Mariana<\/td>\n<td width=\"95\">32.143.352<\/p>\n<p>&nbsp;<\/p>\n<p>34.618.516<\/td>\n<\/tr>\n<tr>\n<td width=\"50\">V<\/td>\n<td width=\"52\">A<\/td>\n<td width=\"57\">16 b<\/td>\n<td width=\"47\">13<\/td>\n<td width=\"76\">15722<\/td>\n<td width=\"255\">RODRIGUEZ, Ra\u00fal Alberto<\/p>\n<p>CLARO, Gabriela Betina<\/td>\n<td width=\"95\">20.042.128<\/p>\n<p>30.060.685<\/td>\n<\/tr>\n<tr>\n<td width=\"50\">V<\/td>\n<td width=\"52\">A<\/td>\n<td width=\"57\">16 b<\/td>\n<td width=\"47\">15<\/td>\n<td width=\"76\">15724<\/td>\n<td width=\"255\">VALLEJOS, Mar\u00eda del Carmen<\/p>\n<p>ALBERDI, Luca Nahuel<\/td>\n<td width=\"95\">4.580.234<\/p>\n<p>42.836.363<\/td>\n<\/tr>\n<tr>\n<td width=\"50\">V<\/td>\n<td width=\"52\">A<\/td>\n<td width=\"57\">16 b<\/td>\n<td width=\"47\">16<\/td>\n<td width=\"76\">15725<\/td>\n<td width=\"255\">ZINGER, Ariana<\/p>\n<p>INDART, Juan Le\u00f3n<\/td>\n<td width=\"95\">28.823.148<\/p>\n<p>27.952.977<\/td>\n<\/tr>\n<tr>\n<td width=\"50\">V<\/td>\n<td width=\"52\">A<\/td>\n<td width=\"57\">16 b<\/td>\n<td width=\"47\">17<\/td>\n<td width=\"76\">15726<\/td>\n<td width=\"255\">ARDITO, Silvana Alejandra<\/td>\n<td width=\"95\">30.673.564<\/td>\n<\/tr>\n<tr>\n<td width=\"50\">V<\/td>\n<td width=\"52\">A<\/td>\n<td width=\"57\">16 b<\/td>\n<td width=\"47\">18<\/td>\n<td width=\"76\">15727<\/td>\n<td width=\"255\">MIGUEL MURIAS, Vanesa Soledad<\/td>\n<td width=\"95\">32.195.196<\/td>\n<\/tr>\n<tr>\n<td width=\"50\">V<\/td>\n<td width=\"52\">A<\/td>\n<td width=\"57\">16 b<\/td>\n<td width=\"47\">19<\/td>\n<td width=\"76\">15728<\/td>\n<td width=\"255\">OLMOS, Estefan\u00eda Soledad<\/p>\n<p>PERALTA, Manuel Paulino<\/td>\n<td width=\"95\">32.024.757<\/p>\n<p>31.373.243<\/td>\n<\/tr>\n<tr>\n<td width=\"50\">V<\/td>\n<td width=\"52\">A<\/td>\n<td width=\"57\">16 b<\/td>\n<td width=\"47\">20<\/td>\n<td width=\"76\">15729<\/td>\n<td width=\"255\">ECHEGOYEN, Antonio Salustiano<\/p>\n<p>SEPULVEDA, Rosa Mabel<\/td>\n<td width=\"95\">5.514.706<\/p>\n<p>10.388.876<\/td>\n<\/tr>\n<tr>\n<td width=\"50\">V<\/td>\n<td width=\"52\">A<\/td>\n<td width=\"57\">16 b<\/td>\n<td width=\"47\">21<\/td>\n<td width=\"76\">15730<\/td>\n<td width=\"255\">TORRES, Cintia Mabel<\/p>\n<p>COZZI ULLOA, Dar\u00edo Nelson<\/td>\n<td width=\"95\">30.623.409<\/p>\n<p>18.766.706<\/td>\n<\/tr>\n<tr>\n<td width=\"50\">V<\/td>\n<td width=\"52\">A<\/td>\n<td width=\"57\">16 b<\/td>\n<td width=\"47\">22<\/td>\n<td width=\"76\">15731<\/td>\n<td width=\"255\">KUNTZ, Cristian Daniel<\/p>\n<p>GUTIERREZ, Solange Dianela<\/td>\n<td width=\"95\">34.333.005<\/p>\n<p>37.056.021<\/td>\n<\/tr>\n<tr>\n<td width=\"50\">V<\/td>\n<td width=\"52\">A<\/td>\n<td width=\"57\">16 b<\/td>\n<td width=\"47\">23<\/td>\n<td width=\"76\">15732<\/td>\n<td width=\"255\">PERALTA, Heber Esteban<\/p>\n<p>FLORES, Mar\u00eda Del Pilar<\/td>\n<td width=\"95\">25.043.916<\/p>\n<p>26.731.565<\/td>\n<\/tr>\n<tr>\n<td width=\"50\">V<\/td>\n<td width=\"52\">A<\/td>\n<td width=\"57\">16 b<\/td>\n<td width=\"47\">24<\/td>\n<td width=\"76\">15733<\/td>\n<td width=\"255\">DANIELI, Sof\u00eda<\/p>\n<p>MALDONADO, Juli\u00e1n Eduardo<\/td>\n<td width=\"95\">38.173.341<\/p>\n<p>37.056.872<\/td>\n<\/tr>\n<\/tbody>\n<\/table>\n<p>&nbsp;<\/p>\n<p><strong><u>Expte. <\/u><\/strong><strong><u>N\u00ba 190\/21:<\/u><\/strong> &#8211; D.E. \u2013 Autoriza la firma del Convenio de Adhesi\u00f3n al Plan Argentina Hace p\/la Ejecuci\u00f3n del Proyecto \u201cConstrucci\u00f3n de cord\u00f3n cuneta en la Localidad de Tres Picos\u201d Municipalidad de Tornquist, Pcia. de Bs. As. celebrado e\/el Ministerio de Obras P\u00fablicas y el Municipio de Tornquist.<\/p>\n<p>Se solicita\u00a0 tratamiento sobre Tablas.<\/p>\n<p>Se aprueba por unanimidad la Ordenanza N\u00ba 3364\/21 por la que\u00a0 se autoriza la firma del Convenio de Adhesi\u00f3n al Plan Argentina Hace para la Ejecuci\u00f3n del Proyecto \u201cConstrucci\u00f3n de Cord\u00f3n Cuneta en la Localidad de Tres Picos\u201d Municipalidad de Tornquist, Provincia de Buenos Aires celebrado entre el Ministerio de Obras P\u00fablicas representado por el Se\u00f1or Secretario Dr. Mart\u00edn Rodrigo GILL y la Municipalidad de Tornquist representada por su Intendente Municipal Sr. Sergio Fabi\u00e1n BORDONI.<\/p>\n<p>El objeto del Convenio es brindar asistencia financiera, por parte del Ministerio de Obras P\u00fablicas, ascendiendo el monto del Proyecto a la suma de PESOS UN MILL\u00d3N DOSCIENTOS TREINTA Y CINCO MIL SETECIENTOS VEINTIDOS CON NOVENTA Y SIETE CENTAVOS ($ 1.235.722,97);<\/p>\n<p>&nbsp;<\/p>\n<p><strong><u>Expte. <\/u><\/strong><strong><u>N\u00ba 193\/21:<\/u><\/strong> &#8211; D.E. \u2013 Autoriza la firma del Convenio de Asistencia y Colaboraci\u00f3n celebrado e\/la Direcci\u00f3n General de Cultura y Educaci\u00f3n y el Municipio de Tornquist para organizaci\u00f3n del transporte escolar.-<\/p>\n<p>Se solicita\u00a0 tratamiento sobre Tablas.<\/p>\n<p>Se aprueba por unanimidad la Ordenanza N\u00ba 3365\/21 por la que\u00a0 se autoriza la firma del Convenio de Asistencia y Colaboraci\u00f3n entre la Direcci\u00f3n General de Cultura y Educaci\u00f3n de la Provincia de Buenos Aires representada por su titular Lic. Mar\u00eda Agustina VILA y la Municipalidad de Tornquist representada por el Sr. Intendente Municipal Sr. Sergio Fabi\u00e1n Bordoni, por el que la Direcci\u00f3n General otorgar\u00e1 a la Municipalidad una asistencia financiera anual en la suma de PESOS NUEVE MILLONES SETECIENTOS DOCE MIL SEISCIENTOS OCHENTA Y OCHO CON 4\/100 ($ 9.712.688,4), destinada a solventar las erogaciones derivadas de las prestaciones de transporte escolar terrestre en el referido distrito en el marco de lo establecido en el Art. 3\u00ba de la Resoluci\u00f3n N\u00ba 2508\/20 de la Direcci\u00f3n General de Cultura y Educaci\u00f3n. Tendr\u00e1 vigencia por el ciclo lectivo 2021 comprendido entre los meses de marzo a noviembre, extendi\u00e9ndose autom\u00e1ticamente a la etapa de compensatorios correspondientes al mes de diciembre y febrero del a\u00f1o siguiente, con la posibilidad de prorrogarlo hasta el mes de abril del siguiente a\u00f1o.<\/p>\n<p>&nbsp;<\/p>\n<p><strong><u>Expte. <\/u><\/strong><strong><u>N\u00ba 195\/21:<\/u><\/strong> &#8211; D.E. \u2013 Autoriza la firma del Convenio de Adhesi\u00f3n al Plan Argentina Hace p\/la Ejecuci\u00f3n del Proyecto \u201cAmpliaci\u00f3n de Red Gas Natural en la Localidad de Tornquist\u201d entre el Ministerio de Obras P\u00fablicas y la Municipalidad de Tornquist.<\/p>\n<p>Se solicita\u00a0 tratamiento sobre Tablas.<\/p>\n<p>Se aprueba por unanimidad la Ordenanza N\u00ba 3366\/21 por la que\u00a0 se autoriza la firma del Convenio de Adhesi\u00f3n al Plan Argentina Hace para la Ejecuci\u00f3n del Proyecto \u201cAmpliaci\u00f3n de Red de Gas natural en la localidad de Tornquist\u201d celebrado entre el Ministerio de Obras P\u00fablicas representado por el Se\u00f1or Secretario Dr. Mart\u00edn Rodrigo GILL y la Municipalidad de Tornquist representada por su Intendente Municipal Sr. Sergio Fabi\u00e1n BORDONI. El objeto del Convenio es brindar asistencia financiera, por parte del Ministerio de Obras P\u00fablicas, a la Municipalidad para la ejecuci\u00f3n del Proyecto, ascendiendo el monto a la suma de PESOS NOVECIENTOS OCHO MIL DOSCIENTOS NOVENTA CON TREINTA Y SEIS CENTAVOS ($ 908.290,36);<\/p>\n<p>&nbsp;<\/p>\n<p><strong><u>Expte. <\/u><\/strong><strong><u>N\u00ba 197\/21:<\/u><\/strong> &#8211; D.E. \u2013 Autoriza la firma del Convenio de Adhesi\u00f3n al Plan Argentina Hace p\/la Ejecuci\u00f3n del Proyecto \u201cConstrucci\u00f3n de Pavimento en calle de los Inmigrantes\u201d entre el Ministerio De Obras P\u00fablicas y la Municipalidad de Tornquist.<\/p>\n<p>Se solicita\u00a0 tratamiento sobre Tablas.<\/p>\n<p>Se aprueba por unanimidad la Ordenanza N\u00ba 3367\/21 por la que\u00a0 se autoriza la firma del Convenio de Adhesi\u00f3n al Plan Argentina Hace para la Ejecuci\u00f3n del Proyecto \u201cConstrucci\u00f3n de pavimento en calle De los Inmigrantes\u201d Municipalidad de Tornquist, Provincia de Buenos Aires celebrado entre el Ministerio de Obras P\u00fablicas representado por el Se\u00f1or Secretario Dr. Mart\u00edn Rodrigo GILL y la Municipalidad de Tornquist representada por su Intendente Municipal Sr. Sergio Fabi\u00e1n BORDONI.<\/p>\n<p>El objeto del Convenio es brindar asistencia financiera, por parte del Ministerio de Obras P\u00fablicas, a la Municipalidad para la ejecuci\u00f3n del proyecto, ascendiendo el monto a la suma de PESOS CINCO MILLONES VEINTIOCHO MIL CIENTO TREINTA Y SIETE CON DIECISEIS CENTAVOS ($ 5.028.137,16).-<strong>\u00a0\u00a0<\/strong><\/p>\n<p>&nbsp;<\/p>\n<p><strong><u>Dict\u00e1menes de las Comisiones<\/u><\/strong><strong><u>:<\/u><\/strong><\/p>\n<p><strong><u>\u00a0<\/u><\/strong><\/p>\n<p><strong><u>Expte. <\/u><\/strong><strong><u>N\u00ba 132\/21:<\/u><\/strong> &#8211; S.D. \u2013 \u201cPlan de Desarrollos Educativos territoriales\u201d<\/p>\n<p>Se aprueba por unanimidad el dictamen de las Comisiones de ASUNTOS MUNICIPALES y CULTURA, EDUCACI\u00d3N, CIENCIA Y TECNOLOG\u00cdA,<strong>\u00a0 <\/strong>que aconseja solicitar una reuni\u00f3n con el Asesor del \u00c1rea de Desarrollo a efectos de realizar las consultas pertinentes.-<\/p>\n<p>&nbsp;<\/p>\n<p><strong><u>Expte. <\/u><\/strong><strong><u>N\u00ba 154\/21:<\/u><\/strong> &#8211; D.E. &#8211; Convalida la firma del Contrato de Comodato celebrado e\/Sebasti\u00e1n Andr\u00e9s Tatta y el Municipio de Tornquist.<\/p>\n<p>Se aprueba por unanimidad el dictamen de las Comisiones ASUNTOS MUNICIPALES, e INTERPRETACI\u00d3N Y REGLAMENTO,\u00a0 que aconseja aconsejan mantener una reuni\u00f3n con responsables de las \u00e1reas de Legales y Deportes.-<\/p>\n<p>&nbsp;<\/p>\n<p><strong><u>Expte. <\/u><\/strong><strong><u>N\u00ba 7280\/21:<\/u><\/strong> &#8211; Bloques Frente de Todos y Frente Justicialista Cumplir &#8211; Pedido de Informes: En ref. predio Ex club Hotel de Villa Ventana.<\/p>\n<p>Se aprueba por unanimidad el dictamen de las Comisiones de ASUNTOS MUNICIPALES, e INTERPRETACI\u00d3N Y REGLAMENTO,<strong>\u00a0 <\/strong>que aconseja aconsejan enviar el mismo al Archivo por haber recibido la respuesta solicitada.-<\/p>\n<p>&nbsp;<\/p>\n<p><strong><u>Expte. <\/u><\/strong><strong><u>N\u00ba 7291\/21:<\/u><\/strong> &#8211; Bloques Cambiemos Bs. As. y Juntos por el Cambio &#8211; Proyecto de Ordenanza: Regula ruidos del tr\u00e1nsito de veh\u00edculos.<\/p>\n<p>Se aprueba por unanimidad el dictamen de las Comisiones de INTERPRETACI\u00d3N Y REGLAMENTO, Y ASUNTOS MUNICIPALES, que aconseja enviar el mismo al Archivo, por haber sido promulgada la Ordenanza N\u00ba 3347\/21 bajo Decreto N\u00ba 672\/21.-<\/p>\n<p>&nbsp;<\/p>\n<p><strong><u>Expte. <\/u><\/strong><strong><u>N\u00ba 7300\/21:<\/u><\/strong> &#8211; Bloques Cambiemos Bs. As. y Juntos por el Cambio \u2013 Proyecto de Resoluci\u00f3n: Adhesi\u00f3n al Programa de Desarrollo Econ\u00f3mico de las Peque\u00f1as Localidades de la Pcia. de Bs. As.<\/p>\n<p>Se aprueba por unanimidad el dictamen de las Comisiones de PRODUCCI\u00d3N, COMERCIO E INDUSTRIA; E INTERPRETACI\u00d3N Y REGLAMENTO, que \u00a0aconseja aprobar el Proyecto de Resoluci\u00f3n obrante a fs. 1 y 2.<\/p>\n<p>Se aprueba por unanimidad la Resoluci\u00f3n N\u00ba 20\/21, mediante la cual se manifiesta el benepl\u00e1cito y acompa\u00f1amiento al Proyecto de Ley presentado por la Diputada Pcial. Rosio Antinori \u201cPrograma de Desarrollo Econ\u00f3mico de las Peque\u00f1as localidades de la Provincia de Buenos Aires\u201d; y asimismo se solicita su pronto tratamiento en la C\u00e1mara de Diputados de la Pcia. de Buenos Aires, bajo el Expte D-2804\/21-22. El Proyecto de Ley tiene por objeto fomentar la radicaci\u00f3n de empresas prestadoras de bienes o servicios en las peque\u00f1as localidades o generar condiciones para el crecimiento de las ya existentes, impulsando la creaci\u00f3n de nuevas fuentes de empleo en el interior de la provincia.-<\/p>\n<p>&nbsp;<\/p>\n<p><strong><u>Expte. <\/u><\/strong><strong><u>N\u00ba 7301\/21:<\/u><\/strong> &#8211; N.P. \u2013 Ing. Agr\u00f3nomo Eduardo Issaly: En ref. iniciativa de talar el arbolado en los boulevares de la ciudad de Tornquist \u2013 Solicita uso Banca Concejal N\u00ba 13.-<\/p>\n<p>Se aprueba por unanimidad el dictamen de las Comisiones de ASUNTOS MUNICIPALES, INTERPRETACI\u00d3N Y REGLAMENTO, y ECOLOG\u00cdA Y MEDIO AMBIENTE, que aconseja aprobar el pedido de solicitud de la Banca 13 para el d\u00eda martes 3 de agosto.-<\/p>\n<p>&nbsp;<\/p>\n<p><strong><u>Expte. <\/u><\/strong><strong><u>N\u00ba 7302\/21:<\/u><\/strong> &#8211; N.P. \u2013 Sergio Rodr\u00edguez Turismo \u2013 Solicita incorporar dentro de las exenciones impositivas\/tasas a las agencias de turismo.<\/p>\n<p>Se aprueba por unanimidad el dictamen de las Comisiones de PRESUPUESTO Y HACIENDA Y ASUNTOS MUNICIPALES, que aconseja aconsejan enviar el mismo al Departamento Ejecutivo para que se expida al respecto.-<\/p>\n<p>&nbsp;<\/p>\n<p><strong><u>Proyectos Presentados <\/u><\/strong><\/p>\n<p><strong><u>\u00a0<\/u><\/strong><\/p>\n<p><strong><u>Bloques Cambiemos Bs. As. y Juntos por el Cambio &#8211; Proyecto de Ordenanza:<\/u><\/strong> Implementaci\u00f3n en el Sector P\u00fablico Municipal de Pol\u00edtica P\u00fablica de Gobierno Abierto.<\/p>\n<p>Se aprueba por unanimidad la formaci\u00f3n de Expediente y pase a Comisi\u00f3n.-<\/p>\n<p>&nbsp;<\/p>\n<p><strong><u>Bloques Cambiemos Bs. As .y Juntos por el Cambio \u2013 Proyecto de Resoluci\u00f3n:<\/u><\/strong> Ref. cierre parcia de exportaciones de carne vacuna.<\/p>\n<p>Se solicita la formaci\u00f3n de Expediente y pase a Comisi\u00f3n.-<\/p>\n<p><strong><u>\u00a0<\/u><\/strong><\/p>\n<p><strong><u>Bloques Cambiemos Bs. As. y Juntos por el Cambio- Proyecto de Resoluci\u00f3n:<\/u><\/strong> Ref. Boleta \u00fanica de sufragio.-<\/p>\n<p>Se solicita formaci\u00f3n de Expediente y pase a Comisi\u00f3n.-<\/p>\n<p>&nbsp;<\/p>\n<p><strong><u>Bloques Frente de Todos y Frente Justicialista Cumplir \u2013 Minuta de Comunicaci\u00f3n:<\/u><\/strong> Solicita pronta implementaci\u00f3n de la Ordenanza N\u00ba 3232\/20 (Ley Micaela).<\/p>\n<p>En la misma se solicita al Departamento Ejecutivo Municipal la pronta implementaci\u00f3n de la Ordenanza N\u00b0 3232\/20, por la cual se adhiri\u00f3 al Municipio de Tornquist a la Ley Provincial N\u00b0 15.134, estableciendo la capacitaci\u00f3n obligatoria en la tem\u00e1tica de g\u00e9nero y violencia contra las mujeres para todas las personas que se desempe\u00f1en en la funci\u00f3n p\u00fablica en todos sus niveles y jerarqu\u00edas, en forma permanente o transitoria, ya sea por cargo electivo, designaci\u00f3n directa, por concurso o por cualquier otro medio legal, en el \u00e1mbito de todas las dependencias del Estado Municipal.<\/p>\n<p>Se solicita formaci\u00f3n de Expediente y tratamiento sobre Tablas.<\/p>\n<p>Se forma el Expediente N\u00ba 7305\/21 y se aprueba por unanimidad enviar al Departamento Ejecutivo para que por el \u00e1rea que corresponda se de viabilidad a lo solicitado.-<\/p>\n<p>&nbsp;<\/p>\n<p><strong><u>Bloques Frente de Todos y Frente Justicialista Cumplir \u2013 Proyecto de Resoluci\u00f3n:<\/u><\/strong> Expresa adhesi\u00f3n al Proyecto que crea el \u201cR\u00e9gimen de tarifa inclusiva para personas con discapacidad\u201d<\/p>\n<p>Se solicita formaci\u00f3n de Expediente y pase a Comisi\u00f3n.<\/p>\n<p><strong><u>\u00a0<\/u><\/strong><\/p>\n<p><strong><u>Bloque Cambiemos Bs. As. y Juntos por el Cambio \u2013 Pedido de Informe:<\/u><\/strong> \u00a0Solicita informaci\u00f3n sobre la iniciativa del talado de arboles en los boulevares de Tornquist.<\/p>\n<p>En el mismo se solicita al Departamento Ejecutivo, que a trav\u00e9s del \u00e1rea que corresponda\u00a0 env\u00ede: &#8211; estudio sobre la inferencia de los \u00e1rboles en el deterioro del asfalto en las Avenidas Ameghino, Sarmiento, Gral. Paz y Alem.\u00a0 &#8211; informe si existe proyecto para evitar sacar los \u00e1rboles, y si as\u00ed fuera, cuanto es el valor de la intervenci\u00f3n. &#8211; proyecto sobre la forestaci\u00f3n de los bulevares de toda la ciudad de Tornquist.<\/p>\n<p>Se solicita formaci\u00f3n de Expediente y tratamiento sobre Tablas.<\/p>\n<p>Se forma el Expediente N\u00ba 7304\/21 y se aprueba por unanimidad enviar el mismo al Departamento Ejecutivo para que se d\u00e9 respuesta a lo solicitado.-<\/p>\n<p>&nbsp;<\/p>\n<p><strong><u>H.C.D. \u2013 Proyecto de Resoluci\u00f3n:<\/u><\/strong> Manifiesta apoyo al proyecto denominado \u201cPromoci\u00f3n para el arraigo y agregado de valor en pueblos sudoeste bonaerense: Creaci\u00f3n de Ecosistema Sustentable Polo Ecol\u00f3gico Chasic\u00f3.<\/p>\n<p>Se solicita formaci\u00f3n de Expediente y tratamiento sobre Tablas.<\/p>\n<p>Se aprueba por unanimidad la Resoluci\u00f3n N\u00ba 21\/21 en apoyo al proyecto presentado por un grupo de vecino de la mencionada localidad.-<\/p>\n<p><strong><u>\u00a0<\/u><\/strong><\/p>\n<p><strong><u>Asuntos Particulares <\/u><\/strong><\/p>\n<p><strong><u>\u00a0<\/u><\/strong><\/p>\n<p><strong><u>N.P. Sandra Kifer Subcomit\u00e9 UCR Sierra de la Ventana:<\/u><\/strong> Presenta proyecto de comunicaci\u00f3n con el objetivo de instalas al Municipio de Tornquist como destino pionero en turismo sanitario.-<\/p>\n<p>Se solicita formaci\u00f3n de Expediente y pase a Comisi\u00f3n.-<\/p>\n<p>&nbsp;<\/p>\n<p><strong><u>N.P. \u00a0Nota Alejandra Aiello Transporte Silver:<\/u><\/strong> Solicita aumento de tarifa de transporte Silver \u2013 L\u00ednea Urbana Saldungaray-Tornquist<\/p>\n<p>Se solicita formaci\u00f3n de Expediente y pase a Comisi\u00f3n.-<\/p>\n<p><u>\u00a0<\/u><\/p>\n<p><strong><u>N.P. Nota Escuela de Educaci\u00f3n Secundaria T\u00e9cnica N\u00ba 1 Tornquist:<\/u><\/strong> Solicita declarar de Inter\u00e9s Municipal proyecto llevado a cabo por alumnos de 6\u00ba a\u00f1o.-<\/p>\n<p>Se solicita formaci\u00f3n de Expediente y pase a Comisi\u00f3n.-<\/p>\n<p>&nbsp;<\/p>\n<ol>\n<li><strong><u> P. Nota Gonzalo Desarrollo:<\/u><\/strong> Enviar informaci\u00f3n en ref. al Sector Industrial Planificado.-<\/li>\n<\/ol>\n<p>Se aprueba por unanimidad adjuntar la nota al Expediente N\u00ba 7244\/20\u00a0 caratulado: \u201cBloques Cambiemos Bs. As y Juntos por el Cambio &#8211; Pedido de Informes: Situaci\u00f3n legal y proyectos del SIP (Sector Industrial Planificado).\u201d.<\/p>\n<p>&nbsp;<\/p>\n<p><strong><u>N.P. Nota Club Andino<\/u><\/strong>: Solicitan aval para libre acceso al Parque Provincial Ernesto Tornquist para la pr\u00e1ctica deportiva del monta\u00f1ismo de forma responsable y sustentable.<\/p>\n<p>Se solicita formaci\u00f3n de Expediente y pase a Comisi\u00f3n.-<\/p>\n<p><a title=\"WhatsApp Image 2021-07-23 at 11.11.27\" href=\"https:\/\/www.flickr.com\/photos\/182279889@N02\/51330197238\/in\/dateposted-public\/\" data-flickr-embed=\"true\"><img loading=\"lazy\" decoding=\"async\" src=\"https:\/\/live.staticflickr.com\/65535\/51330197238_a0b3607c24_z.jpg\" alt=\"WhatsApp Image 2021-07-23 at 11.11.27\" width=\"640\" height=\"481\" \/><\/a><script async src=\"\/\/embedr.flickr.com\/assets\/client-code.js\" charset=\"utf-8\"><\/script><\/p>\n<ol>\n<li><strong><u> P. Nota Grupo Scout N\u00ba 1519 \u201cSierra de la Ventana\u201d:<\/u><\/strong> En ref. becas y subsidio institucional.<\/li>\n<\/ol>\n<p>Se solicita formaci\u00f3n de Expediente y pase a Comisi\u00f3n.-<\/p>\n<p>&nbsp;<\/p>\n<p><strong>Alocuciones de los Concejales:<\/strong><\/p>\n<p>Concejal Roc\u00edo V\u00e1zquez:<\/p>\n<p>\u201cVazquez: En primera instancia hacer una invitaci\u00f3n, en el Centro Cultural se est\u00e1 realizando una muestra de una artista de Sierra de la Ventana, de Elisa Bello, de sus obras, participando y acompa\u00f1ando a Elisa, Mar\u00eda del Mar Perella que tambi\u00e9n es una artista de Sierra, Juan Bruto, y Carlos Giusti. La verdad que las obras son hermosas, y tambi\u00e9n valorar el trabajo que vienen haciendo esta gente y otros m\u00e1s artistas de la comarca que le est\u00e1n dando vida al Centro Cultural con diversas actividades y muestras que van encabezando y van realizando en el transcurso del a\u00f1o. La muestra se inaugur\u00f3 el viernes pasado y sigue, va a seguir durante todas las vacaciones de invierno, de lunes a viernes de 9 a 20 horas. Por otro lado tambi\u00e9n agradecer y valorar el trabajo que viene haciendo la gente de ATUCOS de Saldungaray que viene haciendo en el Centro de Interpretaci\u00f3n, que ellos tambi\u00e9n vinieron trabajando durante todo el verano y lo siguen haciendo ahora en el receso invernal para tambi\u00e9n darle justamente esto, algunas actividades y vida, y al turista que llega a la comarca que se sienta bien recibido y conocer un poco la historia de nuestra localidad. Y por otro lado quiero hacer referencia a la minuta de comunicaci\u00f3n que presentamos, que hace relaci\u00f3n a la aplicaci\u00f3n de la ley Micaela, nosotros por Ordenanza, fue aprobada el 23 de junio de 2020, en la misma sosten\u00eda que a un mes de aprobada la Ordenanza se ten\u00eda que empezar con la capacitaci\u00f3n. Sabemos que esto no est\u00e1 sucediendo, esta capacitaci\u00f3n debe ser obligatoria para todos los que desempe\u00f1an una funci\u00f3n p\u00fablica, ya sea del Poder Ejecutivo, del Poder Legislativo o el Poder Judicial, y que esta Ley lo que busca es la prevenci\u00f3n a trav\u00e9s de la educaci\u00f3n y que no s\u00f3lo trata de disminuir y erradicar la violencia de g\u00e9nero sino tambi\u00e9n la capacitaci\u00f3n en g\u00e9nero. Me parece que varias de las personas que ocupan hoy un puesto en el Ejecutivo todav\u00eda no est\u00e1n al tanto de esta Ley, de esta capacitaci\u00f3n. Me parece oportuno refrescarlo y vuelvo a insistir, es prevenci\u00f3n y educaci\u00f3n, no s\u00f3lo me parece que tenemos que insistir para que se aplique sino para que se vaya renovando y para que todos vayan tomando conciencia y puedan distinguir por ah\u00ed la diferencia entre sexo y g\u00e9nero entre otros t\u00e9rminos que algunos todav\u00eda parece no identificarlo. Nada m\u00e1s el se\u00f1or Presidente\u201d.<\/p>\n<p>Concejal Elisabet Nori:<\/p>\n<p>\u201cBueno yo voy a hacer referencia al proyecto que hoy se dio tratamiento, el Programa de Desarrollo Econ\u00f3mico de las Peque\u00f1as Localidades de la Provincia de Buenos Aires, que agradezco al Bloque del Frente Justicialista Cumplir y el Bloque Frente de Todos por acompa\u00f1arlo. Me parece algo muy importante para justamente localidades y distritos como el nuestro que cuentan con peque\u00f1as localidades menores a 5000 habitantes que por all\u00ed carecen en muchas circunstancias de fuente genuina de trabajo e incluso con, digamos, la situaci\u00f3n en que los j\u00f3venes, nuestros j\u00f3venes se van de distrito justamente por no encontrar trabajo. Marqu\u00e9 algunas cositas de la Ley, como por ejemplo propiciar el desarrollo econ\u00f3mico del interior de la Provincia de Buenos Aires, lo que acabo de decir; promover la inserci\u00f3n de los j\u00f3venes en el mercado laboral y as\u00ed evitar el desarraigo; tambi\u00e9n otra de los \u00edtems muy importantes es que a las pymes que se vayan a instalar o incluso esto es para pymes que ya est\u00e9n en funcionamiento como un apoyo para estas pymes es la exenci\u00f3n de impuestos durante un plazo de 10 a\u00f1os de ingresos brutos por la actividad producida, y el impuesto inmobiliario de aquellos inmuebles que se est\u00e9n utilizando para esta actividad. Tambi\u00e9n implica la generaci\u00f3n de cr\u00e9ditos por parte del Banco de la Provincia Buenos Aires, cr\u00e9ditos blandos, para justamente para estas pymes, que contengan entre 5 y 150 empleados. Tambi\u00e9n algo que promueve este proyecto de Ley es un Programa de Primer Empleo en mi Pueblo, que el\u00a0 mismo funcionar\u00eda bajo la \u00f3rbita del Ministerio de Trabajo de la Provincia de Buenos Aires, y tiene como objeto impulsar la inserci\u00f3n laboral de j\u00f3venes en las pymes radicadas en las peque\u00f1as localidades. Desde todo punto de vista este proyecto es altamente positivo, y bueno nuevamente agradezco el acompa\u00f1amiento de todos los Bloques. Nada m\u00e1s se\u00f1or Presidente\u201d.<\/p>\n<p><a title=\"WhatsApp Image 2021-07-23 at 11.12.17\" href=\"https:\/\/www.flickr.com\/photos\/182279889@N02\/51330981600\/in\/dateposted-public\/\" data-flickr-embed=\"true\"><img loading=\"lazy\" decoding=\"async\" src=\"https:\/\/live.staticflickr.com\/65535\/51330981600_9a118e6497_z.jpg\" alt=\"WhatsApp Image 2021-07-23 at 11.12.17\" width=\"481\" height=\"640\" \/><\/a><script async src=\"\/\/embedr.flickr.com\/assets\/client-code.js\" charset=\"utf-8\"><\/script><br \/>\n<strong><br \/>\nConcejal Jos\u00e9 M. Fonfr\u00eda:<\/strong><\/p>\n<p>\u201cBueno, quiero hacer referencia al hecho ocurrido el martes pasado en la reuni\u00f3n de trabajo. Justamente hoy estuvimos hablando de lo que es la violencia, y m\u00e1s all\u00e1 de lo que sea violencia de g\u00e9nero yo creo que la violencia es repudiable sea como sea, la violencia en si es lo repudiable. Creo que se vivi\u00f3 un momento que a ninguno de los que estuvimos nos gust\u00f3 pasar, y realmente la Concejal Roc\u00edo V\u00e1zquez hizo referencia a la educaci\u00f3n, y bueno, yo creo que con educaci\u00f3n momentos como los que pasamos el martes pasado no se pasan. As\u00ed que pedir, por supuesto repudiar, y pedir que no vuelva a pasar, que cada uno respete el lugar que tiene que respetar. Nada m\u00e1s se\u00f1or un Presidente\u201d.<\/p>\n<p>&nbsp;<\/p>\n<p><strong><u>\u00a0<\/u><\/strong><\/p>\n<p>HONORABLE CONCEJO DELIBERANTE<\/p>\n<p>&nbsp;<\/p>\n<p>&nbsp;<\/p>\n","protected":false},"excerpt":{"rendered":"<p>Comunicaciones Oficiales y Dict\u00e1menes de las Comisiones:<\/p>\n","protected":false},"author":3,"featured_media":0,"comment_status":"closed","ping_status":"closed","sticky":false,"template":"","format":"standard","meta":{"footnotes":""},"categories":[28,1],"tags":[],"class_list":["post-60504","post","type-post","status-publish","format-standard","hentry","category-municipales","category-sin-categoria"],"yoast_head":"<!-- This site is optimized with the Yoast SEO plugin v25.9 - https:\/\/yoast.com\/wordpress\/plugins\/seo\/ -->\n<title>Informe sesi\u00f3n ordinaria 23-07-21 - Noticias Radio Reflejos<\/title>\n<meta name=\"robots\" content=\"index, follow, max-snippet:-1, max-image-preview:large, max-video-preview:-1\" \/>\n<link rel=\"canonical\" href=\"https:\/\/www.noticiasradioreflejos.com.ar\/2021\/informe-sesion-ordinaria-23-07-21\/\" \/>\n<meta property=\"og:locale\" content=\"es_ES\" \/>\n<meta property=\"og:type\" content=\"article\" \/>\n<meta property=\"og:title\" content=\"Informe sesi\u00f3n ordinaria 23-07-21 - Noticias Radio Reflejos\" \/>\n<meta property=\"og:description\" content=\"Comunicaciones Oficiales y Dict\u00e1menes de las Comisiones:\" \/>\n<meta property=\"og:url\" content=\"https:\/\/www.noticiasradioreflejos.com.ar\/2021\/informe-sesion-ordinaria-23-07-21\/\" \/>\n<meta property=\"og:site_name\" content=\"Noticias Radio Reflejos\" \/>\n<meta property=\"article:published_time\" content=\"2021-07-23T14:47:01+00:00\" \/>\n<meta property=\"article:modified_time\" content=\"2021-07-23T14:47:30+00:00\" \/>\n<meta property=\"og:image\" content=\"https:\/\/live.staticflickr.com\/65535\/51330197238_a0b3607c24_z.jpg\" \/>\n<meta name=\"author\" content=\"Arnaldo Botto\" \/>\n<meta name=\"twitter:card\" content=\"summary_large_image\" \/>\n<script type=\"application\/ld+json\" class=\"yoast-schema-graph\">{\"@context\":\"https:\/\/schema.org\",\"@graph\":[{\"@type\":\"WebPage\",\"@id\":\"https:\/\/www.noticiasradioreflejos.com.ar\/2021\/informe-sesion-ordinaria-23-07-21\/\",\"url\":\"https:\/\/www.noticiasradioreflejos.com.ar\/2021\/informe-sesion-ordinaria-23-07-21\/\",\"name\":\"Informe sesi\u00f3n ordinaria 23-07-21 - Noticias Radio Reflejos\",\"isPartOf\":{\"@id\":\"https:\/\/www.noticiasradioreflejos.com.ar\/2021\/#website\"},\"primaryImageOfPage\":{\"@id\":\"https:\/\/www.noticiasradioreflejos.com.ar\/2021\/informe-sesion-ordinaria-23-07-21\/#primaryimage\"},\"image\":{\"@id\":\"https:\/\/www.noticiasradioreflejos.com.ar\/2021\/informe-sesion-ordinaria-23-07-21\/#primaryimage\"},\"thumbnailUrl\":\"https:\/\/live.staticflickr.com\/65535\/51330197238_a0b3607c24_z.jpg\",\"datePublished\":\"2021-07-23T14:47:01+00:00\",\"dateModified\":\"2021-07-23T14:47:30+00:00\",\"author\":{\"@id\":\"https:\/\/www.noticiasradioreflejos.com.ar\/2021\/#\/schema\/person\/ad82545263dcc5ec0996818884fd5fb1\"},\"breadcrumb\":{\"@id\":\"https:\/\/www.noticiasradioreflejos.com.ar\/2021\/informe-sesion-ordinaria-23-07-21\/#breadcrumb\"},\"inLanguage\":\"es\",\"potentialAction\":[{\"@type\":\"ReadAction\",\"target\":[\"https:\/\/www.noticiasradioreflejos.com.ar\/2021\/informe-sesion-ordinaria-23-07-21\/\"]}]},{\"@type\":\"ImageObject\",\"inLanguage\":\"es\",\"@id\":\"https:\/\/www.noticiasradioreflejos.com.ar\/2021\/informe-sesion-ordinaria-23-07-21\/#primaryimage\",\"url\":\"https:\/\/live.staticflickr.com\/65535\/51330197238_a0b3607c24_z.jpg\",\"contentUrl\":\"https:\/\/live.staticflickr.com\/65535\/51330197238_a0b3607c24_z.jpg\"},{\"@type\":\"BreadcrumbList\",\"@id\":\"https:\/\/www.noticiasradioreflejos.com.ar\/2021\/informe-sesion-ordinaria-23-07-21\/#breadcrumb\",\"itemListElement\":[{\"@type\":\"ListItem\",\"position\":1,\"name\":\"Portada\",\"item\":\"https:\/\/www.noticiasradioreflejos.com.ar\/2021\/\"},{\"@type\":\"ListItem\",\"position\":2,\"name\":\"Informe sesi\u00f3n ordinaria 23-07-21\"}]},{\"@type\":\"WebSite\",\"@id\":\"https:\/\/www.noticiasradioreflejos.com.ar\/2021\/#website\",\"url\":\"https:\/\/www.noticiasradioreflejos.com.ar\/2021\/\",\"name\":\"Noticias Radio Reflejos\",\"description\":\"Las noticias de mi comarca\",\"potentialAction\":[{\"@type\":\"SearchAction\",\"target\":{\"@type\":\"EntryPoint\",\"urlTemplate\":\"https:\/\/www.noticiasradioreflejos.com.ar\/2021\/?s={search_term_string}\"},\"query-input\":{\"@type\":\"PropertyValueSpecification\",\"valueRequired\":true,\"valueName\":\"search_term_string\"}}],\"inLanguage\":\"es\"},{\"@type\":\"Person\",\"@id\":\"https:\/\/www.noticiasradioreflejos.com.ar\/2021\/#\/schema\/person\/ad82545263dcc5ec0996818884fd5fb1\",\"name\":\"Arnaldo Botto\",\"image\":{\"@type\":\"ImageObject\",\"inLanguage\":\"es\",\"@id\":\"https:\/\/www.noticiasradioreflejos.com.ar\/2021\/#\/schema\/person\/image\/\",\"url\":\"https:\/\/secure.gravatar.com\/avatar\/55cb5e37c1efa326397366e6974cb338056df65cb50e7d64d1cf314e87504837?s=96&d=mm&r=g\",\"contentUrl\":\"https:\/\/secure.gravatar.com\/avatar\/55cb5e37c1efa326397366e6974cb338056df65cb50e7d64d1cf314e87504837?s=96&d=mm&r=g\",\"caption\":\"Arnaldo Botto\"},\"url\":\"https:\/\/www.noticiasradioreflejos.com.ar\/2021\/author\/arnaldo\/\"}]}<\/script>\n<!-- \/ Yoast SEO plugin. -->","yoast_head_json":{"title":"Informe sesi\u00f3n ordinaria 23-07-21 - Noticias Radio Reflejos","robots":{"index":"index","follow":"follow","max-snippet":"max-snippet:-1","max-image-preview":"max-image-preview:large","max-video-preview":"max-video-preview:-1"},"canonical":"https:\/\/www.noticiasradioreflejos.com.ar\/2021\/informe-sesion-ordinaria-23-07-21\/","og_locale":"es_ES","og_type":"article","og_title":"Informe sesi\u00f3n ordinaria 23-07-21 - Noticias Radio Reflejos","og_description":"Comunicaciones Oficiales y Dict\u00e1menes de las Comisiones:","og_url":"https:\/\/www.noticiasradioreflejos.com.ar\/2021\/informe-sesion-ordinaria-23-07-21\/","og_site_name":"Noticias Radio Reflejos","article_published_time":"2021-07-23T14:47:01+00:00","article_modified_time":"2021-07-23T14:47:30+00:00","og_image":[{"url":"https:\/\/live.staticflickr.com\/65535\/51330197238_a0b3607c24_z.jpg","type":"","width":"","height":""}],"author":"Arnaldo Botto","twitter_card":"summary_large_image","schema":{"@context":"https:\/\/schema.org","@graph":[{"@type":"WebPage","@id":"https:\/\/www.noticiasradioreflejos.com.ar\/2021\/informe-sesion-ordinaria-23-07-21\/","url":"https:\/\/www.noticiasradioreflejos.com.ar\/2021\/informe-sesion-ordinaria-23-07-21\/","name":"Informe sesi\u00f3n ordinaria 23-07-21 - Noticias Radio Reflejos","isPartOf":{"@id":"https:\/\/www.noticiasradioreflejos.com.ar\/2021\/#website"},"primaryImageOfPage":{"@id":"https:\/\/www.noticiasradioreflejos.com.ar\/2021\/informe-sesion-ordinaria-23-07-21\/#primaryimage"},"image":{"@id":"https:\/\/www.noticiasradioreflejos.com.ar\/2021\/informe-sesion-ordinaria-23-07-21\/#primaryimage"},"thumbnailUrl":"https:\/\/live.staticflickr.com\/65535\/51330197238_a0b3607c24_z.jpg","datePublished":"2021-07-23T14:47:01+00:00","dateModified":"2021-07-23T14:47:30+00:00","author":{"@id":"https:\/\/www.noticiasradioreflejos.com.ar\/2021\/#\/schema\/person\/ad82545263dcc5ec0996818884fd5fb1"},"breadcrumb":{"@id":"https:\/\/www.noticiasradioreflejos.com.ar\/2021\/informe-sesion-ordinaria-23-07-21\/#breadcrumb"},"inLanguage":"es","potentialAction":[{"@type":"ReadAction","target":["https:\/\/www.noticiasradioreflejos.com.ar\/2021\/informe-sesion-ordinaria-23-07-21\/"]}]},{"@type":"ImageObject","inLanguage":"es","@id":"https:\/\/www.noticiasradioreflejos.com.ar\/2021\/informe-sesion-ordinaria-23-07-21\/#primaryimage","url":"https:\/\/live.staticflickr.com\/65535\/51330197238_a0b3607c24_z.jpg","contentUrl":"https:\/\/live.staticflickr.com\/65535\/51330197238_a0b3607c24_z.jpg"},{"@type":"BreadcrumbList","@id":"https:\/\/www.noticiasradioreflejos.com.ar\/2021\/informe-sesion-ordinaria-23-07-21\/#breadcrumb","itemListElement":[{"@type":"ListItem","position":1,"name":"Portada","item":"https:\/\/www.noticiasradioreflejos.com.ar\/2021\/"},{"@type":"ListItem","position":2,"name":"Informe sesi\u00f3n ordinaria 23-07-21"}]},{"@type":"WebSite","@id":"https:\/\/www.noticiasradioreflejos.com.ar\/2021\/#website","url":"https:\/\/www.noticiasradioreflejos.com.ar\/2021\/","name":"Noticias Radio Reflejos","description":"Las noticias de mi comarca","potentialAction":[{"@type":"SearchAction","target":{"@type":"EntryPoint","urlTemplate":"https:\/\/www.noticiasradioreflejos.com.ar\/2021\/?s={search_term_string}"},"query-input":{"@type":"PropertyValueSpecification","valueRequired":true,"valueName":"search_term_string"}}],"inLanguage":"es"},{"@type":"Person","@id":"https:\/\/www.noticiasradioreflejos.com.ar\/2021\/#\/schema\/person\/ad82545263dcc5ec0996818884fd5fb1","name":"Arnaldo Botto","image":{"@type":"ImageObject","inLanguage":"es","@id":"https:\/\/www.noticiasradioreflejos.com.ar\/2021\/#\/schema\/person\/image\/","url":"https:\/\/secure.gravatar.com\/avatar\/55cb5e37c1efa326397366e6974cb338056df65cb50e7d64d1cf314e87504837?s=96&d=mm&r=g","contentUrl":"https:\/\/secure.gravatar.com\/avatar\/55cb5e37c1efa326397366e6974cb338056df65cb50e7d64d1cf314e87504837?s=96&d=mm&r=g","caption":"Arnaldo Botto"},"url":"https:\/\/www.noticiasradioreflejos.com.ar\/2021\/author\/arnaldo\/"}]}},"_links":{"self":[{"href":"https:\/\/www.noticiasradioreflejos.com.ar\/2021\/wp-json\/wp\/v2\/posts\/60504","targetHints":{"allow":["GET"]}}],"collection":[{"href":"https:\/\/www.noticiasradioreflejos.com.ar\/2021\/wp-json\/wp\/v2\/posts"}],"about":[{"href":"https:\/\/www.noticiasradioreflejos.com.ar\/2021\/wp-json\/wp\/v2\/types\/post"}],"author":[{"embeddable":true,"href":"https:\/\/www.noticiasradioreflejos.com.ar\/2021\/wp-json\/wp\/v2\/users\/3"}],"replies":[{"embeddable":true,"href":"https:\/\/www.noticiasradioreflejos.com.ar\/2021\/wp-json\/wp\/v2\/comments?post=60504"}],"version-history":[{"count":1,"href":"https:\/\/www.noticiasradioreflejos.com.ar\/2021\/wp-json\/wp\/v2\/posts\/60504\/revisions"}],"predecessor-version":[{"id":60506,"href":"https:\/\/www.noticiasradioreflejos.com.ar\/2021\/wp-json\/wp\/v2\/posts\/60504\/revisions\/60506"}],"wp:attachment":[{"href":"https:\/\/www.noticiasradioreflejos.com.ar\/2021\/wp-json\/wp\/v2\/media?parent=60504"}],"wp:term":[{"taxonomy":"category","embeddable":true,"href":"https:\/\/www.noticiasradioreflejos.com.ar\/2021\/wp-json\/wp\/v2\/categories?post=60504"},{"taxonomy":"post_tag","embeddable":true,"href":"https:\/\/www.noticiasradioreflejos.com.ar\/2021\/wp-json\/wp\/v2\/tags?post=60504"}],"curies":[{"name":"wp","href":"https:\/\/api.w.org\/{rel}","templated":true}]}}