{"id":60448,"date":"2021-07-22T12:42:30","date_gmt":"2021-07-22T12:42:30","guid":{"rendered":"http:\/\/www.noticiasradioreflejos.com.ar\/2021\/?p=60448"},"modified":"2021-07-22T12:42:30","modified_gmt":"2021-07-22T12:42:30","slug":"se-viene-una-nueva-jornada-de-recepcion-de-envases-vacios-de-fitosanitarios","status":"publish","type":"post","link":"https:\/\/www.noticiasradioreflejos.com.ar\/2021\/se-viene-una-nueva-jornada-de-recepcion-de-envases-vacios-de-fitosanitarios\/","title":{"rendered":"Se viene una nueva jornada de recepci\u00f3n de envases vac\u00edos de fitosanitarios"},"content":{"rendered":"<p>La Direcci\u00f3n de Medio Ambiente, la Asociaci\u00f3n Campo Limpio y la Asociaci\u00f3n rural de Tornquist, llevaran adelante una nueva campa\u00f1a de recepci\u00f3n de envases vac\u00edos de fitosanitarios.<!--more--><\/p>\n<p>La iniciativa se desarrollar\u00e1 el martes 27 de julio de 9 a 16 hs en el predio de la Asociaci\u00f3n Rural (acceso a la ciudad por Ruta 33); y aquellos que deseen acercar envases podr\u00e1n inscribirse en el sitio web <a href=\"http:\/\/gestion.campolimpio.org.ar\/turnos\">http:\/\/gestion.campolimpio.org.ar\/turnos<\/a>.<\/p>\n<p>Por consultas, comunicarse al 2477661172 o al 2915075692.<\/p>\n<p>Campo Limpio es una asociaci\u00f3n que tiene como misi\u00f3n recuperar los envases vac\u00edos de fitosanitarios en el campo argentino (ya lleva m\u00e1s de 1.300.000). Para ello, trabaja con las comunidades locales y las empresas, promoviendo el lavado de los envases, su reciclado y correcta reutilizaci\u00f3n.<\/p>\n<p>Su desaf\u00edo es\u00a0sumar a toda la comunidad\u00a0agropecuaria a estas acciones para impulsar un cambio de h\u00e1bito en las personas para el cuidado del medio ambiente y desarrollar un sistema de recuperaci\u00f3n de envases vac\u00edos que cubra todo el pa\u00eds.<\/p>\n<p><img loading=\"lazy\" decoding=\"async\" class=\"aligncenter size-full wp-image-60449\" src=\"http:\/\/www.noticiasradioreflejos.com.ar\/2021\/wp-content\/uploads\/2021\/07\/Recoleccion-envases.png\" alt=\"\" width=\"1200\" height=\"1200\" \/><\/p>\n","protected":false},"excerpt":{"rendered":"<p>La Direcci\u00f3n de Medio Ambiente, la Asociaci\u00f3n Campo Limpio y la Asociaci\u00f3n rural de Tornquist, llevaran adelante una nueva campa\u00f1a de recepci\u00f3n de envases vac\u00edos de fitosanitarios.<\/p>\n","protected":false},"author":3,"featured_media":0,"comment_status":"closed","ping_status":"closed","sticky":false,"template":"","format":"standard","meta":{"footnotes":""},"categories":[1],"tags":[],"class_list":["post-60448","post","type-post","status-publish","format-standard","hentry","category-sin-categoria"],"yoast_head":"<!-- This site is optimized with the Yoast SEO plugin v25.9 - https:\/\/yoast.com\/wordpress\/plugins\/seo\/ -->\n<title>Se viene una nueva jornada de recepci\u00f3n de envases vac\u00edos de fitosanitarios - Noticias Radio Reflejos<\/title>\n<meta name=\"robots\" content=\"index, follow, max-snippet:-1, max-image-preview:large, max-video-preview:-1\" \/>\n<link rel=\"canonical\" href=\"https:\/\/www.noticiasradioreflejos.com.ar\/2021\/se-viene-una-nueva-jornada-de-recepcion-de-envases-vacios-de-fitosanitarios\/\" \/>\n<meta property=\"og:locale\" content=\"es_ES\" \/>\n<meta property=\"og:type\" content=\"article\" \/>\n<meta property=\"og:title\" content=\"Se viene una nueva jornada de recepci\u00f3n de envases vac\u00edos de fitosanitarios - Noticias Radio Reflejos\" \/>\n<meta property=\"og:description\" content=\"La Direcci\u00f3n de Medio Ambiente, la Asociaci\u00f3n Campo Limpio y la Asociaci\u00f3n rural de Tornquist, llevaran adelante una nueva campa\u00f1a de recepci\u00f3n de envases vac\u00edos de fitosanitarios.\" \/>\n<meta property=\"og:url\" content=\"https:\/\/www.noticiasradioreflejos.com.ar\/2021\/se-viene-una-nueva-jornada-de-recepcion-de-envases-vacios-de-fitosanitarios\/\" \/>\n<meta property=\"og:site_name\" content=\"Noticias Radio Reflejos\" \/>\n<meta property=\"article:published_time\" content=\"2021-07-22T12:42:30+00:00\" \/>\n<meta property=\"og:image\" content=\"http:\/\/www.noticiasradioreflejos.com.ar\/2021\/wp-content\/uploads\/2021\/07\/Recoleccion-envases.png\" \/>\n<meta name=\"author\" content=\"Arnaldo Botto\" \/>\n<meta name=\"twitter:card\" content=\"summary_large_image\" \/>\n<script type=\"application\/ld+json\" class=\"yoast-schema-graph\">{\"@context\":\"https:\/\/schema.org\",\"@graph\":[{\"@type\":\"WebPage\",\"@id\":\"https:\/\/www.noticiasradioreflejos.com.ar\/2021\/se-viene-una-nueva-jornada-de-recepcion-de-envases-vacios-de-fitosanitarios\/\",\"url\":\"https:\/\/www.noticiasradioreflejos.com.ar\/2021\/se-viene-una-nueva-jornada-de-recepcion-de-envases-vacios-de-fitosanitarios\/\",\"name\":\"Se viene una nueva jornada de recepci\u00f3n de envases vac\u00edos de fitosanitarios - Noticias Radio Reflejos\",\"isPartOf\":{\"@id\":\"https:\/\/www.noticiasradioreflejos.com.ar\/2021\/#website\"},\"primaryImageOfPage\":{\"@id\":\"https:\/\/www.noticiasradioreflejos.com.ar\/2021\/se-viene-una-nueva-jornada-de-recepcion-de-envases-vacios-de-fitosanitarios\/#primaryimage\"},\"image\":{\"@id\":\"https:\/\/www.noticiasradioreflejos.com.ar\/2021\/se-viene-una-nueva-jornada-de-recepcion-de-envases-vacios-de-fitosanitarios\/#primaryimage\"},\"thumbnailUrl\":\"http:\/\/www.noticiasradioreflejos.com.ar\/2021\/wp-content\/uploads\/2021\/07\/Recoleccion-envases.png\",\"datePublished\":\"2021-07-22T12:42:30+00:00\",\"author\":{\"@id\":\"https:\/\/www.noticiasradioreflejos.com.ar\/2021\/#\/schema\/person\/ad82545263dcc5ec0996818884fd5fb1\"},\"breadcrumb\":{\"@id\":\"https:\/\/www.noticiasradioreflejos.com.ar\/2021\/se-viene-una-nueva-jornada-de-recepcion-de-envases-vacios-de-fitosanitarios\/#breadcrumb\"},\"inLanguage\":\"es\",\"potentialAction\":[{\"@type\":\"ReadAction\",\"target\":[\"https:\/\/www.noticiasradioreflejos.com.ar\/2021\/se-viene-una-nueva-jornada-de-recepcion-de-envases-vacios-de-fitosanitarios\/\"]}]},{\"@type\":\"ImageObject\",\"inLanguage\":\"es\",\"@id\":\"https:\/\/www.noticiasradioreflejos.com.ar\/2021\/se-viene-una-nueva-jornada-de-recepcion-de-envases-vacios-de-fitosanitarios\/#primaryimage\",\"url\":\"\",\"contentUrl\":\"\"},{\"@type\":\"BreadcrumbList\",\"@id\":\"https:\/\/www.noticiasradioreflejos.com.ar\/2021\/se-viene-una-nueva-jornada-de-recepcion-de-envases-vacios-de-fitosanitarios\/#breadcrumb\",\"itemListElement\":[{\"@type\":\"ListItem\",\"position\":1,\"name\":\"Portada\",\"item\":\"https:\/\/www.noticiasradioreflejos.com.ar\/2021\/\"},{\"@type\":\"ListItem\",\"position\":2,\"name\":\"Se viene una nueva jornada de recepci\u00f3n de envases vac\u00edos de fitosanitarios\"}]},{\"@type\":\"WebSite\",\"@id\":\"https:\/\/www.noticiasradioreflejos.com.ar\/2021\/#website\",\"url\":\"https:\/\/www.noticiasradioreflejos.com.ar\/2021\/\",\"name\":\"Noticias Radio Reflejos\",\"description\":\"Las noticias de mi comarca\",\"potentialAction\":[{\"@type\":\"SearchAction\",\"target\":{\"@type\":\"EntryPoint\",\"urlTemplate\":\"https:\/\/www.noticiasradioreflejos.com.ar\/2021\/?s={search_term_string}\"},\"query-input\":{\"@type\":\"PropertyValueSpecification\",\"valueRequired\":true,\"valueName\":\"search_term_string\"}}],\"inLanguage\":\"es\"},{\"@type\":\"Person\",\"@id\":\"https:\/\/www.noticiasradioreflejos.com.ar\/2021\/#\/schema\/person\/ad82545263dcc5ec0996818884fd5fb1\",\"name\":\"Arnaldo Botto\",\"image\":{\"@type\":\"ImageObject\",\"inLanguage\":\"es\",\"@id\":\"https:\/\/www.noticiasradioreflejos.com.ar\/2021\/#\/schema\/person\/image\/\",\"url\":\"https:\/\/secure.gravatar.com\/avatar\/55cb5e37c1efa326397366e6974cb338056df65cb50e7d64d1cf314e87504837?s=96&d=mm&r=g\",\"contentUrl\":\"https:\/\/secure.gravatar.com\/avatar\/55cb5e37c1efa326397366e6974cb338056df65cb50e7d64d1cf314e87504837?s=96&d=mm&r=g\",\"caption\":\"Arnaldo Botto\"},\"url\":\"https:\/\/www.noticiasradioreflejos.com.ar\/2021\/author\/arnaldo\/\"}]}<\/script>\n<!-- \/ Yoast SEO plugin. -->","yoast_head_json":{"title":"Se viene una nueva jornada de recepci\u00f3n de envases vac\u00edos de fitosanitarios - Noticias Radio Reflejos","robots":{"index":"index","follow":"follow","max-snippet":"max-snippet:-1","max-image-preview":"max-image-preview:large","max-video-preview":"max-video-preview:-1"},"canonical":"https:\/\/www.noticiasradioreflejos.com.ar\/2021\/se-viene-una-nueva-jornada-de-recepcion-de-envases-vacios-de-fitosanitarios\/","og_locale":"es_ES","og_type":"article","og_title":"Se viene una nueva jornada de recepci\u00f3n de envases vac\u00edos de fitosanitarios - Noticias Radio Reflejos","og_description":"La Direcci\u00f3n de Medio Ambiente, la Asociaci\u00f3n Campo Limpio y la Asociaci\u00f3n rural de Tornquist, llevaran adelante una nueva campa\u00f1a de recepci\u00f3n de envases vac\u00edos de fitosanitarios.","og_url":"https:\/\/www.noticiasradioreflejos.com.ar\/2021\/se-viene-una-nueva-jornada-de-recepcion-de-envases-vacios-de-fitosanitarios\/","og_site_name":"Noticias Radio Reflejos","article_published_time":"2021-07-22T12:42:30+00:00","og_image":[{"url":"http:\/\/www.noticiasradioreflejos.com.ar\/2021\/wp-content\/uploads\/2021\/07\/Recoleccion-envases.png","type":"","width":"","height":""}],"author":"Arnaldo Botto","twitter_card":"summary_large_image","schema":{"@context":"https:\/\/schema.org","@graph":[{"@type":"WebPage","@id":"https:\/\/www.noticiasradioreflejos.com.ar\/2021\/se-viene-una-nueva-jornada-de-recepcion-de-envases-vacios-de-fitosanitarios\/","url":"https:\/\/www.noticiasradioreflejos.com.ar\/2021\/se-viene-una-nueva-jornada-de-recepcion-de-envases-vacios-de-fitosanitarios\/","name":"Se viene una nueva jornada de recepci\u00f3n de envases vac\u00edos de fitosanitarios - Noticias Radio Reflejos","isPartOf":{"@id":"https:\/\/www.noticiasradioreflejos.com.ar\/2021\/#website"},"primaryImageOfPage":{"@id":"https:\/\/www.noticiasradioreflejos.com.ar\/2021\/se-viene-una-nueva-jornada-de-recepcion-de-envases-vacios-de-fitosanitarios\/#primaryimage"},"image":{"@id":"https:\/\/www.noticiasradioreflejos.com.ar\/2021\/se-viene-una-nueva-jornada-de-recepcion-de-envases-vacios-de-fitosanitarios\/#primaryimage"},"thumbnailUrl":"http:\/\/www.noticiasradioreflejos.com.ar\/2021\/wp-content\/uploads\/2021\/07\/Recoleccion-envases.png","datePublished":"2021-07-22T12:42:30+00:00","author":{"@id":"https:\/\/www.noticiasradioreflejos.com.ar\/2021\/#\/schema\/person\/ad82545263dcc5ec0996818884fd5fb1"},"breadcrumb":{"@id":"https:\/\/www.noticiasradioreflejos.com.ar\/2021\/se-viene-una-nueva-jornada-de-recepcion-de-envases-vacios-de-fitosanitarios\/#breadcrumb"},"inLanguage":"es","potentialAction":[{"@type":"ReadAction","target":["https:\/\/www.noticiasradioreflejos.com.ar\/2021\/se-viene-una-nueva-jornada-de-recepcion-de-envases-vacios-de-fitosanitarios\/"]}]},{"@type":"ImageObject","inLanguage":"es","@id":"https:\/\/www.noticiasradioreflejos.com.ar\/2021\/se-viene-una-nueva-jornada-de-recepcion-de-envases-vacios-de-fitosanitarios\/#primaryimage","url":"","contentUrl":""},{"@type":"BreadcrumbList","@id":"https:\/\/www.noticiasradioreflejos.com.ar\/2021\/se-viene-una-nueva-jornada-de-recepcion-de-envases-vacios-de-fitosanitarios\/#breadcrumb","itemListElement":[{"@type":"ListItem","position":1,"name":"Portada","item":"https:\/\/www.noticiasradioreflejos.com.ar\/2021\/"},{"@type":"ListItem","position":2,"name":"Se viene una nueva jornada de recepci\u00f3n de envases vac\u00edos de fitosanitarios"}]},{"@type":"WebSite","@id":"https:\/\/www.noticiasradioreflejos.com.ar\/2021\/#website","url":"https:\/\/www.noticiasradioreflejos.com.ar\/2021\/","name":"Noticias Radio Reflejos","description":"Las noticias de mi comarca","potentialAction":[{"@type":"SearchAction","target":{"@type":"EntryPoint","urlTemplate":"https:\/\/www.noticiasradioreflejos.com.ar\/2021\/?s={search_term_string}"},"query-input":{"@type":"PropertyValueSpecification","valueRequired":true,"valueName":"search_term_string"}}],"inLanguage":"es"},{"@type":"Person","@id":"https:\/\/www.noticiasradioreflejos.com.ar\/2021\/#\/schema\/person\/ad82545263dcc5ec0996818884fd5fb1","name":"Arnaldo Botto","image":{"@type":"ImageObject","inLanguage":"es","@id":"https:\/\/www.noticiasradioreflejos.com.ar\/2021\/#\/schema\/person\/image\/","url":"https:\/\/secure.gravatar.com\/avatar\/55cb5e37c1efa326397366e6974cb338056df65cb50e7d64d1cf314e87504837?s=96&d=mm&r=g","contentUrl":"https:\/\/secure.gravatar.com\/avatar\/55cb5e37c1efa326397366e6974cb338056df65cb50e7d64d1cf314e87504837?s=96&d=mm&r=g","caption":"Arnaldo Botto"},"url":"https:\/\/www.noticiasradioreflejos.com.ar\/2021\/author\/arnaldo\/"}]}},"_links":{"self":[{"href":"https:\/\/www.noticiasradioreflejos.com.ar\/2021\/wp-json\/wp\/v2\/posts\/60448","targetHints":{"allow":["GET"]}}],"collection":[{"href":"https:\/\/www.noticiasradioreflejos.com.ar\/2021\/wp-json\/wp\/v2\/posts"}],"about":[{"href":"https:\/\/www.noticiasradioreflejos.com.ar\/2021\/wp-json\/wp\/v2\/types\/post"}],"author":[{"embeddable":true,"href":"https:\/\/www.noticiasradioreflejos.com.ar\/2021\/wp-json\/wp\/v2\/users\/3"}],"replies":[{"embeddable":true,"href":"https:\/\/www.noticiasradioreflejos.com.ar\/2021\/wp-json\/wp\/v2\/comments?post=60448"}],"version-history":[{"count":1,"href":"https:\/\/www.noticiasradioreflejos.com.ar\/2021\/wp-json\/wp\/v2\/posts\/60448\/revisions"}],"predecessor-version":[{"id":60450,"href":"https:\/\/www.noticiasradioreflejos.com.ar\/2021\/wp-json\/wp\/v2\/posts\/60448\/revisions\/60450"}],"wp:attachment":[{"href":"https:\/\/www.noticiasradioreflejos.com.ar\/2021\/wp-json\/wp\/v2\/media?parent=60448"}],"wp:term":[{"taxonomy":"category","embeddable":true,"href":"https:\/\/www.noticiasradioreflejos.com.ar\/2021\/wp-json\/wp\/v2\/categories?post=60448"},{"taxonomy":"post_tag","embeddable":true,"href":"https:\/\/www.noticiasradioreflejos.com.ar\/2021\/wp-json\/wp\/v2\/tags?post=60448"}],"curies":[{"name":"wp","href":"https:\/\/api.w.org\/{rel}","templated":true}]}}