{"id":60419,"date":"2021-07-21T17:28:40","date_gmt":"2021-07-21T17:28:40","guid":{"rendered":"http:\/\/www.noticiasradioreflejos.com.ar\/2021\/?p=60419"},"modified":"2021-07-21T17:28:40","modified_gmt":"2021-07-21T17:28:40","slug":"comenzo-la-forestacion-de-la-calle-ernesto-tornquist-de-sierra-de-la-ventana","status":"publish","type":"post","link":"https:\/\/www.noticiasradioreflejos.com.ar\/2021\/comenzo-la-forestacion-de-la-calle-ernesto-tornquist-de-sierra-de-la-ventana\/","title":{"rendered":"Comenz\u00f3 la forestaci\u00f3n de la calle Ernesto Tornquist de Sierra de la Ventana"},"content":{"rendered":"<p>Con la plantaci\u00f3n de 30 ejemplares, la delegaci\u00f3n comunal y la Direcci\u00f3n de Medio Ambiente comenzaron en Sierra de la Ventana con la forestaci\u00f3n de la calle Ernesto Tornquist.<!--more--><\/p>\n<p>Se trata de la especie Acer saccarimun, que es colocada en direcci\u00f3n al dique sobre la mano izquierda, en el marco de la \u00faltima etapa del plan de obras que la actual gesti\u00f3n de gobierno municipal ejecuta sobre la mencionada arteria entre Av. San Mart\u00edn y Frontini, y de esta \u00faltima entre Ernesto Tornquist y Galileo Galilei.<\/p>\n<p>Los trabajos adem\u00e1s incluyeron: extracci\u00f3n de ejemplares emplazados sobre la calzada, ejecuci\u00f3n de la red subterr\u00e1nea de desag\u00fces pluviales, construcci\u00f3n de badenes, cordones y bocas de tormenta, y la pavimentaci\u00f3n.<\/p>\n<p>&nbsp;<\/p>\n<p>&nbsp;<\/p>\n","protected":false},"excerpt":{"rendered":"<p>Con la plantaci\u00f3n de 30 ejemplares, la delegaci\u00f3n comunal y la Direcci\u00f3n de Medio Ambiente comenzaron en Sierra de la Ventana con la forestaci\u00f3n de la calle Ernesto Tornquist.<\/p>\n","protected":false},"author":3,"featured_media":0,"comment_status":"closed","ping_status":"closed","sticky":false,"template":"","format":"standard","meta":{"footnotes":""},"categories":[28],"tags":[],"class_list":["post-60419","post","type-post","status-publish","format-standard","hentry","category-municipales"],"yoast_head":"<!-- This site is optimized with the Yoast SEO plugin v25.9 - https:\/\/yoast.com\/wordpress\/plugins\/seo\/ -->\n<title>Comenz\u00f3 la forestaci\u00f3n de la calle Ernesto Tornquist de Sierra de la Ventana - Noticias Radio Reflejos<\/title>\n<meta name=\"robots\" content=\"index, follow, max-snippet:-1, max-image-preview:large, max-video-preview:-1\" \/>\n<link rel=\"canonical\" href=\"https:\/\/www.noticiasradioreflejos.com.ar\/2021\/comenzo-la-forestacion-de-la-calle-ernesto-tornquist-de-sierra-de-la-ventana\/\" \/>\n<meta property=\"og:locale\" content=\"es_ES\" \/>\n<meta property=\"og:type\" content=\"article\" \/>\n<meta property=\"og:title\" content=\"Comenz\u00f3 la forestaci\u00f3n de la calle Ernesto Tornquist de Sierra de la Ventana - Noticias Radio Reflejos\" \/>\n<meta property=\"og:description\" content=\"Con la plantaci\u00f3n de 30 ejemplares, la delegaci\u00f3n comunal y la Direcci\u00f3n de Medio Ambiente comenzaron en Sierra de la Ventana con la forestaci\u00f3n de la calle Ernesto Tornquist.\" \/>\n<meta property=\"og:url\" content=\"https:\/\/www.noticiasradioreflejos.com.ar\/2021\/comenzo-la-forestacion-de-la-calle-ernesto-tornquist-de-sierra-de-la-ventana\/\" \/>\n<meta property=\"og:site_name\" content=\"Noticias Radio Reflejos\" \/>\n<meta property=\"article:published_time\" content=\"2021-07-21T17:28:40+00:00\" \/>\n<meta property=\"og:image\" content=\"https:\/\/www.noticiasradioreflejos.com.ar\/2021\/wp-content\/uploads\/2021\/07\/logosol300x200.png\" \/>\n\t<meta property=\"og:image:width\" content=\"300\" \/>\n\t<meta property=\"og:image:height\" content=\"200\" \/>\n\t<meta property=\"og:image:type\" content=\"image\/png\" \/>\n<meta name=\"author\" content=\"Arnaldo Botto\" \/>\n<meta name=\"twitter:card\" content=\"summary_large_image\" \/>\n<script type=\"application\/ld+json\" class=\"yoast-schema-graph\">{\"@context\":\"https:\/\/schema.org\",\"@graph\":[{\"@type\":\"WebPage\",\"@id\":\"https:\/\/www.noticiasradioreflejos.com.ar\/2021\/comenzo-la-forestacion-de-la-calle-ernesto-tornquist-de-sierra-de-la-ventana\/\",\"url\":\"https:\/\/www.noticiasradioreflejos.com.ar\/2021\/comenzo-la-forestacion-de-la-calle-ernesto-tornquist-de-sierra-de-la-ventana\/\",\"name\":\"Comenz\u00f3 la forestaci\u00f3n de la calle Ernesto Tornquist de Sierra de la Ventana - Noticias Radio Reflejos\",\"isPartOf\":{\"@id\":\"https:\/\/www.noticiasradioreflejos.com.ar\/2021\/#website\"},\"datePublished\":\"2021-07-21T17:28:40+00:00\",\"author\":{\"@id\":\"https:\/\/www.noticiasradioreflejos.com.ar\/2021\/#\/schema\/person\/ad82545263dcc5ec0996818884fd5fb1\"},\"breadcrumb\":{\"@id\":\"https:\/\/www.noticiasradioreflejos.com.ar\/2021\/comenzo-la-forestacion-de-la-calle-ernesto-tornquist-de-sierra-de-la-ventana\/#breadcrumb\"},\"inLanguage\":\"es\",\"potentialAction\":[{\"@type\":\"ReadAction\",\"target\":[\"https:\/\/www.noticiasradioreflejos.com.ar\/2021\/comenzo-la-forestacion-de-la-calle-ernesto-tornquist-de-sierra-de-la-ventana\/\"]}]},{\"@type\":\"BreadcrumbList\",\"@id\":\"https:\/\/www.noticiasradioreflejos.com.ar\/2021\/comenzo-la-forestacion-de-la-calle-ernesto-tornquist-de-sierra-de-la-ventana\/#breadcrumb\",\"itemListElement\":[{\"@type\":\"ListItem\",\"position\":1,\"name\":\"Portada\",\"item\":\"https:\/\/www.noticiasradioreflejos.com.ar\/2021\/\"},{\"@type\":\"ListItem\",\"position\":2,\"name\":\"Comenz\u00f3 la forestaci\u00f3n de la calle Ernesto Tornquist de Sierra de la Ventana\"}]},{\"@type\":\"WebSite\",\"@id\":\"https:\/\/www.noticiasradioreflejos.com.ar\/2021\/#website\",\"url\":\"https:\/\/www.noticiasradioreflejos.com.ar\/2021\/\",\"name\":\"Noticias Radio Reflejos\",\"description\":\"Las noticias de mi comarca\",\"potentialAction\":[{\"@type\":\"SearchAction\",\"target\":{\"@type\":\"EntryPoint\",\"urlTemplate\":\"https:\/\/www.noticiasradioreflejos.com.ar\/2021\/?s={search_term_string}\"},\"query-input\":{\"@type\":\"PropertyValueSpecification\",\"valueRequired\":true,\"valueName\":\"search_term_string\"}}],\"inLanguage\":\"es\"},{\"@type\":\"Person\",\"@id\":\"https:\/\/www.noticiasradioreflejos.com.ar\/2021\/#\/schema\/person\/ad82545263dcc5ec0996818884fd5fb1\",\"name\":\"Arnaldo Botto\",\"image\":{\"@type\":\"ImageObject\",\"inLanguage\":\"es\",\"@id\":\"https:\/\/www.noticiasradioreflejos.com.ar\/2021\/#\/schema\/person\/image\/\",\"url\":\"https:\/\/secure.gravatar.com\/avatar\/55cb5e37c1efa326397366e6974cb338056df65cb50e7d64d1cf314e87504837?s=96&d=mm&r=g\",\"contentUrl\":\"https:\/\/secure.gravatar.com\/avatar\/55cb5e37c1efa326397366e6974cb338056df65cb50e7d64d1cf314e87504837?s=96&d=mm&r=g\",\"caption\":\"Arnaldo Botto\"},\"url\":\"https:\/\/www.noticiasradioreflejos.com.ar\/2021\/author\/arnaldo\/\"}]}<\/script>\n<!-- \/ Yoast SEO plugin. -->","yoast_head_json":{"title":"Comenz\u00f3 la forestaci\u00f3n de la calle Ernesto Tornquist de Sierra de la Ventana - Noticias Radio Reflejos","robots":{"index":"index","follow":"follow","max-snippet":"max-snippet:-1","max-image-preview":"max-image-preview:large","max-video-preview":"max-video-preview:-1"},"canonical":"https:\/\/www.noticiasradioreflejos.com.ar\/2021\/comenzo-la-forestacion-de-la-calle-ernesto-tornquist-de-sierra-de-la-ventana\/","og_locale":"es_ES","og_type":"article","og_title":"Comenz\u00f3 la forestaci\u00f3n de la calle Ernesto Tornquist de Sierra de la Ventana - Noticias Radio Reflejos","og_description":"Con la plantaci\u00f3n de 30 ejemplares, la delegaci\u00f3n comunal y la Direcci\u00f3n de Medio Ambiente comenzaron en Sierra de la Ventana con la forestaci\u00f3n de la calle Ernesto Tornquist.","og_url":"https:\/\/www.noticiasradioreflejos.com.ar\/2021\/comenzo-la-forestacion-de-la-calle-ernesto-tornquist-de-sierra-de-la-ventana\/","og_site_name":"Noticias Radio Reflejos","article_published_time":"2021-07-21T17:28:40+00:00","og_image":[{"width":300,"height":200,"url":"https:\/\/www.noticiasradioreflejos.com.ar\/2021\/wp-content\/uploads\/2021\/07\/logosol300x200.png","type":"image\/png"}],"author":"Arnaldo Botto","twitter_card":"summary_large_image","schema":{"@context":"https:\/\/schema.org","@graph":[{"@type":"WebPage","@id":"https:\/\/www.noticiasradioreflejos.com.ar\/2021\/comenzo-la-forestacion-de-la-calle-ernesto-tornquist-de-sierra-de-la-ventana\/","url":"https:\/\/www.noticiasradioreflejos.com.ar\/2021\/comenzo-la-forestacion-de-la-calle-ernesto-tornquist-de-sierra-de-la-ventana\/","name":"Comenz\u00f3 la forestaci\u00f3n de la calle Ernesto Tornquist de Sierra de la Ventana - Noticias Radio Reflejos","isPartOf":{"@id":"https:\/\/www.noticiasradioreflejos.com.ar\/2021\/#website"},"datePublished":"2021-07-21T17:28:40+00:00","author":{"@id":"https:\/\/www.noticiasradioreflejos.com.ar\/2021\/#\/schema\/person\/ad82545263dcc5ec0996818884fd5fb1"},"breadcrumb":{"@id":"https:\/\/www.noticiasradioreflejos.com.ar\/2021\/comenzo-la-forestacion-de-la-calle-ernesto-tornquist-de-sierra-de-la-ventana\/#breadcrumb"},"inLanguage":"es","potentialAction":[{"@type":"ReadAction","target":["https:\/\/www.noticiasradioreflejos.com.ar\/2021\/comenzo-la-forestacion-de-la-calle-ernesto-tornquist-de-sierra-de-la-ventana\/"]}]},{"@type":"BreadcrumbList","@id":"https:\/\/www.noticiasradioreflejos.com.ar\/2021\/comenzo-la-forestacion-de-la-calle-ernesto-tornquist-de-sierra-de-la-ventana\/#breadcrumb","itemListElement":[{"@type":"ListItem","position":1,"name":"Portada","item":"https:\/\/www.noticiasradioreflejos.com.ar\/2021\/"},{"@type":"ListItem","position":2,"name":"Comenz\u00f3 la forestaci\u00f3n de la calle Ernesto Tornquist de Sierra de la Ventana"}]},{"@type":"WebSite","@id":"https:\/\/www.noticiasradioreflejos.com.ar\/2021\/#website","url":"https:\/\/www.noticiasradioreflejos.com.ar\/2021\/","name":"Noticias Radio Reflejos","description":"Las noticias de mi comarca","potentialAction":[{"@type":"SearchAction","target":{"@type":"EntryPoint","urlTemplate":"https:\/\/www.noticiasradioreflejos.com.ar\/2021\/?s={search_term_string}"},"query-input":{"@type":"PropertyValueSpecification","valueRequired":true,"valueName":"search_term_string"}}],"inLanguage":"es"},{"@type":"Person","@id":"https:\/\/www.noticiasradioreflejos.com.ar\/2021\/#\/schema\/person\/ad82545263dcc5ec0996818884fd5fb1","name":"Arnaldo Botto","image":{"@type":"ImageObject","inLanguage":"es","@id":"https:\/\/www.noticiasradioreflejos.com.ar\/2021\/#\/schema\/person\/image\/","url":"https:\/\/secure.gravatar.com\/avatar\/55cb5e37c1efa326397366e6974cb338056df65cb50e7d64d1cf314e87504837?s=96&d=mm&r=g","contentUrl":"https:\/\/secure.gravatar.com\/avatar\/55cb5e37c1efa326397366e6974cb338056df65cb50e7d64d1cf314e87504837?s=96&d=mm&r=g","caption":"Arnaldo Botto"},"url":"https:\/\/www.noticiasradioreflejos.com.ar\/2021\/author\/arnaldo\/"}]}},"_links":{"self":[{"href":"https:\/\/www.noticiasradioreflejos.com.ar\/2021\/wp-json\/wp\/v2\/posts\/60419","targetHints":{"allow":["GET"]}}],"collection":[{"href":"https:\/\/www.noticiasradioreflejos.com.ar\/2021\/wp-json\/wp\/v2\/posts"}],"about":[{"href":"https:\/\/www.noticiasradioreflejos.com.ar\/2021\/wp-json\/wp\/v2\/types\/post"}],"author":[{"embeddable":true,"href":"https:\/\/www.noticiasradioreflejos.com.ar\/2021\/wp-json\/wp\/v2\/users\/3"}],"replies":[{"embeddable":true,"href":"https:\/\/www.noticiasradioreflejos.com.ar\/2021\/wp-json\/wp\/v2\/comments?post=60419"}],"version-history":[{"count":1,"href":"https:\/\/www.noticiasradioreflejos.com.ar\/2021\/wp-json\/wp\/v2\/posts\/60419\/revisions"}],"predecessor-version":[{"id":60421,"href":"https:\/\/www.noticiasradioreflejos.com.ar\/2021\/wp-json\/wp\/v2\/posts\/60419\/revisions\/60421"}],"wp:attachment":[{"href":"https:\/\/www.noticiasradioreflejos.com.ar\/2021\/wp-json\/wp\/v2\/media?parent=60419"}],"wp:term":[{"taxonomy":"category","embeddable":true,"href":"https:\/\/www.noticiasradioreflejos.com.ar\/2021\/wp-json\/wp\/v2\/categories?post=60419"},{"taxonomy":"post_tag","embeddable":true,"href":"https:\/\/www.noticiasradioreflejos.com.ar\/2021\/wp-json\/wp\/v2\/tags?post=60419"}],"curies":[{"name":"wp","href":"https:\/\/api.w.org\/{rel}","templated":true}]}}