{"id":60335,"date":"2021-07-19T23:03:22","date_gmt":"2021-07-19T23:03:22","guid":{"rendered":"http:\/\/www.noticiasradioreflejos.com.ar\/2021\/?p=60335"},"modified":"2021-07-19T23:03:22","modified_gmt":"2021-07-19T23:03:22","slug":"llegaron-mas-de-13-millon-de-dosis-de-la-vacuna-astrazeneca-desde-estados-unidos","status":"publish","type":"post","link":"https:\/\/www.noticiasradioreflejos.com.ar\/2021\/llegaron-mas-de-13-millon-de-dosis-de-la-vacuna-astrazeneca-desde-estados-unidos\/","title":{"rendered":"Llegaron m\u00e1s de 1,3 mill\u00f3n de dosis de la vacuna AstraZeneca desde Estados Unidos"},"content":{"rendered":"<div class=\"head-section clearfix\"><\/div>\n<div class=\"head-content\">\n<div class=\"data\">\n<p>El Boeing de la empresa Latam Cargo Colombia aterriz\u00f3 a las 18.57 en el aeropuerto internacional de Ezeiza con 1.349.700 dosis del suero cuyo componente activo se produce en el pa\u00eds.<\/p>\n<\/div>\n<\/div>\n<p><!--more--><\/p>\n<div class=\"main-content-block\">\n<div class=\"main-box clearfix\">\n<div class=\"wrapper-main-section clearfix\">\n<div class=\"wrapper-editable-content\">\n<div class=\"editable-content clearfix\">\n<div id=\"image\" class=\"image\"><img decoding=\"async\" title=\"\" src=\"https:\/\/www.telam.com.ar\/advf\/imagenes\/2021\/07\/60ec39a5cfc55_1004x565.jpg\" alt=\"\" \/><\/div>\n<p>Un vuelo con m\u00e1s de 1,3 mill\u00f3n de dosis de la vacuna AstraZeneca lleg\u00f3 esta tarde al pa\u00eds proveniente de los Estados Unidos, para continuar sumando inmunizadores al Plan Estrat\u00e9gico de Vacunaci\u00f3n contra la Covid-19.<\/p><\/div>\n<div class=\"editable-content clearfix\">\n<p>El Boeing 767-300 de la empresa Latam Cargo Colombia, con el n\u00famero de vuelo UC1101, aterriz\u00f3 a las 18.57 en el aeropuerto internacional de Ezeiza con 1.349.700 dosis del suero desarrollado en conjunto por la Universidad de Oxford y el laboratorio AstraZeneca, y cuyo componente activo se produce en el pa\u00eds.<\/p><\/div>\n<\/div>\n<\/div>\n<\/div>\n<\/div>\n","protected":false},"excerpt":{"rendered":"<p>El Boeing de la empresa Latam Cargo Colombia aterriz\u00f3 a las 18.57 en el aeropuerto internacional de Ezeiza con 1.349.700 dosis del suero cuyo componente activo se produce en el pa\u00eds.<\/p>\n","protected":false},"author":3,"featured_media":0,"comment_status":"closed","ping_status":"closed","sticky":false,"template":"","format":"standard","meta":{"footnotes":""},"categories":[24],"tags":[],"class_list":["post-60335","post","type-post","status-publish","format-standard","hentry","category-politica"],"yoast_head":"<!-- This site is optimized with the Yoast SEO plugin v25.9 - https:\/\/yoast.com\/wordpress\/plugins\/seo\/ -->\n<title>Llegaron m\u00e1s de 1,3 mill\u00f3n de dosis de la vacuna AstraZeneca desde Estados Unidos - Noticias Radio Reflejos<\/title>\n<meta name=\"robots\" content=\"index, follow, max-snippet:-1, max-image-preview:large, max-video-preview:-1\" \/>\n<link rel=\"canonical\" href=\"https:\/\/www.noticiasradioreflejos.com.ar\/2021\/llegaron-mas-de-13-millon-de-dosis-de-la-vacuna-astrazeneca-desde-estados-unidos\/\" \/>\n<meta property=\"og:locale\" content=\"es_ES\" \/>\n<meta property=\"og:type\" content=\"article\" \/>\n<meta property=\"og:title\" content=\"Llegaron m\u00e1s de 1,3 mill\u00f3n de dosis de la vacuna AstraZeneca desde Estados Unidos - Noticias Radio Reflejos\" \/>\n<meta property=\"og:description\" content=\"El Boeing de la empresa Latam Cargo Colombia aterriz\u00f3 a las 18.57 en el aeropuerto internacional de Ezeiza con 1.349.700 dosis del suero cuyo componente activo se produce en el pa\u00eds.\" \/>\n<meta property=\"og:url\" content=\"https:\/\/www.noticiasradioreflejos.com.ar\/2021\/llegaron-mas-de-13-millon-de-dosis-de-la-vacuna-astrazeneca-desde-estados-unidos\/\" \/>\n<meta property=\"og:site_name\" content=\"Noticias Radio Reflejos\" \/>\n<meta property=\"article:published_time\" content=\"2021-07-19T23:03:22+00:00\" \/>\n<meta property=\"og:image\" content=\"https:\/\/www.telam.com.ar\/advf\/imagenes\/2021\/07\/60ec39a5cfc55_1004x565.jpg\" \/>\n<meta name=\"author\" content=\"Arnaldo Botto\" \/>\n<meta name=\"twitter:card\" content=\"summary_large_image\" \/>\n<script type=\"application\/ld+json\" class=\"yoast-schema-graph\">{\"@context\":\"https:\/\/schema.org\",\"@graph\":[{\"@type\":\"WebPage\",\"@id\":\"https:\/\/www.noticiasradioreflejos.com.ar\/2021\/llegaron-mas-de-13-millon-de-dosis-de-la-vacuna-astrazeneca-desde-estados-unidos\/\",\"url\":\"https:\/\/www.noticiasradioreflejos.com.ar\/2021\/llegaron-mas-de-13-millon-de-dosis-de-la-vacuna-astrazeneca-desde-estados-unidos\/\",\"name\":\"Llegaron m\u00e1s de 1,3 mill\u00f3n de dosis de la vacuna AstraZeneca desde Estados Unidos - Noticias Radio Reflejos\",\"isPartOf\":{\"@id\":\"https:\/\/www.noticiasradioreflejos.com.ar\/2021\/#website\"},\"primaryImageOfPage\":{\"@id\":\"https:\/\/www.noticiasradioreflejos.com.ar\/2021\/llegaron-mas-de-13-millon-de-dosis-de-la-vacuna-astrazeneca-desde-estados-unidos\/#primaryimage\"},\"image\":{\"@id\":\"https:\/\/www.noticiasradioreflejos.com.ar\/2021\/llegaron-mas-de-13-millon-de-dosis-de-la-vacuna-astrazeneca-desde-estados-unidos\/#primaryimage\"},\"thumbnailUrl\":\"https:\/\/www.telam.com.ar\/advf\/imagenes\/2021\/07\/60ec39a5cfc55_1004x565.jpg\",\"datePublished\":\"2021-07-19T23:03:22+00:00\",\"author\":{\"@id\":\"https:\/\/www.noticiasradioreflejos.com.ar\/2021\/#\/schema\/person\/ad82545263dcc5ec0996818884fd5fb1\"},\"breadcrumb\":{\"@id\":\"https:\/\/www.noticiasradioreflejos.com.ar\/2021\/llegaron-mas-de-13-millon-de-dosis-de-la-vacuna-astrazeneca-desde-estados-unidos\/#breadcrumb\"},\"inLanguage\":\"es\",\"potentialAction\":[{\"@type\":\"ReadAction\",\"target\":[\"https:\/\/www.noticiasradioreflejos.com.ar\/2021\/llegaron-mas-de-13-millon-de-dosis-de-la-vacuna-astrazeneca-desde-estados-unidos\/\"]}]},{\"@type\":\"ImageObject\",\"inLanguage\":\"es\",\"@id\":\"https:\/\/www.noticiasradioreflejos.com.ar\/2021\/llegaron-mas-de-13-millon-de-dosis-de-la-vacuna-astrazeneca-desde-estados-unidos\/#primaryimage\",\"url\":\"https:\/\/www.telam.com.ar\/advf\/imagenes\/2021\/07\/60ec39a5cfc55_1004x565.jpg\",\"contentUrl\":\"https:\/\/www.telam.com.ar\/advf\/imagenes\/2021\/07\/60ec39a5cfc55_1004x565.jpg\"},{\"@type\":\"BreadcrumbList\",\"@id\":\"https:\/\/www.noticiasradioreflejos.com.ar\/2021\/llegaron-mas-de-13-millon-de-dosis-de-la-vacuna-astrazeneca-desde-estados-unidos\/#breadcrumb\",\"itemListElement\":[{\"@type\":\"ListItem\",\"position\":1,\"name\":\"Portada\",\"item\":\"https:\/\/www.noticiasradioreflejos.com.ar\/2021\/\"},{\"@type\":\"ListItem\",\"position\":2,\"name\":\"Llegaron m\u00e1s de 1,3 mill\u00f3n de dosis de la vacuna AstraZeneca desde Estados Unidos\"}]},{\"@type\":\"WebSite\",\"@id\":\"https:\/\/www.noticiasradioreflejos.com.ar\/2021\/#website\",\"url\":\"https:\/\/www.noticiasradioreflejos.com.ar\/2021\/\",\"name\":\"Noticias Radio Reflejos\",\"description\":\"Las noticias de mi comarca\",\"potentialAction\":[{\"@type\":\"SearchAction\",\"target\":{\"@type\":\"EntryPoint\",\"urlTemplate\":\"https:\/\/www.noticiasradioreflejos.com.ar\/2021\/?s={search_term_string}\"},\"query-input\":{\"@type\":\"PropertyValueSpecification\",\"valueRequired\":true,\"valueName\":\"search_term_string\"}}],\"inLanguage\":\"es\"},{\"@type\":\"Person\",\"@id\":\"https:\/\/www.noticiasradioreflejos.com.ar\/2021\/#\/schema\/person\/ad82545263dcc5ec0996818884fd5fb1\",\"name\":\"Arnaldo Botto\",\"image\":{\"@type\":\"ImageObject\",\"inLanguage\":\"es\",\"@id\":\"https:\/\/www.noticiasradioreflejos.com.ar\/2021\/#\/schema\/person\/image\/\",\"url\":\"https:\/\/secure.gravatar.com\/avatar\/55cb5e37c1efa326397366e6974cb338056df65cb50e7d64d1cf314e87504837?s=96&d=mm&r=g\",\"contentUrl\":\"https:\/\/secure.gravatar.com\/avatar\/55cb5e37c1efa326397366e6974cb338056df65cb50e7d64d1cf314e87504837?s=96&d=mm&r=g\",\"caption\":\"Arnaldo Botto\"},\"url\":\"https:\/\/www.noticiasradioreflejos.com.ar\/2021\/author\/arnaldo\/\"}]}<\/script>\n<!-- \/ Yoast SEO plugin. -->","yoast_head_json":{"title":"Llegaron m\u00e1s de 1,3 mill\u00f3n de dosis de la vacuna AstraZeneca desde Estados Unidos - Noticias Radio Reflejos","robots":{"index":"index","follow":"follow","max-snippet":"max-snippet:-1","max-image-preview":"max-image-preview:large","max-video-preview":"max-video-preview:-1"},"canonical":"https:\/\/www.noticiasradioreflejos.com.ar\/2021\/llegaron-mas-de-13-millon-de-dosis-de-la-vacuna-astrazeneca-desde-estados-unidos\/","og_locale":"es_ES","og_type":"article","og_title":"Llegaron m\u00e1s de 1,3 mill\u00f3n de dosis de la vacuna AstraZeneca desde Estados Unidos - Noticias Radio Reflejos","og_description":"El Boeing de la empresa Latam Cargo Colombia aterriz\u00f3 a las 18.57 en el aeropuerto internacional de Ezeiza con 1.349.700 dosis del suero cuyo componente activo se produce en el pa\u00eds.","og_url":"https:\/\/www.noticiasradioreflejos.com.ar\/2021\/llegaron-mas-de-13-millon-de-dosis-de-la-vacuna-astrazeneca-desde-estados-unidos\/","og_site_name":"Noticias Radio Reflejos","article_published_time":"2021-07-19T23:03:22+00:00","og_image":[{"url":"https:\/\/www.telam.com.ar\/advf\/imagenes\/2021\/07\/60ec39a5cfc55_1004x565.jpg","type":"","width":"","height":""}],"author":"Arnaldo Botto","twitter_card":"summary_large_image","schema":{"@context":"https:\/\/schema.org","@graph":[{"@type":"WebPage","@id":"https:\/\/www.noticiasradioreflejos.com.ar\/2021\/llegaron-mas-de-13-millon-de-dosis-de-la-vacuna-astrazeneca-desde-estados-unidos\/","url":"https:\/\/www.noticiasradioreflejos.com.ar\/2021\/llegaron-mas-de-13-millon-de-dosis-de-la-vacuna-astrazeneca-desde-estados-unidos\/","name":"Llegaron m\u00e1s de 1,3 mill\u00f3n de dosis de la vacuna AstraZeneca desde Estados Unidos - Noticias Radio Reflejos","isPartOf":{"@id":"https:\/\/www.noticiasradioreflejos.com.ar\/2021\/#website"},"primaryImageOfPage":{"@id":"https:\/\/www.noticiasradioreflejos.com.ar\/2021\/llegaron-mas-de-13-millon-de-dosis-de-la-vacuna-astrazeneca-desde-estados-unidos\/#primaryimage"},"image":{"@id":"https:\/\/www.noticiasradioreflejos.com.ar\/2021\/llegaron-mas-de-13-millon-de-dosis-de-la-vacuna-astrazeneca-desde-estados-unidos\/#primaryimage"},"thumbnailUrl":"https:\/\/www.telam.com.ar\/advf\/imagenes\/2021\/07\/60ec39a5cfc55_1004x565.jpg","datePublished":"2021-07-19T23:03:22+00:00","author":{"@id":"https:\/\/www.noticiasradioreflejos.com.ar\/2021\/#\/schema\/person\/ad82545263dcc5ec0996818884fd5fb1"},"breadcrumb":{"@id":"https:\/\/www.noticiasradioreflejos.com.ar\/2021\/llegaron-mas-de-13-millon-de-dosis-de-la-vacuna-astrazeneca-desde-estados-unidos\/#breadcrumb"},"inLanguage":"es","potentialAction":[{"@type":"ReadAction","target":["https:\/\/www.noticiasradioreflejos.com.ar\/2021\/llegaron-mas-de-13-millon-de-dosis-de-la-vacuna-astrazeneca-desde-estados-unidos\/"]}]},{"@type":"ImageObject","inLanguage":"es","@id":"https:\/\/www.noticiasradioreflejos.com.ar\/2021\/llegaron-mas-de-13-millon-de-dosis-de-la-vacuna-astrazeneca-desde-estados-unidos\/#primaryimage","url":"https:\/\/www.telam.com.ar\/advf\/imagenes\/2021\/07\/60ec39a5cfc55_1004x565.jpg","contentUrl":"https:\/\/www.telam.com.ar\/advf\/imagenes\/2021\/07\/60ec39a5cfc55_1004x565.jpg"},{"@type":"BreadcrumbList","@id":"https:\/\/www.noticiasradioreflejos.com.ar\/2021\/llegaron-mas-de-13-millon-de-dosis-de-la-vacuna-astrazeneca-desde-estados-unidos\/#breadcrumb","itemListElement":[{"@type":"ListItem","position":1,"name":"Portada","item":"https:\/\/www.noticiasradioreflejos.com.ar\/2021\/"},{"@type":"ListItem","position":2,"name":"Llegaron m\u00e1s de 1,3 mill\u00f3n de dosis de la vacuna AstraZeneca desde Estados Unidos"}]},{"@type":"WebSite","@id":"https:\/\/www.noticiasradioreflejos.com.ar\/2021\/#website","url":"https:\/\/www.noticiasradioreflejos.com.ar\/2021\/","name":"Noticias Radio Reflejos","description":"Las noticias de mi comarca","potentialAction":[{"@type":"SearchAction","target":{"@type":"EntryPoint","urlTemplate":"https:\/\/www.noticiasradioreflejos.com.ar\/2021\/?s={search_term_string}"},"query-input":{"@type":"PropertyValueSpecification","valueRequired":true,"valueName":"search_term_string"}}],"inLanguage":"es"},{"@type":"Person","@id":"https:\/\/www.noticiasradioreflejos.com.ar\/2021\/#\/schema\/person\/ad82545263dcc5ec0996818884fd5fb1","name":"Arnaldo Botto","image":{"@type":"ImageObject","inLanguage":"es","@id":"https:\/\/www.noticiasradioreflejos.com.ar\/2021\/#\/schema\/person\/image\/","url":"https:\/\/secure.gravatar.com\/avatar\/55cb5e37c1efa326397366e6974cb338056df65cb50e7d64d1cf314e87504837?s=96&d=mm&r=g","contentUrl":"https:\/\/secure.gravatar.com\/avatar\/55cb5e37c1efa326397366e6974cb338056df65cb50e7d64d1cf314e87504837?s=96&d=mm&r=g","caption":"Arnaldo Botto"},"url":"https:\/\/www.noticiasradioreflejos.com.ar\/2021\/author\/arnaldo\/"}]}},"_links":{"self":[{"href":"https:\/\/www.noticiasradioreflejos.com.ar\/2021\/wp-json\/wp\/v2\/posts\/60335","targetHints":{"allow":["GET"]}}],"collection":[{"href":"https:\/\/www.noticiasradioreflejos.com.ar\/2021\/wp-json\/wp\/v2\/posts"}],"about":[{"href":"https:\/\/www.noticiasradioreflejos.com.ar\/2021\/wp-json\/wp\/v2\/types\/post"}],"author":[{"embeddable":true,"href":"https:\/\/www.noticiasradioreflejos.com.ar\/2021\/wp-json\/wp\/v2\/users\/3"}],"replies":[{"embeddable":true,"href":"https:\/\/www.noticiasradioreflejos.com.ar\/2021\/wp-json\/wp\/v2\/comments?post=60335"}],"version-history":[{"count":1,"href":"https:\/\/www.noticiasradioreflejos.com.ar\/2021\/wp-json\/wp\/v2\/posts\/60335\/revisions"}],"predecessor-version":[{"id":60337,"href":"https:\/\/www.noticiasradioreflejos.com.ar\/2021\/wp-json\/wp\/v2\/posts\/60335\/revisions\/60337"}],"wp:attachment":[{"href":"https:\/\/www.noticiasradioreflejos.com.ar\/2021\/wp-json\/wp\/v2\/media?parent=60335"}],"wp:term":[{"taxonomy":"category","embeddable":true,"href":"https:\/\/www.noticiasradioreflejos.com.ar\/2021\/wp-json\/wp\/v2\/categories?post=60335"},{"taxonomy":"post_tag","embeddable":true,"href":"https:\/\/www.noticiasradioreflejos.com.ar\/2021\/wp-json\/wp\/v2\/tags?post=60335"}],"curies":[{"name":"wp","href":"https:\/\/api.w.org\/{rel}","templated":true}]}}