{"id":60267,"date":"2021-07-18T13:58:46","date_gmt":"2021-07-18T13:58:46","guid":{"rendered":"http:\/\/www.noticiasradioreflejos.com.ar\/2021\/?p=60267"},"modified":"2021-07-18T13:58:46","modified_gmt":"2021-07-18T13:58:46","slug":"los-frentes-definen-a-sus-precandidatos-a-una-semana-del-cierre-de-listas","status":"publish","type":"post","link":"https:\/\/www.noticiasradioreflejos.com.ar\/2021\/los-frentes-definen-a-sus-precandidatos-a-una-semana-del-cierre-de-listas\/","title":{"rendered":"Los frentes definen a sus precandidatos a una semana del cierre de listas"},"content":{"rendered":"<div class=\"head-content\">\n<p>Las dos coaliciones principales lograron mantener la cohesi\u00f3n de sus alianzas en la mayor\u00eda de los distritos, en una r\u00e9plica de los armados con los que compitieron en las elecciones presidenciales de 2019.<\/p>\n<\/div>\n<p><!--more--><\/p>\n<div class=\"main-content-block\">\n<div class=\"main-box clearfix\">\n<div class=\"wrapper-main-section clearfix\">\n<div class=\"wrapper-editable-content\">\n<div class=\"editable-content clearfix\">\n<div id=\"image\" class=\"image\"><img decoding=\"async\" title=\"En la provincia de Buenos Aires, el distrito m\u00e1s populoso del pa\u00eds y que representa el 40% del padr\u00f3n electoral, el FdT ratific\u00f3 su alianza de fuerzas, con el PJ a la cabeza\" src=\"https:\/\/www.telam.com.ar\/advf\/imagenes\/2021\/03\/6050e54e85e9d_1004x565.jpg\" alt=\"En la provincia de Buenos Aires, el distrito m\u00e1s populoso del pa\u00eds y que representa el 40% del padr\u00f3n electoral, el FdT ratific\u00f3 su alianza de fuerzas, con el PJ a la cabeza\" \/><\/p>\n<div class=\"epigrafe\">En la provincia de Buenos Aires, el distrito m\u00e1s populoso del pa\u00eds y que representa el 40% del padr\u00f3n electoral, el FdT ratific\u00f3 su alianza de fuerzas, con el PJ a la cabeza<\/div>\n<\/div>\n<p>Los frentes que competir\u00e1n en las primarias abiertas, simult\u00e1neas y obligatorias del 12 de septiembre y las elecciones legislativas del 14 de noviembre inscribieron sus alianzas para participar de la compulsa y se encuentran\u00a0<strong>definiendo los nombres de los precandidatos a la C\u00e1mara de Diputados y el Senado, a una semana del vencimiento del plazo para la presentaci\u00f3n de las listas.<\/strong><\/p>\n<p>Luego de que los frentes rubricaran sus alianzas transitorias y confederaciones ante la Justicia Electoral para los comicios en que se renovar\u00e1n 127 bancas de la C\u00e1mara Baja y 24 esca\u00f1os del Senado, las miradas est\u00e1n puestas ahora en las dos coaliciones mayoritarias, el gobernante Frente de Todos (FdT) y la alianza opositora Juntos por el Cambio (JxC).<\/p>\n<p>A grandes rasgos, ambas coaliciones lograron mantener la cohesi\u00f3n de sus alianzas en la mayor\u00eda de los distritos, en una r\u00e9plica de los armados con los que compitieron en las elecciones presidenciales de 2019.<\/p>\n<div id=\"image\" class=\"image\"><img decoding=\"async\" title=\"Se renovar\u00e1n 127 bancas de la C\u00e1mara Baja y 24 esca\u00f1os del Senado, \" src=\"https:\/\/www.telam.com.ar\/advf\/imagenes\/2021\/06\/60c2819aec31c.06.2021%20565_1004x565.jpg\" alt=\"Se renovar\u00e1n 127 bancas de la C\u00e1mara Baja y 24 esca\u00f1os del Senado, \" \/><\/p>\n<div class=\"epigrafe\">Se renovar\u00e1n 127 bancas de la C\u00e1mara Baja y 24 esca\u00f1os del Senado,<\/div>\n<\/div>\n<p>Por su necesidad de cohesi\u00f3n,\u00a0<strong>el FdT no utilizar\u00e1 la herramienta de las PASO sino que se encamina a presentar listas de unidad en la mayor\u00eda de las provincias<\/strong>, con la incorporaci\u00f3n de algunos partidos que revisten una novedad para la oferta electoral del oficialismo.<\/p>\n<p>En la provincia de Buenos Aires, el distrito m\u00e1s populoso del pa\u00eds y que representa el 40% del padr\u00f3n electoral, el FdT ratific\u00f3 su alianza de fuerzas, con el PJ a la cabeza, e incorpor\u00f3 al Partido FE, brazo pol\u00edtico de la Uatre, el gremio que conduc\u00eda el fallecido sindicalista Ger\u00f3nimo \u00abMomo\u00bb Venegas y que en el pasado estuvo aliado a JxC.<\/p>\n<p>Mientras prosigue la evaluaci\u00f3n de la lista de precandidatos del oficialismo, el presidente Alberto Fern\u00e1ndez afirm\u00f3 la semana \u00faltima durante un encuentro virtual de la Corriente Nacional de la Militancia que el FdT \u00abva a ganar las elecciones\u00bb y se\u00f1al\u00f3 que\u00a0<strong>la pandemia \u00abhizo olvidar el da\u00f1o que hicieron aquellos que ahora vienen a explicar c\u00f3mo debemos hacer\u00bb<\/strong>, en referencia a JxC.<\/p>\n<p>Como otra novedad,\u00a0<strong>el oficialismo tambi\u00e9n formaliz\u00f3 la incorporaci\u00f3n del massista Frente Renovador en la Ciudad de Buenos Aires<\/strong>, un distrito donde el espacio hab\u00eda quedado excluido en 2019.<\/p>\n<div id=\"image\" class=\"image\"><img decoding=\"async\" title=\"En la Ciudad competir\u00e1n dos n\u00f3minas de JxC: la que lleva al frente a Mar\u00eda Eugenia Vidal y la que tiene como cabeza a Ricardo L\u00f3pez Murphy.\" src=\"https:\/\/www.telam.com.ar\/advf\/imagenes\/2021\/07\/60ef0b25cc379_1004x565.jpg\" alt=\"En la Ciudad competir\u00e1n dos n\u00f3minas de JxC: la que lleva al frente a Mar\u00eda Eugenia Vidal y la que tiene como cabeza a Ricardo L\u00f3pez Murphy.\" \/><\/p>\n<div class=\"epigrafe\">En la Ciudad competir\u00e1n dos n\u00f3minas de JxC: la que lleva al frente a Mar\u00eda Eugenia Vidal y la que tiene como cabeza a Ricardo L\u00f3pez Murphy.<\/div>\n<\/div>\n<p>En la Ciudad, el legislador porte\u00f1o y asesor presidencial Leandro Santoro afirm\u00f3 que \u00abes probable\u00bb que sea precandidato, aunque no descart\u00f3 que haya m\u00e1s de una n\u00f3mina en el espacio porque el \u00abdebate pol\u00edtico no se cancela\u00bb. \u00abDespu\u00e9s habr\u00e1 que ver si encabezo, voy al medio o atr\u00e1s\u00bb, acot\u00f3.<\/p>\n<p>En la provincia de Buenos Aires, en tanto,\u00a0<strong>JxC resolvi\u00f3 acortar el nombre de su frente a \u00abJuntos\u00bb<\/strong>, en una alianza que incluye en sus filas al PRO, la UCR y la Coalici\u00f3n C\u00edvica, como en las \u00faltimas elecciones, pero que tambi\u00e9n sum\u00f3 a los peronistas del Partido del Di\u00e1logo de Emilio Monz\u00f3 y Confianza P\u00fablica, fundado por Graciela Oca\u00f1a, una vieja aliada del PRO en la Ciudad.<\/p>\n<p>A diferencia del FdT, en ese distrito\u00a0<strong>competir\u00e1n en las PASO dos listas de JxC: la que lleva al frente al neurocient\u00edfico Facundo Manes por la UCR y la n\u00f3mina del PRO que encabeza Diego Santilli.<\/strong><\/p>\n<p>En la Ciudad, el distrito originario del PRO, competir\u00e1n dos n\u00f3minas de JxC: la que lleva al frente a la exgobernadora bonaerense Mar\u00eda Eugenia Vidal y la que tiene como cabeza a Ricardo L\u00f3pez Murphy.<\/p>\n<div id=\"image\" class=\"image\"><img decoding=\"async\" title=\"En la Ciudad, el legislador porte\u00f1o y asesor presidencial Leandro Santoro afirm\u00f3 que &quot;es probable&quot; que sea precandidato.\" src=\"https:\/\/www.telam.com.ar\/advf\/imagenes\/2020\/10\/5f8347b6c5ae9_1004x565.jpg\" alt=\"En la Ciudad, el legislador porte\u00f1o y asesor presidencial Leandro Santoro afirm\u00f3 que &quot;es probable&quot; que sea precandidato.\" \/><\/p>\n<div class=\"epigrafe\">En la Ciudad, el legislador porte\u00f1o y asesor presidencial Leandro Santoro afirm\u00f3 que \u00abes probable\u00bb que sea precandidato.<\/div>\n<\/div>\n<p>Por otro lado, el exministro del Interior del kirchnerismo\u00a0<strong>Florencio Randazzo ser\u00e1 el primer precandidato a diputado por la provincia de Buenos Aires del frente \u00abVamos con Vos\u00bb<\/strong>, que busca sumar adeptos por fuera de la polarizaci\u00f3n y agrupa al lavagnismo, Tercera Posici\u00f3n (de Graciela Cama\u00f1o), Libres de Sur y partidos vecinalistas como Acci\u00f3n Marplatense.<\/p>\n<p>Tambi\u00e9n competir\u00e1 en ese distrito el excandidato presidencial Jos\u00e9 Luis Espert, que encabeza una propuesta liberal conformada por 8 partidos, y el exsecretario de Comercio Interior del kirchnerismo Guillermo Moreno de la mano de la alianza Principios y Valores.<\/p>\n<p><strong>La izquierda, en tanto, no logr\u00f3 una propuesta unificada<\/strong>\u00a0a partir de la fractura entre el Frente de Izquierda-Unidad (FIT-U), que inscribi\u00f3 su alianza en 23 de los 24 distritos del pa\u00eds, y el Nuevo M\u00e1s, que se presentar\u00e1 en 13 jurisdicciones, adem\u00e1s de las listas de Pol\u00edtica Obrera, de Jorge Altamira, y Autodeterminaci\u00f3n y Libertad (AyL), de Luis Zamora.<\/div>\n<\/div>\n<\/div>\n<\/div>\n<\/div>\n<div><\/div>\n<div>\n<h4>Por Nicol\u00e1s Poggi para TELAM<\/h4>\n<\/div>\n","protected":false},"excerpt":{"rendered":"<p>Las dos coaliciones principales lograron mantener la cohesi\u00f3n de sus alianzas en la mayor\u00eda de los distritos, en una r\u00e9plica de los armados con los que compitieron en las elecciones presidenciales de 2019.<\/p>\n","protected":false},"author":3,"featured_media":59136,"comment_status":"closed","ping_status":"closed","sticky":false,"template":"","format":"standard","meta":{"footnotes":""},"categories":[1],"tags":[],"class_list":["post-60267","post","type-post","status-publish","format-standard","has-post-thumbnail","hentry","category-sin-categoria"],"yoast_head":"<!-- This site is optimized with the Yoast SEO plugin v25.9 - https:\/\/yoast.com\/wordpress\/plugins\/seo\/ -->\n<title>Los frentes definen a sus precandidatos a una semana del cierre de listas - Noticias Radio Reflejos<\/title>\n<meta name=\"robots\" content=\"index, follow, max-snippet:-1, max-image-preview:large, max-video-preview:-1\" \/>\n<link rel=\"canonical\" href=\"https:\/\/www.noticiasradioreflejos.com.ar\/2021\/los-frentes-definen-a-sus-precandidatos-a-una-semana-del-cierre-de-listas\/\" \/>\n<meta property=\"og:locale\" content=\"es_ES\" \/>\n<meta property=\"og:type\" content=\"article\" \/>\n<meta property=\"og:title\" content=\"Los frentes definen a sus precandidatos a una semana del cierre de listas - Noticias Radio Reflejos\" \/>\n<meta property=\"og:description\" content=\"Las dos coaliciones principales lograron mantener la cohesi\u00f3n de sus alianzas en la mayor\u00eda de los distritos, en una r\u00e9plica de los armados con los que compitieron en las elecciones presidenciales de 2019.\" \/>\n<meta property=\"og:url\" content=\"https:\/\/www.noticiasradioreflejos.com.ar\/2021\/los-frentes-definen-a-sus-precandidatos-a-una-semana-del-cierre-de-listas\/\" \/>\n<meta property=\"og:site_name\" content=\"Noticias Radio Reflejos\" \/>\n<meta property=\"article:published_time\" content=\"2021-07-18T13:58:46+00:00\" \/>\n<meta property=\"og:image\" content=\"https:\/\/www.noticiasradioreflejos.com.ar\/2021\/wp-content\/uploads\/2021\/06\/urnas-votos.jpg\" \/>\n\t<meta property=\"og:image:width\" content=\"1004\" \/>\n\t<meta property=\"og:image:height\" content=\"565\" \/>\n\t<meta property=\"og:image:type\" content=\"image\/jpeg\" \/>\n<meta name=\"author\" content=\"Arnaldo Botto\" \/>\n<meta name=\"twitter:card\" content=\"summary_large_image\" \/>\n<script type=\"application\/ld+json\" class=\"yoast-schema-graph\">{\"@context\":\"https:\/\/schema.org\",\"@graph\":[{\"@type\":\"WebPage\",\"@id\":\"https:\/\/www.noticiasradioreflejos.com.ar\/2021\/los-frentes-definen-a-sus-precandidatos-a-una-semana-del-cierre-de-listas\/\",\"url\":\"https:\/\/www.noticiasradioreflejos.com.ar\/2021\/los-frentes-definen-a-sus-precandidatos-a-una-semana-del-cierre-de-listas\/\",\"name\":\"Los frentes definen a sus precandidatos a una semana del cierre de listas - Noticias Radio Reflejos\",\"isPartOf\":{\"@id\":\"https:\/\/www.noticiasradioreflejos.com.ar\/2021\/#website\"},\"primaryImageOfPage\":{\"@id\":\"https:\/\/www.noticiasradioreflejos.com.ar\/2021\/los-frentes-definen-a-sus-precandidatos-a-una-semana-del-cierre-de-listas\/#primaryimage\"},\"image\":{\"@id\":\"https:\/\/www.noticiasradioreflejos.com.ar\/2021\/los-frentes-definen-a-sus-precandidatos-a-una-semana-del-cierre-de-listas\/#primaryimage\"},\"thumbnailUrl\":\"https:\/\/www.noticiasradioreflejos.com.ar\/2021\/wp-content\/uploads\/2021\/06\/urnas-votos.jpg\",\"datePublished\":\"2021-07-18T13:58:46+00:00\",\"author\":{\"@id\":\"https:\/\/www.noticiasradioreflejos.com.ar\/2021\/#\/schema\/person\/ad82545263dcc5ec0996818884fd5fb1\"},\"breadcrumb\":{\"@id\":\"https:\/\/www.noticiasradioreflejos.com.ar\/2021\/los-frentes-definen-a-sus-precandidatos-a-una-semana-del-cierre-de-listas\/#breadcrumb\"},\"inLanguage\":\"es\",\"potentialAction\":[{\"@type\":\"ReadAction\",\"target\":[\"https:\/\/www.noticiasradioreflejos.com.ar\/2021\/los-frentes-definen-a-sus-precandidatos-a-una-semana-del-cierre-de-listas\/\"]}]},{\"@type\":\"ImageObject\",\"inLanguage\":\"es\",\"@id\":\"https:\/\/www.noticiasradioreflejos.com.ar\/2021\/los-frentes-definen-a-sus-precandidatos-a-una-semana-del-cierre-de-listas\/#primaryimage\",\"url\":\"https:\/\/www.noticiasradioreflejos.com.ar\/2021\/wp-content\/uploads\/2021\/06\/urnas-votos.jpg\",\"contentUrl\":\"https:\/\/www.noticiasradioreflejos.com.ar\/2021\/wp-content\/uploads\/2021\/06\/urnas-votos.jpg\",\"width\":1004,\"height\":565},{\"@type\":\"BreadcrumbList\",\"@id\":\"https:\/\/www.noticiasradioreflejos.com.ar\/2021\/los-frentes-definen-a-sus-precandidatos-a-una-semana-del-cierre-de-listas\/#breadcrumb\",\"itemListElement\":[{\"@type\":\"ListItem\",\"position\":1,\"name\":\"Portada\",\"item\":\"https:\/\/www.noticiasradioreflejos.com.ar\/2021\/\"},{\"@type\":\"ListItem\",\"position\":2,\"name\":\"Los frentes definen a sus precandidatos a una semana del cierre de listas\"}]},{\"@type\":\"WebSite\",\"@id\":\"https:\/\/www.noticiasradioreflejos.com.ar\/2021\/#website\",\"url\":\"https:\/\/www.noticiasradioreflejos.com.ar\/2021\/\",\"name\":\"Noticias Radio Reflejos\",\"description\":\"Las noticias de mi comarca\",\"potentialAction\":[{\"@type\":\"SearchAction\",\"target\":{\"@type\":\"EntryPoint\",\"urlTemplate\":\"https:\/\/www.noticiasradioreflejos.com.ar\/2021\/?s={search_term_string}\"},\"query-input\":{\"@type\":\"PropertyValueSpecification\",\"valueRequired\":true,\"valueName\":\"search_term_string\"}}],\"inLanguage\":\"es\"},{\"@type\":\"Person\",\"@id\":\"https:\/\/www.noticiasradioreflejos.com.ar\/2021\/#\/schema\/person\/ad82545263dcc5ec0996818884fd5fb1\",\"name\":\"Arnaldo Botto\",\"image\":{\"@type\":\"ImageObject\",\"inLanguage\":\"es\",\"@id\":\"https:\/\/www.noticiasradioreflejos.com.ar\/2021\/#\/schema\/person\/image\/\",\"url\":\"https:\/\/secure.gravatar.com\/avatar\/55cb5e37c1efa326397366e6974cb338056df65cb50e7d64d1cf314e87504837?s=96&d=mm&r=g\",\"contentUrl\":\"https:\/\/secure.gravatar.com\/avatar\/55cb5e37c1efa326397366e6974cb338056df65cb50e7d64d1cf314e87504837?s=96&d=mm&r=g\",\"caption\":\"Arnaldo Botto\"},\"url\":\"https:\/\/www.noticiasradioreflejos.com.ar\/2021\/author\/arnaldo\/\"}]}<\/script>\n<!-- \/ Yoast SEO plugin. -->","yoast_head_json":{"title":"Los frentes definen a sus precandidatos a una semana del cierre de listas - Noticias Radio Reflejos","robots":{"index":"index","follow":"follow","max-snippet":"max-snippet:-1","max-image-preview":"max-image-preview:large","max-video-preview":"max-video-preview:-1"},"canonical":"https:\/\/www.noticiasradioreflejos.com.ar\/2021\/los-frentes-definen-a-sus-precandidatos-a-una-semana-del-cierre-de-listas\/","og_locale":"es_ES","og_type":"article","og_title":"Los frentes definen a sus precandidatos a una semana del cierre de listas - Noticias Radio Reflejos","og_description":"Las dos coaliciones principales lograron mantener la cohesi\u00f3n de sus alianzas en la mayor\u00eda de los distritos, en una r\u00e9plica de los armados con los que compitieron en las elecciones presidenciales de 2019.","og_url":"https:\/\/www.noticiasradioreflejos.com.ar\/2021\/los-frentes-definen-a-sus-precandidatos-a-una-semana-del-cierre-de-listas\/","og_site_name":"Noticias Radio Reflejos","article_published_time":"2021-07-18T13:58:46+00:00","og_image":[{"width":1004,"height":565,"url":"https:\/\/www.noticiasradioreflejos.com.ar\/2021\/wp-content\/uploads\/2021\/06\/urnas-votos.jpg","type":"image\/jpeg"}],"author":"Arnaldo Botto","twitter_card":"summary_large_image","schema":{"@context":"https:\/\/schema.org","@graph":[{"@type":"WebPage","@id":"https:\/\/www.noticiasradioreflejos.com.ar\/2021\/los-frentes-definen-a-sus-precandidatos-a-una-semana-del-cierre-de-listas\/","url":"https:\/\/www.noticiasradioreflejos.com.ar\/2021\/los-frentes-definen-a-sus-precandidatos-a-una-semana-del-cierre-de-listas\/","name":"Los frentes definen a sus precandidatos a una semana del cierre de listas - Noticias Radio Reflejos","isPartOf":{"@id":"https:\/\/www.noticiasradioreflejos.com.ar\/2021\/#website"},"primaryImageOfPage":{"@id":"https:\/\/www.noticiasradioreflejos.com.ar\/2021\/los-frentes-definen-a-sus-precandidatos-a-una-semana-del-cierre-de-listas\/#primaryimage"},"image":{"@id":"https:\/\/www.noticiasradioreflejos.com.ar\/2021\/los-frentes-definen-a-sus-precandidatos-a-una-semana-del-cierre-de-listas\/#primaryimage"},"thumbnailUrl":"https:\/\/www.noticiasradioreflejos.com.ar\/2021\/wp-content\/uploads\/2021\/06\/urnas-votos.jpg","datePublished":"2021-07-18T13:58:46+00:00","author":{"@id":"https:\/\/www.noticiasradioreflejos.com.ar\/2021\/#\/schema\/person\/ad82545263dcc5ec0996818884fd5fb1"},"breadcrumb":{"@id":"https:\/\/www.noticiasradioreflejos.com.ar\/2021\/los-frentes-definen-a-sus-precandidatos-a-una-semana-del-cierre-de-listas\/#breadcrumb"},"inLanguage":"es","potentialAction":[{"@type":"ReadAction","target":["https:\/\/www.noticiasradioreflejos.com.ar\/2021\/los-frentes-definen-a-sus-precandidatos-a-una-semana-del-cierre-de-listas\/"]}]},{"@type":"ImageObject","inLanguage":"es","@id":"https:\/\/www.noticiasradioreflejos.com.ar\/2021\/los-frentes-definen-a-sus-precandidatos-a-una-semana-del-cierre-de-listas\/#primaryimage","url":"https:\/\/www.noticiasradioreflejos.com.ar\/2021\/wp-content\/uploads\/2021\/06\/urnas-votos.jpg","contentUrl":"https:\/\/www.noticiasradioreflejos.com.ar\/2021\/wp-content\/uploads\/2021\/06\/urnas-votos.jpg","width":1004,"height":565},{"@type":"BreadcrumbList","@id":"https:\/\/www.noticiasradioreflejos.com.ar\/2021\/los-frentes-definen-a-sus-precandidatos-a-una-semana-del-cierre-de-listas\/#breadcrumb","itemListElement":[{"@type":"ListItem","position":1,"name":"Portada","item":"https:\/\/www.noticiasradioreflejos.com.ar\/2021\/"},{"@type":"ListItem","position":2,"name":"Los frentes definen a sus precandidatos a una semana del cierre de listas"}]},{"@type":"WebSite","@id":"https:\/\/www.noticiasradioreflejos.com.ar\/2021\/#website","url":"https:\/\/www.noticiasradioreflejos.com.ar\/2021\/","name":"Noticias Radio Reflejos","description":"Las noticias de mi comarca","potentialAction":[{"@type":"SearchAction","target":{"@type":"EntryPoint","urlTemplate":"https:\/\/www.noticiasradioreflejos.com.ar\/2021\/?s={search_term_string}"},"query-input":{"@type":"PropertyValueSpecification","valueRequired":true,"valueName":"search_term_string"}}],"inLanguage":"es"},{"@type":"Person","@id":"https:\/\/www.noticiasradioreflejos.com.ar\/2021\/#\/schema\/person\/ad82545263dcc5ec0996818884fd5fb1","name":"Arnaldo Botto","image":{"@type":"ImageObject","inLanguage":"es","@id":"https:\/\/www.noticiasradioreflejos.com.ar\/2021\/#\/schema\/person\/image\/","url":"https:\/\/secure.gravatar.com\/avatar\/55cb5e37c1efa326397366e6974cb338056df65cb50e7d64d1cf314e87504837?s=96&d=mm&r=g","contentUrl":"https:\/\/secure.gravatar.com\/avatar\/55cb5e37c1efa326397366e6974cb338056df65cb50e7d64d1cf314e87504837?s=96&d=mm&r=g","caption":"Arnaldo Botto"},"url":"https:\/\/www.noticiasradioreflejos.com.ar\/2021\/author\/arnaldo\/"}]}},"_links":{"self":[{"href":"https:\/\/www.noticiasradioreflejos.com.ar\/2021\/wp-json\/wp\/v2\/posts\/60267","targetHints":{"allow":["GET"]}}],"collection":[{"href":"https:\/\/www.noticiasradioreflejos.com.ar\/2021\/wp-json\/wp\/v2\/posts"}],"about":[{"href":"https:\/\/www.noticiasradioreflejos.com.ar\/2021\/wp-json\/wp\/v2\/types\/post"}],"author":[{"embeddable":true,"href":"https:\/\/www.noticiasradioreflejos.com.ar\/2021\/wp-json\/wp\/v2\/users\/3"}],"replies":[{"embeddable":true,"href":"https:\/\/www.noticiasradioreflejos.com.ar\/2021\/wp-json\/wp\/v2\/comments?post=60267"}],"version-history":[{"count":1,"href":"https:\/\/www.noticiasradioreflejos.com.ar\/2021\/wp-json\/wp\/v2\/posts\/60267\/revisions"}],"predecessor-version":[{"id":60268,"href":"https:\/\/www.noticiasradioreflejos.com.ar\/2021\/wp-json\/wp\/v2\/posts\/60267\/revisions\/60268"}],"wp:featuredmedia":[{"embeddable":true,"href":"https:\/\/www.noticiasradioreflejos.com.ar\/2021\/wp-json\/wp\/v2\/media\/59136"}],"wp:attachment":[{"href":"https:\/\/www.noticiasradioreflejos.com.ar\/2021\/wp-json\/wp\/v2\/media?parent=60267"}],"wp:term":[{"taxonomy":"category","embeddable":true,"href":"https:\/\/www.noticiasradioreflejos.com.ar\/2021\/wp-json\/wp\/v2\/categories?post=60267"},{"taxonomy":"post_tag","embeddable":true,"href":"https:\/\/www.noticiasradioreflejos.com.ar\/2021\/wp-json\/wp\/v2\/tags?post=60267"}],"curies":[{"name":"wp","href":"https:\/\/api.w.org\/{rel}","templated":true}]}}