{"id":60185,"date":"2021-07-15T22:42:11","date_gmt":"2021-07-15T22:42:11","guid":{"rendered":"http:\/\/www.noticiasradioreflejos.com.ar\/2021\/?p=60185"},"modified":"2021-07-15T22:43:45","modified_gmt":"2021-07-15T22:43:45","slug":"el-astronauta-mas-joven-tiene-18-anos-y-viajara-al-espacio-el-20-de-julio-con-jeff-bezos","status":"publish","type":"post","link":"https:\/\/www.noticiasradioreflejos.com.ar\/2021\/el-astronauta-mas-joven-tiene-18-anos-y-viajara-al-espacio-el-20-de-julio-con-jeff-bezos\/","title":{"rendered":"El astronauta m\u00e1s joven tiene 18 a\u00f1os y viajar\u00e1 al espacio el 20 de julio con Jeff Bezos"},"content":{"rendered":"<div class=\"head-content\">\n<p>Se trata de Oliver Daemen, reci\u00e9n egresado de la escuela secundaria en 2020 y titular de una licencia de piloto privado. Es el primer pasajero que paga un boleto a la compa\u00f1\u00eda aeroespacial del multimillonario.<\/p>\n<\/div>\n<p><!--more--><\/p>\n<div class=\"main-content-block\">\n<div class=\"main-box clearfix\">\n<div class=\"wrapper-main-section clearfix\">\n<div class=\"wrapper-editable-content\">\n<div class=\"editable-content clearfix\">\n<div id=\"image\" class=\"image\">\n<p><img decoding=\"async\" title=\"Oliver Daemen, de 18 a\u00f1os, pasar\u00e1 a ser el astronauta m\u00e1s joven de la historia en viajar al espacio. Foto: blueorigin.com\" src=\"https:\/\/www.telam.com.ar\/advf\/imagenes\/2021\/07\/60f075b90b64d.com%20565_1004x565.jpg\" alt=\"Oliver Daemen, de 18 a\u00f1os, pasar\u00e1 a ser el astronauta m\u00e1s joven de la historia en viajar al espacio. Foto: blueorigin.com\" \/><\/p>\n<div class=\"epigrafe\">Oliver Daemen, de 18 a\u00f1os, pasar\u00e1 a ser el astronauta m\u00e1s joven de la historia en viajar al espacio. Foto: blueorigin.com<\/div>\n<\/div>\n<p>Un joven de 18 a\u00f1os pasar\u00e1 a ser el astronauta m\u00e1s joven de la historia al<strong>\u00a0viajar al espacio junto al multimillonario Jeff Bezos en el vuelo inaugural de la nave de Blue Origin el 20 de julio<\/strong>, anunci\u00f3 este jueves la compa\u00f1\u00eda aeroespacial.<\/p>\n<p>Se trata de<strong>\u00a0Oliver Daemen, reci\u00e9n egresado de la escuela secundaria en 2020 y titular de una licencia de piloto privado<\/strong>, y es el primer pasajero que paga un boleto a Blue Origin, aunque no se trata del ganador de la subasta de un asiento a bordo. Este \u00faltimo, que consigui\u00f3 su plaza por 28 millones de d\u00f3lares, solicit\u00f3 permanecer en el anonimato y volar\u00e1 en una misi\u00f3n futura, dijo la firma.<\/p>\n<blockquote><p>El New Shepard permitir\u00e1 cumplir un sue\u00f1o de vida a Daemen, fascinado por el espacio, la Luna y los cohetes desde que ten\u00eda cuatro a\u00f1os<\/p><\/blockquote>\n<p>\u00abEsto marca el comienzo de las operaciones comerciales de (la nave) New Shepard, y Oliver representa una nueva generaci\u00f3n de personas que nos ayudar\u00e1n a construir un camino hacia el espacio\u00bb, dijo Bob Smith, director ejecutivo de la empresa.<\/p>\n<p>El\u00a0<strong>New Shepard permitir\u00e1 cumplir un sue\u00f1o de vida a Daemen<\/strong>, fascinado por el espacio, la Luna y los cohetes desde que ten\u00eda cuatro a\u00f1os, seg\u00fan un comunicado, consign\u00f3 la agencia de noticias AFP.<\/p>\n<p>El joven planea asistir en septiembre a la Universidad de Utrecht, en Pa\u00edses Bajos, para estudiar f\u00edsica y gesti\u00f3n de innovaci\u00f3n.<\/p>\n<p>La compa\u00f1\u00eda no especific\u00f3 la nacionalidad de Oliver Daemen, pero su cuenta p\u00fablica de Instagram tiene comentarios en su mayor\u00eda escritos en neerland\u00e9s.<\/p>\n<div class=\"js-code\"><iframe id=\"instagram-embed-0\" class=\"instagram-media instagram-media-rendered\" src=\"https:\/\/www.instagram.com\/p\/CBBA2J4DDpN\/embed\/captioned\/?cr=1&amp;v=13&amp;rd=https%3A%2F%2Fwww.telam.com.ar&amp;rp=%2Fnotas%2F202107%2F561435-joven-18-anos-astronauta-viajar-bezos-espacio-20-de-julio.html#%7B%22ci%22%3A0%2C%22os%22%3A1067.4000000059605%2C%22ls%22%3A976.9000000059605%2C%22le%22%3A1056.2999999821186%7D\" height=\"652\" frameborder=\"0\" scrolling=\"no\" allowfullscreen=\"allowfullscreen\" data-instgrm-payload-id=\"instagram-media-payload-0\"><\/iframe><\/div>\n<h4 class=\"auth\">El viaje en el New Shepard<\/h4>\n<p>Daemen se unir\u00e1 as\u00ed a Bezos, su hermano, Mark, y a la veterana pilota Wally Funk, de 82 a\u00f1os, a bordo del primer vuelo tripulado de la nave New Shepard, por lo que la proeza reunir\u00e1 a los astronautas de menor y mayor edad en viajar al espacio.<\/p>\n<p><strong>Bezos, fundador de Amazon y el hombre m\u00e1s rico del mundo, espera unirse a Richard Branson<\/strong>\u00a0en el club de multimillonarios que han llegado al espacio en una nave construida por su propia empresa.<\/p>\n<p>Branson lo logr\u00f3 a bordo de una nave espacial de Virgin Galactic el domingo, un hito importante para la a\u00fan incipiente industria del turismo espacial.<\/p>\n<p>Aunque Bezos quedar\u00e1 en segundo lugar, Blue Origin presume de que su experiencia de viaje es superior a la de Virgin Galactic, porque a diferencia de su competidor, la\u00a0<strong>New Shepard cruza la frontera del espacio reconocida internacionalmente, a una altitud de 100 kil\u00f3metros<\/strong>.<\/p>\n<blockquote class=\"twitter-tweet\" data-width=\"500\" data-dnt=\"true\">\n<p lang=\"en\" dir=\"ltr\"><a href=\"https:\/\/twitter.com\/hashtag\/NewShepard?src=hash&amp;ref_src=twsrc%5Etfw\">#NewShepard<\/a> is go for launch on July 20 for <a href=\"https:\/\/twitter.com\/hashtag\/NSFirstHumanFlight?src=hash&amp;ref_src=twsrc%5Etfw\">#NSFirstHumanFlight<\/a>. This is the 16th flight and first with astronauts on board. Watch live at <a href=\"https:\/\/t.co\/7Y4TherpLr\">https:\/\/t.co\/7Y4TherpLr<\/a>. Coverage starts at 6:30 am CDT \/ 11:30 UTC. <a href=\"https:\/\/t.co\/hYv68UlCqm\">pic.twitter.com\/hYv68UlCqm<\/a><\/p>\n<p>&mdash; Blue Origin (@blueorigin) <a href=\"https:\/\/twitter.com\/blueorigin\/status\/1414610981867622406?ref_src=twsrc%5Etfw\">July 12, 2021<\/a><\/p><\/blockquote>\n<p><script async src=\"https:\/\/platform.twitter.com\/widgets.js\" charset=\"utf-8\"><\/script><\/p>\n<p>Blue Origin tambi\u00e9n afirma que su cohete es m\u00e1s ecol\u00f3gico.<\/p>\n<p>Las ambiciones de la compa\u00f1\u00eda no se detienen en el turismo espacial, ya que ahora\u00a0<strong>espera convertirse en un importante subcontratista de las misiones de la NASA<\/strong>.<\/p>\n<p>Actualmente, la firma SpaceX de Elon Musk es el principal socio del sector privado para la agencia espacial estadounidense, lo que incluye llevar a varios astronautas a la Estaci\u00f3n Espacial Internacional desde 2020.<\/p>\n<p>SpaceX tambi\u00e9n est\u00e1 desarrollando un cohete de exploraci\u00f3n espacial distante para futuras misiones tripuladas a Marte.<\/p>\n<\/div>\n<\/div>\n<\/div>\n<\/div>\n<\/div>\n","protected":false},"excerpt":{"rendered":"<p>Se trata de Oliver Daemen, reci\u00e9n egresado de la escuela secundaria en 2020 y titular de una licencia de piloto privado. Es el primer pasajero que paga un boleto a la compa\u00f1\u00eda aeroespacial del multimillonario.<\/p>\n","protected":false},"author":3,"featured_media":0,"comment_status":"closed","ping_status":"closed","sticky":false,"template":"","format":"standard","meta":{"footnotes":""},"categories":[46],"tags":[],"class_list":["post-60185","post","type-post","status-publish","format-standard","hentry","category-ciencia-y-tecnologia"],"yoast_head":"<!-- This site is optimized with the Yoast SEO plugin v25.9 - https:\/\/yoast.com\/wordpress\/plugins\/seo\/ -->\n<title>El astronauta m\u00e1s joven tiene 18 a\u00f1os y viajar\u00e1 al espacio el 20 de julio con Jeff Bezos - Noticias Radio Reflejos<\/title>\n<meta name=\"robots\" content=\"index, follow, max-snippet:-1, max-image-preview:large, max-video-preview:-1\" \/>\n<link rel=\"canonical\" href=\"https:\/\/www.noticiasradioreflejos.com.ar\/2021\/el-astronauta-mas-joven-tiene-18-anos-y-viajara-al-espacio-el-20-de-julio-con-jeff-bezos\/\" \/>\n<meta property=\"og:locale\" content=\"es_ES\" \/>\n<meta property=\"og:type\" content=\"article\" \/>\n<meta property=\"og:title\" content=\"El astronauta m\u00e1s joven tiene 18 a\u00f1os y viajar\u00e1 al espacio el 20 de julio con Jeff Bezos - Noticias Radio Reflejos\" \/>\n<meta property=\"og:description\" content=\"Se trata de Oliver Daemen, reci\u00e9n egresado de la escuela secundaria en 2020 y titular de una licencia de piloto privado. Es el primer pasajero que paga un boleto a la compa\u00f1\u00eda aeroespacial del multimillonario.\" \/>\n<meta property=\"og:url\" content=\"https:\/\/www.noticiasradioreflejos.com.ar\/2021\/el-astronauta-mas-joven-tiene-18-anos-y-viajara-al-espacio-el-20-de-julio-con-jeff-bezos\/\" \/>\n<meta property=\"og:site_name\" content=\"Noticias Radio Reflejos\" \/>\n<meta property=\"article:published_time\" content=\"2021-07-15T22:42:11+00:00\" \/>\n<meta property=\"article:modified_time\" content=\"2021-07-15T22:43:45+00:00\" \/>\n<meta property=\"og:image\" content=\"https:\/\/www.telam.com.ar\/advf\/imagenes\/2021\/07\/60f075b90b64d.com%20565_1004x565.jpg\" \/>\n<meta name=\"author\" content=\"Arnaldo Botto\" \/>\n<meta name=\"twitter:card\" content=\"summary_large_image\" \/>\n<script type=\"application\/ld+json\" class=\"yoast-schema-graph\">{\"@context\":\"https:\/\/schema.org\",\"@graph\":[{\"@type\":\"WebPage\",\"@id\":\"https:\/\/www.noticiasradioreflejos.com.ar\/2021\/el-astronauta-mas-joven-tiene-18-anos-y-viajara-al-espacio-el-20-de-julio-con-jeff-bezos\/\",\"url\":\"https:\/\/www.noticiasradioreflejos.com.ar\/2021\/el-astronauta-mas-joven-tiene-18-anos-y-viajara-al-espacio-el-20-de-julio-con-jeff-bezos\/\",\"name\":\"El astronauta m\u00e1s joven tiene 18 a\u00f1os y viajar\u00e1 al espacio el 20 de julio con Jeff Bezos - Noticias Radio Reflejos\",\"isPartOf\":{\"@id\":\"https:\/\/www.noticiasradioreflejos.com.ar\/2021\/#website\"},\"primaryImageOfPage\":{\"@id\":\"https:\/\/www.noticiasradioreflejos.com.ar\/2021\/el-astronauta-mas-joven-tiene-18-anos-y-viajara-al-espacio-el-20-de-julio-con-jeff-bezos\/#primaryimage\"},\"image\":{\"@id\":\"https:\/\/www.noticiasradioreflejos.com.ar\/2021\/el-astronauta-mas-joven-tiene-18-anos-y-viajara-al-espacio-el-20-de-julio-con-jeff-bezos\/#primaryimage\"},\"thumbnailUrl\":\"https:\/\/www.telam.com.ar\/advf\/imagenes\/2021\/07\/60f075b90b64d.com%20565_1004x565.jpg\",\"datePublished\":\"2021-07-15T22:42:11+00:00\",\"dateModified\":\"2021-07-15T22:43:45+00:00\",\"author\":{\"@id\":\"https:\/\/www.noticiasradioreflejos.com.ar\/2021\/#\/schema\/person\/ad82545263dcc5ec0996818884fd5fb1\"},\"breadcrumb\":{\"@id\":\"https:\/\/www.noticiasradioreflejos.com.ar\/2021\/el-astronauta-mas-joven-tiene-18-anos-y-viajara-al-espacio-el-20-de-julio-con-jeff-bezos\/#breadcrumb\"},\"inLanguage\":\"es\",\"potentialAction\":[{\"@type\":\"ReadAction\",\"target\":[\"https:\/\/www.noticiasradioreflejos.com.ar\/2021\/el-astronauta-mas-joven-tiene-18-anos-y-viajara-al-espacio-el-20-de-julio-con-jeff-bezos\/\"]}]},{\"@type\":\"ImageObject\",\"inLanguage\":\"es\",\"@id\":\"https:\/\/www.noticiasradioreflejos.com.ar\/2021\/el-astronauta-mas-joven-tiene-18-anos-y-viajara-al-espacio-el-20-de-julio-con-jeff-bezos\/#primaryimage\",\"url\":\"https:\/\/www.telam.com.ar\/advf\/imagenes\/2021\/07\/60f075b90b64d.com%20565_1004x565.jpg\",\"contentUrl\":\"https:\/\/www.telam.com.ar\/advf\/imagenes\/2021\/07\/60f075b90b64d.com%20565_1004x565.jpg\"},{\"@type\":\"BreadcrumbList\",\"@id\":\"https:\/\/www.noticiasradioreflejos.com.ar\/2021\/el-astronauta-mas-joven-tiene-18-anos-y-viajara-al-espacio-el-20-de-julio-con-jeff-bezos\/#breadcrumb\",\"itemListElement\":[{\"@type\":\"ListItem\",\"position\":1,\"name\":\"Portada\",\"item\":\"https:\/\/www.noticiasradioreflejos.com.ar\/2021\/\"},{\"@type\":\"ListItem\",\"position\":2,\"name\":\"El astronauta m\u00e1s joven tiene 18 a\u00f1os y viajar\u00e1 al espacio el 20 de julio con Jeff Bezos\"}]},{\"@type\":\"WebSite\",\"@id\":\"https:\/\/www.noticiasradioreflejos.com.ar\/2021\/#website\",\"url\":\"https:\/\/www.noticiasradioreflejos.com.ar\/2021\/\",\"name\":\"Noticias Radio Reflejos\",\"description\":\"Las noticias de mi comarca\",\"potentialAction\":[{\"@type\":\"SearchAction\",\"target\":{\"@type\":\"EntryPoint\",\"urlTemplate\":\"https:\/\/www.noticiasradioreflejos.com.ar\/2021\/?s={search_term_string}\"},\"query-input\":{\"@type\":\"PropertyValueSpecification\",\"valueRequired\":true,\"valueName\":\"search_term_string\"}}],\"inLanguage\":\"es\"},{\"@type\":\"Person\",\"@id\":\"https:\/\/www.noticiasradioreflejos.com.ar\/2021\/#\/schema\/person\/ad82545263dcc5ec0996818884fd5fb1\",\"name\":\"Arnaldo Botto\",\"image\":{\"@type\":\"ImageObject\",\"inLanguage\":\"es\",\"@id\":\"https:\/\/www.noticiasradioreflejos.com.ar\/2021\/#\/schema\/person\/image\/\",\"url\":\"https:\/\/secure.gravatar.com\/avatar\/55cb5e37c1efa326397366e6974cb338056df65cb50e7d64d1cf314e87504837?s=96&d=mm&r=g\",\"contentUrl\":\"https:\/\/secure.gravatar.com\/avatar\/55cb5e37c1efa326397366e6974cb338056df65cb50e7d64d1cf314e87504837?s=96&d=mm&r=g\",\"caption\":\"Arnaldo Botto\"},\"url\":\"https:\/\/www.noticiasradioreflejos.com.ar\/2021\/author\/arnaldo\/\"}]}<\/script>\n<!-- \/ Yoast SEO plugin. -->","yoast_head_json":{"title":"El astronauta m\u00e1s joven tiene 18 a\u00f1os y viajar\u00e1 al espacio el 20 de julio con Jeff Bezos - Noticias Radio Reflejos","robots":{"index":"index","follow":"follow","max-snippet":"max-snippet:-1","max-image-preview":"max-image-preview:large","max-video-preview":"max-video-preview:-1"},"canonical":"https:\/\/www.noticiasradioreflejos.com.ar\/2021\/el-astronauta-mas-joven-tiene-18-anos-y-viajara-al-espacio-el-20-de-julio-con-jeff-bezos\/","og_locale":"es_ES","og_type":"article","og_title":"El astronauta m\u00e1s joven tiene 18 a\u00f1os y viajar\u00e1 al espacio el 20 de julio con Jeff Bezos - Noticias Radio Reflejos","og_description":"Se trata de Oliver Daemen, reci\u00e9n egresado de la escuela secundaria en 2020 y titular de una licencia de piloto privado. Es el primer pasajero que paga un boleto a la compa\u00f1\u00eda aeroespacial del multimillonario.","og_url":"https:\/\/www.noticiasradioreflejos.com.ar\/2021\/el-astronauta-mas-joven-tiene-18-anos-y-viajara-al-espacio-el-20-de-julio-con-jeff-bezos\/","og_site_name":"Noticias Radio Reflejos","article_published_time":"2021-07-15T22:42:11+00:00","article_modified_time":"2021-07-15T22:43:45+00:00","og_image":[{"url":"https:\/\/www.telam.com.ar\/advf\/imagenes\/2021\/07\/60f075b90b64d.com%20565_1004x565.jpg","type":"","width":"","height":""}],"author":"Arnaldo Botto","twitter_card":"summary_large_image","schema":{"@context":"https:\/\/schema.org","@graph":[{"@type":"WebPage","@id":"https:\/\/www.noticiasradioreflejos.com.ar\/2021\/el-astronauta-mas-joven-tiene-18-anos-y-viajara-al-espacio-el-20-de-julio-con-jeff-bezos\/","url":"https:\/\/www.noticiasradioreflejos.com.ar\/2021\/el-astronauta-mas-joven-tiene-18-anos-y-viajara-al-espacio-el-20-de-julio-con-jeff-bezos\/","name":"El astronauta m\u00e1s joven tiene 18 a\u00f1os y viajar\u00e1 al espacio el 20 de julio con Jeff Bezos - Noticias Radio Reflejos","isPartOf":{"@id":"https:\/\/www.noticiasradioreflejos.com.ar\/2021\/#website"},"primaryImageOfPage":{"@id":"https:\/\/www.noticiasradioreflejos.com.ar\/2021\/el-astronauta-mas-joven-tiene-18-anos-y-viajara-al-espacio-el-20-de-julio-con-jeff-bezos\/#primaryimage"},"image":{"@id":"https:\/\/www.noticiasradioreflejos.com.ar\/2021\/el-astronauta-mas-joven-tiene-18-anos-y-viajara-al-espacio-el-20-de-julio-con-jeff-bezos\/#primaryimage"},"thumbnailUrl":"https:\/\/www.telam.com.ar\/advf\/imagenes\/2021\/07\/60f075b90b64d.com%20565_1004x565.jpg","datePublished":"2021-07-15T22:42:11+00:00","dateModified":"2021-07-15T22:43:45+00:00","author":{"@id":"https:\/\/www.noticiasradioreflejos.com.ar\/2021\/#\/schema\/person\/ad82545263dcc5ec0996818884fd5fb1"},"breadcrumb":{"@id":"https:\/\/www.noticiasradioreflejos.com.ar\/2021\/el-astronauta-mas-joven-tiene-18-anos-y-viajara-al-espacio-el-20-de-julio-con-jeff-bezos\/#breadcrumb"},"inLanguage":"es","potentialAction":[{"@type":"ReadAction","target":["https:\/\/www.noticiasradioreflejos.com.ar\/2021\/el-astronauta-mas-joven-tiene-18-anos-y-viajara-al-espacio-el-20-de-julio-con-jeff-bezos\/"]}]},{"@type":"ImageObject","inLanguage":"es","@id":"https:\/\/www.noticiasradioreflejos.com.ar\/2021\/el-astronauta-mas-joven-tiene-18-anos-y-viajara-al-espacio-el-20-de-julio-con-jeff-bezos\/#primaryimage","url":"https:\/\/www.telam.com.ar\/advf\/imagenes\/2021\/07\/60f075b90b64d.com%20565_1004x565.jpg","contentUrl":"https:\/\/www.telam.com.ar\/advf\/imagenes\/2021\/07\/60f075b90b64d.com%20565_1004x565.jpg"},{"@type":"BreadcrumbList","@id":"https:\/\/www.noticiasradioreflejos.com.ar\/2021\/el-astronauta-mas-joven-tiene-18-anos-y-viajara-al-espacio-el-20-de-julio-con-jeff-bezos\/#breadcrumb","itemListElement":[{"@type":"ListItem","position":1,"name":"Portada","item":"https:\/\/www.noticiasradioreflejos.com.ar\/2021\/"},{"@type":"ListItem","position":2,"name":"El astronauta m\u00e1s joven tiene 18 a\u00f1os y viajar\u00e1 al espacio el 20 de julio con Jeff Bezos"}]},{"@type":"WebSite","@id":"https:\/\/www.noticiasradioreflejos.com.ar\/2021\/#website","url":"https:\/\/www.noticiasradioreflejos.com.ar\/2021\/","name":"Noticias Radio Reflejos","description":"Las noticias de mi comarca","potentialAction":[{"@type":"SearchAction","target":{"@type":"EntryPoint","urlTemplate":"https:\/\/www.noticiasradioreflejos.com.ar\/2021\/?s={search_term_string}"},"query-input":{"@type":"PropertyValueSpecification","valueRequired":true,"valueName":"search_term_string"}}],"inLanguage":"es"},{"@type":"Person","@id":"https:\/\/www.noticiasradioreflejos.com.ar\/2021\/#\/schema\/person\/ad82545263dcc5ec0996818884fd5fb1","name":"Arnaldo Botto","image":{"@type":"ImageObject","inLanguage":"es","@id":"https:\/\/www.noticiasradioreflejos.com.ar\/2021\/#\/schema\/person\/image\/","url":"https:\/\/secure.gravatar.com\/avatar\/55cb5e37c1efa326397366e6974cb338056df65cb50e7d64d1cf314e87504837?s=96&d=mm&r=g","contentUrl":"https:\/\/secure.gravatar.com\/avatar\/55cb5e37c1efa326397366e6974cb338056df65cb50e7d64d1cf314e87504837?s=96&d=mm&r=g","caption":"Arnaldo Botto"},"url":"https:\/\/www.noticiasradioreflejos.com.ar\/2021\/author\/arnaldo\/"}]}},"_links":{"self":[{"href":"https:\/\/www.noticiasradioreflejos.com.ar\/2021\/wp-json\/wp\/v2\/posts\/60185","targetHints":{"allow":["GET"]}}],"collection":[{"href":"https:\/\/www.noticiasradioreflejos.com.ar\/2021\/wp-json\/wp\/v2\/posts"}],"about":[{"href":"https:\/\/www.noticiasradioreflejos.com.ar\/2021\/wp-json\/wp\/v2\/types\/post"}],"author":[{"embeddable":true,"href":"https:\/\/www.noticiasradioreflejos.com.ar\/2021\/wp-json\/wp\/v2\/users\/3"}],"replies":[{"embeddable":true,"href":"https:\/\/www.noticiasradioreflejos.com.ar\/2021\/wp-json\/wp\/v2\/comments?post=60185"}],"version-history":[{"count":1,"href":"https:\/\/www.noticiasradioreflejos.com.ar\/2021\/wp-json\/wp\/v2\/posts\/60185\/revisions"}],"predecessor-version":[{"id":60186,"href":"https:\/\/www.noticiasradioreflejos.com.ar\/2021\/wp-json\/wp\/v2\/posts\/60185\/revisions\/60186"}],"wp:attachment":[{"href":"https:\/\/www.noticiasradioreflejos.com.ar\/2021\/wp-json\/wp\/v2\/media?parent=60185"}],"wp:term":[{"taxonomy":"category","embeddable":true,"href":"https:\/\/www.noticiasradioreflejos.com.ar\/2021\/wp-json\/wp\/v2\/categories?post=60185"},{"taxonomy":"post_tag","embeddable":true,"href":"https:\/\/www.noticiasradioreflejos.com.ar\/2021\/wp-json\/wp\/v2\/tags?post=60185"}],"curies":[{"name":"wp","href":"https:\/\/api.w.org\/{rel}","templated":true}]}}