{"id":60156,"date":"2021-07-15T13:12:09","date_gmt":"2021-07-15T13:12:09","guid":{"rendered":"http:\/\/www.noticiasradioreflejos.com.ar\/2021\/?p=60156"},"modified":"2021-07-15T13:12:09","modified_gmt":"2021-07-15T13:12:09","slug":"argentina-celebra-el-15-de-julio-el-dia-nacional-del-golf","status":"publish","type":"post","link":"https:\/\/www.noticiasradioreflejos.com.ar\/2021\/argentina-celebra-el-15-de-julio-el-dia-nacional-del-golf\/","title":{"rendered":"Argentina celebra el 15 de julio el D\u00eda Nacional del Golf"},"content":{"rendered":"<p><strong>El gran triunfo del argentino Roberto De Vicenzo en el British Open en Hoylake el 15 de julio de 1967 fue, sin duda, uno de los momentos hist\u00f3ricos del golf argentino<\/strong>, y por supuesto sudamericano, al entregarle al pa\u00eds del sur de nuestra regi\u00f3n una victoria que est\u00e1 grabada con letras doradas en la memoria deportiva de la naci\u00f3n.<!--more--><\/p>\n<p><strong>La victoria<\/strong>\u00a0\u2018Major\u2019 de uno de los mejores de la historia en el campeonato m\u00e1s antiguo del golf marc\u00f3 un hito de nuestro deporte en suelo argentino, victoria que\u00a0<strong>llev\u00f3 al Consejo Directivo de la Asociaci\u00f3n Argentina de Golf, recogiendo la iniciativa del Club Estudiantes de La Plata, a establecer el 15 de julio como el del D\u00eda Nacional del Golf.<\/strong><\/p>\n<p><strong>El 15 de julio de 1967,<\/strong>\u00a0De Vicenzo gan\u00f3 el British Open con un score de 278 golpes en Hoylake. El argentino, ganador de 231 t\u00edtulos profesionales (entre ellos la mayor\u00eda de los abiertos nacionales en Sudam\u00e9rica), super\u00f3 en ese momento por dos al estadounidense Jack Nicklaus.<\/p>\n<p><strong>Su victoria ocurri\u00f3 a sus 44 a\u00f1os, raz\u00f3n por la cual fue reconocido con el Ol\u00edmpia de Oro al mejor deportista del a\u00f1o<\/strong>. En honor a este hecho hist\u00f3rico y para conmemorar el D\u00eda Nacional del Golf, cada dos a\u00f1os, la Asociaci\u00f3n Argentina de Golf entrega el Premio \u2018Asociaci\u00f3n Argentina de Golf\u2019 a personalidades que han trabajado para el engrandecimiento del golf en dicho pa\u00eds en distintas \u00e1reas.<\/p>\n<p><strong>El premio ya fue recibido por el propio Roberto De Vicenzo y por personalidades como<\/strong>\u00a0Jorge Ledesma, Vicente Fern\u00e1ndez, V\u00edctor Zemborain, \u00c1ngel Cabrera, Eduardo Romero, Craig Stadler y Silvia Bertolaccini, entre otros. El \u00faltimo en recibir la distinci\u00f3n fue Peter Dawson en ocasi\u00f3n de celebrarse los Juegos Ol\u00edmpicos de la Juventud en Buenos Aires.<\/p>\n","protected":false},"excerpt":{"rendered":"<p>El gran triunfo del argentino Roberto De Vicenzo en el British Open en Hoylake el 15 de julio de 1967 fue, sin duda, uno de los momentos hist\u00f3ricos del golf argentino, y por supuesto sudamericano, al entregarle al pa\u00eds del sur de nuestra regi\u00f3n una victoria que est\u00e1 grabada con letras doradas en la memoria [&hellip;]<\/p>\n","protected":false},"author":3,"featured_media":0,"comment_status":"closed","ping_status":"closed","sticky":false,"template":"","format":"standard","meta":{"footnotes":""},"categories":[26],"tags":[],"class_list":["post-60156","post","type-post","status-publish","format-standard","hentry","category-sociedad"],"yoast_head":"<!-- This site is optimized with the Yoast SEO plugin v25.9 - https:\/\/yoast.com\/wordpress\/plugins\/seo\/ -->\n<title>Argentina celebra el 15 de julio el D\u00eda Nacional del Golf - Noticias Radio Reflejos<\/title>\n<meta name=\"robots\" content=\"index, follow, max-snippet:-1, max-image-preview:large, max-video-preview:-1\" \/>\n<link rel=\"canonical\" href=\"https:\/\/www.noticiasradioreflejos.com.ar\/2021\/argentina-celebra-el-15-de-julio-el-dia-nacional-del-golf\/\" \/>\n<meta property=\"og:locale\" content=\"es_ES\" \/>\n<meta property=\"og:type\" content=\"article\" \/>\n<meta property=\"og:title\" content=\"Argentina celebra el 15 de julio el D\u00eda Nacional del Golf - Noticias Radio Reflejos\" \/>\n<meta property=\"og:description\" content=\"El gran triunfo del argentino Roberto De Vicenzo en el British Open en Hoylake el 15 de julio de 1967 fue, sin duda, uno de los momentos hist\u00f3ricos del golf argentino, y por supuesto sudamericano, al entregarle al pa\u00eds del sur de nuestra regi\u00f3n una victoria que est\u00e1 grabada con letras doradas en la memoria [&hellip;]\" \/>\n<meta property=\"og:url\" content=\"https:\/\/www.noticiasradioreflejos.com.ar\/2021\/argentina-celebra-el-15-de-julio-el-dia-nacional-del-golf\/\" \/>\n<meta property=\"og:site_name\" content=\"Noticias Radio Reflejos\" \/>\n<meta property=\"article:published_time\" content=\"2021-07-15T13:12:09+00:00\" \/>\n<meta property=\"og:image\" content=\"https:\/\/www.noticiasradioreflejos.com.ar\/2021\/wp-content\/uploads\/2021\/07\/logosol300x200.png\" \/>\n\t<meta property=\"og:image:width\" content=\"300\" \/>\n\t<meta property=\"og:image:height\" content=\"200\" \/>\n\t<meta property=\"og:image:type\" content=\"image\/png\" \/>\n<meta name=\"author\" content=\"Arnaldo Botto\" \/>\n<meta name=\"twitter:card\" content=\"summary_large_image\" \/>\n<script type=\"application\/ld+json\" class=\"yoast-schema-graph\">{\"@context\":\"https:\/\/schema.org\",\"@graph\":[{\"@type\":\"WebPage\",\"@id\":\"https:\/\/www.noticiasradioreflejos.com.ar\/2021\/argentina-celebra-el-15-de-julio-el-dia-nacional-del-golf\/\",\"url\":\"https:\/\/www.noticiasradioreflejos.com.ar\/2021\/argentina-celebra-el-15-de-julio-el-dia-nacional-del-golf\/\",\"name\":\"Argentina celebra el 15 de julio el D\u00eda Nacional del Golf - Noticias Radio Reflejos\",\"isPartOf\":{\"@id\":\"https:\/\/www.noticiasradioreflejos.com.ar\/2021\/#website\"},\"datePublished\":\"2021-07-15T13:12:09+00:00\",\"author\":{\"@id\":\"https:\/\/www.noticiasradioreflejos.com.ar\/2021\/#\/schema\/person\/ad82545263dcc5ec0996818884fd5fb1\"},\"breadcrumb\":{\"@id\":\"https:\/\/www.noticiasradioreflejos.com.ar\/2021\/argentina-celebra-el-15-de-julio-el-dia-nacional-del-golf\/#breadcrumb\"},\"inLanguage\":\"es\",\"potentialAction\":[{\"@type\":\"ReadAction\",\"target\":[\"https:\/\/www.noticiasradioreflejos.com.ar\/2021\/argentina-celebra-el-15-de-julio-el-dia-nacional-del-golf\/\"]}]},{\"@type\":\"BreadcrumbList\",\"@id\":\"https:\/\/www.noticiasradioreflejos.com.ar\/2021\/argentina-celebra-el-15-de-julio-el-dia-nacional-del-golf\/#breadcrumb\",\"itemListElement\":[{\"@type\":\"ListItem\",\"position\":1,\"name\":\"Portada\",\"item\":\"https:\/\/www.noticiasradioreflejos.com.ar\/2021\/\"},{\"@type\":\"ListItem\",\"position\":2,\"name\":\"Argentina celebra el 15 de julio el D\u00eda Nacional del Golf\"}]},{\"@type\":\"WebSite\",\"@id\":\"https:\/\/www.noticiasradioreflejos.com.ar\/2021\/#website\",\"url\":\"https:\/\/www.noticiasradioreflejos.com.ar\/2021\/\",\"name\":\"Noticias Radio Reflejos\",\"description\":\"Las noticias de mi comarca\",\"potentialAction\":[{\"@type\":\"SearchAction\",\"target\":{\"@type\":\"EntryPoint\",\"urlTemplate\":\"https:\/\/www.noticiasradioreflejos.com.ar\/2021\/?s={search_term_string}\"},\"query-input\":{\"@type\":\"PropertyValueSpecification\",\"valueRequired\":true,\"valueName\":\"search_term_string\"}}],\"inLanguage\":\"es\"},{\"@type\":\"Person\",\"@id\":\"https:\/\/www.noticiasradioreflejos.com.ar\/2021\/#\/schema\/person\/ad82545263dcc5ec0996818884fd5fb1\",\"name\":\"Arnaldo Botto\",\"image\":{\"@type\":\"ImageObject\",\"inLanguage\":\"es\",\"@id\":\"https:\/\/www.noticiasradioreflejos.com.ar\/2021\/#\/schema\/person\/image\/\",\"url\":\"https:\/\/secure.gravatar.com\/avatar\/55cb5e37c1efa326397366e6974cb338056df65cb50e7d64d1cf314e87504837?s=96&d=mm&r=g\",\"contentUrl\":\"https:\/\/secure.gravatar.com\/avatar\/55cb5e37c1efa326397366e6974cb338056df65cb50e7d64d1cf314e87504837?s=96&d=mm&r=g\",\"caption\":\"Arnaldo Botto\"},\"url\":\"https:\/\/www.noticiasradioreflejos.com.ar\/2021\/author\/arnaldo\/\"}]}<\/script>\n<!-- \/ Yoast SEO plugin. -->","yoast_head_json":{"title":"Argentina celebra el 15 de julio el D\u00eda Nacional del Golf - Noticias Radio Reflejos","robots":{"index":"index","follow":"follow","max-snippet":"max-snippet:-1","max-image-preview":"max-image-preview:large","max-video-preview":"max-video-preview:-1"},"canonical":"https:\/\/www.noticiasradioreflejos.com.ar\/2021\/argentina-celebra-el-15-de-julio-el-dia-nacional-del-golf\/","og_locale":"es_ES","og_type":"article","og_title":"Argentina celebra el 15 de julio el D\u00eda Nacional del Golf - Noticias Radio Reflejos","og_description":"El gran triunfo del argentino Roberto De Vicenzo en el British Open en Hoylake el 15 de julio de 1967 fue, sin duda, uno de los momentos hist\u00f3ricos del golf argentino, y por supuesto sudamericano, al entregarle al pa\u00eds del sur de nuestra regi\u00f3n una victoria que est\u00e1 grabada con letras doradas en la memoria [&hellip;]","og_url":"https:\/\/www.noticiasradioreflejos.com.ar\/2021\/argentina-celebra-el-15-de-julio-el-dia-nacional-del-golf\/","og_site_name":"Noticias Radio Reflejos","article_published_time":"2021-07-15T13:12:09+00:00","og_image":[{"width":300,"height":200,"url":"https:\/\/www.noticiasradioreflejos.com.ar\/2021\/wp-content\/uploads\/2021\/07\/logosol300x200.png","type":"image\/png"}],"author":"Arnaldo Botto","twitter_card":"summary_large_image","schema":{"@context":"https:\/\/schema.org","@graph":[{"@type":"WebPage","@id":"https:\/\/www.noticiasradioreflejos.com.ar\/2021\/argentina-celebra-el-15-de-julio-el-dia-nacional-del-golf\/","url":"https:\/\/www.noticiasradioreflejos.com.ar\/2021\/argentina-celebra-el-15-de-julio-el-dia-nacional-del-golf\/","name":"Argentina celebra el 15 de julio el D\u00eda Nacional del Golf - Noticias Radio Reflejos","isPartOf":{"@id":"https:\/\/www.noticiasradioreflejos.com.ar\/2021\/#website"},"datePublished":"2021-07-15T13:12:09+00:00","author":{"@id":"https:\/\/www.noticiasradioreflejos.com.ar\/2021\/#\/schema\/person\/ad82545263dcc5ec0996818884fd5fb1"},"breadcrumb":{"@id":"https:\/\/www.noticiasradioreflejos.com.ar\/2021\/argentina-celebra-el-15-de-julio-el-dia-nacional-del-golf\/#breadcrumb"},"inLanguage":"es","potentialAction":[{"@type":"ReadAction","target":["https:\/\/www.noticiasradioreflejos.com.ar\/2021\/argentina-celebra-el-15-de-julio-el-dia-nacional-del-golf\/"]}]},{"@type":"BreadcrumbList","@id":"https:\/\/www.noticiasradioreflejos.com.ar\/2021\/argentina-celebra-el-15-de-julio-el-dia-nacional-del-golf\/#breadcrumb","itemListElement":[{"@type":"ListItem","position":1,"name":"Portada","item":"https:\/\/www.noticiasradioreflejos.com.ar\/2021\/"},{"@type":"ListItem","position":2,"name":"Argentina celebra el 15 de julio el D\u00eda Nacional del Golf"}]},{"@type":"WebSite","@id":"https:\/\/www.noticiasradioreflejos.com.ar\/2021\/#website","url":"https:\/\/www.noticiasradioreflejos.com.ar\/2021\/","name":"Noticias Radio Reflejos","description":"Las noticias de mi comarca","potentialAction":[{"@type":"SearchAction","target":{"@type":"EntryPoint","urlTemplate":"https:\/\/www.noticiasradioreflejos.com.ar\/2021\/?s={search_term_string}"},"query-input":{"@type":"PropertyValueSpecification","valueRequired":true,"valueName":"search_term_string"}}],"inLanguage":"es"},{"@type":"Person","@id":"https:\/\/www.noticiasradioreflejos.com.ar\/2021\/#\/schema\/person\/ad82545263dcc5ec0996818884fd5fb1","name":"Arnaldo Botto","image":{"@type":"ImageObject","inLanguage":"es","@id":"https:\/\/www.noticiasradioreflejos.com.ar\/2021\/#\/schema\/person\/image\/","url":"https:\/\/secure.gravatar.com\/avatar\/55cb5e37c1efa326397366e6974cb338056df65cb50e7d64d1cf314e87504837?s=96&d=mm&r=g","contentUrl":"https:\/\/secure.gravatar.com\/avatar\/55cb5e37c1efa326397366e6974cb338056df65cb50e7d64d1cf314e87504837?s=96&d=mm&r=g","caption":"Arnaldo Botto"},"url":"https:\/\/www.noticiasradioreflejos.com.ar\/2021\/author\/arnaldo\/"}]}},"_links":{"self":[{"href":"https:\/\/www.noticiasradioreflejos.com.ar\/2021\/wp-json\/wp\/v2\/posts\/60156","targetHints":{"allow":["GET"]}}],"collection":[{"href":"https:\/\/www.noticiasradioreflejos.com.ar\/2021\/wp-json\/wp\/v2\/posts"}],"about":[{"href":"https:\/\/www.noticiasradioreflejos.com.ar\/2021\/wp-json\/wp\/v2\/types\/post"}],"author":[{"embeddable":true,"href":"https:\/\/www.noticiasradioreflejos.com.ar\/2021\/wp-json\/wp\/v2\/users\/3"}],"replies":[{"embeddable":true,"href":"https:\/\/www.noticiasradioreflejos.com.ar\/2021\/wp-json\/wp\/v2\/comments?post=60156"}],"version-history":[{"count":1,"href":"https:\/\/www.noticiasradioreflejos.com.ar\/2021\/wp-json\/wp\/v2\/posts\/60156\/revisions"}],"predecessor-version":[{"id":60158,"href":"https:\/\/www.noticiasradioreflejos.com.ar\/2021\/wp-json\/wp\/v2\/posts\/60156\/revisions\/60158"}],"wp:attachment":[{"href":"https:\/\/www.noticiasradioreflejos.com.ar\/2021\/wp-json\/wp\/v2\/media?parent=60156"}],"wp:term":[{"taxonomy":"category","embeddable":true,"href":"https:\/\/www.noticiasradioreflejos.com.ar\/2021\/wp-json\/wp\/v2\/categories?post=60156"},{"taxonomy":"post_tag","embeddable":true,"href":"https:\/\/www.noticiasradioreflejos.com.ar\/2021\/wp-json\/wp\/v2\/tags?post=60156"}],"curies":[{"name":"wp","href":"https:\/\/api.w.org\/{rel}","templated":true}]}}