{"id":60153,"date":"2021-07-15T13:09:48","date_gmt":"2021-07-15T13:09:48","guid":{"rendered":"http:\/\/www.noticiasradioreflejos.com.ar\/2021\/?p=60153"},"modified":"2021-07-15T13:09:48","modified_gmt":"2021-07-15T13:09:48","slug":"cinco-dias-de-duelo-nacional-en-homenaje-a-los-muertos-por-coronavirus","status":"publish","type":"post","link":"https:\/\/www.noticiasradioreflejos.com.ar\/2021\/cinco-dias-de-duelo-nacional-en-homenaje-a-los-muertos-por-coronavirus\/","title":{"rendered":"Cinco d\u00edas de Duelo Nacional en homenaje a los muertos por coronavirus"},"content":{"rendered":"<div class=\"head-content\">\n<p>\u00abUn dolor inmenso atraviesa al conjunto de la sociedad por todas y cada una de las personas que fueron v\u00edctimas fatales de la pandemia\u00bb, dice el Decreto 459\/2021, firmado por el presidente Alberto Fern\u00e1ndez y el jefe de Gabinete, Santiago Cafiero.<\/p>\n<\/div>\n<p><!--more--><\/p>\n<div class=\"main-content-block\">\n<div class=\"main-box clearfix\">\n<div class=\"wrapper-main-section clearfix\">\n<div class=\"wrapper-editable-content\">\n<div class=\"editable-content clearfix\">\n<div id=\"image\" class=\"image\"><img decoding=\"async\" title=\"Durante los d\u00edas de duelo la Bandera Nacional permanecer\u00e1 izada a media asta en todos los edificios p\u00fablicos.\" src=\"https:\/\/www.telam.com.ar\/advf\/imagenes\/2021\/07\/60f017a2365a2_1004x565.jpg\" alt=\"Durante los d\u00edas de duelo la Bandera Nacional permanecer\u00e1 izada a media asta en todos los edificios p\u00fablicos.\" \/><\/p>\n<div class=\"epigrafe\">Durante los d\u00edas de duelo la Bandera Nacional permanecer\u00e1 izada a media asta en todos los edificios p\u00fablicos.<\/div>\n<\/div>\n<p><strong>El Gobierno nacional decret\u00f3 cinco d\u00edas de duelo nacional<\/strong>\u00a0como consecuencia del fallecimiento de\u00a0<strong>m\u00e1s de 100 mil personas v\u00edctimas del coronavirus<\/strong>\u00a0desde el inicio de la pandemia.<\/p>\n<p>\u00abDecl\u00e1rase Duelo Nacional en todo el territorio de la Rep\u00fablica Argentina por el t\u00e9rmino de cinco d\u00edas, como consecuencia del fallecimiento de m\u00e1s de 100.000 personas, habitantes de nuestro pa\u00eds, v\u00edctimas del Covid-19\u00bb, dice el Decreto 459\/2021 publicado este jueves en el Bolet\u00edn Oficial.<\/p>\n<p>La norma lleva la firma del presidente Alberto Fern\u00e1ndez y del jefe de Gabinete, Santiago Cafiero.<\/p>\n<p>En su art\u00edculo 2,\u00a0<strong>el decreto expresa a las familias de las personas fallecidas \u00ablas m\u00e1s sentidas condolencias del Gobierno nacional\u00bb<\/strong>.<\/p>\n<blockquote><p>\u00abUn dolor inmenso atraviesa al conjunto de la sociedad por todas y cada una de las personas que fueron v\u00edctimas fatales de la pandemia\u00bb<\/p><\/blockquote>\n<p>Como es de forma, durante los d\u00edas de duelo,\u00a0<strong>la Bandera Nacional permanecer\u00e1 izada a media asta en todos los edificios p\u00fablicos<\/strong>.<\/p>\n<p>En los considerandos de la medida, se expresa que \u00abcada una de esas personas ten\u00eda un nombre, una vida, familiares, amigos, amigas y afectos\u00bb y que \u00ab<strong>un dolor inmenso atraviesa al conjunto de la sociedad<\/strong>\u00a0por todas y cada una de las personas que fueron v\u00edctimas fatales de la pandemia\u00bb.<\/p>\n<p>Asimismo, se\u00f1ala que\u00a0<strong>la sociedad argentina \u00abdebe y desea recordar y rendir homenaje a quienes se han ido en este tiempo doloroso\u00bb<\/strong>, y que \u00ablo mejor que podemos hacer como sociedad es que tanto pesar y desconsuelo se vuelva fuerza e impulso para atravesar unidos y unidas el tiempo por venir, avanzando r\u00e1pidamente con la mayor campa\u00f1a de vacunaci\u00f3n de la historia del pa\u00eds\u00bb.<\/p>\n<p>El decreto remarca adem\u00e1s que resulta \u00abfundamental que cada habitante del pa\u00eds tome plena conciencia del riesgo para la salud y la vida que implica el Covid-19 y de la necesidad de atender a los cuidados personales y colectivos\u00bb.<\/p>\n<p>Seg\u00fan los n\u00fameros oficiales notificados\u00a0<strong>este mi\u00e9rcoles, la Argentina alcanz\u00f3 los 100.250 muertos v\u00edctimas de coronavirus<\/strong>\u00a0desde el inicio de la pandemia y un total de 4.702.657 de casos notificados.<\/div>\n<\/div>\n<\/div>\n<\/div>\n<\/div>\n","protected":false},"excerpt":{"rendered":"<p>\u00abUn dolor inmenso atraviesa al conjunto de la sociedad por todas y cada una de las personas que fueron v\u00edctimas fatales de la pandemia\u00bb, dice el Decreto 459\/2021, firmado por el presidente Alberto Fern\u00e1ndez y el jefe de Gabinete, Santiago Cafiero.<\/p>\n","protected":false},"author":3,"featured_media":0,"comment_status":"closed","ping_status":"closed","sticky":false,"template":"","format":"standard","meta":{"footnotes":""},"categories":[24],"tags":[],"class_list":["post-60153","post","type-post","status-publish","format-standard","hentry","category-politica"],"yoast_head":"<!-- This site is optimized with the Yoast SEO plugin v25.9 - https:\/\/yoast.com\/wordpress\/plugins\/seo\/ -->\n<title>Cinco d\u00edas de Duelo Nacional en homenaje a los muertos por coronavirus - Noticias Radio Reflejos<\/title>\n<meta name=\"robots\" content=\"index, follow, max-snippet:-1, max-image-preview:large, max-video-preview:-1\" \/>\n<link rel=\"canonical\" href=\"https:\/\/www.noticiasradioreflejos.com.ar\/2021\/cinco-dias-de-duelo-nacional-en-homenaje-a-los-muertos-por-coronavirus\/\" \/>\n<meta property=\"og:locale\" content=\"es_ES\" \/>\n<meta property=\"og:type\" content=\"article\" \/>\n<meta property=\"og:title\" content=\"Cinco d\u00edas de Duelo Nacional en homenaje a los muertos por coronavirus - Noticias Radio Reflejos\" \/>\n<meta property=\"og:description\" content=\"\u00abUn dolor inmenso atraviesa al conjunto de la sociedad por todas y cada una de las personas que fueron v\u00edctimas fatales de la pandemia\u00bb, dice el Decreto 459\/2021, firmado por el presidente Alberto Fern\u00e1ndez y el jefe de Gabinete, Santiago Cafiero.\" \/>\n<meta property=\"og:url\" content=\"https:\/\/www.noticiasradioreflejos.com.ar\/2021\/cinco-dias-de-duelo-nacional-en-homenaje-a-los-muertos-por-coronavirus\/\" \/>\n<meta property=\"og:site_name\" content=\"Noticias Radio Reflejos\" \/>\n<meta property=\"article:published_time\" content=\"2021-07-15T13:09:48+00:00\" \/>\n<meta property=\"og:image\" content=\"https:\/\/www.telam.com.ar\/advf\/imagenes\/2021\/07\/60f017a2365a2_1004x565.jpg\" \/>\n<meta name=\"author\" content=\"Arnaldo Botto\" \/>\n<meta name=\"twitter:card\" content=\"summary_large_image\" \/>\n<script type=\"application\/ld+json\" class=\"yoast-schema-graph\">{\"@context\":\"https:\/\/schema.org\",\"@graph\":[{\"@type\":\"WebPage\",\"@id\":\"https:\/\/www.noticiasradioreflejos.com.ar\/2021\/cinco-dias-de-duelo-nacional-en-homenaje-a-los-muertos-por-coronavirus\/\",\"url\":\"https:\/\/www.noticiasradioreflejos.com.ar\/2021\/cinco-dias-de-duelo-nacional-en-homenaje-a-los-muertos-por-coronavirus\/\",\"name\":\"Cinco d\u00edas de Duelo Nacional en homenaje a los muertos por coronavirus - Noticias Radio Reflejos\",\"isPartOf\":{\"@id\":\"https:\/\/www.noticiasradioreflejos.com.ar\/2021\/#website\"},\"primaryImageOfPage\":{\"@id\":\"https:\/\/www.noticiasradioreflejos.com.ar\/2021\/cinco-dias-de-duelo-nacional-en-homenaje-a-los-muertos-por-coronavirus\/#primaryimage\"},\"image\":{\"@id\":\"https:\/\/www.noticiasradioreflejos.com.ar\/2021\/cinco-dias-de-duelo-nacional-en-homenaje-a-los-muertos-por-coronavirus\/#primaryimage\"},\"thumbnailUrl\":\"https:\/\/www.telam.com.ar\/advf\/imagenes\/2021\/07\/60f017a2365a2_1004x565.jpg\",\"datePublished\":\"2021-07-15T13:09:48+00:00\",\"author\":{\"@id\":\"https:\/\/www.noticiasradioreflejos.com.ar\/2021\/#\/schema\/person\/ad82545263dcc5ec0996818884fd5fb1\"},\"breadcrumb\":{\"@id\":\"https:\/\/www.noticiasradioreflejos.com.ar\/2021\/cinco-dias-de-duelo-nacional-en-homenaje-a-los-muertos-por-coronavirus\/#breadcrumb\"},\"inLanguage\":\"es\",\"potentialAction\":[{\"@type\":\"ReadAction\",\"target\":[\"https:\/\/www.noticiasradioreflejos.com.ar\/2021\/cinco-dias-de-duelo-nacional-en-homenaje-a-los-muertos-por-coronavirus\/\"]}]},{\"@type\":\"ImageObject\",\"inLanguage\":\"es\",\"@id\":\"https:\/\/www.noticiasradioreflejos.com.ar\/2021\/cinco-dias-de-duelo-nacional-en-homenaje-a-los-muertos-por-coronavirus\/#primaryimage\",\"url\":\"https:\/\/www.telam.com.ar\/advf\/imagenes\/2021\/07\/60f017a2365a2_1004x565.jpg\",\"contentUrl\":\"https:\/\/www.telam.com.ar\/advf\/imagenes\/2021\/07\/60f017a2365a2_1004x565.jpg\"},{\"@type\":\"BreadcrumbList\",\"@id\":\"https:\/\/www.noticiasradioreflejos.com.ar\/2021\/cinco-dias-de-duelo-nacional-en-homenaje-a-los-muertos-por-coronavirus\/#breadcrumb\",\"itemListElement\":[{\"@type\":\"ListItem\",\"position\":1,\"name\":\"Portada\",\"item\":\"https:\/\/www.noticiasradioreflejos.com.ar\/2021\/\"},{\"@type\":\"ListItem\",\"position\":2,\"name\":\"Cinco d\u00edas de Duelo Nacional en homenaje a los muertos por coronavirus\"}]},{\"@type\":\"WebSite\",\"@id\":\"https:\/\/www.noticiasradioreflejos.com.ar\/2021\/#website\",\"url\":\"https:\/\/www.noticiasradioreflejos.com.ar\/2021\/\",\"name\":\"Noticias Radio Reflejos\",\"description\":\"Las noticias de mi comarca\",\"potentialAction\":[{\"@type\":\"SearchAction\",\"target\":{\"@type\":\"EntryPoint\",\"urlTemplate\":\"https:\/\/www.noticiasradioreflejos.com.ar\/2021\/?s={search_term_string}\"},\"query-input\":{\"@type\":\"PropertyValueSpecification\",\"valueRequired\":true,\"valueName\":\"search_term_string\"}}],\"inLanguage\":\"es\"},{\"@type\":\"Person\",\"@id\":\"https:\/\/www.noticiasradioreflejos.com.ar\/2021\/#\/schema\/person\/ad82545263dcc5ec0996818884fd5fb1\",\"name\":\"Arnaldo Botto\",\"image\":{\"@type\":\"ImageObject\",\"inLanguage\":\"es\",\"@id\":\"https:\/\/www.noticiasradioreflejos.com.ar\/2021\/#\/schema\/person\/image\/\",\"url\":\"https:\/\/secure.gravatar.com\/avatar\/55cb5e37c1efa326397366e6974cb338056df65cb50e7d64d1cf314e87504837?s=96&d=mm&r=g\",\"contentUrl\":\"https:\/\/secure.gravatar.com\/avatar\/55cb5e37c1efa326397366e6974cb338056df65cb50e7d64d1cf314e87504837?s=96&d=mm&r=g\",\"caption\":\"Arnaldo Botto\"},\"url\":\"https:\/\/www.noticiasradioreflejos.com.ar\/2021\/author\/arnaldo\/\"}]}<\/script>\n<!-- \/ Yoast SEO plugin. -->","yoast_head_json":{"title":"Cinco d\u00edas de Duelo Nacional en homenaje a los muertos por coronavirus - Noticias Radio Reflejos","robots":{"index":"index","follow":"follow","max-snippet":"max-snippet:-1","max-image-preview":"max-image-preview:large","max-video-preview":"max-video-preview:-1"},"canonical":"https:\/\/www.noticiasradioreflejos.com.ar\/2021\/cinco-dias-de-duelo-nacional-en-homenaje-a-los-muertos-por-coronavirus\/","og_locale":"es_ES","og_type":"article","og_title":"Cinco d\u00edas de Duelo Nacional en homenaje a los muertos por coronavirus - Noticias Radio Reflejos","og_description":"\u00abUn dolor inmenso atraviesa al conjunto de la sociedad por todas y cada una de las personas que fueron v\u00edctimas fatales de la pandemia\u00bb, dice el Decreto 459\/2021, firmado por el presidente Alberto Fern\u00e1ndez y el jefe de Gabinete, Santiago Cafiero.","og_url":"https:\/\/www.noticiasradioreflejos.com.ar\/2021\/cinco-dias-de-duelo-nacional-en-homenaje-a-los-muertos-por-coronavirus\/","og_site_name":"Noticias Radio Reflejos","article_published_time":"2021-07-15T13:09:48+00:00","og_image":[{"url":"https:\/\/www.telam.com.ar\/advf\/imagenes\/2021\/07\/60f017a2365a2_1004x565.jpg","type":"","width":"","height":""}],"author":"Arnaldo Botto","twitter_card":"summary_large_image","schema":{"@context":"https:\/\/schema.org","@graph":[{"@type":"WebPage","@id":"https:\/\/www.noticiasradioreflejos.com.ar\/2021\/cinco-dias-de-duelo-nacional-en-homenaje-a-los-muertos-por-coronavirus\/","url":"https:\/\/www.noticiasradioreflejos.com.ar\/2021\/cinco-dias-de-duelo-nacional-en-homenaje-a-los-muertos-por-coronavirus\/","name":"Cinco d\u00edas de Duelo Nacional en homenaje a los muertos por coronavirus - Noticias Radio Reflejos","isPartOf":{"@id":"https:\/\/www.noticiasradioreflejos.com.ar\/2021\/#website"},"primaryImageOfPage":{"@id":"https:\/\/www.noticiasradioreflejos.com.ar\/2021\/cinco-dias-de-duelo-nacional-en-homenaje-a-los-muertos-por-coronavirus\/#primaryimage"},"image":{"@id":"https:\/\/www.noticiasradioreflejos.com.ar\/2021\/cinco-dias-de-duelo-nacional-en-homenaje-a-los-muertos-por-coronavirus\/#primaryimage"},"thumbnailUrl":"https:\/\/www.telam.com.ar\/advf\/imagenes\/2021\/07\/60f017a2365a2_1004x565.jpg","datePublished":"2021-07-15T13:09:48+00:00","author":{"@id":"https:\/\/www.noticiasradioreflejos.com.ar\/2021\/#\/schema\/person\/ad82545263dcc5ec0996818884fd5fb1"},"breadcrumb":{"@id":"https:\/\/www.noticiasradioreflejos.com.ar\/2021\/cinco-dias-de-duelo-nacional-en-homenaje-a-los-muertos-por-coronavirus\/#breadcrumb"},"inLanguage":"es","potentialAction":[{"@type":"ReadAction","target":["https:\/\/www.noticiasradioreflejos.com.ar\/2021\/cinco-dias-de-duelo-nacional-en-homenaje-a-los-muertos-por-coronavirus\/"]}]},{"@type":"ImageObject","inLanguage":"es","@id":"https:\/\/www.noticiasradioreflejos.com.ar\/2021\/cinco-dias-de-duelo-nacional-en-homenaje-a-los-muertos-por-coronavirus\/#primaryimage","url":"https:\/\/www.telam.com.ar\/advf\/imagenes\/2021\/07\/60f017a2365a2_1004x565.jpg","contentUrl":"https:\/\/www.telam.com.ar\/advf\/imagenes\/2021\/07\/60f017a2365a2_1004x565.jpg"},{"@type":"BreadcrumbList","@id":"https:\/\/www.noticiasradioreflejos.com.ar\/2021\/cinco-dias-de-duelo-nacional-en-homenaje-a-los-muertos-por-coronavirus\/#breadcrumb","itemListElement":[{"@type":"ListItem","position":1,"name":"Portada","item":"https:\/\/www.noticiasradioreflejos.com.ar\/2021\/"},{"@type":"ListItem","position":2,"name":"Cinco d\u00edas de Duelo Nacional en homenaje a los muertos por coronavirus"}]},{"@type":"WebSite","@id":"https:\/\/www.noticiasradioreflejos.com.ar\/2021\/#website","url":"https:\/\/www.noticiasradioreflejos.com.ar\/2021\/","name":"Noticias Radio Reflejos","description":"Las noticias de mi comarca","potentialAction":[{"@type":"SearchAction","target":{"@type":"EntryPoint","urlTemplate":"https:\/\/www.noticiasradioreflejos.com.ar\/2021\/?s={search_term_string}"},"query-input":{"@type":"PropertyValueSpecification","valueRequired":true,"valueName":"search_term_string"}}],"inLanguage":"es"},{"@type":"Person","@id":"https:\/\/www.noticiasradioreflejos.com.ar\/2021\/#\/schema\/person\/ad82545263dcc5ec0996818884fd5fb1","name":"Arnaldo Botto","image":{"@type":"ImageObject","inLanguage":"es","@id":"https:\/\/www.noticiasradioreflejos.com.ar\/2021\/#\/schema\/person\/image\/","url":"https:\/\/secure.gravatar.com\/avatar\/55cb5e37c1efa326397366e6974cb338056df65cb50e7d64d1cf314e87504837?s=96&d=mm&r=g","contentUrl":"https:\/\/secure.gravatar.com\/avatar\/55cb5e37c1efa326397366e6974cb338056df65cb50e7d64d1cf314e87504837?s=96&d=mm&r=g","caption":"Arnaldo Botto"},"url":"https:\/\/www.noticiasradioreflejos.com.ar\/2021\/author\/arnaldo\/"}]}},"_links":{"self":[{"href":"https:\/\/www.noticiasradioreflejos.com.ar\/2021\/wp-json\/wp\/v2\/posts\/60153","targetHints":{"allow":["GET"]}}],"collection":[{"href":"https:\/\/www.noticiasradioreflejos.com.ar\/2021\/wp-json\/wp\/v2\/posts"}],"about":[{"href":"https:\/\/www.noticiasradioreflejos.com.ar\/2021\/wp-json\/wp\/v2\/types\/post"}],"author":[{"embeddable":true,"href":"https:\/\/www.noticiasradioreflejos.com.ar\/2021\/wp-json\/wp\/v2\/users\/3"}],"replies":[{"embeddable":true,"href":"https:\/\/www.noticiasradioreflejos.com.ar\/2021\/wp-json\/wp\/v2\/comments?post=60153"}],"version-history":[{"count":1,"href":"https:\/\/www.noticiasradioreflejos.com.ar\/2021\/wp-json\/wp\/v2\/posts\/60153\/revisions"}],"predecessor-version":[{"id":60155,"href":"https:\/\/www.noticiasradioreflejos.com.ar\/2021\/wp-json\/wp\/v2\/posts\/60153\/revisions\/60155"}],"wp:attachment":[{"href":"https:\/\/www.noticiasradioreflejos.com.ar\/2021\/wp-json\/wp\/v2\/media?parent=60153"}],"wp:term":[{"taxonomy":"category","embeddable":true,"href":"https:\/\/www.noticiasradioreflejos.com.ar\/2021\/wp-json\/wp\/v2\/categories?post=60153"},{"taxonomy":"post_tag","embeddable":true,"href":"https:\/\/www.noticiasradioreflejos.com.ar\/2021\/wp-json\/wp\/v2\/tags?post=60153"}],"curies":[{"name":"wp","href":"https:\/\/api.w.org\/{rel}","templated":true}]}}