{"id":60149,"date":"2021-07-15T12:11:07","date_gmt":"2021-07-15T12:11:07","guid":{"rendered":"http:\/\/www.noticiasradioreflejos.com.ar\/2021\/?p=60149"},"modified":"2021-07-15T12:25:12","modified_gmt":"2021-07-15T12:25:12","slug":"es-inminente-la-aprobacion-de-las-vacunas-moderna-y-sinopharm-para-adolescentes","status":"publish","type":"post","link":"https:\/\/www.noticiasradioreflejos.com.ar\/2021\/es-inminente-la-aprobacion-de-las-vacunas-moderna-y-sinopharm-para-adolescentes\/","title":{"rendered":"Es \u00abinminente\u00bb la aprobaci\u00f3n de las vacunas Moderna y Sinopharm para adolescentes"},"content":{"rendered":"<div class=\"head-content\">\n<p>El ministro de Salud de la provincia de Buenos Aires precis\u00f3 que podr\u00e1n utilizarse esas dosis, junto a Pfizer y Sputnik, para inmunizar a la poblaci\u00f3n de 3 a 18 a\u00f1os una vez que la Anmat haya dado su autorizaci\u00f3n<\/p>\n<\/div>\n<p><!--more--><\/p>\n<div class=\"main-content-block\">\n<div class=\"main-box clearfix\">\n<div class=\"wrapper-main-section clearfix\">\n<div class=\"wrapper-editable-content\">\n<div class=\"editable-content clearfix\">\n<div id=\"image\" class=\"image\">\n<p><img decoding=\"async\" title=\"Conferencia de prensa de Daniel Gollan en La Plata. Foto: Eva Cabrera\" src=\"https:\/\/www.telam.com.ar\/advf\/imagenes\/2021\/07\/60ed924133acb_1004x565.jpg\" alt=\"Conferencia de prensa de Daniel Gollan en La Plata. Foto: Eva Cabrera\" \/><\/p>\n<div class=\"epigrafe\">Conferencia de prensa de Daniel Gollan en La Plata. Foto: Eva Cabrera<\/div>\n<\/div>\n<p>El ministro de Salud de la provincia de Buenos Aires, Daniel Gollan, dijo que es \u00abinminente\u00bb la aprobaci\u00f3n en el pa\u00eds de las vacunas Moderna y Sinopharm para inmunizar contra el coronavirus a menores de 18 a\u00f1os; en tanto\u00a0<a href=\"https:\/\/www.telam.com.ar\/notas\/202107\/561254-rusia-comenzara-vacunar-adolescentes-sputnik-v.html\" target=\"_blank\" rel=\"noopener\">Rusia anunci\u00f3 que en agosto comenzar\u00e1 a inocular a chicos entre 12 y 17 a\u00f1os con la Sputnik V<\/a>, f\u00e1rmaco que se utiliza y produce en la Argentina.<\/p>\n<p><strong>\u00abLa FDA por estos d\u00edas estar\u00eda aprobando (el uso de Moderna en menores) y despu\u00e9s la aprobaci\u00f3n de la Anmat es autom\u00e1tica\u00bb<\/strong>, dijo Gollan sobre la autorizaci\u00f3n que analiza la agencia de alimentos y medicamentos de los Estados Unidos a esa vacuna para ser aplicada en ni\u00f1os y adolescentes.<\/p>\n<p>Por otro lado, apunt\u00f3 que \u00abes muy, muy inminente la aprobaci\u00f3n de Sinopharm (para ni\u00f1os y adolescentes) de 3 a 18 a\u00f1os, con lo cual va a haber disponibilidad\u00bb de vacunas para este grupo poblacional tras la autorizaci\u00f3n de la Anmat.<\/p>\n<blockquote><p>\u00abVacunas para los chicos con comorbilidades va a haber muchas\u00bb<\/p>\n<div class=\"sign\">DANIEL GOLLAN<\/div>\n<\/blockquote>\n<p>El 11 de junio pasado China aprob\u00f3 el uso de emergencia de las vacunas contra la Covid-19 de Sinopharm y de Sinovac Biotech (ambas utilizan la plataforma de virus inactivado) en personas de 3 a 17 a\u00f1os.<\/p>\n<p>En tanto,\u00a0<strong>en la Uni\u00f3n Europea (UE), en Estados Unidos y Canad\u00e1 ya fue autorizado el uso de Pfizer en menores.<\/strong><\/p>\n<p>\u00abVacunas para los chicos con comorbilidades va a haber muchas\u00bb, asegur\u00f3 Gollan en Radio La Red, y precis\u00f3 que estima que podr\u00e1n utilizarse en el pa\u00eds las de Sputnik, Sinopharm, Moderna y Pfizer para ser aplicadas en menores cuando la Anmat haya dado su autorizaci\u00f3n y en la medida que avancen las negociaciones con esos laboratorios.<\/p>\n<p>El ministro asegur\u00f3 que se calcula que\u00a0<strong>en la provincia de Buenos Aires hay entre \u00ab300 y 400 mil chicos\u00bb con comorbilidades\u00a0<\/strong>y que, una vez que las vacunas est\u00e9n aprobadas, su aplicaci\u00f3n podr\u00eda concretarse en \u00abuno o dos d\u00edas\u00bb.<\/p>\n<div id=\"image\" class=\"image\">\n<p><img decoding=\"async\" title=\"&quot;Es muy, muy inminente la aprobaci\u00f3n de Sinopharm (para ni\u00f1os y adolescentes) de 3 a 18 a\u00f1os&quot;. Foto: Rub\u00e9n Paratore.\" src=\"https:\/\/www.telam.com.ar\/advf\/imagenes\/2021\/07\/60ef1c7a9e879_1004x565.jpg\" alt=\"&quot;Es muy, muy inminente la aprobaci\u00f3n de Sinopharm (para ni\u00f1os y adolescentes) de 3 a 18 a\u00f1os&quot;. Foto: Rub\u00e9n Paratore.\" \/><\/p>\n<div class=\"epigrafe\">\u00abEs muy, muy inminente la aprobaci\u00f3n de Sinopharm (para ni\u00f1os y adolescentes) de 3 a 18 a\u00f1os\u00bb. Foto: Rub\u00e9n Paratore.<\/div>\n<\/div>\n<div class=\"auth\">Rusia vacuna adolescentes<\/div>\n<p>Por otro lado, el director del Centro Nacional Gamaleya, Alexander Gintsburg, anunci\u00f3 que el mes que viene Rusia comenzar\u00e1 a vacunar contra el coronavirus a chicos de entre 12 y 17 a\u00f1os con la Sputnik V.<\/p>\n<p>En declaraciones a la agencia de noticias rusa Ria Novosti, explic\u00f3 que la vacunaci\u00f3n\u00a0<strong>empezar\u00e1 cuando terminen las pruebas que ya se realizan sobre voluntarios de ese rango etario.<\/strong><\/p>\n<p>De los 100 participantes del estudio, 21 chicos y chicas recibieron el primer componente de la f\u00f3rmula y s\u00f3lo dos \u00ablevantaron una fiebre de m\u00e1s de 37 grados\u00bb, dijo Gintsburg.<\/p>\n<p>\u00abEsta es una reacci\u00f3n normal, lo que significa que no se inyecta soluci\u00f3n salina, sino la vacuna. Si no la hubieran medido, probablemente no se habr\u00edan dado cuenta\u00bb, dijo Gintsburg sobre el progreso de las pruebas.<\/p>\n<p>\u00abLa vacunaci\u00f3n contra el coronavirus de los adolescentes debe comenzar antes del 20 de septiembre\u00bb, estim\u00f3.<\/p>\n<p><strong>El ensayo comenz\u00f3 el 5 de julio en el hospital infantil ZA Bashlyaeva y el hospital infantil Morozov de Mosc\u00fa<\/strong>, explic\u00f3.<\/p>\n<p>Los voluntarios se sometieron a pruebas de PCR para confirmar que no estuvieran cursando la enfermedad y luego se les aplic\u00f3 una dosis menor a la Sputnik V que se utiliza para adultos.<\/p>\n<div id=\"image\" class=\"image\">\n<p><img decoding=\"async\" title=\"De los 100 participantes del estudio, 21 chicos y chicas recibieron el primer componente de la f\u00f3rmula y s\u00f3lo dos &quot;levantaron una fiebre de m\u00e1s de 37 grados&quot;.\" src=\"https:\/\/www.telam.com.ar\/advf\/imagenes\/2021\/07\/60eaf7bbac537_1004x566.jpg\" alt=\"De los 100 participantes del estudio, 21 chicos y chicas recibieron el primer componente de la f\u00f3rmula y s\u00f3lo dos &quot;levantaron una fiebre de m\u00e1s de 37 grados&quot;.\" \/><\/p>\n<div class=\"epigrafe\">De los 100 participantes del estudio, 21 chicos y chicas recibieron el primer componente de la f\u00f3rmula y s\u00f3lo dos \u00ablevantaron una fiebre de m\u00e1s de 37 grados\u00bb.<\/div>\n<\/div>\n<div class=\"auth\">A nivel mundial<\/div>\n<p>La vacunaci\u00f3n contra el coronavirus en ni\u00f1as, ni\u00f1os y adolescentes avanza a nivel mundial como<strong>\u00a0estrategia para mejorar la inmunidad de reba\u00f1o o para proteger a aquellos menores de 18 a\u00f1os con comorbilidades<\/strong>, pero actualmente s\u00f3lo se encuentra aprobado el inmunizador de Pfizer para adolescentes y los de Sinovac y Sinopharm a partir de los 3 a\u00f1os, aunque s\u00f3lo en China.<\/p>\n<p>\u00abLa mayor\u00eda de los ni\u00f1os desarrolla cuadros leves de Covid-19, pero hay una muy baja proporci\u00f3n de poblaci\u00f3n pedi\u00e1trica que puede complicarse (un 1 o 2%), y en su mayor\u00eda se trata de ni\u00f1as, ni\u00f1os o adolescentes que tienen alguna comorbilidad\u00bb, dijo a T\u00e9lam la infect\u00f3loga pedi\u00e1trica Anal\u00eda De Crist\u00f3fano.<\/p>\n<blockquote><p>\u00abLa mayor\u00eda de los ni\u00f1os desarrolla cuadros leves de Covid-19, pero hay una muy baja proporci\u00f3n de poblaci\u00f3n pedi\u00e1trica que puede complicarse\u00bb<\/p>\n<div class=\"sign\">ANAL\u00cdA DE CRIST\u00d3FANO<\/div>\n<\/blockquote>\n<p>De Crist\u00f3fano, integrante de la Sociedad Argentina de Infectolog\u00eda (SADI), explic\u00f3 que\u00a0<strong>\u00abestas comorbilidades son parecidas a las que constituyen factores de riesgo en los adultos\u00bb<\/strong>, tales como \u00abinmunosupresi\u00f3n, obesidad, cuadros respiratorios cr\u00f3nicos o trastornos neurol\u00f3gicos que hacen que no puedan seguir las medidas de cuidado general\u00bb.<\/p>\n<p>\u00abCon lo cual, si se pueden vacunar, es una poblaci\u00f3n que va a mejorar su pron\u00f3stico y disminuir la posibilidad de tener casos severos. Por otro lado, est\u00e1 el tema de la inmunidad de reba\u00f1o, y en este sentido vacunar a los ni\u00f1os ayudar\u00eda a disminuir la circulaci\u00f3n viral\u00bb, indic\u00f3.<\/p>\n<p>Por su parte, el m\u00e9dico pediatra e infect\u00f3logo y coordinador de la Comisi\u00f3n de Vacunas de la SADI, Ricardo R\u00fcttimann, explic\u00f3 que\u00a0<strong>las vacunas pueden tener diferentes efectos adversos en los ni\u00f1os, por lo que \u00abno podemos traspolar la informaci\u00f3n de la seguridad en adultos a la poblaci\u00f3n pedi\u00e1trica\u00bb.<\/strong><\/p>\n<p>En el mismo sentido, De Crist\u00f3fano sostuvo que\u00a0<strong>\u00ablos ni\u00f1os son poblaci\u00f3n sensible, por lo que es muy importante que los estudios est\u00e9n hechos y aprobados\u00bb<\/strong>, pero record\u00f3 que \u00ablas vacunas de virus inactivado (como Sinovac o Sinopharm) est\u00e1n muy probadas y con las ARN (Pfizer o Moderna) se est\u00e1 acumulando mucha experiencia este \u00faltimo tiempo\u00bb.<\/p>\n<div id=\"image\" class=\"image\">\n<p><img decoding=\"async\" title=\"La vacunaci\u00f3n contra el coronavirus en ni\u00f1as, ni\u00f1os y adolescentes avanza a nivel mundial. Foto: Alfredo Ponce.\" src=\"https:\/\/www.telam.com.ar\/advf\/imagenes\/2021\/07\/60ef1c7a8c98d_1004x565.jpg\" alt=\"La vacunaci\u00f3n contra el coronavirus en ni\u00f1as, ni\u00f1os y adolescentes avanza a nivel mundial. Foto: Alfredo Ponce.\" \/><\/p>\n<div class=\"epigrafe\">La vacunaci\u00f3n contra el coronavirus en ni\u00f1as, ni\u00f1os y adolescentes avanza a nivel mundial. Foto: Alfredo Ponce.<\/div>\n<\/div>\n<div class=\"auth\">Las vacunas autorizadas<\/div>\n<p>La vacuna de Pfizer fue autorizada para uso de emergencia (AUE) a partir de los 16 a\u00f1os en diferentes pa\u00edses, pero el 5 de mayo las autoridades sanitarias de Canad\u00e1 ampliaron esa autorizaci\u00f3n para la poblaci\u00f3n de 12 a 15 a\u00f1os, convirti\u00e9ndose en el primer pa\u00eds en el mundo en aprobar la inoculaci\u00f3n a adolescentes.<\/p>\n<p>Cinco d\u00edas despu\u00e9s hizo lo mismo Estados Unidos tras recibir la aprobaci\u00f3n de parte de la Administraci\u00f3n de Medicamentos y Alimentos (FDA); y dos semanas despu\u00e9s hizo lo propio la Agencia Europea de Medicamentos (EMA) para la franja etaria entre 12 y 17, lo que es v\u00e1lido para sus 27 estados miembro.<\/p>\n<p>Por su parte, el 11 de junio pasado China aprob\u00f3 el uso de emergencia de las vacunas contra la Covid-19 de Sinopharm y de Sinovac Biotech (ambas utilizan la plataforma de virus inactivado) en personas de 3 a 17 a\u00f1os.<\/p>\n<p>Actualmente, Pfizer lleva adelante un estudio que eval\u00faa la seguridad y eficacia de su vacuna en ni\u00f1os de seis meses a 11 a\u00f1os; tambi\u00e9n la vacuna de la farmac\u00e9utica estadounidense Moderna realiza un ensayo cl\u00ednico fase 2\/3 en ni\u00f1os de la misma edad, mientras completa otro en adolescentes.<\/p>\n<p>Por su parte, Janssen est\u00e1 desarrollando un estudio de su vacuna en adolescentes (entre 12 y 17 a\u00f1os) y AstraZeneca tambi\u00e9n hace pruebas para la franja de 6 a 17 a\u00f1os, el mismo grupo etario del ensayo que est\u00e1 realizado CanSino Biologics (China).<\/p>\n<\/div>\n<\/div>\n<\/div>\n<\/div>\n<\/div>\n","protected":false},"excerpt":{"rendered":"<p>El ministro de Salud de la provincia de Buenos Aires precis\u00f3 que podr\u00e1n utilizarse esas dosis, junto a Pfizer y Sputnik, para inmunizar a la poblaci\u00f3n de 3 a 18 a\u00f1os una vez que la Anmat haya dado su autorizaci\u00f3n<\/p>\n","protected":false},"author":3,"featured_media":0,"comment_status":"closed","ping_status":"closed","sticky":false,"template":"","format":"standard","meta":{"footnotes":""},"categories":[24,30],"tags":[],"class_list":["post-60149","post","type-post","status-publish","format-standard","hentry","category-politica","category-salud"],"yoast_head":"<!-- This site is optimized with the Yoast SEO plugin v25.9 - https:\/\/yoast.com\/wordpress\/plugins\/seo\/ -->\n<title>Es &quot;inminente&quot; la aprobaci\u00f3n de las vacunas Moderna y Sinopharm para adolescentes - Noticias Radio Reflejos<\/title>\n<meta name=\"robots\" content=\"index, follow, max-snippet:-1, max-image-preview:large, max-video-preview:-1\" \/>\n<link rel=\"canonical\" href=\"https:\/\/www.noticiasradioreflejos.com.ar\/2021\/es-inminente-la-aprobacion-de-las-vacunas-moderna-y-sinopharm-para-adolescentes\/\" \/>\n<meta property=\"og:locale\" content=\"es_ES\" \/>\n<meta property=\"og:type\" content=\"article\" \/>\n<meta property=\"og:title\" content=\"Es &quot;inminente&quot; la aprobaci\u00f3n de las vacunas Moderna y Sinopharm para adolescentes - Noticias Radio Reflejos\" \/>\n<meta property=\"og:description\" content=\"El ministro de Salud de la provincia de Buenos Aires precis\u00f3 que podr\u00e1n utilizarse esas dosis, junto a Pfizer y Sputnik, para inmunizar a la poblaci\u00f3n de 3 a 18 a\u00f1os una vez que la Anmat haya dado su autorizaci\u00f3n\" \/>\n<meta property=\"og:url\" content=\"https:\/\/www.noticiasradioreflejos.com.ar\/2021\/es-inminente-la-aprobacion-de-las-vacunas-moderna-y-sinopharm-para-adolescentes\/\" \/>\n<meta property=\"og:site_name\" content=\"Noticias Radio Reflejos\" \/>\n<meta property=\"article:published_time\" content=\"2021-07-15T12:11:07+00:00\" \/>\n<meta property=\"article:modified_time\" content=\"2021-07-15T12:25:12+00:00\" \/>\n<meta property=\"og:image\" content=\"https:\/\/www.telam.com.ar\/advf\/imagenes\/2021\/07\/60ed924133acb_1004x565.jpg\" \/>\n<meta name=\"author\" content=\"Arnaldo Botto\" \/>\n<meta name=\"twitter:card\" content=\"summary_large_image\" \/>\n<script type=\"application\/ld+json\" class=\"yoast-schema-graph\">{\"@context\":\"https:\/\/schema.org\",\"@graph\":[{\"@type\":\"WebPage\",\"@id\":\"https:\/\/www.noticiasradioreflejos.com.ar\/2021\/es-inminente-la-aprobacion-de-las-vacunas-moderna-y-sinopharm-para-adolescentes\/\",\"url\":\"https:\/\/www.noticiasradioreflejos.com.ar\/2021\/es-inminente-la-aprobacion-de-las-vacunas-moderna-y-sinopharm-para-adolescentes\/\",\"name\":\"Es \\\"inminente\\\" la aprobaci\u00f3n de las vacunas Moderna y Sinopharm para adolescentes - Noticias Radio Reflejos\",\"isPartOf\":{\"@id\":\"https:\/\/www.noticiasradioreflejos.com.ar\/2021\/#website\"},\"primaryImageOfPage\":{\"@id\":\"https:\/\/www.noticiasradioreflejos.com.ar\/2021\/es-inminente-la-aprobacion-de-las-vacunas-moderna-y-sinopharm-para-adolescentes\/#primaryimage\"},\"image\":{\"@id\":\"https:\/\/www.noticiasradioreflejos.com.ar\/2021\/es-inminente-la-aprobacion-de-las-vacunas-moderna-y-sinopharm-para-adolescentes\/#primaryimage\"},\"thumbnailUrl\":\"https:\/\/www.telam.com.ar\/advf\/imagenes\/2021\/07\/60ed924133acb_1004x565.jpg\",\"datePublished\":\"2021-07-15T12:11:07+00:00\",\"dateModified\":\"2021-07-15T12:25:12+00:00\",\"author\":{\"@id\":\"https:\/\/www.noticiasradioreflejos.com.ar\/2021\/#\/schema\/person\/ad82545263dcc5ec0996818884fd5fb1\"},\"breadcrumb\":{\"@id\":\"https:\/\/www.noticiasradioreflejos.com.ar\/2021\/es-inminente-la-aprobacion-de-las-vacunas-moderna-y-sinopharm-para-adolescentes\/#breadcrumb\"},\"inLanguage\":\"es\",\"potentialAction\":[{\"@type\":\"ReadAction\",\"target\":[\"https:\/\/www.noticiasradioreflejos.com.ar\/2021\/es-inminente-la-aprobacion-de-las-vacunas-moderna-y-sinopharm-para-adolescentes\/\"]}]},{\"@type\":\"ImageObject\",\"inLanguage\":\"es\",\"@id\":\"https:\/\/www.noticiasradioreflejos.com.ar\/2021\/es-inminente-la-aprobacion-de-las-vacunas-moderna-y-sinopharm-para-adolescentes\/#primaryimage\",\"url\":\"https:\/\/www.telam.com.ar\/advf\/imagenes\/2021\/07\/60ed924133acb_1004x565.jpg\",\"contentUrl\":\"https:\/\/www.telam.com.ar\/advf\/imagenes\/2021\/07\/60ed924133acb_1004x565.jpg\"},{\"@type\":\"BreadcrumbList\",\"@id\":\"https:\/\/www.noticiasradioreflejos.com.ar\/2021\/es-inminente-la-aprobacion-de-las-vacunas-moderna-y-sinopharm-para-adolescentes\/#breadcrumb\",\"itemListElement\":[{\"@type\":\"ListItem\",\"position\":1,\"name\":\"Portada\",\"item\":\"https:\/\/www.noticiasradioreflejos.com.ar\/2021\/\"},{\"@type\":\"ListItem\",\"position\":2,\"name\":\"Es \u00abinminente\u00bb la aprobaci\u00f3n de las vacunas Moderna y Sinopharm para adolescentes\"}]},{\"@type\":\"WebSite\",\"@id\":\"https:\/\/www.noticiasradioreflejos.com.ar\/2021\/#website\",\"url\":\"https:\/\/www.noticiasradioreflejos.com.ar\/2021\/\",\"name\":\"Noticias Radio Reflejos\",\"description\":\"Las noticias de mi comarca\",\"potentialAction\":[{\"@type\":\"SearchAction\",\"target\":{\"@type\":\"EntryPoint\",\"urlTemplate\":\"https:\/\/www.noticiasradioreflejos.com.ar\/2021\/?s={search_term_string}\"},\"query-input\":{\"@type\":\"PropertyValueSpecification\",\"valueRequired\":true,\"valueName\":\"search_term_string\"}}],\"inLanguage\":\"es\"},{\"@type\":\"Person\",\"@id\":\"https:\/\/www.noticiasradioreflejos.com.ar\/2021\/#\/schema\/person\/ad82545263dcc5ec0996818884fd5fb1\",\"name\":\"Arnaldo Botto\",\"image\":{\"@type\":\"ImageObject\",\"inLanguage\":\"es\",\"@id\":\"https:\/\/www.noticiasradioreflejos.com.ar\/2021\/#\/schema\/person\/image\/\",\"url\":\"https:\/\/secure.gravatar.com\/avatar\/55cb5e37c1efa326397366e6974cb338056df65cb50e7d64d1cf314e87504837?s=96&d=mm&r=g\",\"contentUrl\":\"https:\/\/secure.gravatar.com\/avatar\/55cb5e37c1efa326397366e6974cb338056df65cb50e7d64d1cf314e87504837?s=96&d=mm&r=g\",\"caption\":\"Arnaldo Botto\"},\"url\":\"https:\/\/www.noticiasradioreflejos.com.ar\/2021\/author\/arnaldo\/\"}]}<\/script>\n<!-- \/ Yoast SEO plugin. -->","yoast_head_json":{"title":"Es \"inminente\" la aprobaci\u00f3n de las vacunas Moderna y Sinopharm para adolescentes - Noticias Radio Reflejos","robots":{"index":"index","follow":"follow","max-snippet":"max-snippet:-1","max-image-preview":"max-image-preview:large","max-video-preview":"max-video-preview:-1"},"canonical":"https:\/\/www.noticiasradioreflejos.com.ar\/2021\/es-inminente-la-aprobacion-de-las-vacunas-moderna-y-sinopharm-para-adolescentes\/","og_locale":"es_ES","og_type":"article","og_title":"Es \"inminente\" la aprobaci\u00f3n de las vacunas Moderna y Sinopharm para adolescentes - Noticias Radio Reflejos","og_description":"El ministro de Salud de la provincia de Buenos Aires precis\u00f3 que podr\u00e1n utilizarse esas dosis, junto a Pfizer y Sputnik, para inmunizar a la poblaci\u00f3n de 3 a 18 a\u00f1os una vez que la Anmat haya dado su autorizaci\u00f3n","og_url":"https:\/\/www.noticiasradioreflejos.com.ar\/2021\/es-inminente-la-aprobacion-de-las-vacunas-moderna-y-sinopharm-para-adolescentes\/","og_site_name":"Noticias Radio Reflejos","article_published_time":"2021-07-15T12:11:07+00:00","article_modified_time":"2021-07-15T12:25:12+00:00","og_image":[{"url":"https:\/\/www.telam.com.ar\/advf\/imagenes\/2021\/07\/60ed924133acb_1004x565.jpg","type":"","width":"","height":""}],"author":"Arnaldo Botto","twitter_card":"summary_large_image","schema":{"@context":"https:\/\/schema.org","@graph":[{"@type":"WebPage","@id":"https:\/\/www.noticiasradioreflejos.com.ar\/2021\/es-inminente-la-aprobacion-de-las-vacunas-moderna-y-sinopharm-para-adolescentes\/","url":"https:\/\/www.noticiasradioreflejos.com.ar\/2021\/es-inminente-la-aprobacion-de-las-vacunas-moderna-y-sinopharm-para-adolescentes\/","name":"Es \"inminente\" la aprobaci\u00f3n de las vacunas Moderna y Sinopharm para adolescentes - Noticias Radio Reflejos","isPartOf":{"@id":"https:\/\/www.noticiasradioreflejos.com.ar\/2021\/#website"},"primaryImageOfPage":{"@id":"https:\/\/www.noticiasradioreflejos.com.ar\/2021\/es-inminente-la-aprobacion-de-las-vacunas-moderna-y-sinopharm-para-adolescentes\/#primaryimage"},"image":{"@id":"https:\/\/www.noticiasradioreflejos.com.ar\/2021\/es-inminente-la-aprobacion-de-las-vacunas-moderna-y-sinopharm-para-adolescentes\/#primaryimage"},"thumbnailUrl":"https:\/\/www.telam.com.ar\/advf\/imagenes\/2021\/07\/60ed924133acb_1004x565.jpg","datePublished":"2021-07-15T12:11:07+00:00","dateModified":"2021-07-15T12:25:12+00:00","author":{"@id":"https:\/\/www.noticiasradioreflejos.com.ar\/2021\/#\/schema\/person\/ad82545263dcc5ec0996818884fd5fb1"},"breadcrumb":{"@id":"https:\/\/www.noticiasradioreflejos.com.ar\/2021\/es-inminente-la-aprobacion-de-las-vacunas-moderna-y-sinopharm-para-adolescentes\/#breadcrumb"},"inLanguage":"es","potentialAction":[{"@type":"ReadAction","target":["https:\/\/www.noticiasradioreflejos.com.ar\/2021\/es-inminente-la-aprobacion-de-las-vacunas-moderna-y-sinopharm-para-adolescentes\/"]}]},{"@type":"ImageObject","inLanguage":"es","@id":"https:\/\/www.noticiasradioreflejos.com.ar\/2021\/es-inminente-la-aprobacion-de-las-vacunas-moderna-y-sinopharm-para-adolescentes\/#primaryimage","url":"https:\/\/www.telam.com.ar\/advf\/imagenes\/2021\/07\/60ed924133acb_1004x565.jpg","contentUrl":"https:\/\/www.telam.com.ar\/advf\/imagenes\/2021\/07\/60ed924133acb_1004x565.jpg"},{"@type":"BreadcrumbList","@id":"https:\/\/www.noticiasradioreflejos.com.ar\/2021\/es-inminente-la-aprobacion-de-las-vacunas-moderna-y-sinopharm-para-adolescentes\/#breadcrumb","itemListElement":[{"@type":"ListItem","position":1,"name":"Portada","item":"https:\/\/www.noticiasradioreflejos.com.ar\/2021\/"},{"@type":"ListItem","position":2,"name":"Es \u00abinminente\u00bb la aprobaci\u00f3n de las vacunas Moderna y Sinopharm para adolescentes"}]},{"@type":"WebSite","@id":"https:\/\/www.noticiasradioreflejos.com.ar\/2021\/#website","url":"https:\/\/www.noticiasradioreflejos.com.ar\/2021\/","name":"Noticias Radio Reflejos","description":"Las noticias de mi comarca","potentialAction":[{"@type":"SearchAction","target":{"@type":"EntryPoint","urlTemplate":"https:\/\/www.noticiasradioreflejos.com.ar\/2021\/?s={search_term_string}"},"query-input":{"@type":"PropertyValueSpecification","valueRequired":true,"valueName":"search_term_string"}}],"inLanguage":"es"},{"@type":"Person","@id":"https:\/\/www.noticiasradioreflejos.com.ar\/2021\/#\/schema\/person\/ad82545263dcc5ec0996818884fd5fb1","name":"Arnaldo Botto","image":{"@type":"ImageObject","inLanguage":"es","@id":"https:\/\/www.noticiasradioreflejos.com.ar\/2021\/#\/schema\/person\/image\/","url":"https:\/\/secure.gravatar.com\/avatar\/55cb5e37c1efa326397366e6974cb338056df65cb50e7d64d1cf314e87504837?s=96&d=mm&r=g","contentUrl":"https:\/\/secure.gravatar.com\/avatar\/55cb5e37c1efa326397366e6974cb338056df65cb50e7d64d1cf314e87504837?s=96&d=mm&r=g","caption":"Arnaldo Botto"},"url":"https:\/\/www.noticiasradioreflejos.com.ar\/2021\/author\/arnaldo\/"}]}},"_links":{"self":[{"href":"https:\/\/www.noticiasradioreflejos.com.ar\/2021\/wp-json\/wp\/v2\/posts\/60149","targetHints":{"allow":["GET"]}}],"collection":[{"href":"https:\/\/www.noticiasradioreflejos.com.ar\/2021\/wp-json\/wp\/v2\/posts"}],"about":[{"href":"https:\/\/www.noticiasradioreflejos.com.ar\/2021\/wp-json\/wp\/v2\/types\/post"}],"author":[{"embeddable":true,"href":"https:\/\/www.noticiasradioreflejos.com.ar\/2021\/wp-json\/wp\/v2\/users\/3"}],"replies":[{"embeddable":true,"href":"https:\/\/www.noticiasradioreflejos.com.ar\/2021\/wp-json\/wp\/v2\/comments?post=60149"}],"version-history":[{"count":2,"href":"https:\/\/www.noticiasradioreflejos.com.ar\/2021\/wp-json\/wp\/v2\/posts\/60149\/revisions"}],"predecessor-version":[{"id":60152,"href":"https:\/\/www.noticiasradioreflejos.com.ar\/2021\/wp-json\/wp\/v2\/posts\/60149\/revisions\/60152"}],"wp:attachment":[{"href":"https:\/\/www.noticiasradioreflejos.com.ar\/2021\/wp-json\/wp\/v2\/media?parent=60149"}],"wp:term":[{"taxonomy":"category","embeddable":true,"href":"https:\/\/www.noticiasradioreflejos.com.ar\/2021\/wp-json\/wp\/v2\/categories?post=60149"},{"taxonomy":"post_tag","embeddable":true,"href":"https:\/\/www.noticiasradioreflejos.com.ar\/2021\/wp-json\/wp\/v2\/tags?post=60149"}],"curies":[{"name":"wp","href":"https:\/\/api.w.org\/{rel}","templated":true}]}}