{"id":60147,"date":"2021-07-15T12:04:35","date_gmt":"2021-07-15T12:04:35","guid":{"rendered":"http:\/\/www.noticiasradioreflejos.com.ar\/2021\/?p=60147"},"modified":"2021-07-15T12:04:35","modified_gmt":"2021-07-15T12:04:35","slug":"jubilacion-reconocimiento-de-servicios-por-tareas-de-cuidado","status":"publish","type":"post","link":"https:\/\/www.noticiasradioreflejos.com.ar\/2021\/jubilacion-reconocimiento-de-servicios-por-tareas-de-cuidado\/","title":{"rendered":"Jubilaci\u00f3n: Reconocimiento de servicios por tareas de cuidado"},"content":{"rendered":"<p style=\"font-weight: 400;\">El reconocimiento de aportes por tareas de cuidado visibiliza y repara una desigualdad hist\u00f3rica y estructural en la distribuci\u00f3n de las tareas de cuidado, reconociendo y valorando el tiempo que las mujeres destinaron y destinan a la crianza de sus hijas e hijos.<!--more--><\/p>\n<p style=\"font-weight: 400;\">Esta medida iguala oportunidades y genera las condiciones necesarias para que miles de mujeres puedan acceder al derecho a jubilarse.<\/p>\n<p style=\"font-weight: 400;\"><strong>\u00bfA qui\u00e9nes les corresponde?<\/strong><\/p>\n<ul style=\"font-weight: 400;\">\n<li>Mujeres con hijas y\/o hijos, en edad de jubilarse (60 a\u00f1os o m\u00e1s) que no cuenten con los a\u00f1os de aportes necesarios.<\/li>\n<li>Podr\u00e1n acceder a esta medida aquellas mujeres que no cuenten con una jubilaci\u00f3n ya otorgada o en tr\u00e1mite.<\/li>\n<\/ul>\n<p style=\"font-weight: 400;\"><strong>\u00bfEn qu\u00e9 consiste la medida?<\/strong><\/p>\n<p style=\"font-weight: 400;\">El reconocimiento de aportes por tareas de cuidado computar\u00e1:<\/p>\n<ul style=\"font-weight: 400;\">\n<li><strong>1 a\u00f1o<\/strong>\u00a0de aportes por hija\/o.<\/li>\n<li><strong>2 a\u00f1os<\/strong>\u00a0de aportes por hija\/o adoptada\/o.<\/li>\n<li>Asimismo, reconocer\u00e1 de forma adicional\u00a0<strong>1 a\u00f1o por hija\/o con discapacidad y 2 a\u00f1os en caso de que haya sido beneficiaria\/o de la Asignaci\u00f3n Universal por Hija\/o por al menos 12 meses.<\/strong><\/li>\n<li>Adem\u00e1s,\u00a0<strong>se reconocer\u00e1n los plazos de licencia por maternidad y de excedencia de maternidad a las mujeres que hayan hecho uso de estos per\u00edodos<\/strong>\u00a0con motivo del nacimiento de sus hijos o hijas.<\/li>\n<\/ul>\n<p style=\"font-weight: 400;\"><strong>\u00bfC\u00f3mo realizar el tr\u00e1mite?<\/strong><\/p>\n<ul style=\"font-weight: 400;\">\n<li>Con turno previo, los turnos estar\u00e1n disponibles a partir del 1 de agosto.<\/li>\n<li>DNI y la o las partidas de nacimiento de tus hijas o hijos y la sentencia de adopci\u00f3n de corresponder.<\/li>\n<li>Certificado de Discapacidad (CUD), en caso de corresponder.<\/li>\n<\/ul>\n<p style=\"font-weight: 400;\"><strong>\u00bfQu\u00e9 puede hacer la titular antes de solicitar el turno?<\/strong><\/p>\n<p style=\"font-weight: 400;\">Puede revisar si sus v\u00ednculos familiares est\u00e1n actualizados en mi ANSES.<\/p>\n<p style=\"font-weight: 400;\"><strong>Es muy importante que sus hijas e hijos se encuentren registrados para que pueda realizar este tr\u00e1mite, para ello,<\/strong><\/p>\n<ul style=\"font-weight: 400;\">\n<li><strong>Puede ingresar a \u00abMi ANSES\u00bb con su CUIL y Clave de la Seguridad Social<\/strong>. Seleccionar la opci\u00f3n \u00abInformaci\u00f3n Personal\u00bb y luego \u00abRelaciones Familiares\u00bb.<\/li>\n<li><strong>chequear la informaci\u00f3n disponible acerca de su grupo familiar consultando al 130.<\/strong><\/li>\n<li><strong>Lamar a OFICINA ANSES TORNQUIST al 4941075 interno 146<\/strong><\/li>\n<li><strong>Escribir a\u00a0<a href=\"mailto:oficinatornquist@anses.gov.ar\">oficinatornquist@anses.gov.ar<\/a>, \u00f3<\/strong><\/li>\n<li><strong>Acercarse a nuestra oficina en Sarmiento 53 de lunes a viernes de 8:30 a 14:30 hs<\/strong><\/li>\n<\/ul>\n<p style=\"font-weight: 400;\"><strong>\u00bfQu\u00e9 hace si encuentra que alguna\/o de sus hijas\/os no figura?<\/strong><\/p>\n<p style=\"font-weight: 400;\">Tendr\u00e1 que actualizar sus v\u00ednculos familiares presentando el DNI y la partida de nacimiento de cada uno de tus hijas\/os. Puede solicitar un \u00ab<a href=\"https:\/\/servicioswww.anses.gob.ar\/TurnosInternet\/Burbujas\/Prestaciones\" data-saferedirecturl=\"https:\/\/www.google.com\/url?q=https:\/\/servicioswww.anses.gob.ar\/TurnosInternet\/Burbujas\/Prestaciones&amp;source=gmail&amp;ust=1626436784521000&amp;usg=AFQjCNGtOvTFUcav6Slf68__PMrOVaGSXA\">TURNO EXCEPCIONAL<\/a>\u00bb para ser atendida en la oficina de ANSES m\u00e1s cercana a tu domicilio.<\/p>\n<p style=\"font-weight: 400;\">\n<p style=\"font-weight: 400;\">OFICINA ANSES TORNQUIST<\/p>\n","protected":false},"excerpt":{"rendered":"<p>El reconocimiento de aportes por tareas de cuidado visibiliza y repara una desigualdad hist\u00f3rica y estructural en la distribuci\u00f3n de las tareas de cuidado, reconociendo y valorando el tiempo que las mujeres destinaron y destinan a la crianza de sus hijas e hijos.<\/p>\n","protected":false},"author":3,"featured_media":0,"comment_status":"closed","ping_status":"closed","sticky":false,"template":"","format":"standard","meta":{"footnotes":""},"categories":[24,26],"tags":[],"class_list":["post-60147","post","type-post","status-publish","format-standard","hentry","category-politica","category-sociedad"],"yoast_head":"<!-- This site is optimized with the Yoast SEO plugin v25.9 - https:\/\/yoast.com\/wordpress\/plugins\/seo\/ -->\n<title>Jubilaci\u00f3n: Reconocimiento de servicios por tareas de cuidado - Noticias Radio Reflejos<\/title>\n<meta name=\"robots\" content=\"index, follow, max-snippet:-1, max-image-preview:large, max-video-preview:-1\" \/>\n<link rel=\"canonical\" href=\"https:\/\/www.noticiasradioreflejos.com.ar\/2021\/jubilacion-reconocimiento-de-servicios-por-tareas-de-cuidado\/\" \/>\n<meta property=\"og:locale\" content=\"es_ES\" \/>\n<meta property=\"og:type\" content=\"article\" \/>\n<meta property=\"og:title\" content=\"Jubilaci\u00f3n: Reconocimiento de servicios por tareas de cuidado - Noticias Radio Reflejos\" \/>\n<meta property=\"og:description\" content=\"El reconocimiento de aportes por tareas de cuidado visibiliza y repara una desigualdad hist\u00f3rica y estructural en la distribuci\u00f3n de las tareas de cuidado, reconociendo y valorando el tiempo que las mujeres destinaron y destinan a la crianza de sus hijas e hijos.\" \/>\n<meta property=\"og:url\" content=\"https:\/\/www.noticiasradioreflejos.com.ar\/2021\/jubilacion-reconocimiento-de-servicios-por-tareas-de-cuidado\/\" \/>\n<meta property=\"og:site_name\" content=\"Noticias Radio Reflejos\" \/>\n<meta property=\"article:published_time\" content=\"2021-07-15T12:04:35+00:00\" \/>\n<meta property=\"og:image\" content=\"https:\/\/www.noticiasradioreflejos.com.ar\/2021\/wp-content\/uploads\/2021\/07\/logosol300x200.png\" \/>\n\t<meta property=\"og:image:width\" content=\"300\" \/>\n\t<meta property=\"og:image:height\" content=\"200\" \/>\n\t<meta property=\"og:image:type\" content=\"image\/png\" \/>\n<meta name=\"author\" content=\"Arnaldo Botto\" \/>\n<meta name=\"twitter:card\" content=\"summary_large_image\" \/>\n<script type=\"application\/ld+json\" class=\"yoast-schema-graph\">{\"@context\":\"https:\/\/schema.org\",\"@graph\":[{\"@type\":\"WebPage\",\"@id\":\"https:\/\/www.noticiasradioreflejos.com.ar\/2021\/jubilacion-reconocimiento-de-servicios-por-tareas-de-cuidado\/\",\"url\":\"https:\/\/www.noticiasradioreflejos.com.ar\/2021\/jubilacion-reconocimiento-de-servicios-por-tareas-de-cuidado\/\",\"name\":\"Jubilaci\u00f3n: Reconocimiento de servicios por tareas de cuidado - Noticias Radio Reflejos\",\"isPartOf\":{\"@id\":\"https:\/\/www.noticiasradioreflejos.com.ar\/2021\/#website\"},\"datePublished\":\"2021-07-15T12:04:35+00:00\",\"author\":{\"@id\":\"https:\/\/www.noticiasradioreflejos.com.ar\/2021\/#\/schema\/person\/ad82545263dcc5ec0996818884fd5fb1\"},\"breadcrumb\":{\"@id\":\"https:\/\/www.noticiasradioreflejos.com.ar\/2021\/jubilacion-reconocimiento-de-servicios-por-tareas-de-cuidado\/#breadcrumb\"},\"inLanguage\":\"es\",\"potentialAction\":[{\"@type\":\"ReadAction\",\"target\":[\"https:\/\/www.noticiasradioreflejos.com.ar\/2021\/jubilacion-reconocimiento-de-servicios-por-tareas-de-cuidado\/\"]}]},{\"@type\":\"BreadcrumbList\",\"@id\":\"https:\/\/www.noticiasradioreflejos.com.ar\/2021\/jubilacion-reconocimiento-de-servicios-por-tareas-de-cuidado\/#breadcrumb\",\"itemListElement\":[{\"@type\":\"ListItem\",\"position\":1,\"name\":\"Portada\",\"item\":\"https:\/\/www.noticiasradioreflejos.com.ar\/2021\/\"},{\"@type\":\"ListItem\",\"position\":2,\"name\":\"Jubilaci\u00f3n: Reconocimiento de servicios por tareas de cuidado\"}]},{\"@type\":\"WebSite\",\"@id\":\"https:\/\/www.noticiasradioreflejos.com.ar\/2021\/#website\",\"url\":\"https:\/\/www.noticiasradioreflejos.com.ar\/2021\/\",\"name\":\"Noticias Radio Reflejos\",\"description\":\"Las noticias de mi comarca\",\"potentialAction\":[{\"@type\":\"SearchAction\",\"target\":{\"@type\":\"EntryPoint\",\"urlTemplate\":\"https:\/\/www.noticiasradioreflejos.com.ar\/2021\/?s={search_term_string}\"},\"query-input\":{\"@type\":\"PropertyValueSpecification\",\"valueRequired\":true,\"valueName\":\"search_term_string\"}}],\"inLanguage\":\"es\"},{\"@type\":\"Person\",\"@id\":\"https:\/\/www.noticiasradioreflejos.com.ar\/2021\/#\/schema\/person\/ad82545263dcc5ec0996818884fd5fb1\",\"name\":\"Arnaldo Botto\",\"image\":{\"@type\":\"ImageObject\",\"inLanguage\":\"es\",\"@id\":\"https:\/\/www.noticiasradioreflejos.com.ar\/2021\/#\/schema\/person\/image\/\",\"url\":\"https:\/\/secure.gravatar.com\/avatar\/55cb5e37c1efa326397366e6974cb338056df65cb50e7d64d1cf314e87504837?s=96&d=mm&r=g\",\"contentUrl\":\"https:\/\/secure.gravatar.com\/avatar\/55cb5e37c1efa326397366e6974cb338056df65cb50e7d64d1cf314e87504837?s=96&d=mm&r=g\",\"caption\":\"Arnaldo Botto\"},\"url\":\"https:\/\/www.noticiasradioreflejos.com.ar\/2021\/author\/arnaldo\/\"}]}<\/script>\n<!-- \/ Yoast SEO plugin. -->","yoast_head_json":{"title":"Jubilaci\u00f3n: Reconocimiento de servicios por tareas de cuidado - Noticias Radio Reflejos","robots":{"index":"index","follow":"follow","max-snippet":"max-snippet:-1","max-image-preview":"max-image-preview:large","max-video-preview":"max-video-preview:-1"},"canonical":"https:\/\/www.noticiasradioreflejos.com.ar\/2021\/jubilacion-reconocimiento-de-servicios-por-tareas-de-cuidado\/","og_locale":"es_ES","og_type":"article","og_title":"Jubilaci\u00f3n: Reconocimiento de servicios por tareas de cuidado - Noticias Radio Reflejos","og_description":"El reconocimiento de aportes por tareas de cuidado visibiliza y repara una desigualdad hist\u00f3rica y estructural en la distribuci\u00f3n de las tareas de cuidado, reconociendo y valorando el tiempo que las mujeres destinaron y destinan a la crianza de sus hijas e hijos.","og_url":"https:\/\/www.noticiasradioreflejos.com.ar\/2021\/jubilacion-reconocimiento-de-servicios-por-tareas-de-cuidado\/","og_site_name":"Noticias Radio Reflejos","article_published_time":"2021-07-15T12:04:35+00:00","og_image":[{"width":300,"height":200,"url":"https:\/\/www.noticiasradioreflejos.com.ar\/2021\/wp-content\/uploads\/2021\/07\/logosol300x200.png","type":"image\/png"}],"author":"Arnaldo Botto","twitter_card":"summary_large_image","schema":{"@context":"https:\/\/schema.org","@graph":[{"@type":"WebPage","@id":"https:\/\/www.noticiasradioreflejos.com.ar\/2021\/jubilacion-reconocimiento-de-servicios-por-tareas-de-cuidado\/","url":"https:\/\/www.noticiasradioreflejos.com.ar\/2021\/jubilacion-reconocimiento-de-servicios-por-tareas-de-cuidado\/","name":"Jubilaci\u00f3n: Reconocimiento de servicios por tareas de cuidado - Noticias Radio Reflejos","isPartOf":{"@id":"https:\/\/www.noticiasradioreflejos.com.ar\/2021\/#website"},"datePublished":"2021-07-15T12:04:35+00:00","author":{"@id":"https:\/\/www.noticiasradioreflejos.com.ar\/2021\/#\/schema\/person\/ad82545263dcc5ec0996818884fd5fb1"},"breadcrumb":{"@id":"https:\/\/www.noticiasradioreflejos.com.ar\/2021\/jubilacion-reconocimiento-de-servicios-por-tareas-de-cuidado\/#breadcrumb"},"inLanguage":"es","potentialAction":[{"@type":"ReadAction","target":["https:\/\/www.noticiasradioreflejos.com.ar\/2021\/jubilacion-reconocimiento-de-servicios-por-tareas-de-cuidado\/"]}]},{"@type":"BreadcrumbList","@id":"https:\/\/www.noticiasradioreflejos.com.ar\/2021\/jubilacion-reconocimiento-de-servicios-por-tareas-de-cuidado\/#breadcrumb","itemListElement":[{"@type":"ListItem","position":1,"name":"Portada","item":"https:\/\/www.noticiasradioreflejos.com.ar\/2021\/"},{"@type":"ListItem","position":2,"name":"Jubilaci\u00f3n: Reconocimiento de servicios por tareas de cuidado"}]},{"@type":"WebSite","@id":"https:\/\/www.noticiasradioreflejos.com.ar\/2021\/#website","url":"https:\/\/www.noticiasradioreflejos.com.ar\/2021\/","name":"Noticias Radio Reflejos","description":"Las noticias de mi comarca","potentialAction":[{"@type":"SearchAction","target":{"@type":"EntryPoint","urlTemplate":"https:\/\/www.noticiasradioreflejos.com.ar\/2021\/?s={search_term_string}"},"query-input":{"@type":"PropertyValueSpecification","valueRequired":true,"valueName":"search_term_string"}}],"inLanguage":"es"},{"@type":"Person","@id":"https:\/\/www.noticiasradioreflejos.com.ar\/2021\/#\/schema\/person\/ad82545263dcc5ec0996818884fd5fb1","name":"Arnaldo Botto","image":{"@type":"ImageObject","inLanguage":"es","@id":"https:\/\/www.noticiasradioreflejos.com.ar\/2021\/#\/schema\/person\/image\/","url":"https:\/\/secure.gravatar.com\/avatar\/55cb5e37c1efa326397366e6974cb338056df65cb50e7d64d1cf314e87504837?s=96&d=mm&r=g","contentUrl":"https:\/\/secure.gravatar.com\/avatar\/55cb5e37c1efa326397366e6974cb338056df65cb50e7d64d1cf314e87504837?s=96&d=mm&r=g","caption":"Arnaldo Botto"},"url":"https:\/\/www.noticiasradioreflejos.com.ar\/2021\/author\/arnaldo\/"}]}},"_links":{"self":[{"href":"https:\/\/www.noticiasradioreflejos.com.ar\/2021\/wp-json\/wp\/v2\/posts\/60147","targetHints":{"allow":["GET"]}}],"collection":[{"href":"https:\/\/www.noticiasradioreflejos.com.ar\/2021\/wp-json\/wp\/v2\/posts"}],"about":[{"href":"https:\/\/www.noticiasradioreflejos.com.ar\/2021\/wp-json\/wp\/v2\/types\/post"}],"author":[{"embeddable":true,"href":"https:\/\/www.noticiasradioreflejos.com.ar\/2021\/wp-json\/wp\/v2\/users\/3"}],"replies":[{"embeddable":true,"href":"https:\/\/www.noticiasradioreflejos.com.ar\/2021\/wp-json\/wp\/v2\/comments?post=60147"}],"version-history":[{"count":1,"href":"https:\/\/www.noticiasradioreflejos.com.ar\/2021\/wp-json\/wp\/v2\/posts\/60147\/revisions"}],"predecessor-version":[{"id":60148,"href":"https:\/\/www.noticiasradioreflejos.com.ar\/2021\/wp-json\/wp\/v2\/posts\/60147\/revisions\/60148"}],"wp:attachment":[{"href":"https:\/\/www.noticiasradioreflejos.com.ar\/2021\/wp-json\/wp\/v2\/media?parent=60147"}],"wp:term":[{"taxonomy":"category","embeddable":true,"href":"https:\/\/www.noticiasradioreflejos.com.ar\/2021\/wp-json\/wp\/v2\/categories?post=60147"},{"taxonomy":"post_tag","embeddable":true,"href":"https:\/\/www.noticiasradioreflejos.com.ar\/2021\/wp-json\/wp\/v2\/tags?post=60147"}],"curies":[{"name":"wp","href":"https:\/\/api.w.org\/{rel}","templated":true}]}}